{"id":76251,"date":"2023-09-23T15:56:39","date_gmt":"2023-09-23T18:56:39","guid":{"rendered":"https:\/\/rioonwatch.org\/?p=76251"},"modified":"2023-10-01T17:01:01","modified_gmt":"2023-10-01T20:01:01","slug":"the-sun-shines-in-duque-de-caxias-solar-panels-launched-by-womens-association-and-sustainable-favela-network-in-dique-da-vila-alzira","status":"publish","type":"post","link":"https:\/\/rioonwatch.org\/?p=76251","title":{"rendered":"The Sun Shines in Duque de Caxias: Solar Panels Launched by Women&#8217;s Association and Sustainable Favela Network in Dique da Vila Alzira"},"content":{"rendered":"<figure id=\"attachment_76252\" aria-describedby=\"caption-attachment-76252\" style=\"width: 1200px\" class=\"wp-caption aligncenter\"><a href=\"https:\/\/rioonwatch.org\/wp-content\/uploads\/2023\/09\/Nill-holds-panel-after-event-Photo-Barbara-dias.jpg\"><img fetchpriority=\"high\" decoding=\"async\" class=\"wp-image-76252 size-full\" title=\"Nill Santos, President of AMAC, celebrates installing solar panels. Photo: B\u00e1rbara Dias\" src=\"https:\/\/rioonwatch.org\/wp-content\/uploads\/2023\/09\/Nill-holds-panel-after-event-Photo-Barbara-dias.jpg\" alt=\"Nill Santos, President of AMAC, celebrates installing solar panels. Photo: B\u00e1rbara Dias\" width=\"1200\" height=\"801\" srcset=\"https:\/\/rioonwatch.org\/wp-content\/uploads\/2023\/09\/Nill-holds-panel-after-event-Photo-Barbara-dias.jpg 1200w, https:\/\/rioonwatch.org\/wp-content\/uploads\/2023\/09\/Nill-holds-panel-after-event-Photo-Barbara-dias-620x414.jpg 620w, https:\/\/rioonwatch.org\/wp-content\/uploads\/2023\/09\/Nill-holds-panel-after-event-Photo-Barbara-dias-942x629.jpg 942w, https:\/\/rioonwatch.org\/wp-content\/uploads\/2023\/09\/Nill-holds-panel-after-event-Photo-Barbara-dias-768x513.jpg 768w\" sizes=\"(max-width: 1200px) 100vw, 1200px\" \/><\/a><figcaption id=\"caption-attachment-76252\" class=\"wp-caption-text\">Nill Santos, President of AMAC, celebrates solar installation. Photo: B\u00e1rbara Dias<\/figcaption><\/figure>\n<p style=\"text-align: right;\"><a href=\"https:\/\/bit.ly\/AMACInauguraSolarROW\" target=\"_blank\" rel=\"noopener\"><span class=\"s1\"><i>Clique aqui para Portugu\u00eas<\/i><\/span><span class=\"s2\"><i><span class=\"Apple-converted-space\"><em><img decoding=\"async\" class=\"alignright size-full wp-image-23766\" src=\"https:\/\/www.rioonwatch.org\/wp-content\/uploads\/2012\/08\/PT-e1439583827971.png\" width=\"20\" height=\"20\" \/><\/em><\/span><\/i><\/span><\/a><\/p>\n<p><span style=\"font-weight: 400;\">On Sunday, September 17, the community-based<\/span> <span style=\"font-weight: 400;\">Association of Women With Attitude and Social Commitment<\/span><span style=\"font-weight: 400;\"> (<a href=\"https:\/\/bit.ly\/44DCXPX\" target=\"_blank\" rel=\"noopener\">AMAC<\/a>)<\/span> <a href=\"https:\/\/bit.ly\/AMACInauguraSolarVideos\" target=\"_blank\" rel=\"noopener\"><span style=\"font-weight: 400;\">celebrated<\/span><\/a><span style=\"font-weight: 400;\"> the launch of the <a href=\"https:\/\/bit.ly\/VideoReleaseAMAConROW\" target=\"_blank\" rel=\"noopener\">first photovoltaic system<\/a><\/span><span style=\"font-weight: 400;\"> in the favelas of<\/span> <a href=\"https:\/\/bit.ly\/2Zrt2vo\" target=\"_blank\" rel=\"noopener\"><span style=\"font-weight: 400;\">Duque de Caxias<\/span><\/a><span style=\"font-weight: 400;\">, a municipality in Greater Rio de Janeiro\u2019s\u00a0<a href=\"http:\/\/bit.ly\/2KWNzV0\" target=\"_blank\" rel=\"noopener\">Baixada Fluminense<\/a>\u00a0region<\/span><span style=\"font-weight: 400;\">. Founded 13 years ago in Dique da Vila Alzira favela, AMAC is a community-based NGO with the mission of defending women&#8217;s rights and fighting<\/span> <a href=\"https:\/\/bit.ly\/3CPPc07\" target=\"_blank\" rel=\"noopener\"><span style=\"font-weight: 400;\">domestic violence<\/span><\/a><span style=\"font-weight: 400;\">. Expanding beyond this mission to include efforts to achieve socio-environmental solutions for the community, as a<\/span> member of the <span style=\"font-weight: 400;\">Sustainable Favela Network<\/span><span style=\"font-weight: 400;\"> (<a href=\"https:\/\/bit.ly\/3nsyde6\" target=\"_blank\" rel=\"noopener\">SFN<\/a>), the organization has been expanding its role. This search led to the recent installation of<\/span> <a href=\"https:\/\/bit.ly\/VideoReleaseAMAConROW\" target=\"_blank\" rel=\"noopener\"><span style=\"font-weight: 400;\">photovoltaic panels<\/span><\/a><span style=\"font-weight: 400;\"> to provide solar energy to AMAC&#8217;s headquarters.<\/span><\/p>\n<p><span style=\"font-weight: 400;\">In collaboration with the SFN and other members\u2014<\/span><a href=\"https:\/\/bit.ly\/3RwAd3V\"><span style=\"font-weight: 400;\">Solarize<\/span><\/a> <span style=\"font-weight: 400;\">and<\/span> <a href=\"http:\/\/bit.ly\/2SfVnB0\" target=\"_blank\" rel=\"noopener\"><span style=\"font-weight: 400;\">Revolusolar<\/span><\/a><span style=\"font-weight: 400;\">\u2014the solar installation at AMAC was part of a larger program which also included a<\/span>\u00a0<span style=\"font-weight: 400;\"><a href=\"https:\/\/bit.ly\/3PxxFB5\" target=\"_blank\" rel=\"noopener\">Mini-Course for Solar Energy Ambassadors<\/a><\/span><span style=\"font-weight: 400;\">. This course trained over 120 community organizers and allies. It was conducted online and culminated in an in-person session at AMAC on August 12, the day of the photovoltaic installation.\u00a0<\/span><\/p>\n<figure id=\"attachment_76263\" aria-describedby=\"caption-attachment-76263\" style=\"width: 2048px\" class=\"wp-caption aligncenter\"><a href=\"https:\/\/rioonwatch.org\/wp-content\/uploads\/2023\/09\/Inauguracao-sistema-solar-AMAC-foto-grupo-Barbara-Dias-capa.jpg\"><img decoding=\"async\" class=\"wp-image-76263 size-full\" title=\"On Sunday, September 17, guests and community members celebrated the launch of the first solar energy system in the favelas of Duque de Caxias, Baixada Fluminense. The installation was spearheaded by the Association of Women With Attitude and Social Commitment (AMAC). Photo: B\u00e1rbara Dias\" src=\"https:\/\/rioonwatch.org\/wp-content\/uploads\/2023\/09\/Inauguracao-sistema-solar-AMAC-foto-grupo-Barbara-Dias-capa.jpg\" alt=\"On Sunday, September 17, guests and community members celebrated the launch of the first solar energy system in the favelas of Duque de Caxias, Baixada Fluminense. The installation was spearheaded by the Association of Women With Attitude and Social Commitment (AMAC). Photo: B\u00e1rbara Dias\" width=\"2048\" height=\"1367\" srcset=\"https:\/\/rioonwatch.org\/wp-content\/uploads\/2023\/09\/Inauguracao-sistema-solar-AMAC-foto-grupo-Barbara-Dias-capa.jpg 2048w, https:\/\/rioonwatch.org\/wp-content\/uploads\/2023\/09\/Inauguracao-sistema-solar-AMAC-foto-grupo-Barbara-Dias-capa-620x414.jpg 620w, https:\/\/rioonwatch.org\/wp-content\/uploads\/2023\/09\/Inauguracao-sistema-solar-AMAC-foto-grupo-Barbara-Dias-capa-942x629.jpg 942w, https:\/\/rioonwatch.org\/wp-content\/uploads\/2023\/09\/Inauguracao-sistema-solar-AMAC-foto-grupo-Barbara-Dias-capa-768x513.jpg 768w\" sizes=\"(max-width: 2048px) 100vw, 2048px\" \/><\/a><figcaption id=\"caption-attachment-76263\" class=\"wp-caption-text\">On Sunday, September 17, guests and community members celebrated the launch of the first solar energy system in the favelas of Duque de Caxias, Baixada Fluminense. The installation was spearheaded by the Association of Women With Attitude and Social Commitment (AMAC). Photo: B\u00e1rbara Dias<\/figcaption><\/figure>\n<p><span style=\"font-weight: 400;\">On September 17, the<\/span> <a href=\"https:\/\/bit.ly\/AMACInauguraSolarFotos\" target=\"_blank\" rel=\"noopener\"><span style=\"font-weight: 400;\">official launch<\/span><\/a><span style=\"font-weight: 400;\"> involved a press conference and was attended by residents, allies, and other project leaders. The<\/span> <a href=\"https:\/\/bit.ly\/460EkJP\" target=\"_blank\" rel=\"noopener\"><span style=\"font-weight: 400;\">opening talk was given by Nill Santos<\/span><\/a><span style=\"font-weight: 400;\">, president of AMAC.<\/span><\/p>\n<blockquote><p><span style=\"font-weight: 400;\">\u201cToday is a very special day, because yesterday (09\/16), we [AMAC] completed 13 years of existence, and today is our day of celebration. And there&#8217;s nothing more beautiful than celebrating this occasion with the launch of solar panels. As you all know, I arrived in this area in 1982, and when I got here, we had neither water nor electricity. And yet we are here today, in this community, implementing solar energy in a territory where public authorities may not see us but where social power is strong, is potent!\u201d <\/span><span style=\"font-weight: 400;\">\u2014 Nill Santos\u00a0<\/span><\/p><\/blockquote>\n<p>After the opening, <span style=\"font-weight: 400;\">others shared their experiences and expectations of the process, which was a milestone in the pursuit of<\/span> <a href=\"https:\/\/bit.ly\/EnergyJustFavelas\" target=\"_blank\" rel=\"noopener\"><span style=\"font-weight: 400;\">energy justice<\/span><\/a><span style=\"font-weight: 400;\">. They expressed the importance of solar energy, as a form of clean energy that generates jobs and that aligns with new perspectives on building decentralized, popular, and autonomous energy alternatives. Gisele Moura, coordinator of the SFN&#8217;s managing team,<\/span> <a href=\"https:\/\/bit.ly\/460EkJP\" target=\"_blank\" rel=\"noopener\"><span style=\"font-weight: 400;\">spoke<\/span><\/a><span style=\"font-weight: 400;\"> contextualizing the project within the network&#8217;s climate justice priorities.<\/span><\/p>\n<blockquote><p><span style=\"font-weight: 400;\">\u201cIn 2021, we were invited to brainstorm an umbrella project for climate justice in the favelas. During this process, we convened for many hours to think about a far-reaching <a href=\"https:\/\/bit.ly\/ROWClimateJustice\" target=\"_blank\" rel=\"noopener\">climate justice<\/a> initiative. We came up with three axes: research, infrastructure, which involves solar panels, and exchanges, where we foster dialogues between communities\u2026 Today, we are realizing a part of this expansive project, which was built collectively. It included a mini-course conducted by the Revolusolar team, where over 20 organizers [from other favelas] were able to observe the installation process here at AMAC. So, every part of this construction has been a collaborative effort. The entire network is here together.\u201d \u2014 Gisele Moura<\/span><\/p><\/blockquote>\n<p><span style=\"font-weight: 400;\">After Moura spoke, residents who learned the trade of installation as they participated in the process at AMAC talked about their takeaways and goals. Among them was <\/span><a href=\"https:\/\/bit.ly\/460EkJP\" target=\"_blank\" rel=\"noopener\"><span style=\"font-weight: 400;\">cabinet installer<\/span><\/a><span style=\"font-weight: 400;\"> Edize Maria Santos, resident of Cangulo, a community neighboring Dique.\u00a0<\/span><\/p>\n<blockquote><p><span style=\"font-weight: 400;\">\u201cIt&#8217;s very satisfying to be here at AMAC today and see this accomplishment. I had prepared a speech, but I&#8217;m going to use my own words. As a favela, we think that it&#8217;s impossible [to install solar energy]. <\/span><a href=\"https:\/\/bit.ly\/3hdBsme\" target=\"_blank\" rel=\"noopener\"><span style=\"font-weight: 400;\">But it isn&#8217;t<\/span><\/a><span style=\"font-weight: 400;\">, because we&#8217;re right here, in the fight, in the battle. I met amazing people who share the same goal of making the world a better place through clean energy. They&#8217;ve shown us that we really can make it happen, showing that everyone can set up their own system.\u201d \u2014 Edize Santos<\/span><\/p><\/blockquote>\n<figure id=\"attachment_76264\" aria-describedby=\"caption-attachment-76264\" style=\"width: 2048px\" class=\"wp-caption aligncenter\"><a href=\"https:\/\/rioonwatch.org\/wp-content\/uploads\/2023\/09\/Moradora-do-Dique-Edise-fala-de-sua-experiencia-Barbara-Dias.jpg\"><img loading=\"lazy\" decoding=\"async\" class=\"wp-image-76264 size-full\" title=\"Cangulo resident Edize Maria Santos spoke about her participation in the mini-course on solar energy and the significance of clean energy coming to Dique. Photo: B\u00e1rbara Dias\" src=\"https:\/\/rioonwatch.org\/wp-content\/uploads\/2023\/09\/Moradora-do-Dique-Edise-fala-de-sua-experiencia-Barbara-Dias.jpg\" alt=\"Cangulo resident Edize Maria Santos spoke about her participation in the mini-course on solar energy and the significance of clean energy coming to Dique. Photo: B\u00e1rbara Dias\" width=\"2048\" height=\"1367\" srcset=\"https:\/\/rioonwatch.org\/wp-content\/uploads\/2023\/09\/Moradora-do-Dique-Edise-fala-de-sua-experiencia-Barbara-Dias.jpg 2048w, https:\/\/rioonwatch.org\/wp-content\/uploads\/2023\/09\/Moradora-do-Dique-Edise-fala-de-sua-experiencia-Barbara-Dias-620x414.jpg 620w, https:\/\/rioonwatch.org\/wp-content\/uploads\/2023\/09\/Moradora-do-Dique-Edise-fala-de-sua-experiencia-Barbara-Dias-942x629.jpg 942w, https:\/\/rioonwatch.org\/wp-content\/uploads\/2023\/09\/Moradora-do-Dique-Edise-fala-de-sua-experiencia-Barbara-Dias-768x513.jpg 768w\" sizes=\"(max-width: 2048px) 100vw, 2048px\" \/><\/a><figcaption id=\"caption-attachment-76264\" class=\"wp-caption-text\">Cangulo resident Edize Maria Santos spoke about her participation in the solar installation and the significance of clean energy coming to Dique. Photo: B\u00e1rbara Dias<\/figcaption><\/figure>\n<p><span style=\"font-weight: 400;\">The project&#8217;s technical partners were then called up. Hans Rauschmayer, of Solarize, said that solar energy in Brazil is still underutilized, corresponding to only 2% of the nation&#8217;s energy. <\/span><a href=\"https:\/\/bit.ly\/46kveHG\" target=\"_blank\" rel=\"noopener\"><span style=\"font-weight: 400;\">He elaborated on<\/span><\/a><span style=\"font-weight: 400;\"> how this technology, along with being clean and sustainable, generates jobs and income for the territories.<\/span><\/p>\n<blockquote><p><span style=\"font-weight: 400;\">\u201cSolar energy in Brazil has already generated a million jobs in only eleven years. We can create jobs anywhere because Brazil is enormous. It has cities, rural areas, favelas, urban areas\u2014everything. And wherever you go, somebody will [need to be employed to] install solar energy. In all these places, you need people to get on the roof, it&#8217;s as simple as that; we don\u2019t have robots to do that. So, it really is an energy source that generates many jobs. You need engineers, electricians, and installers, who don&#8217;t need all that much schooling to earn a good living this way.\u201d \u2014 Hans Rauschmayer<\/span><\/p><\/blockquote>\n<p><span style=\"font-weight: 400;\"><a href=\"https:\/\/bit.ly\/450FbJf\" target=\"_blank\" rel=\"noopener\">Revolusolar spoke<\/a> about the methodology their team has developed through installations in favelas and communities all over Brazil.\u00a0<\/span><\/p>\n<blockquote><p><span style=\"font-weight: 400;\">\u201cThe methodology we&#8217;ve created through various projects in partnership with Solarize, and now with the Sustainable Favela Network and AMAC, is [based on] this unity. It&#8217;s not just about putting up a solar panel: it&#8217;s about training; generating jobs; providing autonomy and agency; empowering leaders to take advantage of the entire solar energy revolution and to understand what it can bring, beyond a reduction in the electric bill.\u201d \u2014 Eduardo Avila<\/span><\/p><\/blockquote>\n<p><span style=\"font-weight: 400;\">Adriano Paraiso, also from Revolusolar,<\/span> <a href=\"https:\/\/bit.ly\/450FbJf\" target=\"_blank\" rel=\"noopener\"><span style=\"font-weight: 400;\">highlighted that their motivation<\/span><\/a><span style=\"font-weight: 400;\"> in realizing these socio-environmental projects is something deeper, namely the quest for local social empowerment.<\/span><\/p>\n<blockquote><p><span style=\"font-weight: 400;\">\u201cI always say that Revolusolar is about more than solar energy; it&#8217;s about human energy\u2026 Yesterday, when we were setting up the space, I had the chance to chat with Nill about how what we&#8217;ve done here transcends saving energy and this system above us. Nill fought hard to be here, and from everything that she has suffered in life, she could have been a totally different person. Yet, she chose the path of justice, of doing right by others.\u201d \u2014 Adriano Paraiso\u00a0<\/span><\/p><\/blockquote>\n<figure id=\"attachment_76276\" aria-describedby=\"caption-attachment-76276\" style=\"width: 1200px\" class=\"wp-caption aligncenter\"><a href=\"https:\/\/rioonwatch.org\/wp-content\/uploads\/2023\/09\/Embrace-with-Revolusolar-partners-Barbara-Dias.jpg\"><img loading=\"lazy\" decoding=\"async\" class=\"wp-image-76276 size-full\" title=\"Adriano Para\u00edso and Eduardo Avila of Revolusolar celebrate their partnership with Nill. Photo: B\u00e1rbara Dias\" src=\"https:\/\/rioonwatch.org\/wp-content\/uploads\/2023\/09\/Embrace-with-Revolusolar-partners-Barbara-Dias.jpg\" alt=\"Adriano Para\u00edso and Eduardo Avila of Revolusolar celebrate their partnership with Nill. Photo: B\u00e1rbara Dias\" width=\"1200\" height=\"801\" srcset=\"https:\/\/rioonwatch.org\/wp-content\/uploads\/2023\/09\/Embrace-with-Revolusolar-partners-Barbara-Dias.jpg 1200w, https:\/\/rioonwatch.org\/wp-content\/uploads\/2023\/09\/Embrace-with-Revolusolar-partners-Barbara-Dias-620x414.jpg 620w, https:\/\/rioonwatch.org\/wp-content\/uploads\/2023\/09\/Embrace-with-Revolusolar-partners-Barbara-Dias-942x629.jpg 942w, https:\/\/rioonwatch.org\/wp-content\/uploads\/2023\/09\/Embrace-with-Revolusolar-partners-Barbara-Dias-768x513.jpg 768w\" sizes=\"(max-width: 1200px) 100vw, 1200px\" \/><\/a><figcaption id=\"caption-attachment-76276\" class=\"wp-caption-text\">Adriano Para\u00edso and Eduardo Avila of Revolusolar celebrate their partnership with Nill. Photo: B\u00e1rbara Dias<\/figcaption><\/figure>\n<p>A few young people <span style=\"font-weight: 400;\">who participate in the Sustainable Favela Network&#8217;s energy justice initiatives also offered their thoughts on the installation of solar panels. <\/span><a href=\"https:\/\/bit.ly\/48snXHz\" target=\"_blank\" rel=\"noopener\"><span style=\"font-weight: 400;\">Larissa Ricardo<\/span><\/a><span style=\"font-weight: 400;\">, a Dique da Vila Alzira resident, delivered a compelling testimonial that captured everyone&#8217;s attention.\u00a0<\/span><\/p>\n<blockquote><p><span style=\"font-weight: 400;\">\u201cI came here to congratulate Nill and everyone who contributed\u2026 Speaking as a young woman, I&#8217;m really surprised and happy to witness this today. We couldn&#8217;t have imagined a solar capture system being launched on the roofs of a favela, in the periphery. So, I&#8217;m very honored to be here, to be a part of this, especially having children here too, understanding how important our connection to the environment and the future is. People look at me and say, \u2018a resident of Dique.\u2019 I used to be ashamed. Today, seeing the transformation here, I&#8217;m proud to say that I&#8217;m a resident because my community is the first in Duque de Caxias to launch a solar system.\u201d \u2014 Larissa Ricardo<\/span><\/p><\/blockquote>\n<p><span style=\"font-weight: 400;\">Following various testimonials, with the event approaching its end, <a href=\"https:\/\/bit.ly\/3ZADnFW\" target=\"_blank\" rel=\"noopener\">Nill Santos delivered another heartfelt talk<\/a> about the fight being worth it and not giving up on dreams. She addressed all the children who study and participate in activities at AMAC, ending with a powerful conclusion.<\/span><\/p>\n<blockquote><p><span style=\"font-weight: 400;\">\u201cI like to say that we are all sunflowers; the sunflower is always facing the sun and its seeds are capsules of energy. Once again, the sun shone brightly today, as it did on the day the panels were installed; and the seeds [children] are here. This is the seed. This is the new generation that will blossom: men and women, who know they have equal rights, building a much better future.\u201d \u2014 Nill Santos\u00a0<\/span><\/p><\/blockquote>\n<figure id=\"attachment_76278\" aria-describedby=\"caption-attachment-76278\" style=\"width: 1200px\" class=\"wp-caption aligncenter\"><a href=\"https:\/\/rioonwatch.org\/wp-content\/uploads\/2023\/09\/Davi-from-AMAC-signs-the-banner-Barbara-Dias.jpg\"><img loading=\"lazy\" decoding=\"async\" class=\"wp-image-76278 size-full\" title=\"Davi, a young boy from AMAC, signs a banner after the launch. Photo: B\u00e1rbara Dias\" src=\"https:\/\/rioonwatch.org\/wp-content\/uploads\/2023\/09\/Davi-from-AMAC-signs-the-banner-Barbara-Dias.jpg\" alt=\"Davi, a young boy from AMAC, signs a banner after the launch. Photo: B\u00e1rbara Dias\" width=\"1200\" height=\"801\" srcset=\"https:\/\/rioonwatch.org\/wp-content\/uploads\/2023\/09\/Davi-from-AMAC-signs-the-banner-Barbara-Dias.jpg 1200w, https:\/\/rioonwatch.org\/wp-content\/uploads\/2023\/09\/Davi-from-AMAC-signs-the-banner-Barbara-Dias-620x414.jpg 620w, https:\/\/rioonwatch.org\/wp-content\/uploads\/2023\/09\/Davi-from-AMAC-signs-the-banner-Barbara-Dias-942x629.jpg 942w, https:\/\/rioonwatch.org\/wp-content\/uploads\/2023\/09\/Davi-from-AMAC-signs-the-banner-Barbara-Dias-768x513.jpg 768w\" sizes=\"(max-width: 1200px) 100vw, 1200px\" \/><\/a><figcaption id=\"caption-attachment-76278\" class=\"wp-caption-text\">Davi, a boy from AMAC, signs the banner after the launch. Photo: B\u00e1rbara Dias<\/figcaption><\/figure>\n<p><span style=\"font-weight: 400;\">Initiatives like the installation of solar panels in Duque de Caxias point to a new horizon for the Dique da Vila Alzira community. Locals\u2019 strength, allied to partners that support their autonomy, marks not only the start of an energy revolution, but, above all, a commitment to a greener and more sustainable future for the territory.<\/span><\/p>\n<h3>Watch the videos of the launch event <a href=\"https:\/\/bit.ly\/AMACInauguraSolarVideos\" target=\"_blank\" rel=\"noopener\">here<\/a> (without English subtitles).<\/h3>\n<h3>View the photos of the launch event <a href=\"https:\/\/bit.ly\/AMACInauguraSolarFotos\" target=\"_blank\" rel=\"noopener\">here<\/a>:<\/h3>\n<p><a title=\"Inaugura\u00e7\u00e3o do Sistema Solar na AMAC, Duque de Caxias, 17 de setembro de 2023\" href=\"https:\/\/www.flickr.com\/photos\/catcomm\/albums\/72177720311400724\" data-flickr-embed=\"true\"><img loading=\"lazy\" decoding=\"async\" src=\"https:\/\/live.staticflickr.com\/65535\/53205404811_631818f487_h.jpg\" alt=\"Inaugura\u00e7\u00e3o do Sistema Solar na AMAC, Duque de Caxias, 17 de setembro de 2023\" width=\"1600\" height=\"1200\" \/><\/a><script async src=\"\/\/embedr.flickr.com\/assets\/client-code.js\" charset=\"utf-8\"><\/script><\/p>\n<p><i>About the author:\u00a0<em><a href=\"https:\/\/bit.ly\/3Gc3OJU\" target=\"_blank\" rel=\"noopener\">B\u00e1rbara Dias<\/a>\u00a0was born and raised in Bangu, in Rio\u2019s West Zone. She has a degree in Biological Sciences, a master\u2019s in Environmental Education, and has been a public school teacher since 2006. She is a photojournalist and also works with documentary photography. She is a popular communicator for N\u00facleo Piratininga de Comunica\u00e7\u00e3o (<a href=\"https:\/\/bit.ly\/3i2GcdN\" target=\"_blank\" rel=\"noopener\">NPC<\/a>) and co-founder of\u00a0<a href=\"https:\/\/bit.ly\/3vfY8bj\" target=\"_blank\" rel=\"noopener\">Coletivo Fotoguerrilha<\/a>.<\/em><\/i><\/p>\n<hr \/>\n<h4><b data-stringify-type=\"bold\">Support\u00a0<\/b><b data-stringify-type=\"bold\"><i data-stringify-type=\"italic\">RioOnWatch<\/i><\/b><b data-stringify-type=\"bold\">\u2019s tireless, critical and cutting-edge hyperlocal journalism, online community organizing meetings, and direct support to favelas\u00a0<\/b><b data-stringify-type=\"bold\"><a class=\"c-link\" href=\"http:\/\/bit.ly\/DonateToRioOnWatch\" target=\"_blank\" rel=\"noopener noreferrer\" data-stringify-link=\"http:\/\/bit.ly\/DonateToRioOnWatch\" data-sk=\"tooltip_parent\">by clicking here.<\/a><\/b><\/h4>\n","protected":false},"excerpt":{"rendered":"<div class=\"mh-excerpt\"><p>Clique aqui para Portugu\u00eas On Sunday, September 17, the community-based Association of Women With Attitude and Social Commitment (AMAC) celebrated the launch of the first photovoltaic system in the favelas of Duque de Caxias, a <a class=\"mh-excerpt-more\" href=\"https:\/\/rioonwatch.org\/?p=76251\" title=\"The Sun Shines in Duque de Caxias: Solar Panels Launched by Women&#8217;s Association and Sustainable Favela Network in Dique da Vila Alzira\">[&#8230;]<\/a><\/p>\n<\/div>","protected":false},"author":245,"featured_media":76252,"comment_status":"closed","ping_status":"closed","sticky":false,"template":"template-full.php","format":"standard","meta":{"_monsterinsights_skip_tracking":false,"_monsterinsights_sitenote_active":false,"_monsterinsights_sitenote_note":"","_monsterinsights_sitenote_category":0,"footnotes":""},"categories":[1288,1328,1290,3477,1333,452],"tags":[460,472,3406,756,910,2816,694,2622,436,1197,1724,471,3186,2076],"writer":[3542],"translator":[3632],"illustrator":[],"photographer":[3548],"class_list":{"0":"post-76251","1":"post","2":"type-post","3":"status-publish","4":"format-standard","5":"has-post-thumbnail","7":"category-highlight","8":"category-by-community-contributors","9":"category-civilsociety","10":"category-climate-justice","11":"category-event-reports","12":"category-rio20","13":"tag-baixada-fluminense","14":"tag-climate-change","15":"tag-climate-justice","16":"tag-community-organizing","17":"tag-creative-organizing","18":"tag-dique","19":"tag-duque-de-caxias","20":"tag-event","21":"tag-gender","22":"tag-greater-rio","23":"tag-solar","24":"tag-sustainability","25":"tag-sfn","26":"tag-violence-against-women","27":"writer-barbara-dias","28":"translator-sana-khan","29":"photographer-barbara-dias"},"_links":{"self":[{"href":"https:\/\/rioonwatch.org\/index.php?rest_route=\/wp\/v2\/posts\/76251","targetHints":{"allow":["GET"]}}],"collection":[{"href":"https:\/\/rioonwatch.org\/index.php?rest_route=\/wp\/v2\/posts"}],"about":[{"href":"https:\/\/rioonwatch.org\/index.php?rest_route=\/wp\/v2\/types\/post"}],"author":[{"embeddable":true,"href":"https:\/\/rioonwatch.org\/index.php?rest_route=\/wp\/v2\/users\/245"}],"replies":[{"embeddable":true,"href":"https:\/\/rioonwatch.org\/index.php?rest_route=%2Fwp%2Fv2%2Fcomments&post=76251"}],"version-history":[{"count":0,"href":"https:\/\/rioonwatch.org\/index.php?rest_route=\/wp\/v2\/posts\/76251\/revisions"}],"wp:featuredmedia":[{"embeddable":true,"href":"https:\/\/rioonwatch.org\/index.php?rest_route=\/wp\/v2\/media\/76252"}],"wp:attachment":[{"href":"https:\/\/rioonwatch.org\/index.php?rest_route=%2Fwp%2Fv2%2Fmedia&parent=76251"}],"wp:term":[{"taxonomy":"category","embeddable":true,"href":"https:\/\/rioonwatch.org\/index.php?rest_route=%2Fwp%2Fv2%2Fcategories&post=76251"},{"taxonomy":"post_tag","embeddable":true,"href":"https:\/\/rioonwatch.org\/index.php?rest_route=%2Fwp%2Fv2%2Ftags&post=76251"},{"taxonomy":"writer","embeddable":true,"href":"https:\/\/rioonwatch.org\/index.php?rest_route=%2Fwp%2Fv2%2Fwriter&post=76251"},{"taxonomy":"translator","embeddable":true,"href":"https:\/\/rioonwatch.org\/index.php?rest_route=%2Fwp%2Fv2%2Ftranslator&post=76251"},{"taxonomy":"illustrator","embeddable":true,"href":"https:\/\/rioonwatch.org\/index.php?rest_route=%2Fwp%2Fv2%2Fillustrator&post=76251"},{"taxonomy":"photographer","embeddable":true,"href":"https:\/\/rioonwatch.org\/index.php?rest_route=%2Fwp%2Fv2%2Fphotographer&post=76251"}],"curies":[{"name":"wp","href":"https:\/\/api.w.org\/{rel}","templated":true}]}}