{"id":77021,"date":"2023-12-23T11:58:12","date_gmt":"2023-12-23T14:58:12","guid":{"rendered":"https:\/\/rioonwatch.org\/?p=77021"},"modified":"2025-09-13T14:07:13","modified_gmt":"2025-09-13T17:07:13","slug":"empowering-the-future-highlights-from-the-sustainable-favela-networks-6th-annual-full-network-meet-up-video","status":"publish","type":"post","link":"https:\/\/rioonwatch.org\/?p=77021","title":{"rendered":"Sustainable Favela Network 6th Annual Full-Network Meet-Up: Youth at the Center [VIDEO]"},"content":{"rendered":"<p><iframe title=\"YouTube video player\" src=\"https:\/\/www.youtube.com\/embed\/jaCeKNrrd1o?si=CriLc8Wtg34poTJI\" width=\"1030\" height=\"563\" frameborder=\"0\" allowfullscreen=\"allowfullscreen\"><span data-mce-type=\"bookmark\" style=\"display: inline-block; width: 0px; overflow: hidden; line-height: 0;\" class=\"mce_SELRES_start\">\ufeff<\/span><span data-mce-type=\"bookmark\" style=\"display: inline-block; width: 0px; overflow: hidden; line-height: 0;\" class=\"mce_SELRES_start\">\ufeff<\/span><\/iframe><\/p>\n<h4 style=\"text-align: right;\"><a href=\"https:\/\/bit.ly\/477ccVp\" target=\"_blank\" rel=\"noopener\"><strong><em>Clique aqui para Portugu\u00eas<\/em><\/strong><img decoding=\"async\" class=\"alignright wp-image-23766 size-full\" src=\"https:\/\/www.rioonwatch.org\/wp-content\/uploads\/2012\/08\/PT-e1439583827971.png\" width=\"20\" height=\"20\" \/><\/a><\/h4>\n<h4>On December 2, 2023, the Sustainable Favela Network&#8217;s (<a href=\"https:\/\/bit.ly\/3jqEnGE\" target=\"_blank\" rel=\"noopener\">SFN<\/a>)* <a href=\"https:\/\/bit.ly\/EncontraoRFS2023\" target=\"_blank\" rel=\"noopener\">6th Annual Full-Network Meet-Up<\/a> took place at the Irm\u00e3os Kennedy Community Center (<a href=\"https:\/\/bit.ly\/2PmiDBX\" target=\"_blank\" rel=\"noopener\">CCIK<\/a>) with the presence of community leaders, youth, and residents of 35 Rio de Janeiro favelas, alongside technical allies, all members of the SFN. The <a href=\"https:\/\/bit.ly\/SFNMeetUps\" target=\"_blank\" rel=\"noopener\">tradition<\/a>, going back to 2018, wraps up each year by reviewing key moments and voting on defining priorities for the upcoming year. This year, the event was also paired with the \u201c<a href=\"https:\/\/bit.ly\/3tntm32\" target=\"_blank\" rel=\"noopener\">Favelas\u2019 COP<\/a>,\u201d a collective construction of the SFN Youth Working Group. Discussions focused on the challenges and priorities of young people, promoting a localized debate parallel to the United Nations Climate Conference (<a href=\"https:\/\/bit.ly\/47V14Mj\" target=\"_blank\" rel=\"noopener\">COP 28<\/a>).<\/h4>\n<h3><span style=\"font-weight: 400;\">The 6th Annual Full-Network Meet-Up Takes Place in the West Zone of Rio de Janeiro<\/span><\/h3>\n<p>On a sunny Saturday, in one of the hottest regions of Greater Rio, the 6th edition of the Annual Full-Network Meet-Up unfolded in <a href=\"https:\/\/bit.ly\/36vuhyb\" target=\"_blank\" rel=\"noopener\">Vila Kennedy<\/a>, <a href=\"https:\/\/bit.ly\/2KVA7k7\" target=\"_blank\" rel=\"noopener\">West Zone<\/a> of Rio de Janeiro. The Irm\u00e3os Kennedy Community Center (CCIK), a powerful local reference, opened its courtyard and rooms, serving as host to 100 SFN members from 35 different favelas.<\/p>\n<figure id=\"attachment_77023\" aria-describedby=\"caption-attachment-77023\" style=\"width: 2560px\" class=\"wp-caption aligncenter\"><a href=\"https:\/\/rioonwatch.org\/wp-content\/uploads\/2023\/12\/Veronica-from-CCIK-welcoming-participants-to-the-2023-6th-Annual-Full-Network-Meet-Up-Photo-Barbara-Dias.jpg\"><img fetchpriority=\"high\" decoding=\"async\" class=\"wp-image-77023 size-full\" title=\"Ver\u00f4nica da Silva from CCIK, welcoming participants to the 2023 6th Annual Full-Network Meet-Up. Photo: B\u00e1rbara Dias\" src=\"https:\/\/rioonwatch.org\/wp-content\/uploads\/2023\/12\/Veronica-from-CCIK-welcoming-participants-to-the-2023-6th-Annual-Full-Network-Meet-Up-Photo-Barbara-Dias.jpg\" alt=\"Ver\u00f4nica da Silva from CCIK, welcoming participants to the 2023 6th Annual Full-Network Meet-Up. Photo: B\u00e1rbara Dias\" width=\"2560\" height=\"1709\" srcset=\"https:\/\/rioonwatch.org\/wp-content\/uploads\/2023\/12\/Veronica-from-CCIK-welcoming-participants-to-the-2023-6th-Annual-Full-Network-Meet-Up-Photo-Barbara-Dias.jpg 2560w, https:\/\/rioonwatch.org\/wp-content\/uploads\/2023\/12\/Veronica-from-CCIK-welcoming-participants-to-the-2023-6th-Annual-Full-Network-Meet-Up-Photo-Barbara-Dias-620x414.jpg 620w, https:\/\/rioonwatch.org\/wp-content\/uploads\/2023\/12\/Veronica-from-CCIK-welcoming-participants-to-the-2023-6th-Annual-Full-Network-Meet-Up-Photo-Barbara-Dias-942x629.jpg 942w, https:\/\/rioonwatch.org\/wp-content\/uploads\/2023\/12\/Veronica-from-CCIK-welcoming-participants-to-the-2023-6th-Annual-Full-Network-Meet-Up-Photo-Barbara-Dias-768x513.jpg 768w\" sizes=\"(max-width: 2560px) 100vw, 2560px\" \/><\/a><figcaption id=\"caption-attachment-77023\" class=\"wp-caption-text\">Ver\u00f4nica da Silva from CCIK, welcoming participants to the 2023 6th Annual Full-Network Meet-Up. Photo: B\u00e1rbara Dias<\/figcaption><\/figure>\n<p>The event began with a welcome from the CCIK hosts, Berenice Natalicio Santos and Ver\u00f4nica Gomes Martins da Silva. Da Silva set the tone with a joyous greeting to everyone, providing a quick overview of CCIK&#8217;s history and shedding light on the important partnership with the Sustainable Favela Network.<\/p>\n<blockquote><p>\u201cGood morning! It&#8217;s with great joy that we welcome all of you and the Sustainable Favela Network, where we truly feel at home. It&#8217;s a network that embraces not only us but our needs, amplifying our voices, struggles, victories, and even our pains. It constantly empowers us.\u201d \u2014 <span style=\"font-weight: 400;\">Ver\u00f4nica Gomes<\/span><\/p><\/blockquote>\n<p>Next, Theresa Williamson, executive director of Catalytic Communities (<a href=\"http:\/\/www.catcomm.org\/\" target=\"_blank\" rel=\"noopener\">CatComm<\/a>), which oversees the SFN managing team, provided context for the event within the history of the SFN.<\/p>\n<blockquote><p>\u201cThe proposal for the Sustainable Favela Network effectively began at a Full-Network Meet-Up, which was the first one held in 2018 at the Public Defender&#8217;s Office. The aim of these gatherings is to start the day by reflecting on the past year and end it by defining proposals for the following year. This year, we will have a moment led by the SFN Youth Working Group, formed over the course of the year, which will reflect on COP 28, which is happening right now. They put forward the idea of a <a href=\"https:\/\/bit.ly\/3tntm32\" target=\"_blank\" rel=\"noopener\">Favelas\u2019 COP<\/a>.\u201d \u2014 Theresa Williamson<\/p><\/blockquote>\n<p>The morning continued with a retrospective of the year, presented by Gisele Moura, coordinator of the Sustainable Favela Network&#8217;s managing team, who introduced the video \u201cRealizing Climate Justice in the Favelas,\u201d with excerpts from the network&#8217;s 2023 activities.<\/p>\n<h3><span style=\"font-weight: 400;\">Watch the <a href=\"https:\/\/bit.ly\/RetrospectivaRFS2023\" target=\"_blank\" rel=\"noopener\">Retrospective Video<\/a> Covering All SFN Activities in 2023, with English subtitles:<\/span><\/h3>\n<p><iframe title=\"YouTube video player\" src=\"https:\/\/www.youtube.com\/embed\/oGDSuHE2_x0?si=kAk6Y5LpjRn0ogs-\" width=\"1030\" height=\"563\" frameborder=\"0\" allowfullscreen=\"allowfullscreen\"><\/iframe><\/p>\n<p>Following the video, attendees who participated in the year\u2019s activities were invited to come forward to take a photo and speak briefly of the significance of their involvement, with fellow network members. Moura highlighted one of the first initiatives of the year, the <a href=\"https:\/\/bit.ly\/3W6KWT1\" target=\"_blank\" rel=\"noopener\">planting and revitalization effort in Salgueiro<\/a>, and Luiz Cassiano, from <a href=\"https:\/\/bit.ly\/3nI5OPf\" target=\"_blank\" rel=\"noopener\">Green Roof Favela<\/a>, shared his experience participating in the event.<\/p>\n<blockquote><p><span style=\"font-weight: 400;\">\u201c<\/span><span style=\"font-weight: 400;\">It was really cool to be there at the Salgueiro collective action, with the network present\u2026 I&#8217;d love to see photos of what it looks like now. It was really great, an exhausting day, but very enriching due to the interactions, friendships, and the people who were there, fighting to create that garden.\u201d \u2014 Luiz Cassiano<\/span><\/p><\/blockquote>\n<figure id=\"attachment_77025\" aria-describedby=\"caption-attachment-77025\" style=\"width: 2560px\" class=\"wp-caption aligncenter\"><a href=\"https:\/\/rioonwatch.org\/wp-content\/uploads\/2023\/12\/Luiz-Cassiano-talking-about-his-participation-in-the-Salgueiro-effort-at-the-Annual-Full-Network-Meet-Up-of-2023-Photo-Barbara-Dias-scaled-1.jpg\"><img decoding=\"async\" class=\"wp-image-77025 size-full\" title=\"Luiz Cassiano talks about his participation in the Salgueiro collective effort at the 2023 Annual Full-Network Meet-Up. Photo: B\u00e1rbara Dias\" src=\"https:\/\/rioonwatch.org\/wp-content\/uploads\/2023\/12\/Luiz-Cassiano-talking-about-his-participation-in-the-Salgueiro-effort-at-the-Annual-Full-Network-Meet-Up-of-2023-Photo-Barbara-Dias-scaled-1.jpg\" alt=\"Luiz Cassiano talks about his participation in the Salgueiro collective effort at the 2023 Annual Full-Network Meet-Up. Photo: B\u00e1rbara Dias\" width=\"2560\" height=\"1709\" srcset=\"https:\/\/rioonwatch.org\/wp-content\/uploads\/2023\/12\/Luiz-Cassiano-talking-about-his-participation-in-the-Salgueiro-effort-at-the-Annual-Full-Network-Meet-Up-of-2023-Photo-Barbara-Dias-scaled-1.jpg 2560w, https:\/\/rioonwatch.org\/wp-content\/uploads\/2023\/12\/Luiz-Cassiano-talking-about-his-participation-in-the-Salgueiro-effort-at-the-Annual-Full-Network-Meet-Up-of-2023-Photo-Barbara-Dias-scaled-1-620x414.jpg 620w, https:\/\/rioonwatch.org\/wp-content\/uploads\/2023\/12\/Luiz-Cassiano-talking-about-his-participation-in-the-Salgueiro-effort-at-the-Annual-Full-Network-Meet-Up-of-2023-Photo-Barbara-Dias-scaled-1-942x629.jpg 942w, https:\/\/rioonwatch.org\/wp-content\/uploads\/2023\/12\/Luiz-Cassiano-talking-about-his-participation-in-the-Salgueiro-effort-at-the-Annual-Full-Network-Meet-Up-of-2023-Photo-Barbara-Dias-scaled-1-768x513.jpg 768w\" sizes=\"(max-width: 2560px) 100vw, 2560px\" \/><\/a><figcaption id=\"caption-attachment-77025\" class=\"wp-caption-text\">Luiz Cassiano talks about his participation in the Salgueiro collective action at the 2023 Annual Full-Network Meet-Up. Photo: B\u00e1rbara Dias<\/figcaption><\/figure>\n<p>Another impactful 2023 initiative highlighted at the Full-Network Meet-Up, was the Favela Climate Memory project. This project consisted of five intense days of climate memory discussion circles held in various favelas across Rio de Janeiro, including <a href=\"https:\/\/bit.ly\/MareClimateMemory\" target=\"_blank\" rel=\"noopener\">Mar\u00e9<\/a>, <a href=\"https:\/\/bit.ly\/RocinhaClimateMemory\" target=\"_blank\" rel=\"noopener\">Rocinha<\/a>, <a href=\"https:\/\/bit.ly\/AntaresClimateMemory\" target=\"_blank\" rel=\"noopener\">Antares<\/a> in Santa Cruz, Pav\u00e3o-Pav\u00e3ozinho\/Cantagalo (<a href=\"https:\/\/bit.ly\/PPGClimateMemory\" target=\"_blank\" rel=\"noopener\">PPG<\/a>), and <a href=\"https:\/\/bit.ly\/VidigalClimateMemory\" target=\"_blank\" rel=\"noopener\">Vidigal<\/a>. These discussions culminated in the <a href=\"https:\/\/bit.ly\/ClimateMemoryLaunch\" target=\"_blank\" rel=\"noopener\">launch of the Favela Climate Memory exhibition<\/a>\u00a0at the <a href=\"https:\/\/bit.ly\/2HVxGfk\" target=\"_blank\" rel=\"noopener\">Evictions Museum<\/a> in <a href=\"https:\/\/bit.ly\/2IpNNB7\" target=\"_blank\" rel=\"noopener\">Vila Aut\u00f3dromo<\/a> in June.<\/p>\n<p><span style=\"font-weight: 400;\">M\u00e1rcia Souza, from PPG&#8217;s Favela Museum (<a href=\"https:\/\/bit.ly\/2wKd9UK\" target=\"_blank\" rel=\"noopener\">MUF<\/a>), shared her experience as she looked back on the climate memory circle held in her community.<\/span><\/p>\n<blockquote><p><span style=\"font-weight: 400;\">\u201cThe conversation at MUF was very interesting. We had the participation of elders, both women and men, telling the history of our territory. We were also lucky to engage some young people who are now part of the Favelas\u2019 COP group. I mean, the outcome was really great, and I got to hear stories [from before] I was even born. The elders were not at all shy to speak into the microphone\u2014excited to learn about our history, talk about themselves, discuss our territory and evoke memories to prevent history from repeating itself.\u201d \u2014 M\u00e1rcia Souza<\/span><\/p><\/blockquote>\n<figure id=\"attachment_77030\" aria-describedby=\"caption-attachment-77030\" style=\"width: 2560px\" class=\"wp-caption aligncenter\"><a href=\"https:\/\/rioonwatch.org\/wp-content\/uploads\/2023\/12\/Marcia-Souza-talks-about-her-participation-in-the-climate-memory-circles-during-the-Full-Network-Meet-up-Photo-Barbara-Dias.jpg\"><img loading=\"lazy\" decoding=\"async\" class=\"wp-image-77030 size-full\" title=\"M\u00e1rcia Souza, from PPG's Favelas Museum (MUF), looked back on her experience with the climate memory circle held in her community. \" src=\"https:\/\/rioonwatch.org\/wp-content\/uploads\/2023\/12\/Marcia-Souza-talks-about-her-participation-in-the-climate-memory-circles-during-the-Full-Network-Meet-up-Photo-Barbara-Dias.jpg\" alt=\"M\u00e1rcia Souza, from PPG's Favelas Museum (MUF), looked back on her experience with the climate memory circle held in her community. \" width=\"2560\" height=\"1709\" srcset=\"https:\/\/rioonwatch.org\/wp-content\/uploads\/2023\/12\/Marcia-Souza-talks-about-her-participation-in-the-climate-memory-circles-during-the-Full-Network-Meet-up-Photo-Barbara-Dias.jpg 2560w, https:\/\/rioonwatch.org\/wp-content\/uploads\/2023\/12\/Marcia-Souza-talks-about-her-participation-in-the-climate-memory-circles-during-the-Full-Network-Meet-up-Photo-Barbara-Dias-620x414.jpg 620w, https:\/\/rioonwatch.org\/wp-content\/uploads\/2023\/12\/Marcia-Souza-talks-about-her-participation-in-the-climate-memory-circles-during-the-Full-Network-Meet-up-Photo-Barbara-Dias-942x629.jpg 942w, https:\/\/rioonwatch.org\/wp-content\/uploads\/2023\/12\/Marcia-Souza-talks-about-her-participation-in-the-climate-memory-circles-during-the-Full-Network-Meet-up-Photo-Barbara-Dias-768x513.jpg 768w\" sizes=\"(max-width: 2560px) 100vw, 2560px\" \/><\/a><figcaption id=\"caption-attachment-77030\" class=\"wp-caption-text\">M\u00e1rcia Souza, from PPG&#8217;s Favela Museum (MUF), looked back on her experience with the climate memory circle held in her community.<\/figcaption><\/figure>\n<p>Another key 2023 activity was the Climate Justice and Community Journalism Workshop, conducted by the <em>RioOnWatch<\/em> team with youth from 11 different favelas in the SFN. Matheus Edson Rodrigues, a young participant from <a href=\"https:\/\/bit.ly\/2ZKEORG\" target=\"_blank\" rel=\"noopener\">Rio das Pedras<\/a>, recalled the experience.<\/p>\n<blockquote><p>\u201cThe journalism workshop\u2014I never get tired of praising the entire process, from beginning to end. The fact that we were able to come up with our story ideas, our articles, was great for me because it&#8217;s very satisfying to report on what&#8217;s happening in your favela.\u201d \u2014 Matheus Edson Rodrigues<\/p><\/blockquote>\n<figure id=\"attachment_77037\" aria-describedby=\"caption-attachment-77037\" style=\"width: 2560px\" class=\"wp-caption aligncenter\"><a href=\"https:\/\/rioonwatch.org\/wp-content\/uploads\/2023\/12\/SFN-youth-of-the-grassroots-journalism-workshop-atthe-2023-Annual-Full-Network-Meet-Up-Photo-Barbara-Dias.jpg\"><img loading=\"lazy\" decoding=\"async\" class=\"wp-image-77037 size-full\" title=\"A few of the youth from the SFN who participated in the community journalism workshop, at the 2023 Annual Full-Network Meet-Up. Photo: B\u00e1rbara Dias\" src=\"https:\/\/rioonwatch.org\/wp-content\/uploads\/2023\/12\/SFN-youth-of-the-grassroots-journalism-workshop-atthe-2023-Annual-Full-Network-Meet-Up-Photo-Barbara-Dias.jpg\" alt=\"A few of the youth from the SFN who participated in the community journalism workshop, at the 2023 Annual Full-Network Meet-Up. Photo: B\u00e1rbara Dias\" width=\"2560\" height=\"1709\" srcset=\"https:\/\/rioonwatch.org\/wp-content\/uploads\/2023\/12\/SFN-youth-of-the-grassroots-journalism-workshop-atthe-2023-Annual-Full-Network-Meet-Up-Photo-Barbara-Dias.jpg 2560w, https:\/\/rioonwatch.org\/wp-content\/uploads\/2023\/12\/SFN-youth-of-the-grassroots-journalism-workshop-atthe-2023-Annual-Full-Network-Meet-Up-Photo-Barbara-Dias-620x414.jpg 620w, https:\/\/rioonwatch.org\/wp-content\/uploads\/2023\/12\/SFN-youth-of-the-grassroots-journalism-workshop-atthe-2023-Annual-Full-Network-Meet-Up-Photo-Barbara-Dias-942x629.jpg 942w, https:\/\/rioonwatch.org\/wp-content\/uploads\/2023\/12\/SFN-youth-of-the-grassroots-journalism-workshop-atthe-2023-Annual-Full-Network-Meet-Up-Photo-Barbara-Dias-768x513.jpg 768w\" sizes=\"(max-width: 2560px) 100vw, 2560px\" \/><\/a><figcaption id=\"caption-attachment-77037\" class=\"wp-caption-text\">A few of the youth from the SFN who participated in the community journalism workshop, at the 2023 Annual Full-Network Meet-Up. Photo: B\u00e1rbara Dias<\/figcaption><\/figure>\n<p><a href=\"https:\/\/bit.ly\/44MqL02\" target=\"_blank\" rel=\"noopener\">Local data launches<\/a> on water and energy justice in the favelas were also central activities of the SFN in 2023. In each community featured in the study \u201c<a href=\"https:\/\/bit.ly\/FavelaEnergyJusticeReport\" target=\"_blank\" rel=\"noopener\">Water and Energy Justice in the Favelas: Community Researchers Gather Data Revealing Inequalities and Calling for Action<\/a>,\u201d residents were presented the data collected by local youth researchers in their communities. These launches were also highlighted in the 2023 retrospective.<\/p>\n<blockquote><p>\u201cThe <a href=\"https:\/\/bit.ly\/481Hpu5\" target=\"_blank\" rel=\"noopener\">Vila Cruzeiro experience<\/a> was very interesting\u2026 The community attended the event and embraced it, spoke up, felt comfortable being there and speaking their mind. We had the opportunity to talk about our research and explain the data. The whole event had a lightness to it, it wasn\u2019t boring, and I think that was interesting.\u201d \u2014 Juliana Vicente<\/p><\/blockquote>\n<figure id=\"attachment_77039\" aria-describedby=\"caption-attachment-77039\" style=\"width: 2560px\" class=\"wp-caption aligncenter\"><a href=\"https:\/\/rioonwatch.org\/wp-content\/uploads\/2023\/12\/Young-leaders-and-SFN-veterans-present-at-the-2023-Annual-Full-Network-Meet-Up-Photo-Barbara-Dias.jpg\"><img loading=\"lazy\" decoding=\"async\" class=\"wp-image-77039 size-full\" title=\"Young leaders and SFN veterans who participated in the local data releases present at the Annual Full-Network Meet-Up. Photo: B\u00e1rbara Dias\" src=\"https:\/\/rioonwatch.org\/wp-content\/uploads\/2023\/12\/Young-leaders-and-SFN-veterans-present-at-the-2023-Annual-Full-Network-Meet-Up-Photo-Barbara-Dias.jpg\" alt=\"Young leaders and SFN veterans who participated in the local data releases present at the Annual Full-Network Meet-Up. Photo: B\u00e1rbara Dias\" width=\"2560\" height=\"1709\" srcset=\"https:\/\/rioonwatch.org\/wp-content\/uploads\/2023\/12\/Young-leaders-and-SFN-veterans-present-at-the-2023-Annual-Full-Network-Meet-Up-Photo-Barbara-Dias.jpg 2560w, https:\/\/rioonwatch.org\/wp-content\/uploads\/2023\/12\/Young-leaders-and-SFN-veterans-present-at-the-2023-Annual-Full-Network-Meet-Up-Photo-Barbara-Dias-620x414.jpg 620w, https:\/\/rioonwatch.org\/wp-content\/uploads\/2023\/12\/Young-leaders-and-SFN-veterans-present-at-the-2023-Annual-Full-Network-Meet-Up-Photo-Barbara-Dias-942x629.jpg 942w, https:\/\/rioonwatch.org\/wp-content\/uploads\/2023\/12\/Young-leaders-and-SFN-veterans-present-at-the-2023-Annual-Full-Network-Meet-Up-Photo-Barbara-Dias-768x513.jpg 768w\" sizes=\"(max-width: 2560px) 100vw, 2560px\" \/><\/a><figcaption id=\"caption-attachment-77039\" class=\"wp-caption-text\">Young and veteran SFN organizers who participated in the local data launches present at the Annual Full-Network Meet-Up. Photo: B\u00e1rbara Dias<\/figcaption><\/figure>\n<p><span style=\"font-size: 16px;\">The first national Sustainable Favela Network exchange, \u201c<a href=\"https:\/\/bit.ly\/3QoZsEU\" target=\"_blank\" rel=\"noopener\">Weaving Sustainability and Expanding Knowledge with Favelas, Quilombos and Indigenous Communities<\/a>,\u201d was also held in 2023, with the presence of several leaders from across the country. Additionally, in 2023, a <a href=\"https:\/\/bit.ly\/3PxxFB5\" target=\"_blank\" rel=\"noopener\">mini-course trained SFN solar ambassadors<\/a>, coinciding with the <a href=\"https:\/\/bit.ly\/AMACLaunchesSolar\" target=\"_blank\" rel=\"noopener\">installation of a photovoltaic system<\/a> at the Association of Women With Attitude and Social Commitment (<a href=\"http:\/\/bit.ly\/2HU5KZh\" target=\"_blank\" rel=\"noopener\">AMAC<\/a>) in <a href=\"https:\/\/bit.ly\/2Zrt2vo\" target=\"_blank\" rel=\"noopener\">Duque de Caxias<\/a>.\u00a0<\/span><\/p>\n<blockquote><p>\u201cSetting up the solar panels&#8230; was a milestone, not just for our community but, I think, for everyone in the network. The idea is that it can be a model, so we can set it up in other communities, too&#8230; What&#8217;s great is that it&#8217;s innovative, it&#8217;s a system that isn&#8217;t talked about much but that needs to get more attention&#8230; And the best part is that besides producing energy, we&#8217;re also creating more jobs right here in the favelas.\u201d <span style=\"font-weight: 400;\">\u2014<\/span> Nill Santos<\/p><\/blockquote>\n<figure id=\"attachment_77041\" aria-describedby=\"caption-attachment-77041\" style=\"width: 2560px\" class=\"wp-caption aligncenter\"><a href=\"https:\/\/rioonwatch.org\/wp-content\/uploads\/2023\/12\/Nill-Santos-spoke-about-setting-up-and-launching-solar-panels-at-AMAC-at-the-Annual-Meet-UpPhoto-Barbara-Dias-scaled-1.jpg\"><img loading=\"lazy\" decoding=\"async\" class=\"wp-image-77041 size-full\" title=\"Nill Santos talks about the set up and launch of the solar panels at AMAC at the 2023 Annual Full-Network Meet-Up. Photo: B\u00e1rbara Dias\" src=\"https:\/\/rioonwatch.org\/wp-content\/uploads\/2023\/12\/Nill-Santos-spoke-about-setting-up-and-launching-solar-panels-at-AMAC-at-the-Annual-Meet-UpPhoto-Barbara-Dias-scaled-1.jpg\" alt=\"Nill Santos talks about the set up and launch of the solar panels at AMAC at the Annual Full-Network Meet-Up of 2023. Photo: B\u00e1rbara Dias\" width=\"2560\" height=\"1709\" srcset=\"https:\/\/rioonwatch.org\/wp-content\/uploads\/2023\/12\/Nill-Santos-spoke-about-setting-up-and-launching-solar-panels-at-AMAC-at-the-Annual-Meet-UpPhoto-Barbara-Dias-scaled-1.jpg 2560w, https:\/\/rioonwatch.org\/wp-content\/uploads\/2023\/12\/Nill-Santos-spoke-about-setting-up-and-launching-solar-panels-at-AMAC-at-the-Annual-Meet-UpPhoto-Barbara-Dias-scaled-1-620x414.jpg 620w, https:\/\/rioonwatch.org\/wp-content\/uploads\/2023\/12\/Nill-Santos-spoke-about-setting-up-and-launching-solar-panels-at-AMAC-at-the-Annual-Meet-UpPhoto-Barbara-Dias-scaled-1-942x629.jpg 942w, https:\/\/rioonwatch.org\/wp-content\/uploads\/2023\/12\/Nill-Santos-spoke-about-setting-up-and-launching-solar-panels-at-AMAC-at-the-Annual-Meet-UpPhoto-Barbara-Dias-scaled-1-768x513.jpg 768w\" sizes=\"(max-width: 2560px) 100vw, 2560px\" \/><\/a><figcaption id=\"caption-attachment-77041\" class=\"wp-caption-text\">Nill Santos talks about the set up and launch of solar panels at AMAC at the 2023 Annual Full-Network Meet-Up. Photo: B\u00e1rbara Dias<\/figcaption><\/figure>\n<p>A mobile app has been developed and tested by the Sustainable Favela Network and partners in 2023 to monitor water and energy justice in favelas. One of the app testers, Fl\u00e1via Lima, a resident of Rio das Pedras, spoke about what it was like to use it.<\/p>\n<blockquote><p>\u201cI got involved in the research in Rio das Pedras, going door to door, street by street, hearing people denounce the lack of water, electricity and basic sanitation. This was crucial for me because it gave me a better understanding of my community.\u201d \u2014 Fl\u00e1via Lima<\/p><\/blockquote>\n<p><span style=\"font-weight: 400;\">The <a href=\"https:\/\/bit.ly\/GestaoAssociacoes\" target=\"_blank\" rel=\"noopener\">training course on community association management<\/a> also stirred excitement among participants in 2023. The video also treated us to glimpses of the <a href=\"https:\/\/bit.ly\/MCnaRocinhaFotos\" target=\"_blank\" rel=\"noopener\">Favela Climate Memory exhibition<\/a> that toured <a href=\"https:\/\/bit.ly\/317A4Hx\" target=\"_blank\" rel=\"noopener\">Rocinha<\/a>\u2014an exhibition open to the public and strategically set up in high foot traffic areas. This allowed residents to revisit the times of carrying cans of water on their heads, and the collective efforts in community initiatives.<\/span><\/p>\n<p>Finally, closing the year&#8217;s activities, the Sustainable Favela Network attended the public hearing \u201c<a href=\"https:\/\/bit.ly\/3vfksVL\" target=\"_blank\" rel=\"noopener\">The Human Right to Water: High Fees and No Water?<\/a>\u201d with the presence of 100 of the network&#8217;s members at the State Legislative Assembly (<a href=\"https:\/\/bit.ly\/2ZgF5j2\" target=\"_blank\" rel=\"noopener\">ALERJ<\/a>).<\/p>\n<blockquote><p>\u201cI really enjoyed it because we were in a place we don&#8217;t typically find ourselves. Speaking for myself, I&#8217;m not used to being there, not accustomed to taking part in a public hearing. But we made it there and accomplished what needed to be done. We did it, and things will only get better from here on.\u201d \u2014 Luiz Miguel Ribeiro<\/p><\/blockquote>\n<h3>The Favelas&#8217; COP: Produced Collectively by Sustainable Favela Network Youth<\/h3>\n<figure id=\"attachment_76911\" aria-describedby=\"caption-attachment-76911\" style=\"width: 2560px\" class=\"wp-caption aligncenter\"><a href=\"https:\/\/rioonwatch.org\/wp-content\/uploads\/2023\/12\/Youth-from-the-Sustainable-Favela-Network-present-COP-of-the-Favelas-proposal-at-the-6th-SFN-Meeting-Photo-Barbara-Dias-scaled-1.jpg\"><img loading=\"lazy\" decoding=\"async\" class=\"wp-image-76911 size-full\" title=\"SFN youth talk about the creation and construction of the Favelas' COP at the 2023 Annual Full-Network Meet-up. Photo: B\u00e1rbara Dias\" src=\"https:\/\/rioonwatch.org\/wp-content\/uploads\/2023\/12\/Youth-from-the-Sustainable-Favela-Network-present-COP-of-the-Favelas-proposal-at-the-6th-SFN-Meeting-Photo-Barbara-Dias-scaled-1.jpg\" alt=\"SFN youth talk about the creation and construction of the Favelas' COP at the 2023 Annual Full-Network Meet-up. Photo: B\u00e1rbara Dias\" width=\"2560\" height=\"1709\" srcset=\"https:\/\/rioonwatch.org\/wp-content\/uploads\/2023\/12\/Youth-from-the-Sustainable-Favela-Network-present-COP-of-the-Favelas-proposal-at-the-6th-SFN-Meeting-Photo-Barbara-Dias-scaled-1.jpg 2560w, https:\/\/rioonwatch.org\/wp-content\/uploads\/2023\/12\/Youth-from-the-Sustainable-Favela-Network-present-COP-of-the-Favelas-proposal-at-the-6th-SFN-Meeting-Photo-Barbara-Dias-scaled-1-620x414.jpg 620w, https:\/\/rioonwatch.org\/wp-content\/uploads\/2023\/12\/Youth-from-the-Sustainable-Favela-Network-present-COP-of-the-Favelas-proposal-at-the-6th-SFN-Meeting-Photo-Barbara-Dias-scaled-1-942x629.jpg 942w, https:\/\/rioonwatch.org\/wp-content\/uploads\/2023\/12\/Youth-from-the-Sustainable-Favela-Network-present-COP-of-the-Favelas-proposal-at-the-6th-SFN-Meeting-Photo-Barbara-Dias-scaled-1-768x513.jpg 768w\" sizes=\"(max-width: 2560px) 100vw, 2560px\" \/><\/a><figcaption id=\"caption-attachment-76911\" class=\"wp-caption-text\">SFN youth talk about the creation and development of the Favelas&#8217; COP at the 2023 Annual Full-Network Meet-up. Photo: B\u00e1rbara Dias<\/figcaption><\/figure>\n<p><span style=\"font-weight: 400;\">A series of discussion circles mediated by the Sustainable Favela Network Youth Working Group was one of the highlights of the Full-Network Meet-Up. The so-called <a href=\"https:\/\/bit.ly\/3tntm32\" target=\"_blank\" rel=\"noopener\">Favelas\u2019 COP<\/a>, held in parallel to the UN&#8217;s COP 28, fostered intergenerational debates between young and veteran community organizers, based on four themes: (1) <a href=\"https:\/\/bit.ly\/2M7SBy5\" target=\"_blank\" rel=\"noopener\">solid waste<\/a> in favelas; (2) injustices stemming from environmental racism; (3) stories about overcoming <a href=\"https:\/\/bit.ly\/32aHwqF\" target=\"_blank\" rel=\"noopener\">environmental racism<\/a>, and (4) protagonism and the role of peripheral youth in the fight against <a href=\"https:\/\/bit.ly\/2p3Xk6X\" target=\"_blank\" rel=\"noopener\">climate change<\/a>.<\/span><\/p>\n<p>In the late morning and early afternoon, the youth took charge, leading discussions in two separate sessions. Attendees flocked to circles aligning with their interests. Sara Hins, a member of the Favela Museum (MUF) in Pav\u00e3o-Pav\u00e3ozinho\/Cantagalo, who played a key role in mediating the &#8220;Protagonism and the Role of Peripheral Youth in Fighting Climate Change&#8221; circle, emphasized the significance of the activity.<\/p>\n<blockquote><p>\u201cI found the process very interesting, being with other youth from different areas, each with its own specificity, discussing topics like environmental racism and\u00a0climate justice. The importance of the Favelas\u2019 COP is to discuss these themes from the perspective of our territories, where we, Black and peripheral bodies, are the most affected by climate change\u2026 the Favelas\u2019 COP engages with the official COP in that it creates a space that we, peripheral civil society, wouldn\u2019t have access to otherwise\u2026 formed by people who truly and personally experience the impacts of climate change, day to day.\u201d \u2014 Sara Hins<\/p><\/blockquote>\n<figure id=\"attachment_77045\" aria-describedby=\"caption-attachment-77045\" style=\"width: 2560px\" class=\"wp-caption aligncenter\"><a href=\"https:\/\/rioonwatch.org\/wp-content\/uploads\/2023\/12\/Sara-Hins-a-young-leader-from-the-SFN-spoke-about-the-process-of-creating-the-Favelas-COP-Photo-Barbara-Dias-scaled-1.jpg\"><img loading=\"lazy\" decoding=\"async\" class=\"wp-image-77045 size-full\" title=\"Sara Hins, a young SFN member, spoke about the process of building the Favelas\u2019 COP, during the Annual Full-Network Meet-Up of 2023. Photo: B\u00e1rbara Dias\" src=\"https:\/\/rioonwatch.org\/wp-content\/uploads\/2023\/12\/Sara-Hins-a-young-leader-from-the-SFN-spoke-about-the-process-of-creating-the-Favelas-COP-Photo-Barbara-Dias-scaled-1.jpg\" alt=\"Sara Hins, a young SFN member, spoke about the process of building the Favelas\u2019 COP, during the Annual Full-Network Meet-Up of 2023. Photo: B\u00e1rbara Dias\" width=\"2560\" height=\"1709\" srcset=\"https:\/\/rioonwatch.org\/wp-content\/uploads\/2023\/12\/Sara-Hins-a-young-leader-from-the-SFN-spoke-about-the-process-of-creating-the-Favelas-COP-Photo-Barbara-Dias-scaled-1.jpg 2560w, https:\/\/rioonwatch.org\/wp-content\/uploads\/2023\/12\/Sara-Hins-a-young-leader-from-the-SFN-spoke-about-the-process-of-creating-the-Favelas-COP-Photo-Barbara-Dias-scaled-1-620x414.jpg 620w, https:\/\/rioonwatch.org\/wp-content\/uploads\/2023\/12\/Sara-Hins-a-young-leader-from-the-SFN-spoke-about-the-process-of-creating-the-Favelas-COP-Photo-Barbara-Dias-scaled-1-942x629.jpg 942w, https:\/\/rioonwatch.org\/wp-content\/uploads\/2023\/12\/Sara-Hins-a-young-leader-from-the-SFN-spoke-about-the-process-of-creating-the-Favelas-COP-Photo-Barbara-Dias-scaled-1-768x513.jpg 768w\" sizes=\"(max-width: 2560px) 100vw, 2560px\" \/><\/a><figcaption id=\"caption-attachment-77045\" class=\"wp-caption-text\">Sara Hins, a young SFN member, spoke about the process of building the Favelas\u2019 COP, during the Annual Full-Network Meet-Up of 2023. Photo: B\u00e1rbara Dias<\/figcaption><\/figure>\n<h3>Consolidating Existing Projects and Identifying New Paths for 2024<\/h3>\n<p>The afternoon at the 2023 Annual Full-Network Meet-Up honed in on shaping the trajectory of actions planned by the Sustainable Favela Network in 2024. Rooted in its five pillars of action\u2014exchanges, infrastructure, research, communication, and advocacy\u2014the discussions aimed to define a strategic focus for the upcoming year.<\/p>\n<figure id=\"attachment_77046\" aria-describedby=\"caption-attachment-77046\" style=\"width: 2560px\" class=\"wp-caption aligncenter\"><a href=\"https:\/\/rioonwatch.org\/wp-content\/uploads\/2023\/12\/Evaluation-results-are-presented-to-attendees-at-the-2023-Annual-Full-Network-Meet-up-Photo-Barbara-Dias-scaled-1.jpg\"><img loading=\"lazy\" decoding=\"async\" class=\"wp-image-77046 size-full\" title=\"Evaluation results are presented to participants during the 2023 Annual Full-Network Meet-Up. Photo: B\u00e1rbara Dias\" src=\"https:\/\/rioonwatch.org\/wp-content\/uploads\/2023\/12\/Evaluation-results-are-presented-to-attendees-at-the-2023-Annual-Full-Network-Meet-up-Photo-Barbara-Dias-scaled-1.jpg\" alt=\"Evaluation results are presented to participants during the 2023 Annual Full-Network Meet-Up. Photo: B\u00e1rbara Dias\" width=\"2560\" height=\"1709\" srcset=\"https:\/\/rioonwatch.org\/wp-content\/uploads\/2023\/12\/Evaluation-results-are-presented-to-attendees-at-the-2023-Annual-Full-Network-Meet-up-Photo-Barbara-Dias-scaled-1.jpg 2560w, https:\/\/rioonwatch.org\/wp-content\/uploads\/2023\/12\/Evaluation-results-are-presented-to-attendees-at-the-2023-Annual-Full-Network-Meet-up-Photo-Barbara-Dias-scaled-1-620x414.jpg 620w, https:\/\/rioonwatch.org\/wp-content\/uploads\/2023\/12\/Evaluation-results-are-presented-to-attendees-at-the-2023-Annual-Full-Network-Meet-up-Photo-Barbara-Dias-scaled-1-942x629.jpg 942w, https:\/\/rioonwatch.org\/wp-content\/uploads\/2023\/12\/Evaluation-results-are-presented-to-attendees-at-the-2023-Annual-Full-Network-Meet-up-Photo-Barbara-Dias-scaled-1-768x513.jpg 768w\" sizes=\"(max-width: 2560px) 100vw, 2560px\" \/><\/a><figcaption id=\"caption-attachment-77046\" class=\"wp-caption-text\">Evaluation results are presented to participants during the 2023 Annual Full-Network Meet-Up. Photo: B\u00e1rbara Dias<\/figcaption><\/figure>\n<p><span style=\"font-weight: 400;\">In order to debate proposals for 2024, results of the annual evaluation were shared, reflecting responses from 86 members of the Sustainable Favela Network\u2014the majority of whom are leaders from favelas spread across all regions of Greater Rio. After presenting the results, Williamson asked everyone to separate into four discussion groups, with each person writing their top priority for 2024 on a post-it and discussing their responses as a group.<\/span><\/p>\n<p>At every Annual Full-Network Meet-up, this is a crucial moment for a face-to-face exchange of ideas that define actions for the following year. Within each group, participants introduced proposals, organizing them on a poster as debates unfolded to uncover complementarities and differences. These exchanges then returned to the larger group, recognizing common threads between groups and voting on the SFN\u2019s global priorities. The three priorities that will steer the SFN\u2019s actions in 2024 are: the ongoing development of activities with and empowerment of youth; exchanges and actions expanding the SFN&#8217;s reach into new favelas; and capacity-building and contracting of consultants to help structure and strengthen member community initiatives.<\/p>\n<figure id=\"attachment_77047\" aria-describedby=\"caption-attachment-77047\" style=\"width: 2560px\" class=\"wp-caption aligncenter\"><a href=\"https:\/\/rioonwatch.org\/wp-content\/uploads\/2023\/12\/Attendees-participate-in-activites-and-reflections-at-Annual-Full-Network-Meet-Up-Photo-Barbara-Dias-scaled-1.jpg\"><img loading=\"lazy\" decoding=\"async\" class=\"wp-image-77047 size-full\" title=\"Attendees participate in activities and reflections at the 2023 Annual Full-Network Meet-Up. Photo: B\u00e1rbara Dias\" src=\"https:\/\/rioonwatch.org\/wp-content\/uploads\/2023\/12\/Attendees-participate-in-activites-and-reflections-at-Annual-Full-Network-Meet-Up-Photo-Barbara-Dias-scaled-1.jpg\" alt=\"Attendees participate in activities and reflections at the 2023 Annual Full-Network Meet-Up. Photo: B\u00e1rbara Dias \" width=\"2560\" height=\"1709\" srcset=\"https:\/\/rioonwatch.org\/wp-content\/uploads\/2023\/12\/Attendees-participate-in-activites-and-reflections-at-Annual-Full-Network-Meet-Up-Photo-Barbara-Dias-scaled-1.jpg 2560w, https:\/\/rioonwatch.org\/wp-content\/uploads\/2023\/12\/Attendees-participate-in-activites-and-reflections-at-Annual-Full-Network-Meet-Up-Photo-Barbara-Dias-scaled-1-620x414.jpg 620w, https:\/\/rioonwatch.org\/wp-content\/uploads\/2023\/12\/Attendees-participate-in-activites-and-reflections-at-Annual-Full-Network-Meet-Up-Photo-Barbara-Dias-scaled-1-942x629.jpg 942w, https:\/\/rioonwatch.org\/wp-content\/uploads\/2023\/12\/Attendees-participate-in-activites-and-reflections-at-Annual-Full-Network-Meet-Up-Photo-Barbara-Dias-scaled-1-768x513.jpg 768w\" sizes=\"(max-width: 2560px) 100vw, 2560px\" \/><\/a><figcaption id=\"caption-attachment-77047\" class=\"wp-caption-text\">Attendees participate in activities and reflections at the 2023 Annual Full-Network Meet-Up. Photo: B\u00e1rbara Dias<\/figcaption><\/figure>\n<figure id=\"attachment_77048\" aria-describedby=\"caption-attachment-77048\" style=\"width: 2560px\" class=\"wp-caption aligncenter\"><a href=\"https:\/\/rioonwatch.org\/wp-content\/uploads\/2023\/12\/2023-Full-Network-Meet-up.jpg\"><img loading=\"lazy\" decoding=\"async\" class=\"wp-image-77048 size-full\" title=\"Participants of the Sustainable Favela Network's 6th Annual Full-Network Meet-Up. Photo by: B\u00e1rbara Dias\" src=\"https:\/\/rioonwatch.org\/wp-content\/uploads\/2023\/12\/2023-Full-Network-Meet-up.jpg\" alt=\"Participants of the Sustainable Favela Network's 6th Annual Full-Network Meet-Up. Photo by: B\u00e1rbara Dias\" width=\"2560\" height=\"1312\" srcset=\"https:\/\/rioonwatch.org\/wp-content\/uploads\/2023\/12\/2023-Full-Network-Meet-up.jpg 2560w, https:\/\/rioonwatch.org\/wp-content\/uploads\/2023\/12\/2023-Full-Network-Meet-up-620x318.jpg 620w, https:\/\/rioonwatch.org\/wp-content\/uploads\/2023\/12\/2023-Full-Network-Meet-up-1227x629.jpg 1227w, https:\/\/rioonwatch.org\/wp-content\/uploads\/2023\/12\/2023-Full-Network-Meet-up-768x394.jpg 768w\" sizes=\"(max-width: 2560px) 100vw, 2560px\" \/><\/a><figcaption id=\"caption-attachment-77048\" class=\"wp-caption-text\">Participants of the Sustainable Favela Network&#8217;s 6th Annual Full-Network Meet-Up. Photo by: B\u00e1rbara Dias<\/figcaption><\/figure>\n<h3>See the photos of the 6th SFN Meet-up <a href=\"https:\/\/bit.ly\/FotosGrandeEncontro2023\" target=\"_blank\" rel=\"noopener\">on Flickr<\/a>:<\/h3>\n<p><a title=\"6\u00ba Grande Encontro da RFS no CCYK, na Vila Kennedy, 02 de dezembro de 2023\" href=\"https:\/\/www.flickr.com\/photos\/catcomm\/albums\/72177720313276052\" data-flickr-embed=\"true\"><img loading=\"lazy\" decoding=\"async\" src=\"https:\/\/live.staticflickr.com\/65535\/53388583794_78769c85e4_b.jpg\" alt=\"6\u00ba Grande Encontro da RFS no CCYK, na Vila Kennedy, 02 de dezembro de 2023\" width=\"1024\" height=\"768\" \/><\/a><script async src=\"\/\/embedr.flickr.com\/assets\/client-code.js\" charset=\"utf-8\"><\/script><\/p>\n<p><em>About the author and photographer: <a href=\"https:\/\/bit.ly\/3Gc3OJU\" target=\"_blank\" rel=\"noopener\">B\u00e1rbara Dias<\/a> was born and raised in Bangu, in Rio\u2019s West Zone. She has a degree in Biological Sciences, a master\u2019s in Environmental Education, and has been a public school teacher since 2006. She is a photojournalist and also works with documentary photography. She is a popular communicator for N\u00facleo Piratininga de Comunica\u00e7\u00e3o (<a href=\"https:\/\/bit.ly\/3i2GcdN\" target=\"_blank\" rel=\"noopener\">NPC<\/a>) and co-founder of <a href=\"https:\/\/bit.ly\/3vfY8bj\" target=\"_blank\" rel=\"noopener\">Coletivo Fotoguerrilha<\/a>.<\/em><\/p>\n<p><em>*The Sustainable Favela Network (SFN) and RioOnWatch are projects of Catalytic Communities (CatComm).<\/em><\/p>\n<hr \/>\n<h4><b>Support\u00a0<\/b><b><i>RioOnWatch<\/i><\/b><b>\u2019s tireless, critical and cutting-edge hyperlocal journalism, online community organizing meetings, and direct support to favelas\u00a0<a href=\"http:\/\/bit.ly\/FavelaCovidResponse\" target=\"_blank\" rel=\"noopener noreferrer\">by clicking here<\/a><\/b><b>.<\/b><\/h4>\n","protected":false},"excerpt":{"rendered":"<div class=\"mh-excerpt\"><p>\ufeff\ufeff Clique aqui para Portugu\u00eas On December 2, 2023, the Sustainable Favela Network&#8217;s (SFN)* 6th Annual Full-Network Meet-Up took place at the Irm\u00e3os Kennedy Community Center (CCIK) with the presence of community leaders, youth, and <a class=\"mh-excerpt-more\" href=\"https:\/\/rioonwatch.org\/?p=77021\" title=\"Sustainable Favela Network 6th Annual Full-Network Meet-Up: Youth at the Center [VIDEO]\">[&#8230;]<\/a><\/p>\n<\/div>","protected":false},"author":245,"featured_media":77059,"comment_status":"closed","ping_status":"closed","sticky":false,"template":"template-full.php","format":"standard","meta":{"_monsterinsights_skip_tracking":false,"_monsterinsights_sitenote_active":false,"_monsterinsights_sitenote_note":"","_monsterinsights_sitenote_category":0,"footnotes":""},"categories":[1290,3477,1333,329,452],"tags":[1163,472,3406,258,910,474,2436,2622,2032,674,1701,1349,1445,3239,2124,612,21,259],"writer":[3542],"translator":[3658],"illustrator":[],"photographer":[3548],"class_list":{"0":"post-77021","1":"post","2":"type-post","3":"status-publish","4":"format-standard","5":"has-post-thumbnail","7":"category-civilsociety","8":"category-climate-justice","9":"category-event-reports","10":"category-solutions","11":"category-rio20","12":"tag-civil-society","13":"tag-climate-change","14":"tag-climate-justice","15":"tag-community-solution","16":"tag-creative-organizing","17":"tag-environment","18":"tag-environmental-justice","19":"tag-event","20":"tag-evictions-museum","21":"tag-memory","22":"tag-mesquita","23":"tag-museu-de-favela","24":"tag-rio-das-pedras","25":"tag-sfn-annual-meet-up","26":"tag-sustainable-favela-network","27":"tag-vila-kennedy","28":"tag-west-zone","29":"tag-youth","30":"writer-barbara-dias","31":"translator-hannah-mckenzie","32":"photographer-barbara-dias"},"_links":{"self":[{"href":"https:\/\/rioonwatch.org\/index.php?rest_route=\/wp\/v2\/posts\/77021","targetHints":{"allow":["GET"]}}],"collection":[{"href":"https:\/\/rioonwatch.org\/index.php?rest_route=\/wp\/v2\/posts"}],"about":[{"href":"https:\/\/rioonwatch.org\/index.php?rest_route=\/wp\/v2\/types\/post"}],"author":[{"embeddable":true,"href":"https:\/\/rioonwatch.org\/index.php?rest_route=\/wp\/v2\/users\/245"}],"replies":[{"embeddable":true,"href":"https:\/\/rioonwatch.org\/index.php?rest_route=%2Fwp%2Fv2%2Fcomments&post=77021"}],"version-history":[{"count":1,"href":"https:\/\/rioonwatch.org\/index.php?rest_route=\/wp\/v2\/posts\/77021\/revisions"}],"predecessor-version":[{"id":81631,"href":"https:\/\/rioonwatch.org\/index.php?rest_route=\/wp\/v2\/posts\/77021\/revisions\/81631"}],"wp:featuredmedia":[{"embeddable":true,"href":"https:\/\/rioonwatch.org\/index.php?rest_route=\/wp\/v2\/media\/77059"}],"wp:attachment":[{"href":"https:\/\/rioonwatch.org\/index.php?rest_route=%2Fwp%2Fv2%2Fmedia&parent=77021"}],"wp:term":[{"taxonomy":"category","embeddable":true,"href":"https:\/\/rioonwatch.org\/index.php?rest_route=%2Fwp%2Fv2%2Fcategories&post=77021"},{"taxonomy":"post_tag","embeddable":true,"href":"https:\/\/rioonwatch.org\/index.php?rest_route=%2Fwp%2Fv2%2Ftags&post=77021"},{"taxonomy":"writer","embeddable":true,"href":"https:\/\/rioonwatch.org\/index.php?rest_route=%2Fwp%2Fv2%2Fwriter&post=77021"},{"taxonomy":"translator","embeddable":true,"href":"https:\/\/rioonwatch.org\/index.php?rest_route=%2Fwp%2Fv2%2Ftranslator&post=77021"},{"taxonomy":"illustrator","embeddable":true,"href":"https:\/\/rioonwatch.org\/index.php?rest_route=%2Fwp%2Fv2%2Fillustrator&post=77021"},{"taxonomy":"photographer","embeddable":true,"href":"https:\/\/rioonwatch.org\/index.php?rest_route=%2Fwp%2Fv2%2Fphotographer&post=77021"}],"curies":[{"name":"wp","href":"https:\/\/api.w.org\/{rel}","templated":true}]}}