{"id":77158,"date":"2024-01-20T09:19:07","date_gmt":"2024-01-20T12:19:07","guid":{"rendered":"https:\/\/rioonwatch.org\/?p=77158"},"modified":"2024-01-23T10:51:53","modified_gmt":"2024-01-23T13:51:53","slug":"contrasts-scream-in-greater-rios-baixada-fluminense-the-crossing-paths-of-the-dona-eugenia-river-and-coreia-favela-in-mesquita","status":"publish","type":"post","link":"https:\/\/rioonwatch.org\/?p=77158","title":{"rendered":"Contrasts Scream in Greater Rio&#8217;s Baixada Fluminense: The Crossing Paths of the Dona Eug\u00eania River and Coreia Favela in Mesquita"},"content":{"rendered":"<figure id=\"attachment_77159\" aria-describedby=\"caption-attachment-77159\" style=\"width: 2560px\" class=\"wp-caption aligncenter\"><a href=\"https:\/\/rioonwatch.org\/wp-content\/uploads\/2024\/01\/Dam-in-the-Nova-Iguacu-Municipal-Park-in-the-Baixada-Fluminense-Photo-Flavio-Bravim-scaled-1.jpg\"><img fetchpriority=\"high\" decoding=\"async\" class=\"wp-image-77159 size-full\" title=\"Nova Igua\u00e7u Municipal Natural Park's Epaminondas Ramos Dam, in the Baixada Fluminense. The Park has two entry points, via Caonza, in Nova Igua\u00e7u or via Coreia, in Mesquita. Photo: Fl\u00e1vio Bravim\" src=\"https:\/\/rioonwatch.org\/wp-content\/uploads\/2024\/01\/Dam-in-the-Nova-Iguacu-Municipal-Park-in-the-Baixada-Fluminense-Photo-Flavio-Bravim-scaled-1.jpg\" alt=\"Nova Igua\u00e7u Municipal Natural Park's Epaminondas Ramos Dam, in the Baixada Fluminense. The Park has two entry points, via Caonza, in Nova Igua\u00e7u or via Coreia, in Mesquita. Photo: Fl\u00e1vio Bravim\" width=\"2560\" height=\"1553\" srcset=\"https:\/\/rioonwatch.org\/wp-content\/uploads\/2024\/01\/Dam-in-the-Nova-Iguacu-Municipal-Park-in-the-Baixada-Fluminense-Photo-Flavio-Bravim-scaled-1.jpg 2560w, https:\/\/rioonwatch.org\/wp-content\/uploads\/2024\/01\/Dam-in-the-Nova-Iguacu-Municipal-Park-in-the-Baixada-Fluminense-Photo-Flavio-Bravim-scaled-1-620x376.jpg 620w, https:\/\/rioonwatch.org\/wp-content\/uploads\/2024\/01\/Dam-in-the-Nova-Iguacu-Municipal-Park-in-the-Baixada-Fluminense-Photo-Flavio-Bravim-scaled-1-1037x629.jpg 1037w, https:\/\/rioonwatch.org\/wp-content\/uploads\/2024\/01\/Dam-in-the-Nova-Iguacu-Municipal-Park-in-the-Baixada-Fluminense-Photo-Flavio-Bravim-scaled-1-768x466.jpg 768w\" sizes=\"(max-width: 2560px) 100vw, 2560px\" \/><\/a><figcaption id=\"caption-attachment-77159\" class=\"wp-caption-text\">Nova Igua\u00e7u Municipal Natural Park&#8217;s Epaminondas Ramos Dam, in the Baixada Fluminense. The park has two entry points, via Caonza, in Nova Igua\u00e7u or via Coreia, in Mesquita. Photo: Fl\u00e1vio Bravim<\/figcaption><\/figure>\n<h4 style=\"text-align: right;\"><a href=\"https:\/\/bit.ly\/3RQjUO2\" target=\"_blank\" rel=\"noopener\"><strong><em>Clique aqui para Portugu\u00eas<\/em><\/strong><img decoding=\"async\" class=\"alignright wp-image-23766 size-full\" src=\"https:\/\/www.rioonwatch.org\/wp-content\/uploads\/2012\/08\/PT-e1439583827971.png\" width=\"20\" height=\"20\" \/><\/a><\/h4>\n<h4>This is the third in a <a href=\"https:\/\/bit.ly\/WaterJusticeInFavelas\" target=\"_blank\" rel=\"noopener\">series of articles on water justice in the favelas<\/a> resulting from the course \u201cClimate Justice in Community Journalism: From Pitching to Writing.\u201d The course, conducted by the <em>RioOnWatch<\/em>\u00a0team in collaboration with the Sustainable Favela Network (<a href=\"https:\/\/bit.ly\/SFNAbout\" target=\"_blank\" rel=\"noopener\">SFN<\/a>) Youth Working Group took place between July and September 2023.<\/h4>\n<p>The <a href=\"https:\/\/bit.ly\/3Y90dng\" target=\"_blank\" rel=\"noopener\">Coreia<\/a> favela, located in the municipality of <a href=\"https:\/\/bit.ly\/2OzDdLx\" target=\"_blank\" rel=\"noopener\">Mesquita<\/a>, in Greater Rio de Janeiro&#8217;s\u00a0<a href=\"https:\/\/bit.ly\/2XQQdyV\" target=\"_blank\" rel=\"noopener\">Baixada Fluminenese<\/a> region, is one of the biggest in the area. It borders various neighborhoods in Mesquita as well as the adjacent municipality of Nova Igua\u00e7u. While characterized by significant population and urban density, it boasts immense natural wealth, including lush forests and rivers.<\/p>\n<p>An inseparable part of the history and landscape of Coreia, the <a href=\"https:\/\/bit.ly\/47OSCOa\" target=\"_blank\" rel=\"noopener\">Dona Eug\u00eania River<\/a> cuts through the territory and shapes the lives of its residents. Historically, it has been used by the local population for play, household chores such as washing clothes, cooking, washing dishes, and even for drinking. However, over the years, the State&#8217;s negligence in implementing housing, sewerage, and solid waste collection policies has resulted in the degradation of entire stretches of this river, impacting the lives of Coreia residents.<\/p>\n<h3>Dona Eug\u00eania River: A Biological Heritage of the Baixada<\/h3>\n<p>Despite its near demise in its most well-known stretches, including much of Coreia, the Dona Eug\u00eania River thrives and remains pristine, with translucent waters at its source in the upper reaches, within <a href=\"https:\/\/bit.ly\/42bDCsb\" target=\"_blank\" rel=\"noopener\">protected areas<\/a>. Originating in the <a href=\"https:\/\/bit.ly\/47pPfO3\" target=\"_blank\" rel=\"noopener\">Mendanha Mountain Range<\/a>, it cuts across a significant portion of the <a href=\"https:\/\/bit.ly\/3NpiN6h\" target=\"_blank\" rel=\"noopener\">Gericin\u00f3 Massif<\/a> to the <a href=\"https:\/\/bit.ly\/40QWSdK\" target=\"_blank\" rel=\"noopener\">Nova Igua\u00e7u <\/a><a href=\"https:\/\/bit.ly\/40QWSdK\" target=\"_blank\" rel=\"noopener\">Municipal Natural Park<\/a>. From there, it passes through the <a href=\"https:\/\/bit.ly\/3R1lFHQ\" target=\"_blank\" rel=\"noopener\">Epaminondas Ramos Dam<\/a> in the upper part of Coreia; in Mesquita, it winds through the community and continues its course until it meets the <a href=\"https:\/\/bit.ly\/40RWhsk\" target=\"_blank\" rel=\"noopener\">Sarapu\u00ed River<\/a>, which, in turn, meanders for dozens of kilometers before flowing into <a href=\"https:\/\/bit.ly\/2SJm8zM\" target=\"_blank\" rel=\"noopener\">Guanabara Bay<\/a>.<\/p>\n<figure id=\"attachment_77162\" aria-describedby=\"caption-attachment-77162\" style=\"width: 1696px\" class=\"wp-caption aligncenter\"><a href=\"https:\/\/rioonwatch.org\/wp-content\/uploads\/2024\/01\/Poco-das-cobras-one-of-the-wells-of-the-Municipal-Natural-Park-of-Nova-Iguacu-in-the-Baixada-Fluminense-Photo-Flavio-Bravim-scaled-1.jpg\"><img decoding=\"async\" class=\"wp-image-77162 size-full\" title=\"Po\u00e7o das Cobras, one of the natural pools in the Nova Igua\u00e7u Municipal Natural Park, in the Baixada Fluminense. Photo: Fl\u00e1vio Bravim.\" src=\"https:\/\/rioonwatch.org\/wp-content\/uploads\/2024\/01\/Poco-das-cobras-one-of-the-wells-of-the-Municipal-Natural-Park-of-Nova-Iguacu-in-the-Baixada-Fluminense-Photo-Flavio-Bravim-scaled-1.jpg\" alt=\"Po\u00e7o das Cobras, one of the natural pools in the Nova Igua\u00e7u Municipal Natural Park, in the Baixada Fluminense. Photo: Fl\u00e1vio Bravim.\" width=\"1696\" height=\"2560\" srcset=\"https:\/\/rioonwatch.org\/wp-content\/uploads\/2024\/01\/Poco-das-cobras-one-of-the-wells-of-the-Municipal-Natural-Park-of-Nova-Iguacu-in-the-Baixada-Fluminense-Photo-Flavio-Bravim-scaled-1.jpg 1696w, https:\/\/rioonwatch.org\/wp-content\/uploads\/2024\/01\/Poco-das-cobras-one-of-the-wells-of-the-Municipal-Natural-Park-of-Nova-Iguacu-in-the-Baixada-Fluminense-Photo-Flavio-Bravim-scaled-1-411x620.jpg 411w, https:\/\/rioonwatch.org\/wp-content\/uploads\/2024\/01\/Poco-das-cobras-one-of-the-wells-of-the-Municipal-Natural-Park-of-Nova-Iguacu-in-the-Baixada-Fluminense-Photo-Flavio-Bravim-scaled-1-417x629.jpg 417w, https:\/\/rioonwatch.org\/wp-content\/uploads\/2024\/01\/Poco-das-cobras-one-of-the-wells-of-the-Municipal-Natural-Park-of-Nova-Iguacu-in-the-Baixada-Fluminense-Photo-Flavio-Bravim-scaled-1-768x1159.jpg 768w\" sizes=\"(max-width: 1696px) 100vw, 1696px\" \/><\/a><figcaption id=\"caption-attachment-77162\" class=\"wp-caption-text\">Po\u00e7o das Cobras, one of the natural pools in the Nova Igua\u00e7u Municipal Natural Park, in the Baixada Fluminense. Photo: Fl\u00e1vio Bravim<\/figcaption><\/figure>\n<p>In the Serra do Mendanha, Nova Igua\u00e7u Municipal Natural Park, and the upper part of Coreia, there is a high degree of preservation of <a href=\"https:\/\/bit.ly\/32yISHr\" target=\"_blank\" rel=\"noopener\">Atlantic Forest<\/a>. Within this area, <a href=\"https:\/\/bit.ly\/4ampxM8\" target=\"_blank\" rel=\"noopener\">you can find<\/a> 198 species of plants, 31 species of invertebrates, two species of amphibians, nine species of reptiles, 12 species of mammals, 154 species of birds, and, considering the Dona Eug\u00eania River alone, 17 species of fish.<\/p>\n<figure id=\"attachment_77164\" aria-describedby=\"caption-attachment-77164\" style=\"width: 1600px\" class=\"wp-caption aligncenter\"><a href=\"https:\/\/rioonwatch.org\/wp-content\/uploads\/2024\/01\/Janela-do-Ceu-at-the-Nova-Iguacu-Municipal-Natural-Park-Photo-Flavio-Bravim.jpeg\"><img loading=\"lazy\" decoding=\"async\" class=\"wp-image-77164 size-full\" title=\"Janela do C\u00e9u, at the Municipal Natural Park of Nova Igua\u00e7u. Photo: Fl\u00e1vio Bravim\" src=\"https:\/\/rioonwatch.org\/wp-content\/uploads\/2024\/01\/Janela-do-Ceu-at-the-Nova-Iguacu-Municipal-Natural-Park-Photo-Flavio-Bravim.jpeg\" alt=\"Janela do C\u00e9u, at the Municipal Natural Park of Nova Igua\u00e7u. Photo: Fl\u00e1vio Bravim\" width=\"1600\" height=\"638\" srcset=\"https:\/\/rioonwatch.org\/wp-content\/uploads\/2024\/01\/Janela-do-Ceu-at-the-Nova-Iguacu-Municipal-Natural-Park-Photo-Flavio-Bravim.jpeg 1600w, https:\/\/rioonwatch.org\/wp-content\/uploads\/2024\/01\/Janela-do-Ceu-at-the-Nova-Iguacu-Municipal-Natural-Park-Photo-Flavio-Bravim-620x247.jpeg 620w, https:\/\/rioonwatch.org\/wp-content\/uploads\/2024\/01\/Janela-do-Ceu-at-the-Nova-Iguacu-Municipal-Natural-Park-Photo-Flavio-Bravim-1536x612.jpeg 1536w, https:\/\/rioonwatch.org\/wp-content\/uploads\/2024\/01\/Janela-do-Ceu-at-the-Nova-Iguacu-Municipal-Natural-Park-Photo-Flavio-Bravim-768x306.jpeg 768w\" sizes=\"(max-width: 1600px) 100vw, 1600px\" \/><\/a><figcaption id=\"caption-attachment-77164\" class=\"wp-caption-text\">Janela do C\u00e9u, at the Nova Igua\u00e7u Municipal Natural Park. Photo: Fl\u00e1vio Bravim<\/figcaption><\/figure>\n<p>Therefore, the Dona Eug\u00eania River is far from having <a href=\"https:\/\/bit.ly\/47WkNLB\" target=\"_blank\" rel=\"noopener\">a single story<\/a>: along its course, the river passes through both preserved areas and highly urbanized locations. In preservation areas, the river maintains its native river vegetation, remaining clear and potable. However, in urban areas, deforestation and sewage disposal are frequent issues. This led to a gradual change in the perspective of residents in Coreia and Mesquita regarding the river. Today, the once clean and preserved river in the photos has some of its stretches and tributaries <a href=\"http:\/\/bit.ly\/2hVfmIX\" target=\"_blank\" rel=\"noopener\">referred to as a &#8220;val\u00e3o&#8221;<\/a>\u2014a ditch, a sewage canal. Unfortunately, this is a normalization device for the killing of <a href=\"https:\/\/bit.ly\/4b3r2iO\" target=\"_blank\" rel=\"noopener\">favela rivers<\/a>.<\/p>\n<h3>The Dona Eug\u00eania River Agonizes<\/h3>\n<figure id=\"attachment_77165\" aria-describedby=\"caption-attachment-77165\" style=\"width: 500px\" class=\"wp-caption alignright\"><a href=\"https:\/\/rioonwatch.org\/wp-content\/uploads\/2024\/01\/Rocks-of-the-Dona-Eugenia-River-where-residents-used-to-wash-clothes-decades-ago-Photo-Luiz-Miguel-Ribeiro.png\"><img loading=\"lazy\" decoding=\"async\" class=\"wp-image-77165\" title=\"Rocks of the Dona Eug\u00eania River, where residents used to wash clothes decades ago. Photo: Luiz Miguel Ribeiro.\" src=\"https:\/\/rioonwatch.org\/wp-content\/uploads\/2024\/01\/Rocks-of-the-Dona-Eugenia-River-where-residents-used-to-wash-clothes-decades-ago-Photo-Luiz-Miguel-Ribeiro.png\" alt=\"Rocks of the Dona Eug\u00eania River, where residents used to wash clothes decades ago. Photo: Luiz Miguel Ribeiro.\" width=\"500\" height=\"630\" srcset=\"https:\/\/rioonwatch.org\/wp-content\/uploads\/2024\/01\/Rocks-of-the-Dona-Eugenia-River-where-residents-used-to-wash-clothes-decades-ago-Photo-Luiz-Miguel-Ribeiro.png 542w, https:\/\/rioonwatch.org\/wp-content\/uploads\/2024\/01\/Rocks-of-the-Dona-Eugenia-River-where-residents-used-to-wash-clothes-decades-ago-Photo-Luiz-Miguel-Ribeiro-492x620.png 492w, https:\/\/rioonwatch.org\/wp-content\/uploads\/2024\/01\/Rocks-of-the-Dona-Eugenia-River-where-residents-used-to-wash-clothes-decades-ago-Photo-Luiz-Miguel-Ribeiro-499x629.png 499w\" sizes=\"(max-width: 500px) 100vw, 500px\" \/><\/a><figcaption id=\"caption-attachment-77165\" class=\"wp-caption-text\">Rocks of the Dona Eug\u00eania River, where residents used to wash clothes decades ago. Photo: Luiz Miguel Ribeiro.<\/figcaption><\/figure>\n<p>The river suffers due to the lack of adequate solid waste collection, a decent sewage system, and environmental education. According to reports from a Coreia resident who did not wish to be identified, in past decades there was a plan for the proper disposal of sewage, which was presented to the community. The initiative would have inaugurated a system running parallel to the river, leading to the treatment plant. If realized, this project would mark the first time since the founding of Mesquita that the Dona Eug\u00eania River could be seen and used by the population again as a public natural resource.<\/p>\n<blockquote><p>\u201cOur river used to be great up until the 1980s, as kids, we used to bathe in it. Back then, the pollution wasn&#8217;t so bad and the Dona Eug\u00eania River was clean\u2026 those were good times!\u201d <i><span style=\"font-weight: 400;\">\u2014 <\/span><\/i>Monica F\u00e9lix da Silva<\/p><\/blockquote>\n<p>However, the entire project was abandoned. Simply put, everything continued to be thrown into the river.<\/p>\n<blockquote><p>\u201cYou could jump from the edge of the river [into the water], and I really liked it! But nowadays, we can\u2019t because of the trash that was thrown into the river.\u201d <i><span style=\"font-weight: 400;\">\u2014<\/span><\/i> Samuel Luiz Madureira<\/p><\/blockquote>\n<p>River pollution has rapidly escalated in past years with the accumulation of dumped sewage and solid waste. The process of maintaining, cleaning, and preserving the river needs to come from the authorities. In addition to handling cleaning and maintenance, they should provide support for residents to actively participate in keeping the river clean. Socio-environmental education actions are essential in Coreia and along the entire Dona Eug\u00eania River.<\/p>\n<blockquote><p>&#8220;When I used to bathe in it, the water was clearer&#8230; I saw it, I remember my sisters washing clothes in the river, beating them on the rocks&#8230;&#8221; <i><span style=\"font-weight: 400;\">\u2014 <\/span><\/i>Adriana Veiga Louren\u00e7o<\/p><\/blockquote>\n<figure id=\"attachment_77167\" aria-describedby=\"caption-attachment-77167\" style=\"width: 453px\" class=\"wp-caption alignright\"><a href=\"https:\/\/rioonwatch.org\/wp-content\/uploads\/2024\/01\/Fishermen-from-Coreia-in-Mesquita-Baixada-Fluminense-2023.-Photo-Luiz-Miguel.png\"><img loading=\"lazy\" decoding=\"async\" class=\"wp-image-77167 size-full\" title=\"Fishermen from Coreia, in Mesquita, Baixada Fluminense, 2023. Photo: Luiz Miguel Ribeiro\" src=\"https:\/\/rioonwatch.org\/wp-content\/uploads\/2024\/01\/Fishermen-from-Coreia-in-Mesquita-Baixada-Fluminense-2023.-Photo-Luiz-Miguel.png\" alt=\"Fishermen from Coreia, in Mesquita, Baixada Fluminense, 2023. Photo: Luiz Miguel Ribeiro\" width=\"453\" height=\"690\" srcset=\"https:\/\/rioonwatch.org\/wp-content\/uploads\/2024\/01\/Fishermen-from-Coreia-in-Mesquita-Baixada-Fluminense-2023.-Photo-Luiz-Miguel.png 453w, https:\/\/rioonwatch.org\/wp-content\/uploads\/2024\/01\/Fishermen-from-Coreia-in-Mesquita-Baixada-Fluminense-2023.-Photo-Luiz-Miguel-407x620.png 407w, https:\/\/rioonwatch.org\/wp-content\/uploads\/2024\/01\/Fishermen-from-Coreia-in-Mesquita-Baixada-Fluminense-2023.-Photo-Luiz-Miguel-413x629.png 413w\" sizes=\"(max-width: 453px) 100vw, 453px\" \/><\/a><figcaption id=\"caption-attachment-77167\" class=\"wp-caption-text\">Fishermen from Coreia, in Mesquita, Baixada Fluminense, 2023. Photo: Luiz Miguel Ribeiro<\/figcaption><\/figure>\n<p>We need to consider the numerous benefits to the community and its residents of having a clean, preserved, and vibrant river running through their favela. A healthy and vegetated Dona Eug\u00eania River would reduce the <a href=\"https:\/\/bit.ly\/2RNTfSu\" target=\"_blank\" rel=\"noopener\">risk of flooding<\/a>, water contamination, and health issues, for example. Moreover, it would serve as a source of leisure, water security, food, income, and even transportation. Some local organizers and residents are already taking steps in this direction.<\/p>\n<h3>Water and Energy Justice Research in Mesquita<\/h3>\n<p>In the beginning of 2023, the Sustainable Favela Network (<a href=\"https:\/\/bit.ly\/3nsyde6\" target=\"_blank\" rel=\"noopener\">SFN<\/a>)*, Favelas Unified Dashboard (<a href=\"https:\/\/bit.ly\/3eG0Qhr\" target=\"_blank\" rel=\"noopener\">PUF<\/a>)*, Grassroots Social Education in Solidarity Economy Nucleus (<a href=\"https:\/\/bit.ly\/3nkh18o\" target=\"_blank\" rel=\"noopener\">NESPES<\/a>), Edson Passos Women\u2019s Association (<a href=\"https:\/\/bit.ly\/3QN1U4r\" target=\"_blank\" rel=\"noopener\">AMEPA<\/a>), and the <a href=\"https:\/\/bit.ly\/2ZwXbN1\" target=\"_blank\" rel=\"noopener\">Fusion Social Center Association<\/a> launched the Mesquita-based version of the report \u201cWater and Energy Justice in the Favelas: Community Researchers Gather Data Revealing Inequalities and Calling for Action&#8221; contemplating the Mesquita favelas of Coreia, <a href=\"https:\/\/bit.ly\/44CM9VF\" target=\"_blank\" rel=\"noopener\">Cosmorama<\/a>, and <a href=\"https:\/\/bit.ly\/44DOwYg\" target=\"_blank\" rel=\"noopener\">Jacutinga<\/a>\u201d during an <a href=\"https:\/\/bit.ly\/44MqL02\" target=\"_blank\" rel=\"noopener\">event at Mesquita City Hall<\/a>.<\/p>\n<p>The research was conducted by 30 youth and 15 leaders in their 15 communities, including the three favelas in Mesquita. Among those interviewed by youth and local leaders, around 36.36% of residents drink unfiltered water, 33.8% report a strange taste in the water, and 37.7% say the water has a color to it.<\/p>\n<p>On flooding, a constant issue in urbanized stretches of the Dona Eug\u00eania River in Mesquita, 41.6% responded to being directly affected at their homes or on their street. Furthermore, the research concluded that, for 78.1% of residents, this problem has only worsened in the past two years.<\/p>\n<p>Given this scenario, valuing and knowing the history of our rivers and the green areas in our region means recognizing that a healthy river is linked to good quality of life for residents. This means fewer floods, deaths, destruction, health problems, and harm to the population. We must actively contribute to the preservation and proliferation of the life that still thrives in favela rivers, such as the Dona Eug\u00eania. To this end, public policies that make <a href=\"https:\/\/bit.ly\/3fYkBps\" target=\"_blank\" rel=\"noopener\">favelas climate resilient<\/a> are an urgent priority in Mesquita, the Baixada Fluminense and throughout <a href=\"https:\/\/bit.ly\/2IqnU52\" target=\"_blank\" rel=\"noopener\">Greater Rio<\/a>.<\/p>\n<p><em>About the authors:\u00a0<\/em><\/p>\n<p><em>Luiz Miguel Ribeiro, 25, is a resident of the Coreia favela in Mesquita, Baixada Fluminense, and part of the Sustainable Favela Network&#8217;s Youth Working Group.<\/em><\/p>\n<p><em>Matheus Botelho, 25, is a resident of the Coreia favela in Mesquita, Baixada Fluminense, and part of the Sustainable Favela Network&#8217;s Youth Working Group.<\/em><\/p>\n<p><i>*The Sustainable Favela Network (SFN), Favelas Unified Dashboard, and RioOnWatch are initiatives of the NGO Catalytic Communities (CatComm).<\/i><\/p>\n<hr \/>\n<h4><b>Support\u00a0<\/b><b><i>RioOnWatch<\/i><\/b><b>\u2019s tireless, critical and cutting-edge hyperlocal journalism, online community organizing meetings, and direct support to favelas\u00a0<\/b><a href=\"http:\/\/bit.ly\/DonateToRioOnWatch\" target=\"_blank\" rel=\"noopener\">by clicking here.<\/a><\/h4>\n","protected":false},"excerpt":{"rendered":"<div class=\"mh-excerpt\"><p>Clique aqui para Portugu\u00eas This is the third in a series of articles on water justice in the favelas resulting from the course \u201cClimate Justice in Community Journalism: From Pitching to Writing.\u201d The course, conducted <a class=\"mh-excerpt-more\" href=\"https:\/\/rioonwatch.org\/?p=77158\" title=\"Contrasts Scream in Greater Rio&#8217;s Baixada Fluminense: The Crossing Paths of the Dona Eug\u00eania River and Coreia Favela in Mesquita\">[&#8230;]<\/a><\/p>\n<\/div>","protected":false},"author":245,"featured_media":77159,"comment_status":"closed","ping_status":"closed","sticky":false,"template":"template-full.php","format":"standard","meta":{"_monsterinsights_skip_tracking":false,"_monsterinsights_sitenote_active":false,"_monsterinsights_sitenote_note":"","_monsterinsights_sitenote_category":0,"footnotes":""},"categories":[1288,1328,3477,452],"tags":[460,3406,3335,474,674,3624,803,182,288,1701,122,2418,3671,535,3665,373,370],"writer":[3667,3666],"translator":[3655],"illustrator":[],"photographer":[],"class_list":{"0":"post-77158","1":"post","2":"type-post","3":"status-publish","4":"format-standard","5":"has-post-thumbnail","7":"category-highlight","8":"category-by-community-contributors","9":"category-climate-justice","10":"category-rio20","11":"tag-baixada-fluminense","12":"tag-climate-justice","13":"tag-coreia-mesquita","14":"tag-environment","15":"tag-memory","16":"tag-favela-rivers","17":"tag-flood-risk","18":"tag-government-neglect","19":"tag-mata-atlantica","20":"tag-mesquita","21":"tag-nova-iguacu","22":"tag-right-to-water","23":"tag-rio-dona-eugenia","24":"tag-sanitation","25":"tag-series-water-justice","26":"tag-sewerage","27":"tag-water","28":"writer-luiz-miguel-ribeiro","29":"writer-matheus-botelho","30":"translator-vasti-cruz"},"_links":{"self":[{"href":"https:\/\/rioonwatch.org\/index.php?rest_route=\/wp\/v2\/posts\/77158","targetHints":{"allow":["GET"]}}],"collection":[{"href":"https:\/\/rioonwatch.org\/index.php?rest_route=\/wp\/v2\/posts"}],"about":[{"href":"https:\/\/rioonwatch.org\/index.php?rest_route=\/wp\/v2\/types\/post"}],"author":[{"embeddable":true,"href":"https:\/\/rioonwatch.org\/index.php?rest_route=\/wp\/v2\/users\/245"}],"replies":[{"embeddable":true,"href":"https:\/\/rioonwatch.org\/index.php?rest_route=%2Fwp%2Fv2%2Fcomments&post=77158"}],"version-history":[{"count":0,"href":"https:\/\/rioonwatch.org\/index.php?rest_route=\/wp\/v2\/posts\/77158\/revisions"}],"wp:featuredmedia":[{"embeddable":true,"href":"https:\/\/rioonwatch.org\/index.php?rest_route=\/wp\/v2\/media\/77159"}],"wp:attachment":[{"href":"https:\/\/rioonwatch.org\/index.php?rest_route=%2Fwp%2Fv2%2Fmedia&parent=77158"}],"wp:term":[{"taxonomy":"category","embeddable":true,"href":"https:\/\/rioonwatch.org\/index.php?rest_route=%2Fwp%2Fv2%2Fcategories&post=77158"},{"taxonomy":"post_tag","embeddable":true,"href":"https:\/\/rioonwatch.org\/index.php?rest_route=%2Fwp%2Fv2%2Ftags&post=77158"},{"taxonomy":"writer","embeddable":true,"href":"https:\/\/rioonwatch.org\/index.php?rest_route=%2Fwp%2Fv2%2Fwriter&post=77158"},{"taxonomy":"translator","embeddable":true,"href":"https:\/\/rioonwatch.org\/index.php?rest_route=%2Fwp%2Fv2%2Ftranslator&post=77158"},{"taxonomy":"illustrator","embeddable":true,"href":"https:\/\/rioonwatch.org\/index.php?rest_route=%2Fwp%2Fv2%2Fillustrator&post=77158"},{"taxonomy":"photographer","embeddable":true,"href":"https:\/\/rioonwatch.org\/index.php?rest_route=%2Fwp%2Fv2%2Fphotographer&post=77158"}],"curies":[{"name":"wp","href":"https:\/\/api.w.org\/{rel}","templated":true}]}}