{"id":77270,"date":"2024-01-31T10:09:17","date_gmt":"2024-01-31T13:09:17","guid":{"rendered":"https:\/\/rioonwatch.org\/?p=77270"},"modified":"2024-02-01T10:41:05","modified_gmt":"2024-02-01T13:41:05","slug":"best-and-worst-international-reporting-on-rio-de-janeiros-favelas-10th-edition-2023","status":"publish","type":"post","link":"https:\/\/rioonwatch.org\/?p=77270","title":{"rendered":"2023 Retrospective of Best International Reporting on Rio\u2019s Favelas (10th Edition)"},"content":{"rendered":"<figure id=\"attachment_77272\" aria-describedby=\"caption-attachment-77272\" style=\"width: 1086px\" class=\"wp-caption aligncenter\"><a href=\"https:\/\/rioonwatch.org\/wp-content\/uploads\/2024\/01\/Aerial-view-of-Sol-Nascente-currently-the-largest-favela-in-Brazil-Photo-Jorge-William-Agencia-O-Globo.jpg\"><img fetchpriority=\"high\" decoding=\"async\" class=\"wp-image-77272 size-full\" title=\"Aerial view of Sol Nascente, currently the largest favela in Brazil. Photo: Jorge William\/Ag\u00eancia O Globo.\" src=\"https:\/\/rioonwatch.org\/wp-content\/uploads\/2024\/01\/Aerial-view-of-Sol-Nascente-currently-the-largest-favela-in-Brazil-Photo-Jorge-William-Agencia-O-Globo.jpg\" alt=\"Aerial view of Sol Nascente, currently the largest favela in Brazil. Photo: Jorge William\/Ag\u00eancia O Globo.\" width=\"1086\" height=\"652\" srcset=\"https:\/\/rioonwatch.org\/wp-content\/uploads\/2024\/01\/Aerial-view-of-Sol-Nascente-currently-the-largest-favela-in-Brazil-Photo-Jorge-William-Agencia-O-Globo.jpg 1086w, https:\/\/rioonwatch.org\/wp-content\/uploads\/2024\/01\/Aerial-view-of-Sol-Nascente-currently-the-largest-favela-in-Brazil-Photo-Jorge-William-Agencia-O-Globo-620x372.jpg 620w, https:\/\/rioonwatch.org\/wp-content\/uploads\/2024\/01\/Aerial-view-of-Sol-Nascente-currently-the-largest-favela-in-Brazil-Photo-Jorge-William-Agencia-O-Globo-1048x629.jpg 1048w, https:\/\/rioonwatch.org\/wp-content\/uploads\/2024\/01\/Aerial-view-of-Sol-Nascente-currently-the-largest-favela-in-Brazil-Photo-Jorge-William-Agencia-O-Globo-768x461.jpg 768w\" sizes=\"(max-width: 1086px) 100vw, 1086px\" \/><\/a><figcaption id=\"caption-attachment-77272\" class=\"wp-caption-text\">Aerial view of Sol Nascente, currently the largest favela in Brazil. Photo: Jorge William\/Ag\u00eancia <em>O Globo<\/em><\/figcaption><\/figure>\n<p style=\"text-align: right;\"><a href=\"https:\/\/bit.ly\/FavelasNaMidia2023\" target=\"_blank\" rel=\"noopener noreferrer\"><strong><em>Clique aqui para Portugu\u00eas<img decoding=\"async\" class=\"alignright size-full wp-image-23766\" src=\"https:\/\/www.rioonwatch.org\/wp-content\/uploads\/2012\/08\/PT-e1439583827971.png\" width=\"20\" height=\"20\" \/><\/em><\/strong><\/a><\/p>\n<h4>This is the 10th edition of our media watchdog series <a href=\"http:\/\/bit.ly\/BestWorstReportingFavelas\" target=\"_blank\" rel=\"noopener noreferrer\">Best and Worst International Reporting on Rio\u2019s Favelas<\/a>, part of\u00a0<em>RioOnWatch<\/em>\u2019s ongoing conversation on the <a href=\"http:\/\/bit.ly\/1MoIGcv\" target=\"_blank\" rel=\"noopener noreferrer\">media narrative<\/a>\u00a0and\u00a0<a href=\"http:\/\/bit.ly\/1tKsXCf\" target=\"_blank\" rel=\"noopener noreferrer\">portrayal<\/a>\u00a0of favelas.<\/h4>\n<h3>A Significant Improvement in International Media Coverage in 2023<\/h3>\n<p>With some distance from the specter of Covid-19, the <a href=\"https:\/\/wapo.st\/48nXava\" target=\"_blank\" rel=\"noopener\">period of political transition and tension<\/a> took center stage in early-year international media coverage of Brazil, <a href=\"https:\/\/bit.ly\/3RqVSc1\">particularly<\/a> due to the January 8 <a href=\"https:\/\/bit.ly\/484tAeu\" target=\"_blank\" rel=\"noopener\">attacks<\/a> on Bras\u00edlia. The <a href=\"https:\/\/bit.ly\/3TpoZPN\" target=\"_blank\" rel=\"noopener\">political divide<\/a> in the country remained under scrutiny, but <a href=\"https:\/\/bit.ly\/3GKCORg\" target=\"_blank\" rel=\"noopener\">propositive analyses<\/a> were also conducted, with a significant <a href=\"https:\/\/bit.ly\/3twwf1F\" target=\"_blank\" rel=\"noopener\">emphasis on environmental sustainability<\/a> in <a href=\"https:\/\/go.nature.com\/3Rv13YF\" target=\"_blank\" rel=\"noopener\">diplomatic discussions<\/a>.<\/p>\n<figure id=\"attachment_77274\" aria-describedby=\"caption-attachment-77274\" style=\"width: 300px\" class=\"wp-caption alignright\"><a href=\"https:\/\/rioonwatch.org\/wp-content\/uploads\/2024\/01\/Guajajara-and-Franco-at-their-innauguration-Photo-Valter-Campanato-5_Agencia-Brasil-scaled-1.jpg\"><img decoding=\"async\" class=\"wp-image-77274\" title=\"Inauguration of the ministers for Indigenous Peoples, Sonia Guajajara, and for Racial Equality, Anielle Franco. Photo: Valter Campanema\/Ag\u00eancia Brasil\" src=\"https:\/\/rioonwatch.org\/wp-content\/uploads\/2024\/01\/Guajajara-and-Franco-at-their-innauguration-Photo-Valter-Campanato-5_Agencia-Brasil-scaled-1.jpg\" alt=\"Inauguration of the ministers for Indigenous Peoples, Sonia Guajajara, and for Racial Equality, Anielle Franco. Photo: Valter Campanema\/Ag\u00eancia Brasil\" width=\"300\" height=\"450\" srcset=\"https:\/\/rioonwatch.org\/wp-content\/uploads\/2024\/01\/Guajajara-and-Franco-at-their-innauguration-Photo-Valter-Campanato-5_Agencia-Brasil-scaled-1.jpg 1707w, https:\/\/rioonwatch.org\/wp-content\/uploads\/2024\/01\/Guajajara-and-Franco-at-their-innauguration-Photo-Valter-Campanato-5_Agencia-Brasil-scaled-1-413x620.jpg 413w, https:\/\/rioonwatch.org\/wp-content\/uploads\/2024\/01\/Guajajara-and-Franco-at-their-innauguration-Photo-Valter-Campanato-5_Agencia-Brasil-scaled-1-419x629.jpg 419w, https:\/\/rioonwatch.org\/wp-content\/uploads\/2024\/01\/Guajajara-and-Franco-at-their-innauguration-Photo-Valter-Campanato-5_Agencia-Brasil-scaled-1-768x1152.jpg 768w\" sizes=\"(max-width: 300px) 100vw, 300px\" \/><\/a><figcaption id=\"caption-attachment-77274\" class=\"wp-caption-text\">Inauguration of the ministers for Indigenous Peoples, Sonia Guajajara, and Racial Equality, Anielle Franco. Photo: Valter Campanema\/Ag\u00eancia Brasil<\/figcaption><\/figure>\n<p>In this context, 2023&#8217;s international reporting on favelas began with the announcement of a significant step towards their greater representation, with the historic appointment of a second favela native as federal minister, <strong>Anielle Franco\u2014born and raised in Rio de Janeiro&#8217;s Complexo da Mar\u00e9\u2014Minister of Racial Equality<\/strong>. Sister of slain councilwoman Marielle Franco, Anielle&#8217;s appointment was reported <a href=\"https:\/\/bit.ly\/3TDeIzA\" target=\"_blank\" rel=\"noopener\">by <em>Time<\/em><\/a> and <a href=\"https:\/\/bit.ly\/41Cqkou\" target=\"_blank\" rel=\"noopener\"><em>The Guardian<\/em><\/a>.<\/p>\n<p>Mirroring this scenario of change and the search for more genuine representation of favelas, international headlines have shown growing care in their approaches, giving space to the active voices of residents and organizers. Compared to the <a href=\"http:\/\/bit.ly\/WorstReporting2014\">first edition of this series in 2014<\/a>, there is no doubt: back then, the majority of international reports on favelas were stereotypical, filled with harmful, counterproductive, and <a href=\"http:\/\/bit.ly\/LazyJour\" target=\"_blank\" rel=\"noopener\">lazy narratives<\/a>. This led us to start the annual series with the worst reports: there were so few good ones to speak of. And why is this important? Because the perceptions and actions of Brazilian governments, from municipal to national, are also guided by international public opinion.<\/p>\n<p>Fortunately, today, we can attest that the vast majority of coverage of favelas in prominent global outlets feature residents as protagonists and explore a wide range of topics, some presenting profound perspectives with significant nuance. As a result, this year, we will focus solely on these\u2014the best\u2014mentioning errors and limitations when appropriate throughout the text.<\/p>\n<h3>Climate Justice and Local Protagonism as a Focus<\/h3>\n<p>Throughout 2023, as we <a href=\"https:\/\/bit.ly\/3It7VBb\" target=\"_blank\" rel=\"noopener\">witnessed<\/a> the <a href=\"https:\/\/bit.ly\/41xgEeG\" target=\"_blank\" rel=\"noopener\">deepening<\/a> climate crisis in Brazil and around the world, an increasing focus of international press interest emerged on favelas as the early arenas of the climate transition, for better or for worse, and how they cope with this crisis, which has increasingly led to water and energy shortages.<\/p>\n<p>In April, <a href=\"https:\/\/bit.ly\/BrazilsFavelasNYT2023\"><em>The New York Times <\/em>published<\/a> the article \u201c<strong>Brazil\u2019s Favelas Offer Lessons in Building Trust<\/strong>,\u201d sharing solutions developed in the favelas and raising awareness among readers about the crises they face. The article highlighted the critical impact of historically-generated mistrust towards authorities, especially during situations like the pandemic, and emphasized the importance of community movements in mitigating its damages. Community collectives from Jacarezinho, Morro dos Prazeres, and Mar\u00e9 informed the article.<\/p>\n<figure id=\"attachment_77275\" aria-describedby=\"caption-attachment-77275\" style=\"width: 1500px\" class=\"wp-caption aligncenter\"><a href=\"https:\/\/rioonwatch.org\/wp-content\/uploads\/2024\/01\/LabJaca-by-Ian-Cheibub-for-The-New-York-Times.webp\"><img loading=\"lazy\" decoding=\"async\" class=\"wp-image-77275 size-full\" title=\"Members of LabJaca at the organization's headquarters in Rio de Janeiro, Brazil. Photo: Ian Cheibub\/The New York Times\" src=\"https:\/\/rioonwatch.org\/wp-content\/uploads\/2024\/01\/LabJaca-by-Ian-Cheibub-for-The-New-York-Times.webp\" alt=\"Members of LabJaca at the organization's headquarters in Rio de Janeiro, Brazil. Photo: Ian Cheibub\/The New York Times\" width=\"1500\" height=\"1000\" srcset=\"https:\/\/rioonwatch.org\/wp-content\/uploads\/2024\/01\/LabJaca-by-Ian-Cheibub-for-The-New-York-Times.webp 1500w, https:\/\/rioonwatch.org\/wp-content\/uploads\/2024\/01\/LabJaca-by-Ian-Cheibub-for-The-New-York-Times-620x413.webp 620w, https:\/\/rioonwatch.org\/wp-content\/uploads\/2024\/01\/LabJaca-by-Ian-Cheibub-for-The-New-York-Times-944x629.webp 944w, https:\/\/rioonwatch.org\/wp-content\/uploads\/2024\/01\/LabJaca-by-Ian-Cheibub-for-The-New-York-Times-768x512.webp 768w\" sizes=\"(max-width: 1500px) 100vw, 1500px\" \/><\/a><figcaption id=\"caption-attachment-77275\" class=\"wp-caption-text\">Members of LabJaca at the organization&#8217;s headquarters in Rio de Janeiro, Brazil. Photo: Ian Cheibub\/<em>The New York Times<\/em><\/figcaption><\/figure>\n<p>Another propositive approach, <a href=\"https:\/\/bit.ly\/45ZD2hI\" target=\"_blank\" rel=\"noopener\"><em>Reuters<\/em> published<\/a> an article titled &#8220;<strong>Armed with Data, Slum Dwellers Demand Better Services<\/strong>,&#8221; showcasing how urban settlements in South Africa and Brazil, exemplified by LabJaca in Jacarezinho, are increasingly collecting their own data, recognizing the need to gather information to advocate for rights. Although the term &#8216;slum,&#8217; which we have been insisting is <a href=\"https:\/\/bit.ly\/CallFavelas\" target=\"_blank\" rel=\"noopener\">inaccurate and not suitable to describe favelas<\/a>, is used here, it may be attributed to the inclusion of South Africa in the article. South African communities often use the term, referring to what in Brazil would be considered still improvised and yet-to-be consolidated informal settlements.<\/p>\n<p>In <b>\u201c<\/b><strong>Extreme Weather Events Only Serve to Deepen Brazil&#8217;s Inequality<\/strong><b>\u201d<\/b> in <a href=\"https:\/\/bit.ly\/3vhRcxF\" target=\"_blank\" rel=\"noopener\"><em>The Brazilian Report<\/em><\/a>, the Santa Marta favela in Rio&#8217;s South Zone serves as a backdrop to highlight Brazilian injustice regarding access to the most basic resource for existence\u2014water\u2014especially in times of extreme heat. Unlike the surrounding neighborhood of Botafogo, the favela went without water for six days. In a related story, Chinese <a href=\"https:\/\/bit.ly\/3NA4A6S\" target=\"_blank\" rel=\"noopener\"><em>CGTN<\/em> produced<\/a> a video report on <strong>how Rocinha residents face extreme heat<\/strong> without access to electricity.<\/p>\n<p><iframe title=\"YouTube video player\" src=\"https:\/\/www.youtube.com\/embed\/31I6uX4UgZY?si=6ye6R_Lo-xPOEEnk\" width=\"1030\" height=\"563\" frameborder=\"0\" allowfullscreen=\"allowfullscreen\"><span data-mce-type=\"bookmark\" style=\"display: inline-block; width: 0px; overflow: hidden; line-height: 0;\" class=\"mce_SELRES_start\">\ufeff<\/span><\/iframe><\/p>\n<p>However, despite the scorching heat and an increasingly apparent lack of willingness from local government to respond sensibly and responsibly, as reported in the above-mentioned <em>The New York Times<\/em> article, others have also showcased the favelas&#8217; resilience in attempting to address the issue. In <b>\u201c<\/b><strong>&#8216;Hell de Janeiro&#8217;: Scorching Heat Highlights Brazil\u2019s Glaring Inequality<\/strong>,<b>\u201d<\/b> featured <a href=\"https:\/\/bit.ly\/47lcby1\" target=\"_blank\" rel=\"noopener\">in <em>The Guardian<\/em><\/a>, the brutality of this summer&#8217;s 58.5\u00b0C heat and its disproportionate impact on favelas is discussed. The response developed by Luis Cassiano Silva from Parque Arar\u00e1, North Zone of Rio, who installed a now-renowned green roof on his house, was also highlighted. <a href=\"https:\/\/bit.ly\/3RiU2dl\" target=\"_blank\" rel=\"noopener\"><em>Reuters<\/em><\/a> and <em><a href=\"https:\/\/bit.ly\/3CoVPGA\" target=\"_blank\" rel=\"noopener\">Undark<\/a><\/em> also produced <strong>extensive reports on the work of Green Roof Favela<\/strong>.<\/p>\n<figure id=\"attachment_77277\" aria-describedby=\"caption-attachment-77277\" style=\"width: 1280px\" class=\"wp-caption aligncenter\"><a href=\"https:\/\/rioonwatch.org\/wp-content\/uploads\/2024\/01\/The-Guardian-reports-on-Green-Roof-Favela.jpeg\"><img loading=\"lazy\" decoding=\"async\" class=\"wp-image-77277 size-full\" title=\"Image from The Guardian article with a photo captioned &quot;A man cools off in the Parque Arar\u00e1 favela in Rio de Janeiro.&quot; Photo embedded in the image by Silvia Izquierdo\/AP.\" src=\"https:\/\/rioonwatch.org\/wp-content\/uploads\/2024\/01\/The-Guardian-reports-on-Green-Roof-Favela.jpeg\" alt=\"Image from The Guardian article with a photo captioned &quot;A man cools off in the Parque Arar\u00e1 favela in Rio de Janeiro.&quot; Photo embedded in the image by Silvia Izquierdo\/AP.\" width=\"1280\" height=\"721\" srcset=\"https:\/\/rioonwatch.org\/wp-content\/uploads\/2024\/01\/The-Guardian-reports-on-Green-Roof-Favela.jpeg 1280w, https:\/\/rioonwatch.org\/wp-content\/uploads\/2024\/01\/The-Guardian-reports-on-Green-Roof-Favela-620x349.jpeg 620w, https:\/\/rioonwatch.org\/wp-content\/uploads\/2024\/01\/The-Guardian-reports-on-Green-Roof-Favela-1117x629.jpeg 1117w, https:\/\/rioonwatch.org\/wp-content\/uploads\/2024\/01\/The-Guardian-reports-on-Green-Roof-Favela-768x433.jpeg 768w\" sizes=\"(max-width: 1280px) 100vw, 1280px\" \/><\/a><figcaption id=\"caption-attachment-77277\" class=\"wp-caption-text\">Image of <em>The Guardian<\/em> article with photo captioned &#8220;A man cools off in the Parque Arar\u00e1 favela in Rio de Janeiro.&#8221; Embedded photo by Silvia Izquierdo\/<em>AP<\/em><\/figcaption><\/figure>\n<p>Solar energy as a solution in the favelas was also a focus among articles showcasing community-driven solutions to climate issues. In the article <b>\u201c<\/b><strong>How Organizers in Rio&#8217;s Favelas are Harnessing Solar Energy<\/strong><b>\u201d<\/b> <a href=\"https:\/\/bit.ly\/SolarAmacNextCity\" target=\"_blank\" rel=\"noopener\">by <em>Next City<\/em><\/a>, the inspiring solar project carried out at the Association of Women With Attitude and Social Commitment (AMAC), which has been fighting domestic violence in the Dique da Vila Alzira community in Duque de Caxias for over 10 years, in conjunction with the Sustainable Favela Network*, demonstrates the potential of distributed generation if it could be scaled in favelas.<\/p>\n<figure id=\"attachment_76150\" aria-describedby=\"caption-attachment-76150\" style=\"width: 2560px\" class=\"wp-caption aligncenter\"><a href=\"https:\/\/rioonwatch.org\/wp-content\/uploads\/2023\/09\/Release-AMAC-Nill-receives-solar-panels-photo-Alexandre-Cerqueira-scaled.jpg\"><img loading=\"lazy\" decoding=\"async\" class=\"wp-image-76150 size-full\" title=\"Nill Santos, President of AMAC, celebrates the arrival of the photovoltaic panels at the association\u2019s headquarters alongside Hans Rauschmayer from Solarize. Photo: Alexandre Cerqueira\/RioOnWatch\" src=\"https:\/\/rioonwatch.org\/wp-content\/uploads\/2023\/09\/Release-AMAC-Nill-receives-solar-panels-photo-Alexandre-Cerqueira-scaled.jpg\" alt=\"Nill Santos, President of AMAC, celebrates the arrival of the photovoltaic panels at the association\u2019s headquarters alongside Hans Rauschmayer from Solarize. Photo: Alexandre Cerqueira\/RioOnWatch\" width=\"2560\" height=\"1707\" srcset=\"https:\/\/rioonwatch.org\/wp-content\/uploads\/2023\/09\/Release-AMAC-Nill-receives-solar-panels-photo-Alexandre-Cerqueira-scaled.jpg 2560w, https:\/\/rioonwatch.org\/wp-content\/uploads\/2023\/09\/Release-AMAC-Nill-receives-solar-panels-photo-Alexandre-Cerqueira-620x413.jpg 620w, https:\/\/rioonwatch.org\/wp-content\/uploads\/2023\/09\/Release-AMAC-Nill-receives-solar-panels-photo-Alexandre-Cerqueira-944x629.jpg 944w, https:\/\/rioonwatch.org\/wp-content\/uploads\/2023\/09\/Release-AMAC-Nill-receives-solar-panels-photo-Alexandre-Cerqueira-768x512.jpg 768w\" sizes=\"(max-width: 2560px) 100vw, 2560px\" \/><\/a><figcaption id=\"caption-attachment-76150\" class=\"wp-caption-text\">Nill Santos, President of AMAC, celebrates the arrival of the photovoltaic panels at the association\u2019s headquarters alongside Hans Rauschmayer from Solarize. Photo: Alexandre Cerqueira\/<em>RioOnWatch<\/em><\/figcaption><\/figure>\n<h3><b>Housing, Architecture, and Urbanization in Focus<\/b><\/h3>\n<p>Taking a broader perspective on housing, the YouTube channel <a href=\"https:\/\/bit.ly\/45GMSFk\" target=\"_blank\" rel=\"noopener\"><em>Tracks<\/em> produced a documentary in Rio&#8217;s Morro da Provid\u00eancia and Tavares Bastos<\/a> favelas for the series <strong><em>Show Me Where You Live<\/em><\/strong>:<\/p>\n<p><iframe title=\"YouTube video player\" src=\"https:\/\/www.youtube.com\/embed\/q-cgmpiBNfM?si=pBMrcw6jQVL9_4Ub\" width=\"1030\" height=\"563\" frameborder=\"0\" allowfullscreen=\"allowfullscreen\"><\/iframe><\/p>\n<figure id=\"attachment_77281\" aria-describedby=\"caption-attachment-77281\" style=\"width: 500px\" class=\"wp-caption alignright\"><a href=\"https:\/\/rioonwatch.org\/wp-content\/uploads\/2024\/01\/Favela-hou-se-in-Belo-Horizonte-wins-house-of-the-year-award-Photo-Leonardo-Finotti.webp\"><img loading=\"lazy\" decoding=\"async\" class=\"wp-image-77281\" title=\"Favela home in Aglomerado da Serra, Belo Horizonte, wins the 2023 house-of-the-year award. Photo: Leonardo Finotti\" src=\"https:\/\/rioonwatch.org\/wp-content\/uploads\/2024\/01\/Favela-hou-se-in-Belo-Horizonte-wins-house-of-the-year-award-Photo-Leonardo-Finotti.webp\" alt=\"Favela home in Aglomerado da Serra, Belo Horizonte, wins the 2023 house-of-the-year award. Photo: Leonardo Finotti\" width=\"500\" height=\"375\" srcset=\"https:\/\/rioonwatch.org\/wp-content\/uploads\/2024\/01\/Favela-hou-se-in-Belo-Horizonte-wins-house-of-the-year-award-Photo-Leonardo-Finotti.webp 800w, https:\/\/rioonwatch.org\/wp-content\/uploads\/2024\/01\/Favela-hou-se-in-Belo-Horizonte-wins-house-of-the-year-award-Photo-Leonardo-Finotti-620x465.webp 620w, https:\/\/rioonwatch.org\/wp-content\/uploads\/2024\/01\/Favela-hou-se-in-Belo-Horizonte-wins-house-of-the-year-award-Photo-Leonardo-Finotti-768x576.webp 768w, https:\/\/rioonwatch.org\/wp-content\/uploads\/2024\/01\/Favela-hou-se-in-Belo-Horizonte-wins-house-of-the-year-award-Photo-Leonardo-Finotti-678x509.webp 678w, https:\/\/rioonwatch.org\/wp-content\/uploads\/2024\/01\/Favela-hou-se-in-Belo-Horizonte-wins-house-of-the-year-award-Photo-Leonardo-Finotti-326x245.webp 326w, https:\/\/rioonwatch.org\/wp-content\/uploads\/2024\/01\/Favela-hou-se-in-Belo-Horizonte-wins-house-of-the-year-award-Photo-Leonardo-Finotti-80x60.webp 80w\" sizes=\"(max-width: 500px) 100vw, 500px\" \/><\/a><figcaption id=\"caption-attachment-77281\" class=\"wp-caption-text\">Favela home in Aglomerado da Serra, Belo Horizonte, wins 2023 house-of-the-year award. Photo: Leonardo Finotti<\/figcaption><\/figure>\n<p>The <strong>house in a favela in Belo Horizonte that won an international architecture award<\/strong> for its innovative design garnered attention from the international media, reported <a href=\"https:\/\/bit.ly\/495henb\" target=\"_blank\" rel=\"noopener\">by <em>AFP<\/em><\/a> and subsequently covered in many other outlets such as <a href=\"https:\/\/bit.ly\/42HVxGT\" target=\"_blank\" rel=\"noopener\"><em>Reuters<\/em><\/a>, <a href=\"https:\/\/bit.ly\/475Yvpq\" target=\"_blank\" rel=\"noopener\"><em>The Jordan Times<\/em><\/a>, <a href=\"https:\/\/bit.ly\/475d6lb\" target=\"_blank\" rel=\"noopener\"><em>The Times of Malta<\/em><\/a>, <a href=\"https:\/\/bit.ly\/3TvPItL\" target=\"_blank\" rel=\"noopener\"><em>The Taipei Times<\/em><\/a>, and <a href=\"https:\/\/bit.ly\/47kLQPT\" target=\"_blank\" rel=\"noopener\"><em>The Manila Post<\/em><\/a>. The award-winning house is a two-story, brick and mortar home featuring well-planned spaces, unique decor, ample windows, and focuses on the resident&#8217;s use and comfort.<\/p>\n<p>And it was reported that Rocinha, in Rio, no longer holds the title of <strong>the country&#8217;s largest favela, but rather Sol Nascente in Bras\u00edlia<\/strong>, <a href=\"https:\/\/bit.ly\/3G0KxdT\" target=\"_blank\" rel=\"noopener\">as per the <em>Associated Press<\/em><\/a>. The news outlet painted a realistic and respectful picture of Sol Nascente, using Rocinha as a means of comparison, given its global recognition. Since the <em>AP<\/em>, like <em>AFP<\/em>, are syndicated global news agencies, the story was republished in the <a href=\"https:\/\/bit.ly\/48qtn5l\" target=\"_blank\" rel=\"noopener\"><em>Los Angeles Times<\/em><\/a> and <a href=\"https:\/\/bit.ly\/3v7c4I7\" target=\"_blank\" rel=\"noopener\"><em>KTVZ<\/em><\/a>, among many others.<\/p>\n<figure id=\"attachment_77272\" aria-describedby=\"caption-attachment-77272\" style=\"width: 1086px\" class=\"wp-caption aligncenter\"><a href=\"https:\/\/rioonwatch.org\/wp-content\/uploads\/2024\/01\/Aerial-view-of-Sol-Nascente-currently-the-largest-favela-in-Brazil-Photo-Jorge-William-Agencia-O-Globo.jpg\"><img loading=\"lazy\" decoding=\"async\" class=\"wp-image-77272 size-full\" title=\"Aerial view of Sol Nascente, Brazil's larget favela, in the Federal District. Photo: Jorge William\/Ag\u00eancia O Globo\" src=\"https:\/\/rioonwatch.org\/wp-content\/uploads\/2024\/01\/Aerial-view-of-Sol-Nascente-currently-the-largest-favela-in-Brazil-Photo-Jorge-William-Agencia-O-Globo.jpg\" alt=\"Aerial view of Sol Nascente, Brazil's larget favela, in the Federal District. Photo: Jorge William\/Ag\u00eancia O Globo\" width=\"1086\" height=\"652\" srcset=\"https:\/\/rioonwatch.org\/wp-content\/uploads\/2024\/01\/Aerial-view-of-Sol-Nascente-currently-the-largest-favela-in-Brazil-Photo-Jorge-William-Agencia-O-Globo.jpg 1086w, https:\/\/rioonwatch.org\/wp-content\/uploads\/2024\/01\/Aerial-view-of-Sol-Nascente-currently-the-largest-favela-in-Brazil-Photo-Jorge-William-Agencia-O-Globo-620x372.jpg 620w, https:\/\/rioonwatch.org\/wp-content\/uploads\/2024\/01\/Aerial-view-of-Sol-Nascente-currently-the-largest-favela-in-Brazil-Photo-Jorge-William-Agencia-O-Globo-1048x629.jpg 1048w, https:\/\/rioonwatch.org\/wp-content\/uploads\/2024\/01\/Aerial-view-of-Sol-Nascente-currently-the-largest-favela-in-Brazil-Photo-Jorge-William-Agencia-O-Globo-768x461.jpg 768w\" sizes=\"(max-width: 1086px) 100vw, 1086px\" \/><\/a><figcaption id=\"caption-attachment-77272\" class=\"wp-caption-text\">Aerial view of Sol Nascente, Brazil&#8217;s largest favela, in the federal capital of Bras\u00edlia. Photo: Jorge William\/Ag\u00eancia <em>O Globo<\/em><\/figcaption><\/figure>\n<p>Still on the subject of housing, an innovative photographic report produced in collaboration between a reporter and a resident of Ocupa\u00e7\u00e3o Vit\u00f3ria in Diamantina, Minas Gerais, was <a href=\"https:\/\/bit.ly\/41JalDG\" target=\"_blank\" rel=\"noopener\">featured on <em>Al Jazeera<\/em><\/a>. The piece, <b>\u201c<\/b><strong>&#8216;Everything is a Priority&#8217;: How a Family Living in an Informal Occupation in Brazil Manages Their Expenses<\/strong>,<b>\u201d<\/b>\u00a0stands out as one of the most unique and respectful approaches on the list. It vividly outlines the daily struggles, as well as the financial challenges, faced by individuals living in favelas.<\/p>\n<p>Throughout the year, there were notable publications on economic topics. <a href=\"https:\/\/bit.ly\/3GU9Fmy\" target=\"_blank\" rel=\"noopener\"><em>The Brazilian Report<\/em> featured<\/a> an article on the economic potential of favelas titled \u201c<strong>Brazilian Favelas Have a Huge, Untapped Potential<\/strong>.\u201d\u00a0<a href=\"https:\/\/bit.ly\/41rLmWK\" target=\"_blank\" rel=\"noopener\"><em>The Conversation<\/em> summarized<\/a> a French study on family indebtedness in \u201c<strong>How Debt Has Morphed into a New Form of Work for Women<\/strong>,\u201d with characters from favelas around the world, including Brazil. The study asserts that women are the most affected by debts and their consequences.<\/p>\n<figure id=\"attachment_77282\" aria-describedby=\"caption-attachment-77282\" style=\"width: 1200px\" class=\"wp-caption aligncenter\"><a href=\"https:\/\/rioonwatch.org\/wp-content\/uploads\/2024\/01\/Photo-ErenMotionShutterstock.webp\"><img loading=\"lazy\" decoding=\"async\" class=\"wp-image-77282 size-full\" title=\"Photo by ErenMotion\/Shutterstock included in a The Brazilian Report article on the untapped potential of Brazilian favelas. \" src=\"https:\/\/rioonwatch.org\/wp-content\/uploads\/2024\/01\/Photo-ErenMotionShutterstock.webp\" alt=\"Photo by ErenMotion\/Shutterstock included in a The Brazilian Report article on the untapped potential of Brazilian favelas. \" width=\"1200\" height=\"800\" srcset=\"https:\/\/rioonwatch.org\/wp-content\/uploads\/2024\/01\/Photo-ErenMotionShutterstock.webp 1200w, https:\/\/rioonwatch.org\/wp-content\/uploads\/2024\/01\/Photo-ErenMotionShutterstock-620x413.webp 620w, https:\/\/rioonwatch.org\/wp-content\/uploads\/2024\/01\/Photo-ErenMotionShutterstock-944x629.webp 944w, https:\/\/rioonwatch.org\/wp-content\/uploads\/2024\/01\/Photo-ErenMotionShutterstock-768x512.webp 768w\" sizes=\"(max-width: 1200px) 100vw, 1200px\" \/><\/a><figcaption id=\"caption-attachment-77282\" class=\"wp-caption-text\">Photo by ErenMotion\/Shutterstock included in a <em>The Brazilian Report<\/em> article on the untapped potential of Brazilian favelas.<\/figcaption><\/figure>\n<h3>Violence Still Prevailed in International Media in 2023<\/h3>\n<p>Unfortunately, in 2023, it was still not possible to discuss foreign press coverage of favelas without touching on violence, police operations, and shootings. However, the focus was clearly on the disproportionate police violence, especially in early August, with <a href=\"https:\/\/bit.ly\/41tDunH\" target=\"_blank\" rel=\"noopener\"><em>Reuters<\/em> highlighting<\/a> that <span style=\"font-weight: 400;\">\u201cBrazil, the country with the highest number of murders in the world, is also home to some of the <strong>planet&#8217;s most deadly police forces<\/strong>.<\/span><span style=\"font-weight: 400;\">\u201d<\/span> The <a href=\"https:\/\/bit.ly\/3GU9lEE\"><i><span style=\"font-weight: 400;\">BBC <\/span><\/i><span style=\"font-weight: 400;\">noted<\/span><\/a> that <strong>45 people were killed by the police in a few days<\/strong> in favelas across three Brazilian states. In Vila Cruzeiro, North Zone of Rio, the <a href=\"https:\/\/bit.ly\/41vZlLc\" target=\"_blank\" rel=\"noopener\"><em>Associated Press<\/em> reported<\/a> on the <strong>latest massacre<\/strong> in the community, which claimed the lives of nine local victims and two police officers.<\/p>\n<p><a href=\"https:\/\/bit.ly\/46PXAcE\" target=\"_blank\" rel=\"noopener\"><i><span style=\"font-weight: 400;\">The Guardian<\/span><\/i><span style=\"font-weight: 400;\"> published<\/span><\/a><span style=\"font-weight: 400;\">\u00a0&#8220;<strong>\u2018<\/strong><\/span><strong>The State is Murderous\u2019: Brazilians Vow Justice for 13-year-old Boy Shot by Police<\/strong>,<span style=\"font-weight: 400;\">&#8221; covering the killing of Thiago Menezes Flausino, 13, victim of police violence in City of God. The unarmed boy was shot five times while riding a moto-taxi, returning home after a day of soccer practice and studying. In a poignant report, the English newspaper includes statements from family members and Thiago&#8217;s soccer coach, along with statistics highlighting the racist bias in police actions in Brazil. \u00a0<\/span><span style=\"font-weight: 400;\">\u00a0<\/span><\/p>\n<p>Still in this context, <em><a href=\"https:\/\/bit.ly\/3RAqr0b\" target=\"_blank\" rel=\"noopener\">The Brazilian Report<\/a><\/em> revealed that &#8220;<strong>Police Bullets in Rio Aren&#8217;t Just Deadly, They&#8217;re a Public Health Hazard<\/strong>,&#8221; and <a href=\"https:\/\/bit.ly\/3Qy4PB5\" target=\"_blank\" rel=\"noopener\"><em>InSight Crime<\/em> provided<\/a> a similar perspective, focusing on the <strong>economic harm brought to the favelas by the Brazilian war on drugs<\/strong>.<\/p>\n<p>Another event covered by the international media was the coordinated series of attacks that paralyzed the West Zone of Rio de Janeiro in late October 2023. It is important to note that these attacks did not occur in favelas. However, as public perception is historically conditioned to associate such acts with favelas, it is crucial to analyze them. In this case militia members orchestrated the attacks in response to the death of one of the right-hand men of the state&#8217;s largest militia leader. <a href=\"https:\/\/bit.ly\/407EBbQ\" target=\"_blank\" rel=\"noopener\"><em>The Guardian<\/em> published<\/a>, &#8220;<strong>Paramilitary Gangs in Brazil Torch More Than 35 Buses in Rio de Janeiro Attacks<\/strong>,&#8221; using an appropriate title to describe the situation connected to paramilitary groups and militias rather than favela residents. However, the majority of international coverage stemmed from the republication of the <a href=\"https:\/\/bit.ly\/3UBZA67\" target=\"_blank\" rel=\"noopener\"><em>Reuters<\/em> article<\/a>, released with the generic title &#8220;<strong>Rio Gangsters Torch at Least 35 Buses after Crime Boss Killed<\/strong>,&#8221; requiring readers to delve into the text to understand that the article is not describing the drug traffickers widely associated with violence in the past, but rather a new threat: &#8220;Rio&#8217;s so-called militias, often composed of current and former police officers, [who] have become one of the region&#8217;s largest security threats.&#8221;<\/p>\n<h3>Culture in the Favelas: Beyond the Commonplace<\/h3>\n<p>Community organizers often express their discomfort with the traditional media&#8217;s coverage of culture in the favelas, which can be stigmatizing and limiting in the possible societal roles perceived for favela residents. When addressing subjects like food, culture, sports, religion, and fame, traditional media often depict the favela and its residents through the lenses of hunger, cultural deprivation, presenting sports or religion as the sole escape, and highlighting fame linked to drug trafficking or crime.<\/p>\n<p>In 2023 this trend was broken by many international media outlets. <a href=\"https:\/\/bit.ly\/41AtSrk\" target=\"_blank\" rel=\"noopener\"><em>AFP<\/em> highlighted<\/a> the importance of nonprofit organization Gastromotiva and Ana L\u00facia Costa&#8217;s work with their solidarity kitchens in Rocinha in &#8220;<strong>Brazil Favela Chefs Say Poor Should Eat Well, Too<\/strong>.&#8221; A perspective is created not of outside salvation but of resident protagonism, fighting for their socially vulnerable neighbors to have access to tasty, sophisticated, nutritious, and healthy dishes. However, despite the positive coverage, <em>AFP<\/em> <a href=\"https:\/\/bit.ly\/CallFavelas\" target=\"_blank\" rel=\"noopener\">persistently and inaccurately uses the term <em>slum<\/em><\/a> in this article, which was republished in outlets such as <a href=\"https:\/\/bit.ly\/3TytffC\" target=\"_blank\" rel=\"noopener\"><i><span style=\"font-weight: 400;\">The Tico Times<\/span><\/i><\/a><span style=\"font-weight: 400;\">, <\/span><a href=\"https:\/\/bit.ly\/3vcQGBm\" target=\"_blank\" rel=\"noopener\"><i><span style=\"font-weight: 400;\">The Star<\/span><\/i><\/a><span style=\"font-weight: 400;\">,<\/span> <a href=\"https:\/\/bit.ly\/41EkZN6\" target=\"_blank\" rel=\"noopener\"><i><span style=\"font-weight: 400;\">Kuwait Times<\/span><\/i><\/a> and <a href=\"https:\/\/bit.ly\/4atqMcF\" target=\"_blank\" rel=\"noopener\"><i><span style=\"font-weight: 400;\">Malay Mail<\/span><\/i><\/a><span style=\"font-weight: 400;\">.<\/span><\/p>\n<p><span style=\"font-weight: 400;\">Another French news outlet, <a href=\"https:\/\/bit.ly\/432VLqQ\" target=\"_blank\" rel=\"noopener\"><em>Le Monde<\/em> published<\/a> a piece highlighting favela community museums while underscoring their significance<\/span><span style=\"font-weight: 400;\">: &#8220;The working-class districts of Brazilian cities are seeing the <strong>emergence of &#8216;social museums,&#8217; whose purpose is to value the invisible populations<\/strong>.&#8221;<\/span><\/p>\n<figure id=\"attachment_77284\" aria-describedby=\"caption-attachment-77284\" style=\"width: 2560px\" class=\"wp-caption aligncenter\"><a href=\"https:\/\/rioonwatch.org\/wp-content\/uploads\/2024\/01\/Le-Monde-on-favelamuseums-scaled-1.jpg\"><img loading=\"lazy\" decoding=\"async\" class=\"wp-image-77284 size-full\" title=\"Le Monde on favela museums. Photo: Bruno Meyerfeld\/Le Monde\" src=\"https:\/\/rioonwatch.org\/wp-content\/uploads\/2024\/01\/Le-Monde-on-favelamuseums-scaled-1.jpg\" alt=\"Le Monde on favela museums. Photo: Bruno Meyerfeld\/Le Monde\" width=\"2560\" height=\"1280\" srcset=\"https:\/\/rioonwatch.org\/wp-content\/uploads\/2024\/01\/Le-Monde-on-favelamuseums-scaled-1.jpg 2560w, https:\/\/rioonwatch.org\/wp-content\/uploads\/2024\/01\/Le-Monde-on-favelamuseums-scaled-1-620x310.jpg 620w, https:\/\/rioonwatch.org\/wp-content\/uploads\/2024\/01\/Le-Monde-on-favelamuseums-scaled-1-1258x629.jpg 1258w, https:\/\/rioonwatch.org\/wp-content\/uploads\/2024\/01\/Le-Monde-on-favelamuseums-scaled-1-768x384.jpg 768w\" sizes=\"(max-width: 2560px) 100vw, 2560px\" \/><\/a><figcaption id=\"caption-attachment-77284\" class=\"wp-caption-text\"><em>Le Monde<\/em> article on the Favela Museum (MUF) in Pav\u00e3o-Pav\u00e3osinho\/Cantagalo. Photo: Bruno Meyerfeld\/<em>Le Monde<\/em><\/figcaption><\/figure>\n<p><a href=\"https:\/\/bit.ly\/4874g7O\" target=\"_blank\" rel=\"noopener\"><i><span style=\"font-weight: 400;\">Le Monde <\/span><\/i><span style=\"font-weight: 400;\">presented<\/span><\/a> innovative perspectives for reflecting on Brazilian social inequality, publishing an analysis on the significant <strong>disappearance of &#8220;maid&#8217;s quarters&#8221;<\/strong> from Brazilian homes, a legacy rooted in racism and slavery. <a href=\"https:\/\/bit.ly\/4avorxB\" target=\"_blank\" rel=\"noopener\">The same newspaper<\/a> provided <strong>an overview of the bate-bola carnival clowns<\/strong>, indelible characters from Rio de Janeiro&#8217;s peripheries and cultural heritage of the city&#8217;s favelas.<\/p>\n<p>Still in the realm of culture, an interesting article was <a href=\"https:\/\/bit.ly\/3R3F3ot\" target=\"_blank\" rel=\"noopener\">published in <em>The Guardian<\/em><\/a> about how a marginalized, Black, and favela-born music genre, <strong>funk, found its place in mainstream museums<\/strong> like the Rio Museum of Art (MAR).<\/p>\n<p>During the year, topics in the global spotlight also yielded articles from favela perspectives. <a href=\"https:\/\/bit.ly\/3NxspfC\" target=\"_blank\" rel=\"noopener\"><em>The Guardian<\/em><\/a>, for example, published a piece on how <strong>young female players in the Beira-Mar community of Duque de Caxias are breaking gender norms<\/strong> and preparing for future World Cups. In addition, the film <em>Barbie<\/em> inspired an <a href=\"https:\/\/bit.ly\/3RR6get\" target=\"_blank\" rel=\"noopener\"><em>Associated Press<\/em> video report<\/a> on <strong>Complexo do Alem\u00e3o&#8217;s Black Barbie<\/strong>.<\/p>\n<p><iframe title=\"YouTube video player\" src=\"https:\/\/www.youtube.com\/embed\/Imj21i5wTQQ?si=2o8hkFir0qW_9dOP\" width=\"1030\" height=\"563\" frameborder=\"0\" allowfullscreen=\"allowfullscreen\"><span data-mce-type=\"bookmark\" style=\"display: inline-block; width: 0px; overflow: hidden; line-height: 0;\" class=\"mce_SELRES_start\">\ufeff<\/span><\/iframe><\/p>\n<p>In 2023, articles were also published in two international Catholic magazines. <a href=\"https:\/\/bit.ly\/45O3cUc\" target=\"_blank\" rel=\"noopener\"><em>La Croix<\/em> reported<\/a> on the <strong>challenges the Brazilian Catholic Church has faced in denouncing human rights violations<\/strong> in the favelas. Meanwhile, the <a href=\"https:\/\/bit.ly\/3TyVzPe\" target=\"_blank\" rel=\"noopener\"><em>Black Catholic Messenger<\/em> published<\/a> an extensive and profound <strong>profile of Friar David Santos and his crucial role in implementing affirmative action policies in education through Educafro<\/strong> in Brazil.<\/p>\n<p>Articles humanizing the favelas by showcasing interesting personalities were also published. <a href=\"https:\/\/bit.ly\/3yohCMA\" target=\"_blank\" rel=\"noopener\"><em>The Guardian<\/em> profiled<\/a> content creator and Mar\u00e9 native Raphael Vicente in &#8220;<strong>Brazilian TikToker Goes Viral Showing the &#8216;Cheerfulness of the Favela<\/strong>.'&#8221;<\/p>\n<p>And <a href=\"https:\/\/bit.ly\/45ttsnW\" target=\"_blank\" rel=\"noopener\"><em>Time<\/em> magazine featured<\/a> Rene Silva, founder of world-renowned community newspaper <em>Voz das Comunidades<\/em>, in &#8220;<strong>This Brazilian Journalist is Giving Favela Residents a Voice.<\/strong>&#8221; The piece highlights the growth of the newspaper that now boasts a team of 35 covering &#8220;culture, politics, sports, education, and problems of state neglect.&#8221;<\/p>\n<figure id=\"attachment_77286\" aria-describedby=\"caption-attachment-77286\" style=\"width: 2874px\" class=\"wp-caption aligncenter\"><a href=\"https:\/\/rioonwatch.org\/wp-content\/uploads\/2024\/01\/Raphael-Vicente-in-the-streets-of-Complexo-da-Mare-Photo-Kristin-Bethge-The-Guardian.png\"><img loading=\"lazy\" decoding=\"async\" class=\"wp-image-77286 size-full\" title=\"TikToker Raphael Vicente in the streets of Complexo da Mar\u00e9. Photo: Kristin Bethge\/The Guardian\" src=\"https:\/\/rioonwatch.org\/wp-content\/uploads\/2024\/01\/Raphael-Vicente-in-the-streets-of-Complexo-da-Mare-Photo-Kristin-Bethge-The-Guardian.png\" alt=\"TikToker Raphael Vicente in the streets of Complexo da Mar\u00e9. Photo: Kristin Bethge\/The Guardian\" width=\"2874\" height=\"1124\" srcset=\"https:\/\/rioonwatch.org\/wp-content\/uploads\/2024\/01\/Raphael-Vicente-in-the-streets-of-Complexo-da-Mare-Photo-Kristin-Bethge-The-Guardian.png 2874w, https:\/\/rioonwatch.org\/wp-content\/uploads\/2024\/01\/Raphael-Vicente-in-the-streets-of-Complexo-da-Mare-Photo-Kristin-Bethge-The-Guardian-620x242.png 620w, https:\/\/rioonwatch.org\/wp-content\/uploads\/2024\/01\/Raphael-Vicente-in-the-streets-of-Complexo-da-Mare-Photo-Kristin-Bethge-The-Guardian-1536x601.png 1536w, https:\/\/rioonwatch.org\/wp-content\/uploads\/2024\/01\/Raphael-Vicente-in-the-streets-of-Complexo-da-Mare-Photo-Kristin-Bethge-The-Guardian-768x300.png 768w\" sizes=\"(max-width: 2874px) 100vw, 2874px\" \/><\/a><figcaption id=\"caption-attachment-77286\" class=\"wp-caption-text\">TikToker Raphael Vicente in the streets of Complexo da Mar\u00e9. Photo: Kristin Bethge\/<em>The Guardian<\/em><\/figcaption><\/figure>\n<p><em>*The Sustainable Favela Network (SFN) and RioOnWatch are projects of NGO Catalytic Communities (CatComm).<\/em><\/p>\n<hr \/>\n<h4>Support\u00a0RioOnWatch\u2019s tireless, critical and cutting-edge hyperlocal journalism, online community organizing meetings, and direct support to favelas\u00a0<a href=\"http:\/\/bit.ly\/FavelaCovidResponse\" target=\"_blank\" rel=\"noopener\">by clicking here<\/a>.<\/h4>\n","protected":false},"excerpt":{"rendered":"<div class=\"mh-excerpt\"><p>Clique aqui para Portugu\u00eas This is the 10th edition of our media watchdog series Best and Worst International Reporting on Rio\u2019s Favelas, part of\u00a0RioOnWatch\u2019s ongoing conversation on the media narrative\u00a0and\u00a0portrayal\u00a0of favelas. A Significant Improvement in <a class=\"mh-excerpt-more\" href=\"https:\/\/rioonwatch.org\/?p=77270\" title=\"2023 Retrospective of Best International Reporting on Rio\u2019s Favelas (10th Edition)\">[&#8230;]<\/a><\/p>\n<\/div>","protected":false},"author":245,"featured_media":77272,"comment_status":"closed","ping_status":"closed","sticky":false,"template":"template-full.php","format":"standard","meta":{"_monsterinsights_skip_tracking":false,"_monsterinsights_sitenote_active":false,"_monsterinsights_sitenote_note":"","_monsterinsights_sitenote_category":0,"footnotes":""},"categories":[1294,2637,1288,1290,3477,2242,1268,3527,452,328,1739],"tags":[400,2367,3249,2846,67,1944,112,231,472,280,3149,32,3068,479,2816,456,694,427,474,342,221,3148,1569,878,499,3470,1900,1366,1349,1621,155,2910,2481,664,144,3393,12,66,1910,3674,1724,1045,1615,31,1843,2444,167],"writer":[921],"translator":[3452],"illustrator":[],"photographer":[],"class_list":{"0":"post-77270","1":"post","2":"type-post","3":"status-publish","4":"format-standard","5":"has-post-thumbnail","7":"category-communitymedia","8":"category-mediawatch","9":"category-highlight","10":"category-civilsociety","11":"category-climate-justice","12":"category-democracy","13":"category-favelaculture","14":"category-representation","15":"category-rio20","16":"category-understanding-rio","17":"category-video","18":"tag-affirmative-action","19":"tag-amazon","20":"tag-anielle-franco","21":"tag-belo-horizonte","22":"tag-botafogo","23":"tag-brasilia","24":"tag-cantagalo","25":"tag-city-of-god","26":"tag-climate-change","27":"tag-complexo-da-mare","28":"tag-complexo-da-penha","29":"tag-complexo-do-alemao","30":"tag-coronavirus","31":"tag-democracy","32":"tag-dique","33":"tag-domestic-violence","34":"tag-duque-de-caxias","35":"tag-economy","36":"tag-environment","37":"tag-favela-architecture","38":"tag-favela-culture","39":"tag-food-security","40":"tag-green-roof","41":"tag-international-comparison","42":"tag-jacarezinho","43":"tag-labjaca","44":"tag-media-narrative","45":"tag-analyzing-media-portrayal-of-favelas","46":"tag-museu-de-favela","47":"tag-parque-arara","48":"tag-pavao-pavaozinho","49":"tag-police-massacre","50":"tag-police-violence","51":"tag-prazeres","52":"tag-morro-da-providencia","53":"tag-representation","54":"tag-rocinha","55":"tag-santa-marta","56":"tag-series-best-worst-reporting","57":"tag-sol-nascente","58":"tag-solar","59":"tag-south-africa","60":"tag-tavares-bastos","61":"tag-vila-cruzeiro","62":"tag-voz-das-comunidades","63":"tag-war-on-drugs","64":"tag-world-cup","65":"writer-rioonwatch","66":"translator-staff"},"_links":{"self":[{"href":"https:\/\/rioonwatch.org\/index.php?rest_route=\/wp\/v2\/posts\/77270","targetHints":{"allow":["GET"]}}],"collection":[{"href":"https:\/\/rioonwatch.org\/index.php?rest_route=\/wp\/v2\/posts"}],"about":[{"href":"https:\/\/rioonwatch.org\/index.php?rest_route=\/wp\/v2\/types\/post"}],"author":[{"embeddable":true,"href":"https:\/\/rioonwatch.org\/index.php?rest_route=\/wp\/v2\/users\/245"}],"replies":[{"embeddable":true,"href":"https:\/\/rioonwatch.org\/index.php?rest_route=%2Fwp%2Fv2%2Fcomments&post=77270"}],"version-history":[{"count":0,"href":"https:\/\/rioonwatch.org\/index.php?rest_route=\/wp\/v2\/posts\/77270\/revisions"}],"wp:featuredmedia":[{"embeddable":true,"href":"https:\/\/rioonwatch.org\/index.php?rest_route=\/wp\/v2\/media\/77272"}],"wp:attachment":[{"href":"https:\/\/rioonwatch.org\/index.php?rest_route=%2Fwp%2Fv2%2Fmedia&parent=77270"}],"wp:term":[{"taxonomy":"category","embeddable":true,"href":"https:\/\/rioonwatch.org\/index.php?rest_route=%2Fwp%2Fv2%2Fcategories&post=77270"},{"taxonomy":"post_tag","embeddable":true,"href":"https:\/\/rioonwatch.org\/index.php?rest_route=%2Fwp%2Fv2%2Ftags&post=77270"},{"taxonomy":"writer","embeddable":true,"href":"https:\/\/rioonwatch.org\/index.php?rest_route=%2Fwp%2Fv2%2Fwriter&post=77270"},{"taxonomy":"translator","embeddable":true,"href":"https:\/\/rioonwatch.org\/index.php?rest_route=%2Fwp%2Fv2%2Ftranslator&post=77270"},{"taxonomy":"illustrator","embeddable":true,"href":"https:\/\/rioonwatch.org\/index.php?rest_route=%2Fwp%2Fv2%2Fillustrator&post=77270"},{"taxonomy":"photographer","embeddable":true,"href":"https:\/\/rioonwatch.org\/index.php?rest_route=%2Fwp%2Fv2%2Fphotographer&post=77270"}],"curies":[{"name":"wp","href":"https:\/\/api.w.org\/{rel}","templated":true}]}}