{"id":77343,"date":"2024-02-09T17:50:02","date_gmt":"2024-02-09T20:50:02","guid":{"rendered":"https:\/\/rioonwatch.org\/?p=77343"},"modified":"2024-02-13T12:36:31","modified_gmt":"2024-02-13T15:36:31","slug":"carnival-of-literature-spaces-of-black-resistance-rio-de-janeiros-samba-schools-host-literary-festivals-that-boost-racial-literacy","status":"publish","type":"post","link":"https:\/\/rioonwatch.org\/?p=77343","title":{"rendered":"Carnival of Literature! Spaces of Black Resistance, Rio de Janeiro&#8217;s Samba Schools Host Literary Festivals that Boost Racial Literacy"},"content":{"rendered":"<figure id=\"attachment_77344\" aria-describedby=\"caption-attachment-77344\" style=\"width: 1200px\" class=\"wp-caption aligncenter\"><a href=\"https:\/\/rioonwatch.org\/wp-content\/uploads\/2024\/02\/First-edition-of-FLIC-Mangueira-in-2023-Photo-Event-Publicity-Mangueira.jpg\"><img fetchpriority=\"high\" decoding=\"async\" class=\"wp-image-77344 size-full\" title=\"The first edition of FLIC Mangueira, in 2023, held at the samba school's court. Photo: Event Promotion \/ Mangueira\" src=\"https:\/\/rioonwatch.org\/wp-content\/uploads\/2024\/02\/First-edition-of-FLIC-Mangueira-in-2023-Photo-Event-Publicity-Mangueira.jpg\" alt=\"The first edition of FLIC Mangueira, in 2023, held at the samba school's court. Photo: Event Promotion \/ Mangueira\" width=\"1200\" height=\"750\" srcset=\"https:\/\/rioonwatch.org\/wp-content\/uploads\/2024\/02\/First-edition-of-FLIC-Mangueira-in-2023-Photo-Event-Publicity-Mangueira.jpg 1200w, https:\/\/rioonwatch.org\/wp-content\/uploads\/2024\/02\/First-edition-of-FLIC-Mangueira-in-2023-Photo-Event-Publicity-Mangueira-620x388.jpg 620w, https:\/\/rioonwatch.org\/wp-content\/uploads\/2024\/02\/First-edition-of-FLIC-Mangueira-in-2023-Photo-Event-Publicity-Mangueira-1006x629.jpg 1006w, https:\/\/rioonwatch.org\/wp-content\/uploads\/2024\/02\/First-edition-of-FLIC-Mangueira-in-2023-Photo-Event-Publicity-Mangueira-768x480.jpg 768w\" sizes=\"(max-width: 1200px) 100vw, 1200px\" \/><\/a><figcaption id=\"caption-attachment-77344\" class=\"wp-caption-text\">The first edition of FLIC Mangueira, in 2023, held at the samba school&#8217;s court. Photo: Event Promotion \/ Mangueira<\/figcaption><\/figure>\n<h4 style=\"text-align: right;\"><a href=\"https:\/\/bit.ly\/3SSKY0G\" target=\"_blank\" rel=\"noopener\"><span class=\"s1\"><i>Clique aqui para Portugu\u00eas<\/i><\/span><span class=\"s2\"><i><span class=\"Apple-converted-space\"><em><img decoding=\"async\" class=\"alignright size-full wp-image-23766\" src=\"https:\/\/www.rioonwatch.org\/wp-content\/uploads\/2012\/08\/PT-e1439583827971.png\" width=\"20\" height=\"20\" \/><\/em><\/span><\/i><\/span><\/a><\/h4>\n<p><em><strong>February 9, 2024\u2014<\/strong>Afro-Indigenous Brazilian literature is a growing source of inspiration for samba schools as they organize Rio de Janeiro&#8217;s carnival parades. During the <\/em><em>2024 carnival, which starts today, a number of traditional samba schools will celebrate Brazilian Afro-Indigenous literary works in the Sambadrome. Portela created its <a href=\"https:\/\/bit.ly\/3Sv80cA\" target=\"_blank\" rel=\"noopener\">plot based<\/a> on <a href=\"https:\/\/bit.ly\/427IXRr\" target=\"_blank\" rel=\"noopener\">A Color Defect<\/a>, a novel by Minas Gerais-born writer <a href=\"https:\/\/bit.ly\/42xmMnI\" target=\"_blank\" rel=\"noopener\">Ana Maria Gon\u00e7alves<\/a>. <a href=\"https:\/\/bit.ly\/3wepXVb\" target=\"_blank\" rel=\"noopener\">Grande Rio<\/a> prepared a parade <a href=\"https:\/\/bit.ly\/4bu7vIw\" target=\"_blank\" rel=\"noopener\">inspired by the Tupinamb\u00e1 myth<\/a> addressed in the book <a href=\"https:\/\/bit.ly\/42sFD3q\" target=\"_blank\" rel=\"noopener\">My Destiny Is to Be a Jaguar<\/a>, by Rio-born writer <a href=\"https:\/\/bit.ly\/3OCQIZR\" target=\"_blank\" rel=\"noopener\">Alberto Mussa<\/a>. <a href=\"https:\/\/bit.ly\/3OANu9o\" target=\"_blank\" rel=\"noopener\">Imperatriz Leopoldinense<\/a>, the current champion, will take the pamphlet <a href=\"https:\/\/bit.ly\/4bpQP4V\" target=\"_blank\" rel=\"noopener\">The Will and Testament of Esmeralda, the Gypsy<\/a> written by Para\u00edba-state-born poet <a href=\"https:\/\/bit.ly\/49m4Ajd\" target=\"_blank\" rel=\"noopener\">Leandro Gomes de Barros<\/a> to the <a href=\"https:\/\/bit.ly\/37rfbMg\" target=\"_blank\" rel=\"noopener\">Marqu\u00eas de Sapuca\u00ed<\/a> arena. And <a href=\"https:\/\/bit.ly\/491xYM3\" target=\"_blank\" rel=\"noopener\">Uni\u00e3o da Ilha<\/a> will compete with the plot <a href=\"https:\/\/bit.ly\/3HSwIPj\" target=\"_blank\" rel=\"noopener\">Doum and Amora<\/a>, based on the children&#8217;s book <a href=\"https:\/\/bit.ly\/3UuebjG\" target=\"_blank\" rel=\"noopener\">Amoras<\/a> by S\u00e3o Paulo rapper <a href=\"https:\/\/bit.ly\/488p1PB\" target=\"_blank\" rel=\"noopener\">Emicida<\/a>, on carnival Saturday. There are also schools that chose to speak about foreign literary works and their impact on Brazil, such as <a href=\"https:\/\/bit.ly\/4bpQYFv\" target=\"_blank\" rel=\"noopener\">Porto da Pedra<\/a>, which will be <a href=\"https:\/\/bit.ly\/3SP4OtR\" target=\"_blank\" rel=\"noopener\">parading<\/a> the <a href=\"https:\/\/bit.ly\/49wzdTf\" target=\"_blank\" rel=\"noopener\">El Nuevo Lunario Perpetuo<\/a>, <\/em><em>a 14th-century Spanish almanac.<\/em><\/p>\n<h3>&#8216;I Was Born Quilombo and Brought Up Favela&#8217;<\/h3>\n<p>Brazil was the last country to abolish slavery, in 1988. Despite such atrocity, the country was also the stage for intense resistance to this regime, such as within its <a href=\"https:\/\/bit.ly\/30LSPQn\" target=\"_blank\" rel=\"noopener\">quilombos<\/a>, territories of anti-slavery and anti-colonial resistance led by Black men and women, that still occupy important expanses of the Brazilian territory. Since then, the definition of <a href=\"https:\/\/bit.ly\/3uJW7mW\" target=\"_blank\" rel=\"noopener\">quilombo has been updated<\/a>. The thinker <a href=\"https:\/\/bit.ly\/2u8nFUs\" target=\"_blank\" rel=\"noopener\">Abdias do Nascimento<\/a> expanded the concept of <a href=\"https:\/\/bit.ly\/3K2Prqg\" target=\"_blank\" rel=\"noopener\">quilombos in contemporary times<\/a>, developing the premise of <a href=\"https:\/\/bit.ly\/498Au2T\" target=\"_blank\" rel=\"noopener\"><em>quilombismo<\/em><\/a>, which advocates for the affirmation and celebration of Black history and culture in Brazilian society. In this way, places where Black knowledge, ways of life, epistemology, and ancestry have been preserved and resist to this day are considered contemporary quilombos and include <a href=\"https:\/\/bit.ly\/3SQVeqh\" target=\"_blank\" rel=\"noopener\">Afro-Brazilian religions<\/a>, <a href=\"https:\/\/bit.ly\/3uCEh9A\" target=\"_blank\" rel=\"noopener\">afox\u00e9s<\/a>, <a href=\"https:\/\/bit.ly\/2XB2ywt\" target=\"_blank\" rel=\"noopener\">favelas<\/a>, and <a href=\"http:\/\/bit.ly\/3ZOureD\" target=\"_blank\" rel=\"noopener\">samba circles<\/a>.<\/p>\n<figure id=\"attachment_77347\" aria-describedby=\"caption-attachment-77347\" style=\"width: 1280px\" class=\"wp-caption aligncenter\"><a href=\"https:\/\/rioonwatch.org\/wp-content\/uploads\/2024\/02\/Technological-activity-with-3D-printing-at-the-Rio-Diversity-LitFest-at-Estacio-de-Sa-October-2023-photo-Douglas-Jaco.jpg\"><img decoding=\"async\" class=\"wp-image-77347 size-full\" title=\"Technological activity with 3D printing at the Rio Diversity Literary Festival, held at the Est\u00e1cio de S\u00e1 samba school on October 28, 2023. Photo: Douglas Jaco\" src=\"https:\/\/rioonwatch.org\/wp-content\/uploads\/2024\/02\/Technological-activity-with-3D-printing-at-the-Rio-Diversity-LitFest-at-Estacio-de-Sa-October-2023-photo-Douglas-Jaco.jpg\" alt=\"Technological activity with 3D printing at the Rio Diversity Literary Festival, held at the Est\u00e1cio de S\u00e1 samba school on October 28, 2023. Photo: Douglas Jaco\" width=\"1280\" height=\"854\" srcset=\"https:\/\/rioonwatch.org\/wp-content\/uploads\/2024\/02\/Technological-activity-with-3D-printing-at-the-Rio-Diversity-LitFest-at-Estacio-de-Sa-October-2023-photo-Douglas-Jaco.jpg 1280w, https:\/\/rioonwatch.org\/wp-content\/uploads\/2024\/02\/Technological-activity-with-3D-printing-at-the-Rio-Diversity-LitFest-at-Estacio-de-Sa-October-2023-photo-Douglas-Jaco-620x414.jpg 620w, https:\/\/rioonwatch.org\/wp-content\/uploads\/2024\/02\/Technological-activity-with-3D-printing-at-the-Rio-Diversity-LitFest-at-Estacio-de-Sa-October-2023-photo-Douglas-Jaco-943x629.jpg 943w, https:\/\/rioonwatch.org\/wp-content\/uploads\/2024\/02\/Technological-activity-with-3D-printing-at-the-Rio-Diversity-LitFest-at-Estacio-de-Sa-October-2023-photo-Douglas-Jaco-768x512.jpg 768w\" sizes=\"(max-width: 1280px) 100vw, 1280px\" \/><\/a><figcaption id=\"caption-attachment-77347\" class=\"wp-caption-text\">Technological activity with 3D printing at the Rio Diversity Literary Festival, held at the Est\u00e1cio de S\u00e1 samba school on October 28, 2023. Photo: Douglas Jaco<\/figcaption><\/figure>\n<p>In this sense, the <a href=\"https:\/\/bit.ly\/2MX8BGr\" target=\"_blank\" rel=\"noopener\">samba schools<\/a> that build and maintain Brazil&#8217;s famous carnival have also thrived as contemporary quilombos. In order to keep alive <a href=\"https:\/\/bit.ly\/3URJyoP\" target=\"_blank\" rel=\"noopener\">Black knowledge, corporeality, music, and culture<\/a>, they have propagated a pedagogy built on experience. This pedagogy is rooted in practical learning, with knowledge and understanding passed down through interactions with the elders within the samba school community. In preserving knowledge and ancestry, samba schools play a vital role in the construction of a more just and inclusive society.<\/p>\n<blockquote><p><span style=\"font-weight: 400;\">\u201cThe samba school is a community process center. The festivities, the meetings to organize events, the space functions as a source of mutual aid. In this way, learning takes place through orality and life experiences, and knowledge circulates accordingly.\u201d <\/span>\u2014 <span style=\"font-weight: 400;\">Mauro S\u00e9rgio Faria, member of Portela&#8217;s Cultural Department<\/span><\/p><\/blockquote>\n<h3>Connections Between Samba and Literature Gain Growing Momentum in Samba Schools<\/h3>\n<p>Beyond their traditional activities, samba schools have been launching literary festivals and other educational initiatives where Black protagonism is celebrated through lectures, storytelling, and book launches. The first of its kind was organized by the Portela Samba School <a href=\"https:\/\/bit.ly\/4299aPo\" target=\"_blank\" rel=\"noopener\">in 2019<\/a> to integrate the community with its samba school through the sharing of knowledge.<\/p>\n<p class=\"selectable-text copyable-text iq0m558w g0rxnol2\" dir=\"ltr\"><span class=\"selectable-text copyable-text\">2023 brought a wave of <a href=\"https:\/\/bit.ly\/3uBn8gu\" target=\"_blank\" rel=\"noopener\">literary festivals<\/a> to Rio de Janeiro&#8217;s samba schools, providing an opportunity to celebrate their <a href=\"https:\/\/bit.ly\/37D8TJX\" target=\"_blank\" rel=\"noopener\">memories<\/a> and stories, their communities, neighborhoods, and in some cases introduce the community to its 2024 carnival theme. <a style=\"font-weight: 400;\" href=\"https:\/\/bit.ly\/3Ubhjkz\" target=\"_blank\" rel=\"noopener\">Portela<\/a>, <a style=\"font-weight: 400;\" href=\"https:\/\/bit.ly\/3tUYuaF\" target=\"_blank\" rel=\"noopener\">Mangueira<\/a>,\u00a0<a style=\"font-weight: 400;\" href=\"https:\/\/bit.ly\/42hjyVu\" target=\"_blank\" rel=\"noopener\">Salgueiro<\/a>,\u00a0<a style=\"font-weight: 400;\" href=\"https:\/\/bit.ly\/3OhdeHM\" target=\"_blank\" rel=\"noopener\">Est\u00e1cio de S\u00e1<\/a> and <a href=\"https:\/\/bit.ly\/3u1mokJ\" target=\"_blank\" rel=\"noopener\">Unidos de Vila Isabel<\/a> invested in activities promoting the <a href=\"https:\/\/bit.ly\/3GrPayq\" target=\"_blank\" rel=\"noopener\">right to literature<\/a> and <a href=\"https:\/\/bit.ly\/3OxPrU3\" target=\"_blank\" rel=\"noopener\">racial literacy<\/a> over the past year, organizing literary festivals with discussions, lectures, poetry readings, exhibitions and workshops at their sites, in addition to plenty of samba.<\/span><\/p>\n<p>These samba school festivals are important for promoting Black culture and education, offering opportunities for people to learn more about their history, literature, and art through intergenerational knowledge exchanges. These activities also promote racial literacy: knowledge of anti-racist practices that deconstruct the narrative of white supremacy. In the case of literature, this counternarrative emerges from the celebration of Black culture, valuing ancestry and creating Black protagonists and narrators with literary authorship.<\/p>\n<p>The festivals have been an opportunity for Black writers to showcase their work to the public. This helps promote their visibility and disseminate Black literature. Through lectures and roundtables, workshops, and cultural activities, which may include dance, music, theater, and visual arts, literary festivals at samba schools have been gaining popularity in Rio de Janeiro.<\/p>\n<h3>FLiPORTELA: The Pioneer of Literary Festivals in Samba Schools<\/h3>\n<figure id=\"attachment_77349\" aria-describedby=\"caption-attachment-77349\" style=\"width: 500px\" class=\"wp-caption alignright\"><a href=\"https:\/\/rioonwatch.org\/wp-content\/uploads\/2024\/02\/Lecture-on-A-Color-Defect-Ana-Maria-Goncalves-FlPORTELAna-Port.jpg\"><img loading=\"lazy\" decoding=\"async\" class=\"wp-image-77349\" title=\"Portela Literary Festival (FLiPORTELA) 2023, celebrating the centenary of Portela, the first samba school of Rio's Carnival. Photo: Promotion \/ Portela Cultural Department\" src=\"https:\/\/rioonwatch.org\/wp-content\/uploads\/2024\/02\/Lecture-on-A-Color-Defect-Ana-Maria-Goncalves-FlPORTELAna-Port.jpg\" alt=\"Portela Literary Festival (FLiPORTELA) 2023, celebrating the centenary of Portela, the first samba school of Rio's Carnival. Photo: Promotion \/ Portela Cultural Department\" width=\"500\" height=\"368\" srcset=\"https:\/\/rioonwatch.org\/wp-content\/uploads\/2024\/02\/Lecture-on-A-Color-Defect-Ana-Maria-Goncalves-FlPORTELAna-Port.jpg 827w, https:\/\/rioonwatch.org\/wp-content\/uploads\/2024\/02\/Lecture-on-A-Color-Defect-Ana-Maria-Goncalves-FlPORTELAna-Port-620x457.jpg 620w, https:\/\/rioonwatch.org\/wp-content\/uploads\/2024\/02\/Lecture-on-A-Color-Defect-Ana-Maria-Goncalves-FlPORTELAna-Port-768x566.jpg 768w, https:\/\/rioonwatch.org\/wp-content\/uploads\/2024\/02\/Lecture-on-A-Color-Defect-Ana-Maria-Goncalves-FlPORTELAna-Port-80x60.jpg 80w\" sizes=\"(max-width: 500px) 100vw, 500px\" \/><\/a><figcaption id=\"caption-attachment-77349\" class=\"wp-caption-text\">Portela Literary Festival (FLiPORTELA) 2023, celebrating the centenary of Portela, the first samba school of Rio&#8217;s Carnival. Photo: Promotion\/Portela Cultural Department<\/figcaption><\/figure>\n<p>In 2023, the century-old samba school from <a href=\"https:\/\/bit.ly\/49aPxsY\" target=\"_blank\" rel=\"noopener\">Oswaldo Cruz<\/a> and <a href=\"https:\/\/bit.ly\/34IKfog\" target=\"_blank\" rel=\"noopener\">Madureira<\/a> held another edition of the Portela Literary Festival (<a href=\"https:\/\/bit.ly\/3HSpDhF\" target=\"_blank\" rel=\"noopener\">FLiPORTELA<\/a>), from April 28 to 30. The event is already a tradition at the school. This time, it focused on <em>A Color Defect<\/em>, by Ana Maria Gon\u00e7alves, which inspired Portela&#8217;s theme for the 2024 carnival.<\/p>\n<p dir=\"ltr\">The book won the prestigious <a href=\"https:\/\/bit.ly\/3Hylore\" target=\"_blank\" rel=\"noopener\">Casa de las Am\u00e9ricas Prize<\/a> and was featured on <a href=\"https:\/\/bit.ly\/49v73YR\" target=\"_blank\" rel=\"noopener\"><em>Folha de S\u00e3o Paulo<\/em>&#8216;s list<\/a> as <a href=\"https:\/\/bit.ly\/3SRwDBv\" target=\"_blank\" rel=\"noopener\">the seventh<\/a> among 200 of the most important books for understanding Brazil over its 200 years since independence.<\/p>\n<p>In <em>A Color Defect<\/em>, we follow the story of Kehinde, a Black woman who was kidnapped at the age of eight in the <a href=\"https:\/\/bit.ly\/3tde9gQ\" target=\"_blank\" rel=\"noopener\">Kingdom of Dahomey<\/a>, present-day <a href=\"https:\/\/bit.ly\/45bgevd\" target=\"_blank\" rel=\"noopener\">Benin<\/a>, and brought enslaved to Brazil.<\/p>\n<p dir=\"ltr\">In the book, the Kehinde narrates her life story, from her capture in Africa to her liberation. She recounts her life as an enslaved person: her loves and disappointments; her sufferings and journeys in search of one of her children; and her religion. She also shares how she obtained her emancipation letter and how she returned to Africa, where she became a successful entrepreneur. The character was inspired by a real woman, <a href=\"https:\/\/bit.ly\/3QKPLAR\" target=\"_blank\" rel=\"noopener\">Lu\u00edsa Mahin<\/a>, who lived in Brazil in the 19th century. She was a religious and political leader and participated in the <a href=\"https:\/\/bit.ly\/2kWn9EC\" target=\"_blank\" rel=\"noopener\">Mal\u00ea Revolt<\/a>, a movement of enslaved Muslims who fought for freedom.<\/p>\n<p dir=\"ltr\"><iframe title=\"YouTube video player\" src=\"https:\/\/www.youtube.com\/embed\/dm7OFNP-QY0?si=oHcSQU2tI27D8UU3\" width=\"1030\" height=\"563\" frameborder=\"0\" allowfullscreen=\"allowfullscreen\"><span data-mce-type=\"bookmark\" style=\"display: inline-block; width: 0px; overflow: hidden; line-height: 0;\" class=\"mce_SELRES_start\">\ufeff<\/span><\/iframe><\/p>\n<blockquote><p><span style=\"font-weight: 400;\">\u201cWe conduct debates, discussions and exchanges in multiple languages on diversity, and on anti-racist and inclusive practices and projects.\u201d \u2014 Rog\u00e9rio Rodrigues Santos, Director of Portela&#8217;s Cultural Department<\/span><\/p><\/blockquote>\n<p>The 2023 edition of the festival was structured to take place over three days. On the first day, Friday, the programming targeted children from public schools, with activities supported by the Municipal Education Department. The following days featured a diverse <a href=\"https:\/\/bit.ly\/4beuKX0\" target=\"_blank\" rel=\"noopener\">program<\/a> open to the general public. FLiPortela is a shining example of success. Since 2019, it has brought together Black writers, artists, researchers, and educators, creating a space for resistance and affirmation of Black culture, building a fairer and more inclusive society.<\/p>\n<p>In addition to the centennial Portela, the pioneer of literary festivals in samba schools, other groups have also been organizing literary events, an important step towards valuing samba culture and Afrocentric education in Rio de Janeiro.<\/p>\n<h3>Literary and Cultural Festival (FLIC): Celebrating 95 Years of Esta\u00e7\u00e3o Primeira de Mangueira<\/h3>\n<p>In a similar effort, Mangueira held its first Literary and Cultural Festival (<a href=\"https:\/\/bit.ly\/3ODf6Ld\" target=\"_blank\" rel=\"noopener\">FLIC<\/a>) <a href=\"https:\/\/bit.ly\/3Sw8Y8H\" target=\"_blank\" rel=\"noopener\">on May 26 and 27, 2023<\/a>, with the theme <a href=\"https:\/\/bit.ly\/49suX6W\" target=\"_blank\" rel=\"noopener\"><em>95 Years Mangueira Samba School<\/em><\/a>.<\/p>\n<p>The festival&#8217;s program included activities for all ages and interests. For children and teenagers, there were storytelling sessions about Afro-Brazilian and indigenous culture, workshops and discussions on topics related to diversity and inclusion.<\/p>\n<figure id=\"attachment_77350\" aria-describedby=\"caption-attachment-77350\" style=\"width: 1080px\" class=\"wp-caption aligncenter\"><a href=\"https:\/\/rioonwatch.org\/wp-content\/uploads\/2024\/02\/Children-play-during-first-edition-of-FLIC-Mangueira-in-2023-in-he-samba-schools-court-Photo-Promotion-Mangueira.jpg\"><img loading=\"lazy\" decoding=\"async\" class=\"wp-image-77350 size-full\" title=\"Children have fun at the first edition of FLIC Mangueira, in 2023, held in the samba school's court. Photo: Promotion\/Mangueira\" src=\"https:\/\/rioonwatch.org\/wp-content\/uploads\/2024\/02\/Children-play-during-first-edition-of-FLIC-Mangueira-in-2023-in-he-samba-schools-court-Photo-Promotion-Mangueira.jpg\" alt=\"Children have fun at the first edition of FLIC Mangueira, in 2023, held in the samba school's court. Photo: Promotion\/Mangueira\" width=\"1080\" height=\"1080\" srcset=\"https:\/\/rioonwatch.org\/wp-content\/uploads\/2024\/02\/Children-play-during-first-edition-of-FLIC-Mangueira-in-2023-in-he-samba-schools-court-Photo-Promotion-Mangueira.jpg 1080w, https:\/\/rioonwatch.org\/wp-content\/uploads\/2024\/02\/Children-play-during-first-edition-of-FLIC-Mangueira-in-2023-in-he-samba-schools-court-Photo-Promotion-Mangueira-620x620.jpg 620w, https:\/\/rioonwatch.org\/wp-content\/uploads\/2024\/02\/Children-play-during-first-edition-of-FLIC-Mangueira-in-2023-in-he-samba-schools-court-Photo-Promotion-Mangueira-629x629.jpg 629w, https:\/\/rioonwatch.org\/wp-content\/uploads\/2024\/02\/Children-play-during-first-edition-of-FLIC-Mangueira-in-2023-in-he-samba-schools-court-Photo-Promotion-Mangueira-768x768.jpg 768w\" sizes=\"(max-width: 1080px) 100vw, 1080px\" \/><\/a><figcaption id=\"caption-attachment-77350\" class=\"wp-caption-text\">Children have fun at the first edition of FLIC Mangueira, in 2023, held in the samba school&#8217;s court. Photo: Promotion\/Mangueira<\/figcaption><\/figure>\n<p>For young people and adults, there were poetry readings and workshops on creative writing and positive masculinity. The <em>Free to Study<\/em> booth addressed important topics for women, such as fighting gender-based violence, women&#8217;s health, and menstrual poverty. Feminine hygiene products were distributed for free to female students from the municipal school network who attended.<\/p>\n<h3>Salgueiro Literary and Cultural Fair: Endless Stories<\/h3>\n<figure id=\"attachment_77351\" aria-describedby=\"caption-attachment-77351\" style=\"width: 500px\" class=\"wp-caption alignright\"><a href=\"https:\/\/rioonwatch.org\/wp-content\/uploads\/2024\/02\/Lecture-with-Haroldo-Costa-Storytelling-at-the-Salgueiro-Endless-Stories-Literary-and-Cultural-Fair-Photo-Anderson-Borde.jpg\"><img loading=\"lazy\" decoding=\"async\" class=\"wp-image-77351\" title=\"Panel of Salgueiro Biographers featuring Haroldo Costa, Leonardo Bruno, and Pedro Nobre at the Salgueiro 'Endless Stories' Literary and Cultural Festival. Photo by Anderson Borde.\" src=\"https:\/\/rioonwatch.org\/wp-content\/uploads\/2024\/02\/Lecture-with-Haroldo-Costa-Storytelling-at-the-Salgueiro-Endless-Stories-Literary-and-Cultural-Fair-Photo-Anderson-Borde.jpg\" alt=\"Panel of Salgueiro Biographers featuring Haroldo Costa, Leonardo Bruno, and Pedro Nobre at the Salgueiro 'Endless Stories' Literary and Cultural Festival. Photo by Anderson Borde.\" width=\"500\" height=\"735\" srcset=\"https:\/\/rioonwatch.org\/wp-content\/uploads\/2024\/02\/Lecture-with-Haroldo-Costa-Storytelling-at-the-Salgueiro-Endless-Stories-Literary-and-Cultural-Fair-Photo-Anderson-Borde.jpg 843w, https:\/\/rioonwatch.org\/wp-content\/uploads\/2024\/02\/Lecture-with-Haroldo-Costa-Storytelling-at-the-Salgueiro-Endless-Stories-Literary-and-Cultural-Fair-Photo-Anderson-Borde-422x620.jpg 422w, https:\/\/rioonwatch.org\/wp-content\/uploads\/2024\/02\/Lecture-with-Haroldo-Costa-Storytelling-at-the-Salgueiro-Endless-Stories-Literary-and-Cultural-Fair-Photo-Anderson-Borde-428x629.jpg 428w, https:\/\/rioonwatch.org\/wp-content\/uploads\/2024\/02\/Lecture-with-Haroldo-Costa-Storytelling-at-the-Salgueiro-Endless-Stories-Literary-and-Cultural-Fair-Photo-Anderson-Borde-768x1130.jpg 768w\" sizes=\"(max-width: 500px) 100vw, 500px\" \/><\/a><figcaption id=\"caption-attachment-77351\" class=\"wp-caption-text\">Panel of Salgueiro Biographers featuring Haroldo Costa, Leonardo Bruno, and Pedro Nobre at the Salgueiro &#8216;Endless Stories&#8217; Literary and Cultural Festival. Photo by Anderson Borde.<\/figcaption><\/figure>\n<p>The <em>Endless Stories<\/em>\u00a0<a href=\"https:\/\/bit.ly\/48GlFEy\" target=\"_blank\" rel=\"noopener\">Literary and Cultural Festival<\/a> took place in Salgueiro between October 20 and 21. The event was organized by the Municipal Education Department, the samba school&#8217;s Cultural Board, and its administration. The <a href=\"https:\/\/bit.ly\/48GlFEy\" target=\"_blank\" rel=\"noopener\">program<\/a> featured <a href=\"https:\/\/bit.ly\/3w1O7Ck\" target=\"_blank\" rel=\"noopener\">themes related to the Yanomami people<\/a>, which will be the theme of Salgueiro&#8217;s <a href=\"https:\/\/bit.ly\/3SRtn9e\" target=\"_blank\" rel=\"noopener\">2024 carnival parade<\/a>. Additionally, activities aimed at celebrating local culture were held, such as the <a href=\"https:\/\/bit.ly\/3VmUTtw\" target=\"_blank\" rel=\"noopener\">Caxambu<\/a> circle, a typical <a href=\"https:\/\/bit.ly\/42uQcCS\" target=\"_blank\" rel=\"noopener\">manifestation of Morro do Salgueiro<\/a>.<\/p>\n<blockquote><p>\u201cThe cultural tradition among people of the diaspora was primarily oral&#8230; We&#8217;ve observed a growing production and dissemination of Black literature. These festivals bring together this knowledge to celebrate the stories that represent the origin of samba schools and all these cultures, previously seen as secondary. Samba schools, <a href=\"https:\/\/bit.ly\/3UzHYI0\" target=\"_blank\" rel=\"noopener\">notably Salgueiro<\/a>, have always been at the forefront of promoting the history of marginalized peoples.\u201d \u2014 Marcelo Pires, Director of Salgueiro&#8217;s Cultural Department<\/p><\/blockquote>\n<h3>Est\u00e1cio de S\u00e1&#8217;s Diversity Literary Festival<\/h3>\n<p>On October 28 and 29, 2023, the Est\u00e1cio de S\u00e1 Samba School hosted the <a href=\"https:\/\/bit.ly\/3SbEGYr\" target=\"_blank\" rel=\"noopener\">Rio Diversity Literary Festival<\/a>. The event featured book exhibitors, primarily focusing on ethnic-racial themes. Over these two days, there were <a href=\"https:\/\/bit.ly\/49pgc5d\" target=\"_blank\" rel=\"noopener\">lecture series<\/a> on literature, history, and the environment, along with discussion panels, storytelling sessions, and playful and technological activities geared towards children.<\/p>\n<blockquote><p><span style=\"font-weight: 400;\"> \u201cSamba schools are places of diversity, where the elderly, children, and the environment are respected, talking about ancestry. At the festivals, this exchange happens through literature&#8230; In addition, literary festivals can encourage new writers, bringing racial literacy and a sense of belonging to that community, taking away the elitist view about [what is] literature.\u201d \u2014 Bianca Ferraz, librarian and curator of the Rio Diversity Literary Festival \u00a0<\/span><\/p><\/blockquote>\n<figure id=\"attachment_77352\" aria-describedby=\"caption-attachment-77352\" style=\"width: 1280px\" class=\"wp-caption aligncenter\"><a href=\"https:\/\/rioonwatch.org\/wp-content\/uploads\/2024\/02\/Storytelling-with-Eliza-Moreno-at-the-Rio-Diversity-Literary-Festival-at-Estacio-de-Sa-on-October-29-2023-Photo-Douglas-Jaco.jpg\"><img loading=\"lazy\" decoding=\"async\" class=\"wp-image-77352 size-full\" title=\"Storytelling with Eliza Moreno at the Rio Diversity Literary Festival at Est\u00e1cio de S\u00e1 on October 29, 2023. Photo: Douglas Jac\u00f3\" src=\"https:\/\/rioonwatch.org\/wp-content\/uploads\/2024\/02\/Storytelling-with-Eliza-Moreno-at-the-Rio-Diversity-Literary-Festival-at-Estacio-de-Sa-on-October-29-2023-Photo-Douglas-Jaco.jpg\" alt=\"Storytelling with Eliza Moreno at the Rio Diversity Literary Festival at Est\u00e1cio de S\u00e1 on October 29, 2023. Photo: Douglas Jac\u00f3\" width=\"1280\" height=\"854\" srcset=\"https:\/\/rioonwatch.org\/wp-content\/uploads\/2024\/02\/Storytelling-with-Eliza-Moreno-at-the-Rio-Diversity-Literary-Festival-at-Estacio-de-Sa-on-October-29-2023-Photo-Douglas-Jaco.jpg 1280w, https:\/\/rioonwatch.org\/wp-content\/uploads\/2024\/02\/Storytelling-with-Eliza-Moreno-at-the-Rio-Diversity-Literary-Festival-at-Estacio-de-Sa-on-October-29-2023-Photo-Douglas-Jaco-620x414.jpg 620w, https:\/\/rioonwatch.org\/wp-content\/uploads\/2024\/02\/Storytelling-with-Eliza-Moreno-at-the-Rio-Diversity-Literary-Festival-at-Estacio-de-Sa-on-October-29-2023-Photo-Douglas-Jaco-943x629.jpg 943w, https:\/\/rioonwatch.org\/wp-content\/uploads\/2024\/02\/Storytelling-with-Eliza-Moreno-at-the-Rio-Diversity-Literary-Festival-at-Estacio-de-Sa-on-October-29-2023-Photo-Douglas-Jaco-768x512.jpg 768w\" sizes=\"(max-width: 1280px) 100vw, 1280px\" \/><\/a><figcaption id=\"caption-attachment-77352\" class=\"wp-caption-text\">Storytelling with Eliza Moreno at the Rio Diversity Literary Festival at Est\u00e1cio de S\u00e1 on October 29, 2023. Photo: Douglas Jac\u00f3<\/figcaption><\/figure>\n<h3>FLIVILA: A Mixture of Bossa, Samba and Literature<\/h3>\n<figure id=\"attachment_77356\" aria-describedby=\"caption-attachment-77356\" style=\"width: 500px\" class=\"wp-caption alignright\"><a href=\"https:\/\/rioonwatch.org\/wp-content\/uploads\/2024\/02\/Storytelling-with-Master-Educator-and-Creator-of-Favela-Pedagogy-Ricardo-Jaheen-at-FLIVILA-in-Vila-Isabel-on-December-1-2023-Photo-Carlos-Lucio.jpg\"><img loading=\"lazy\" decoding=\"async\" class=\"wp-image-77356\" title=\"Storytelling with Master Educator and Creator of Favela Pedagogy, Ricardo Jaheen, at FLIVILA in Vila Isabel, on December 1, 2023. Photo: Carlos L\u00facio.\" src=\"https:\/\/rioonwatch.org\/wp-content\/uploads\/2024\/02\/Storytelling-with-Master-Educator-and-Creator-of-Favela-Pedagogy-Ricardo-Jaheen-at-FLIVILA-in-Vila-Isabel-on-December-1-2023-Photo-Carlos-Lucio.jpg\" alt=\"Storytelling with Master Educator and Creator of Favela Pedagogy, Ricardo Jaheen, at FLIVILA in Vila Isabel, on December 1, 2023. Photo: Carlos L\u00facio.\" width=\"500\" height=\"333\" srcset=\"https:\/\/rioonwatch.org\/wp-content\/uploads\/2024\/02\/Storytelling-with-Master-Educator-and-Creator-of-Favela-Pedagogy-Ricardo-Jaheen-at-FLIVILA-in-Vila-Isabel-on-December-1-2023-Photo-Carlos-Lucio.jpg 684w, https:\/\/rioonwatch.org\/wp-content\/uploads\/2024\/02\/Storytelling-with-Master-Educator-and-Creator-of-Favela-Pedagogy-Ricardo-Jaheen-at-FLIVILA-in-Vila-Isabel-on-December-1-2023-Photo-Carlos-Lucio-620x413.jpg 620w\" sizes=\"(max-width: 500px) 100vw, 500px\" \/><\/a><figcaption id=\"caption-attachment-77356\" class=\"wp-caption-text\">Storytelling with Master Educator and Creator of Favela Pedagogy, Ricardo Jaheen, at FLIVILA in Vila Isabel, on December 1, 2023. Photo: Carlos L\u00facio.<\/figcaption><\/figure>\n<p>Wrapping up the 2023 samba schools literary festivals, Vila Isabel, in partnership with the Municipal Department of Education, held the Vila Isabel Literary and Cultural Festival (<a href=\"https:\/\/bit.ly\/3SwglOz\" target=\"_blank\" rel=\"noopener\">FLIVILA<\/a>). The activities took place on December 1, 2023.<\/p>\n<p>The <a href=\"https:\/\/bit.ly\/3uqfy8s\" target=\"_blank\" rel=\"noopener\">program<\/a> was based on the <a href=\"https:\/\/bit.ly\/3UdFy1j\" target=\"_blank\" rel=\"noopener\">theme of the 2024 carnival<\/a>: <a href=\"https:\/\/bit.ly\/3ODmo1s\" target=\"_blank\" rel=\"noopener\"><em>Gbal\u00e1, Journey to the Temple of Creation<\/em><\/a>. A re-edition of the <a href=\"https:\/\/bit.ly\/42B5vdl\" target=\"_blank\" rel=\"noopener\">1993 carnival<\/a> parade, the theme discusses the climate crisis and the need for children to take the lead in saving the planet. According to Vila Isabel, the salvation of humanity lies in the hands of educated and socio-environmentally aware children. As the Vila Isabel samba goes: &#8220;children are <a href=\"https:\/\/bit.ly\/4btWzup\" target=\"_blank\" rel=\"noopener\">Oxal\u00e1<\/a>&#8216;s hope.&#8221;<\/p>\n<blockquote><p>\u201cLiterature is multifaceted. It develops critical thinking, creativity, reading skills, and a broader understanding of the world. Through literature, we can enter multiple narratives&#8230; In samba schools, this significance transcends. We can open this door for the community, showing that literature serves as a path for social transformation, much like samba&#8230; showing that a samba school extends beyond carnival. We must bring more literary fairs and festivals to these areas to cultivate readers and, perhaps, writers!\u201d \u2014 Tathiane Cristina Queiroz de Azevedo, Cultural Director of the Heirs of Vila, the children&#8217;s samba school of Unidos de Vila Isabel<\/p><\/blockquote>\n<h3>Literary Festivals Turn Pages into Samba Beats<\/h3>\n<figure id=\"attachment_77357\" aria-describedby=\"caption-attachment-77357\" style=\"width: 500px\" class=\"wp-caption alignright\"><a href=\"https:\/\/rioonwatch.org\/wp-content\/uploads\/2024\/02\/Storytelling-from-the-book-Jongando-and-Jongo-workshop-with-Lucimar-Cunha-on-December-1-2023-at-FLIVILA-in-Vila-Isabel-Photo-Carlos-Lucio.jpg\"><img loading=\"lazy\" decoding=\"async\" class=\"wp-image-77357\" title=\"Storytelling from the book 'Jongando' and Jongo workshop with Lucimar Cunha, on December 1st, 2023, at FLIVILA in Vila Isabel. Photo by Carlos L\u00facio\" src=\"https:\/\/rioonwatch.org\/wp-content\/uploads\/2024\/02\/Storytelling-from-the-book-Jongando-and-Jongo-workshop-with-Lucimar-Cunha-on-December-1-2023-at-FLIVILA-in-Vila-Isabel-Photo-Carlos-Lucio.jpg\" alt=\"Storytelling from the book 'Jongando' and Jongo workshop with Lucimar Cunha, on December 1st, 2023, at FLIVILA in Vila Isabel. Photo by Carlos L\u00facio\" width=\"500\" height=\"333\" srcset=\"https:\/\/rioonwatch.org\/wp-content\/uploads\/2024\/02\/Storytelling-from-the-book-Jongando-and-Jongo-workshop-with-Lucimar-Cunha-on-December-1-2023-at-FLIVILA-in-Vila-Isabel-Photo-Carlos-Lucio.jpg 684w, https:\/\/rioonwatch.org\/wp-content\/uploads\/2024\/02\/Storytelling-from-the-book-Jongando-and-Jongo-workshop-with-Lucimar-Cunha-on-December-1-2023-at-FLIVILA-in-Vila-Isabel-Photo-Carlos-Lucio-620x413.jpg 620w\" sizes=\"(max-width: 500px) 100vw, 500px\" \/><\/a><figcaption id=\"caption-attachment-77357\" class=\"wp-caption-text\">Storytelling from the book &#8216;Jongando&#8217; and Jongo workshop with Lucimar Cunha, on December 1st, 2023, at FLIVILA in Vila Isabel. Photo by Carlos L\u00facio<\/figcaption><\/figure>\n<p>The literary festivals held by the samba schools in 2023 were a success. They brought together thousands of people of all ages and backgrounds, celebrating Afro-Indigenous Brazilian literature and culture. These events promote reading and writing, encourage access to culture and information, value Afro-Indigenous Brazilian culture, showcase Black authors and artists, help fight racism, and promote racial equality. Given the success and relevance of these festivals, it is natural to expect that similar events will take place in samba schools in 2024.<\/p>\n<p>To ensure they remain relevant, it&#8217;s important for these events to continue to be inclusive and free or affordable. Racial literacy and the visibility given to Afro-Indigenous Brazilian cultures are essential for building a fairer and more equitable Brazil. Stay tuned to the social media channels of the samba schools throughout 2024 for information about new editions of the literary festivals.<br \/>\n<i><\/i><\/p>\n<p><i>About the author: <em>Carol Marinho was born and raised in\u00a0<a href=\"https:\/\/bit.ly\/2YtwzN6\" target=\"_blank\" rel=\"noopener\">Complexo do Alem\u00e3o<\/a>, holds a master\u2019s degree in Ethnic-Racial relations, and is an educator and journalist.<\/em><\/i><\/p>\n<hr \/>\n<h4>Support RioOnWatch\u2019s tireless, critical and cutting-edge hyperlocal journalism, online community organizing meetings, and direct support to favelas <a href=\"http:\/\/bit.ly\/FavelaCovidResponse\" target=\"_blank\" rel=\"noopener\">by clicking here<\/a>.<\/h4>\n","protected":false},"excerpt":{"rendered":"<div class=\"mh-excerpt\"><p>Clique aqui para Portugu\u00eas February 9, 2024\u2014Afro-Indigenous Brazilian literature is a growing source of inspiration for samba schools as they organize Rio de Janeiro&#8217;s carnival parades. During the 2024 carnival, which starts today, a number <a class=\"mh-excerpt-more\" href=\"https:\/\/rioonwatch.org\/?p=77343\" title=\"Carnival of Literature! Spaces of Black Resistance, Rio de Janeiro&#8217;s Samba Schools Host Literary Festivals that Boost Racial Literacy\">[&#8230;]<\/a><\/p>\n<\/div>","protected":false},"author":245,"featured_media":77344,"comment_status":"closed","ping_status":"closed","sticky":false,"template":"template-full.php","format":"standard","meta":{"_monsterinsights_skip_tracking":false,"_monsterinsights_sitenote_active":false,"_monsterinsights_sitenote_note":"","_monsterinsights_sitenote_category":0,"footnotes":""},"categories":[1288,1328,1268,3527,329],"tags":[662,3554,3451,504,320,2168,1197,666,746,1370,37,725,450,123,420,906,571,394],"writer":[3645],"translator":[3452],"illustrator":[],"photographer":[],"class_list":{"0":"post-77343","1":"post","2":"type-post","3":"status-publish","4":"format-standard","5":"has-post-thumbnail","7":"category-highlight","8":"category-by-community-contributors","9":"category-favelaculture","10":"category-representation","11":"category-solutions","12":"tag-afro-brazilian-culture","13":"tag-anti-racism","14":"tag-aquilombamento","15":"tag-culture","16":"tag-dance","17":"tag-estacio","18":"tag-greater-rio","19":"tag-literature","20":"tag-mangueira","21":"tag-music","22":"tag-north-zone","23":"tag-policy-recommendation","24":"tag-quilombo","25":"tag-religion","26":"tag-carnival","27":"tag-salgueiro","28":"tag-samba","29":"tag-vila-isabel","30":"writer-carol-marinho","31":"translator-staff"},"_links":{"self":[{"href":"https:\/\/rioonwatch.org\/index.php?rest_route=\/wp\/v2\/posts\/77343","targetHints":{"allow":["GET"]}}],"collection":[{"href":"https:\/\/rioonwatch.org\/index.php?rest_route=\/wp\/v2\/posts"}],"about":[{"href":"https:\/\/rioonwatch.org\/index.php?rest_route=\/wp\/v2\/types\/post"}],"author":[{"embeddable":true,"href":"https:\/\/rioonwatch.org\/index.php?rest_route=\/wp\/v2\/users\/245"}],"replies":[{"embeddable":true,"href":"https:\/\/rioonwatch.org\/index.php?rest_route=%2Fwp%2Fv2%2Fcomments&post=77343"}],"version-history":[{"count":0,"href":"https:\/\/rioonwatch.org\/index.php?rest_route=\/wp\/v2\/posts\/77343\/revisions"}],"wp:featuredmedia":[{"embeddable":true,"href":"https:\/\/rioonwatch.org\/index.php?rest_route=\/wp\/v2\/media\/77344"}],"wp:attachment":[{"href":"https:\/\/rioonwatch.org\/index.php?rest_route=%2Fwp%2Fv2%2Fmedia&parent=77343"}],"wp:term":[{"taxonomy":"category","embeddable":true,"href":"https:\/\/rioonwatch.org\/index.php?rest_route=%2Fwp%2Fv2%2Fcategories&post=77343"},{"taxonomy":"post_tag","embeddable":true,"href":"https:\/\/rioonwatch.org\/index.php?rest_route=%2Fwp%2Fv2%2Ftags&post=77343"},{"taxonomy":"writer","embeddable":true,"href":"https:\/\/rioonwatch.org\/index.php?rest_route=%2Fwp%2Fv2%2Fwriter&post=77343"},{"taxonomy":"translator","embeddable":true,"href":"https:\/\/rioonwatch.org\/index.php?rest_route=%2Fwp%2Fv2%2Ftranslator&post=77343"},{"taxonomy":"illustrator","embeddable":true,"href":"https:\/\/rioonwatch.org\/index.php?rest_route=%2Fwp%2Fv2%2Fillustrator&post=77343"},{"taxonomy":"photographer","embeddable":true,"href":"https:\/\/rioonwatch.org\/index.php?rest_route=%2Fwp%2Fv2%2Fphotographer&post=77343"}],"curies":[{"name":"wp","href":"https:\/\/api.w.org\/{rel}","templated":true}]}}