{"id":77458,"date":"2024-02-22T11:09:56","date_gmt":"2024-02-22T14:09:56","guid":{"rendered":"https:\/\/rioonwatch.org\/?p=77458"},"modified":"2024-06-21T12:51:45","modified_gmt":"2024-06-21T15:51:45","slug":"climate-anxiety-in-favelas-is-the-echo-of-environmental-racism-say-voicesfromsocialmedia","status":"publish","type":"post","link":"https:\/\/rioonwatch.org\/?p=77458","title":{"rendered":"Climate Anxiety in Rio de Janeiro&#8217;s Favelas Is the Echo of Environmental Racism, Say #VoicesFromSocialMedia [REFERENCE]"},"content":{"rendered":"<figure id=\"attachment_77459\" aria-describedby=\"caption-attachment-77459\" style=\"width: 984px\" class=\"wp-caption aligncenter\"><a href=\"https:\/\/rioonwatch.org\/wp-content\/uploads\/2024\/02\/Dona-Norma-de-Morais-70-is-an-elderly-resident-of-Jardim-America-in-Rios-Northt-Zone.jpg\"><img fetchpriority=\"high\" decoding=\"async\" class=\"wp-image-77459 size-full\" title=\"Dona Norma de Morais, 70, an elderly retired woman living in Jardim Am\u00e9rica in the North Zone of Rio, sits alone on the sofa at home and observes, in disbelief, the destruction she sees in her living room, in January 2024. Personal archive\" src=\"https:\/\/rioonwatch.org\/wp-content\/uploads\/2024\/02\/Dona-Norma-de-Morais-70-is-an-elderly-resident-of-Jardim-America-in-Rios-Northt-Zone.jpg\" alt=\"Dona Norma de Morais, 70, an elderly retired woman living in Jardim Am\u00e9rica in the North Zone of Rio, sits alone on the sofa at home and observes, in disbelief, the destruction she sees in her living room, in January 2024. Personal archive\" width=\"984\" height=\"1312\" srcset=\"https:\/\/rioonwatch.org\/wp-content\/uploads\/2024\/02\/Dona-Norma-de-Morais-70-is-an-elderly-resident-of-Jardim-America-in-Rios-Northt-Zone.jpg 984w, https:\/\/rioonwatch.org\/wp-content\/uploads\/2024\/02\/Dona-Norma-de-Morais-70-is-an-elderly-resident-of-Jardim-America-in-Rios-Northt-Zone-465x620.jpg 465w, https:\/\/rioonwatch.org\/wp-content\/uploads\/2024\/02\/Dona-Norma-de-Morais-70-is-an-elderly-resident-of-Jardim-America-in-Rios-Northt-Zone-472x629.jpg 472w, https:\/\/rioonwatch.org\/wp-content\/uploads\/2024\/02\/Dona-Norma-de-Morais-70-is-an-elderly-resident-of-Jardim-America-in-Rios-Northt-Zone-768x1024.jpg 768w\" sizes=\"(max-width: 984px) 100vw, 984px\" \/><\/a><figcaption id=\"caption-attachment-77459\" class=\"wp-caption-text\">Dona Norma de Morais, 70, an elderly retired woman living in Jardim Am\u00e9rica in the North Zone of Rio, sits alone on the sofa at home and observes, in disbelief, the destruction she sees in her living room, in January 2024. Photo Source: Personal Archive<\/figcaption><\/figure>\n<h4 style=\"text-align: right;\"><a href=\"https:\/\/bit.ly\/49AL0jn\" target=\"_blank\" rel=\"noopener\"><em><i><strong>Clique aqui para Portugu\u00eas<\/strong><\/i><\/em><em><i><img decoding=\"async\" class=\"alignright wp-image-23766 size-full\" src=\"https:\/\/www.rioonwatch.org\/wp-content\/uploads\/2012\/08\/PT-e1439583827971.png\" width=\"20\" height=\"20\" \/><\/i><\/em><\/a><\/h4>\n<h4><a href=\"https:\/\/rioonwatch.org\/wp-content\/uploads\/2020\/10\/Behner-Logo.png\"><img decoding=\"async\" class=\"alignright wp-image-62497\" src=\"https:\/\/rioonwatch.org\/wp-content\/uploads\/2020\/10\/Behner-Logo.png\" alt=\"\" width=\"200\" height=\"68\" srcset=\"https:\/\/rioonwatch.org\/wp-content\/uploads\/2020\/10\/Behner-Logo.png 1934w, https:\/\/rioonwatch.org\/wp-content\/uploads\/2020\/10\/Behner-Logo-300x102.png 300w, https:\/\/rioonwatch.org\/wp-content\/uploads\/2020\/10\/Behner-Logo-1024x348.png 1024w, https:\/\/rioonwatch.org\/wp-content\/uploads\/2020\/10\/Behner-Logo-768x261.png 768w, https:\/\/rioonwatch.org\/wp-content\/uploads\/2020\/10\/Behner-Logo-1536x523.png 1536w\" sizes=\"(max-width: 200px) 100vw, 200px\" \/><\/a><\/h4>\n<h4>This article is part of a\u00a0<a href=\"http:\/\/bit.ly\/SDSUFavelaRightsSeries\" target=\"_blank\" rel=\"noopener\">series<\/a>\u00a0created in partnership with the\u00a0<a href=\"http:\/\/bit.ly\/SDSUBehnerCenter\" target=\"_blank\" rel=\"noopener\">Behner Stiefel Center for Brazilian Studies<\/a>\u00a0at San Diego State University, to produce articles for the\u00a0<a href=\"https:\/\/bit.ly\/SDSUDigitalBrazilProject\" target=\"_blank\" rel=\"noopener\">Digital Brazil Project<\/a>\u00a0on environmental justice in the favelas for\u00a0<em>RioOnWatch<\/em>. It is also part of\u00a0<em>RioOnWatch<\/em>\u2019s ongoing\u00a0<a href=\"http:\/\/bit.ly\/12mAD0p\" target=\"_blank\" rel=\"noopener\">#VoicesFromSocialMedia<\/a>\u00a0series, which compiles perspectives posted on social media by favela residents and activists about events and societal themes that arise.<\/h4>\n<h3>&#8216;Climate Anxiety&#8217; Goes Mainstream<\/h3>\n<p>These days in Rio de Janeiro, the temperature is already climbing even before Spring. Plastic swimming pools, once only set up in the summer, become a common presence in the backyards, rooftops, and alleys of favelas, and always earlier than the previous year. Children turn bathing\u2014with a hose, outdoor showers, in water tanks, or streams (which aren&#8217;t always clean)\u2014into a game as they spend the day cooling off. In the late afternoon, neighbors bring out chairs to get some fresh air and chat. These scenes are part of the daily life for many of us born in the favelas and peripheries of Rio on hot days.<\/p>\n<p>Despite such strategies to face the <a href=\"https:\/\/bit.ly\/47lcby1\" target=\"_blank\" rel=\"noopener\">scorching heat<\/a>, the season increasingly brings concerns and leads people to <a href=\"https:\/\/bit.ly\/FavelaClimateMemory\" target=\"_blank\" rel=\"noopener\">remember and relive the traumas<\/a> of devastating past summer <a href=\"https:\/\/bit.ly\/2Pej9zm\" target=\"_blank\" rel=\"noopener\">floods<\/a>. Though harsh rains are historically common at this time of year, they have become increasingly brutal and frequent due to chronic <a href=\"https:\/\/bit.ly\/1SQPOTc\" target=\"_blank\" rel=\"noopener\">State negligence<\/a> and <a href=\"https:\/\/bit.ly\/2p3Xk6X\" target=\"_blank\" rel=\"noopener\">climate change<\/a>.<\/p>\n<blockquote class=\"twitter-tweet\" data-media-max-width=\"560\">\n<p dir=\"ltr\" lang=\"pt\">Com \u00e1gua perto do pesco\u00e7o, moradora de Nova Igua\u00e7u faz desabafo ao viver estado de calamidade com enchente <a href=\"https:\/\/t.co\/Y4MUNcDmAx\">pic.twitter.com\/Y4MUNcDmAx<\/a><\/p>\n<p>\u2014 Jornal Destaque Baixada (@jornaldestaqueb) <a href=\"https:\/\/twitter.com\/jornaldestaqueb\/status\/1746381155962626245?ref_src=twsrc%5Etfw\">January 14, 2024<\/a><\/p><\/blockquote>\n<p><script async src=\"https:\/\/platform.twitter.com\/widgets.js\" charset=\"utf-8\"><\/script><\/p>\n<p>Approaches to these events have been the same for decades and have <a href=\"https:\/\/bit.ly\/3LdiLvn\" target=\"_blank\" rel=\"noopener\">proven repeatedly ineffective<\/a>. On the news and social media of authorities and public institutions, we are informed that <a href=\"http:\/\/glo.bo\/40HhiGj\" target=\"_blank\" rel=\"noopener\">next week&#8217;s heatwave<\/a> will be even stronger. The recommendations are always the same: \u201cdrink plenty of fluids,\u201d \u201cput on sunscreen,\u201d \u201cdon\u2019t leave the house unprotected.\u201d Certainly all important tips, but what realities are they addressing? Why do they not address the root of the question, or share reproducible and effective solutions to the problem? Who is this message meant to serve?<\/p>\n<blockquote class=\"twitter-tweet\">\n<p dir=\"ltr\" lang=\"pt\">Dias de muito calor exigem cuidados especiais. Por isso, mantenha-se hidratado, passe protetor solar, use roupas leves e evite atividades f\u00edsicas ao ar livre no per\u00edodo da tarde. Al\u00e9m disso, se for passear com o pet, prefira as horas mais frescas do dia.<\/p>\n<p>\u2014 Prefeitura do Rio (@Prefeitura_Rio) <a href=\"https:\/\/twitter.com\/Prefeitura_Rio\/status\/1747272500570890378?ref_src=twsrc%5Etfw\">January 16, 2024<\/a><\/p><\/blockquote>\n<p><script async src=\"https:\/\/platform.twitter.com\/widgets.js\" charset=\"utf-8\"><\/script><\/p>\n<p>Heat waves, floods, and landslides <a href=\"https:\/\/bit.ly\/369sG5B\" target=\"_blank\" rel=\"noopener\">generate<\/a> more and more fear, uncertainty, and demobilization. Climate emergency experts call this phenomenon <a href=\"https:\/\/bit.ly\/3UL3Y2H\" target=\"_blank\" rel=\"noopener\">climate anxiety<\/a>. The term is not exactly new, stemming from <a href=\"https:\/\/bit.ly\/4bAHyXI\" target=\"_blank\" rel=\"noopener\">ecopsychology<\/a> since the mid-1990s. However, its relevance has become increasingly evident as the debate on climate emergencies advances, imposing significant consequences on our mental well-being. The American Psychological Association (APA) <a href=\"https:\/\/bit.ly\/3OOuSCX\" target=\"_blank\" rel=\"noopener\">characterizes<\/a> climate anxiety as \u201ca chronic fear of environmental doom.<span style=\"font-weight: 400;\">\u201d<\/span><\/p>\n<blockquote class=\"twitter-tweet\">\n<p dir=\"ltr\" lang=\"pt\">Simplesmente n\u00e3o consigo dormir com a chuva sem dar tr\u00e9gua e \u00e0s mensagens, v\u00eddeos da casa das pessoas alagando.<\/p>\n<p>\u2014 Wesley Teixeira (@wesleyteixeiras) <a href=\"https:\/\/twitter.com\/wesleyteixeiras\/status\/1746401704755540120?ref_src=twsrc%5Etfw\">January 14, 2024<\/a><\/p><\/blockquote>\n<p><script async src=\"https:\/\/platform.twitter.com\/widgets.js\" charset=\"utf-8\"><\/script><\/p>\n<p>A survey carried out <a href=\"https:\/\/bit.ly\/3Sucx0i\" target=\"_blank\" rel=\"noopener\">in February 2020<\/a> found that two-thirds of American adults reported feeling at least some level of climate anxiety. Almost half of people under 34 said the stress caused by climate change is already affecting their lives.<\/p>\n<blockquote class=\"twitter-tweet\">\n<p dir=\"ltr\" lang=\"pt\">Recebi essa imagem de uma moradora do Jardim Am\u00e9rica, na Zona Norte do Rio, que teve a casa invadida pela chuva. \u00c9 de cortar o cora\u00e7\u00e3o. <a href=\"https:\/\/t.co\/VnZ06NvWg0\">pic.twitter.com\/VnZ06NvWg0<\/a><\/p>\n<p>\u2014 Jonas Di Andrade (@jonasdiandrade) <a href=\"https:\/\/twitter.com\/jonasdiandrade\/status\/1746584275430859225?ref_src=twsrc%5Etfw\">January 14, 2024<\/a><\/p><\/blockquote>\n<p><script async src=\"https:\/\/platform.twitter.com\/widgets.js\" charset=\"utf-8\"><\/script><\/p>\n<p>Also described as <a href=\"https:\/\/bit.ly\/3OblDfL\" target=\"_blank\" rel=\"noopener\">eco-anxiety<\/a>, climate anxiety is the chronic fear of catastrophes and irreversible environmental changes that affect one\u2019s overall sense of security. It can be characterized by feelings of loss, helplessness, and frustration in the face of environmental impacts, exacerbated by the belief that individual efforts are insignificant compared to the magnitude of the problem.<\/p>\n<blockquote class=\"twitter-tweet\">\n<p dir=\"ltr\" lang=\"pt\">J\u00e1 chorei mto e optei por n\u00e3o confrontar esse problema hoje. Do\u00eddo dms ouvir o tom de tristeza na voz do meu pai no celular pq n\u00e3o conseguiu ajudar a irm\u00e3 que mora na casa embaixo da nossa. Ela perdeu TUDO.<br \/>\nV\u00c1RIOS familiares meus ficaram com \u00e1gua na cintura e MTO preju\u00edzo &#x1f614;<\/p>\n<p>\u2014 Buba Aguiar (@BuubaAguiar) <a href=\"https:\/\/twitter.com\/BuubaAguiar\/status\/1746584018437501046?ref_src=twsrc%5Etfw\">January 14, 2024<\/a><\/p><\/blockquote>\n<p><script async src=\"https:\/\/platform.twitter.com\/widgets.js\" charset=\"utf-8\"><\/script><\/p>\n<p>The concept also does not have a single origin. Climate anxiety is a natural human expression that develops organically and has always existed, but it grows as concerns about climate change and the impact of socio-environmental devastation increase.<\/p>\n<h3>The Climate Crisis, A Catalyst of Inequalities<b><br \/>\n<\/b><\/h3>\n<p>In early 2024, environmental scientist and yoga teacher Tain\u00e1 Ant\u00f4nio published an important reflection on how environmental racism impacts the lives of Black favela residents on her profile. Her post quickly went viral on social media. The scientist revealed that, in Rio de Janeiro, rain is not just a meteorological event but a catalyst of inequalities where some face the cruel reality of losing everything: furniture, cars, and even their own lives or the lives of loved ones.<\/p>\n<blockquote class=\"instagram-media\" style=\"background: #FFF; border: 0; border-radius: 3px; box-shadow: 0 0 1px 0 rgba(0,0,0,0.5),0 1px 10px 0 rgba(0,0,0,0.15); margin: 1px; max-width: 540px; min-width: 326px; padding: 0; width: calc(100% - 2px);\" data-instgrm-captioned=\"\" data-instgrm-permalink=\"https:\/\/www.instagram.com\/p\/CoYl_dZrvzA\/?utm_source=ig_embed&amp;utm_campaign=loading\" data-instgrm-version=\"14\">\n<div style=\"padding: 16px;\">\n<p>&nbsp;<\/p>\n<div style=\"display: flex; flex-direction: row; align-items: center;\">\n<div style=\"background-color: #f4f4f4; border-radius: 50%; flex-grow: 0; height: 40px; margin-right: 14px; width: 40px;\"><\/div>\n<div style=\"display: flex; flex-direction: column; flex-grow: 1; justify-content: center;\">\n<div style=\"background-color: #f4f4f4; border-radius: 4px; flex-grow: 0; height: 14px; margin-bottom: 6px; width: 100px;\"><\/div>\n<div style=\"background-color: #f4f4f4; border-radius: 4px; flex-grow: 0; height: 14px; width: 60px;\"><\/div>\n<\/div>\n<\/div>\n<div style=\"padding: 19% 0;\"><\/div>\n<div style=\"display: block; height: 50px; margin: 0 auto 12px; width: 50px;\"><\/div>\n<div style=\"padding-top: 8px;\">\n<div style=\"color: #3897f0; font-family: Arial,sans-serif; font-size: 14px; font-style: normal; font-weight: 550; line-height: 18px;\">Ver essa foto no Instagram<\/div>\n<\/div>\n<div style=\"padding: 12.5% 0;\"><\/div>\n<div style=\"display: flex; flex-direction: row; margin-bottom: 14px; align-items: center;\">\n<div>\n<div style=\"background-color: #f4f4f4; border-radius: 50%; height: 12.5px; width: 12.5px; transform: translateX(0px) translateY(7px);\"><\/div>\n<div style=\"background-color: #f4f4f4; height: 12.5px; transform: rotate(-45deg) translateX(3px) translateY(1px); width: 12.5px; flex-grow: 0; margin-right: 14px; margin-left: 2px;\"><\/div>\n<div style=\"background-color: #f4f4f4; border-radius: 50%; height: 12.5px; width: 12.5px; transform: translateX(9px) translateY(-18px);\"><\/div>\n<\/div>\n<div style=\"margin-left: 8px;\">\n<div style=\"background-color: #f4f4f4; border-radius: 50%; flex-grow: 0; height: 20px; width: 20px;\"><\/div>\n<div style=\"width: 0; height: 0; border-top: 2px solid transparent; border-left: 6px solid #f4f4f4; border-bottom: 2px solid transparent; transform: translateX(16px) translateY(-4px) rotate(30deg);\"><\/div>\n<\/div>\n<div style=\"margin-left: auto;\">\n<div style=\"width: 0px; border-top: 8px solid #F4F4F4; border-right: 8px solid transparent; transform: translateY(16px);\"><\/div>\n<div style=\"background-color: #f4f4f4; flex-grow: 0; height: 12px; width: 16px; transform: translateY(-4px);\"><\/div>\n<div style=\"width: 0; height: 0; border-top: 8px solid #F4F4F4; border-left: 8px solid transparent; transform: translateY(-4px) translateX(8px);\"><\/div>\n<\/div>\n<\/div>\n<div style=\"display: flex; flex-direction: column; flex-grow: 1; justify-content: center; margin-bottom: 24px;\">\n<div style=\"background-color: #f4f4f4; border-radius: 4px; flex-grow: 0; height: 14px; margin-bottom: 6px; width: 224px;\"><\/div>\n<div style=\"background-color: #f4f4f4; border-radius: 4px; flex-grow: 0; height: 14px; width: 144px;\"><\/div>\n<\/div>\n<p>&nbsp;<\/p>\n<p style=\"color: #c9c8cd; font-family: Arial,sans-serif; font-size: 14px; line-height: 17px; margin-bottom: 0; margin-top: 8px; overflow: hidden; padding: 8px 0 7px; text-align: center; text-overflow: ellipsis; white-space: nowrap;\"><a style=\"color: #c9c8cd; font-family: Arial,sans-serif; font-size: 14px; font-style: normal; font-weight: normal; line-height: 17px; text-decoration: none;\" href=\"https:\/\/www.instagram.com\/p\/CoYl_dZrvzA\/?utm_source=ig_embed&amp;utm_campaign=loading\" target=\"_blank\" rel=\"noopener\">Uma publica\u00e7\u00e3o compartilhada por Tain\u00e1 Antonio | Cientista Ambiental e Prof. de Yoga (@yogamarginal)<\/a><\/p>\n<\/div>\n<\/blockquote>\n<p><script async src=\"\/\/www.instagram.com\/embed.js\"><\/script><\/p>\n<p>The pattern is clear and <a href=\"https:\/\/bit.ly\/41jEZ7s\" target=\"_blank\" rel=\"noopener\">repeats itself every year<\/a>, especially in summer, highlighting a correlation between <a href=\"https:\/\/bit.ly\/1SQPOTc\" target=\"_blank\" rel=\"noopener\">State negligence<\/a>, territory, and race. <a href=\"https:\/\/bit.ly\/3TXPKen\" target=\"_blank\" rel=\"noopener\">It is in the favelas<\/a> that the face of environmental racism is revealed <a href=\"https:\/\/bit.ly\/3LRWwhC\" target=\"_blank\" rel=\"noopener\">in the most tragic way<\/a>. In our context, <a href=\"https:\/\/bit.ly\/3U0HJVS\" target=\"_blank\" rel=\"noopener\">it is clear who experiences<\/a> the consequences of climate-related fear and negative mental health impacts most deeply.<\/p>\n<blockquote class=\"twitter-tweet\">\n<p dir=\"ltr\" lang=\"pt\">Muito louco como as duas coisas est\u00e3o acontecendo no mesmo momento no Rio de Janeiro<\/p>\n<p>No lado esquerdo um bloco na Zona Sul, no direito uma enchente na Zona Norte <a href=\"https:\/\/t.co\/Mw1BqupQYH\">pic.twitter.com\/Mw1BqupQYH<\/a><\/p>\n<p>\u2014 Iconografia da Hist\u00f3ria (@IconografiaDH) <a href=\"https:\/\/twitter.com\/IconografiaDH\/status\/1746641691690357003?ref_src=twsrc%5Etfw\">January 14, 2024<\/a><\/p><\/blockquote>\n<p><script async src=\"https:\/\/platform.twitter.com\/widgets.js\" charset=\"utf-8\"><\/script><\/p>\n<p><a href=\"https:\/\/bit.ly\/48CQji8\" target=\"_blank\" rel=\"noopener\">A survey<\/a> by Brazil&#8217;s National Confederation of Municipalities brought to light the extent of the damage caused by rains and droughts in Brazil in 2023: 5.8 million Brazilians were directly impacted, facing human losses, displacement, and considerable economic losses. Extreme weather events already harm infrastructure and the economy, but they also have a profound psychological effect on the lives of millions of citizens. This panorama reinforces the urgency of preventive approaches and adaptation strategies in the face of climate change, aiming to protect vulnerable communities. Given the inevitability of extreme weather events, which will continue to occur with increasing frequency, it is urgent and necessary to <a href=\"https:\/\/bit.ly\/3fYkBps\" target=\"_blank\" rel=\"noopener\">build resilient favelas<\/a>.<\/p>\n<blockquote class=\"twitter-tweet\">\n<p dir=\"ltr\" lang=\"pt\">N\u00e3o d\u00e1 pra ser pobre e perif\u00e9rico e estar de boas com a chuva.<br \/>\nNossas cidades n\u00e3o foram feitas pra evitar nossa galera de correr risco de vida e perder seus pertences.<br \/>\nCada vez mais chegam not\u00edcias tristes de alagamentos nas ruas e casas.<br \/>\nPrecisamos de adapta\u00e7\u00e3o clim\u00e1tica j\u00e1!<\/p>\n<p>\u2014 Thuane (@thuxthuane) <a href=\"https:\/\/twitter.com\/thuxthuane\/status\/1746393793983655974?ref_src=twsrc%5Etfw\">January 14, 2024<\/a><\/p><\/blockquote>\n<p><script async src=\"https:\/\/platform.twitter.com\/widgets.js\" charset=\"utf-8\"><\/script><\/p>\n<p>When considering these climate events, favelas are primarily affected through three main channels: <a href=\"http:\/\/bit.ly\/2ZLiRUG\" target=\"_blank\" rel=\"noopener\">heat waves<\/a>, <a href=\"https:\/\/bit.ly\/3lPykBL\" target=\"_blank\" rel=\"noopener\">flooding rivers<\/a>, and <a href=\"https:\/\/bit.ly\/3vLUpGh\" target=\"_blank\" rel=\"noopener\">rising sea levels<\/a>. A <a href=\"https:\/\/bit.ly\/3SkltoL\" target=\"_blank\" rel=\"noopener\">recent study<\/a> titled <em>Risk Analyses and Climate Vulnerabilities of the Favelas of Mar\u00e9<\/em> was conducted by grassroots group <a href=\"https:\/\/bit.ly\/2JViAZB\" target=\"_blank\" rel=\"noopener\">Redes da Mar\u00e9<\/a> in partnership with <a href=\"https:\/\/bit.ly\/41Z2bIC\" target=\"_blank\" rel=\"noopener\">Way Carbon<\/a>. The study highlighted the key risks identified across <a href=\"https:\/\/bit.ly\/2IgZ9Y4\" target=\"_blank\" rel=\"noopener\">Mar\u00e9<\/a>, the most vulnerable points, the impacts on people&#8217;s lives and local infrastructure, and provided examples of measures that can be adopted to mitigate these impacts.<\/p>\n<p>The study proposes tactics to address these processes, such as <a href=\"http:\/\/bit.ly\/2ZLiRUG\" target=\"_blank\" rel=\"noopener\">green roofs<\/a>. This strategy involves covering roofs with vegetation, which reduces internal temperatures and improves the local microclimate, in addition to filtering rainwater for intelligent water storage systems. The study makes it clear that there is no public policy or solution for communities that can emerge without <a href=\"http:\/\/bit.ly\/1rkcjHD\" target=\"_blank\" rel=\"noopener\">active listening and participation<\/a> of residents. It is necessary to map the hardships of the populations living in these areas to understand how to alleviate them. The key is collaboration between public authorities, organized civil society, and communities. Only through this approach can efficient actions be consolidated to mitigate the impacts of climate emergencies in favelas and urban peripheries.<\/p>\n<blockquote class=\"instagram-media\" style=\"background: #FFF; border: 0; border-radius: 3px; box-shadow: 0 0 1px 0 rgba(0,0,0,0.5),0 1px 10px 0 rgba(0,0,0,0.15); margin: 1px; max-width: 540px; min-width: 326px; padding: 0; width: calc(100% - 2px);\" data-instgrm-captioned=\"\" data-instgrm-permalink=\"https:\/\/www.instagram.com\/reel\/C2GmiPpr_69\/?utm_source=ig_embed&amp;utm_campaign=loading\" data-instgrm-version=\"14\">\n<div style=\"padding: 16px;\">\n<div style=\"display: flex; flex-direction: row; align-items: center;\">\n<div style=\"background-color: #f4f4f4; border-radius: 50%; flex-grow: 0; height: 40px; margin-right: 14px; width: 40px;\"><\/div>\n<div style=\"display: flex; flex-direction: column; flex-grow: 1; justify-content: center;\">\n<div style=\"background-color: #f4f4f4; border-radius: 4px; flex-grow: 0; height: 14px; margin-bottom: 6px; width: 100px;\"><\/div>\n<div style=\"background-color: #f4f4f4; border-radius: 4px; flex-grow: 0; height: 14px; width: 60px;\"><\/div>\n<\/div>\n<\/div>\n<div style=\"padding: 19% 0;\"><\/div>\n<div style=\"display: block; height: 50px; margin: 0 auto 12px; width: 50px;\"><\/div>\n<div style=\"padding-top: 8px;\">\n<div style=\"color: #3897f0; font-family: Arial,sans-serif; font-size: 14px; font-style: normal; font-weight: 550; line-height: 18px;\">Ver essa foto no Instagram<\/div>\n<\/div>\n<div style=\"padding: 12.5% 0;\"><\/div>\n<div style=\"display: flex; flex-direction: row; margin-bottom: 14px; align-items: center;\">\n<div>\n<div style=\"background-color: #f4f4f4; border-radius: 50%; height: 12.5px; width: 12.5px; transform: translateX(0px) translateY(7px);\"><\/div>\n<div style=\"background-color: #f4f4f4; height: 12.5px; transform: rotate(-45deg) translateX(3px) translateY(1px); width: 12.5px; flex-grow: 0; margin-right: 14px; margin-left: 2px;\"><\/div>\n<div style=\"background-color: #f4f4f4; border-radius: 50%; height: 12.5px; width: 12.5px; transform: translateX(9px) translateY(-18px);\"><\/div>\n<\/div>\n<div style=\"margin-left: 8px;\">\n<div style=\"background-color: #f4f4f4; border-radius: 50%; flex-grow: 0; height: 20px; width: 20px;\"><\/div>\n<div style=\"width: 0; height: 0; border-top: 2px solid transparent; border-left: 6px solid #f4f4f4; border-bottom: 2px solid transparent; transform: translateX(16px) translateY(-4px) rotate(30deg);\"><\/div>\n<\/div>\n<div style=\"margin-left: auto;\">\n<div style=\"width: 0px; border-top: 8px solid #F4F4F4; border-right: 8px solid transparent; transform: translateY(16px);\"><\/div>\n<div style=\"background-color: #f4f4f4; flex-grow: 0; height: 12px; width: 16px; transform: translateY(-4px);\"><\/div>\n<div style=\"width: 0; height: 0; border-top: 8px solid #F4F4F4; border-left: 8px solid transparent; transform: translateY(-4px) translateX(8px);\"><\/div>\n<\/div>\n<\/div>\n<div style=\"display: flex; flex-direction: column; flex-grow: 1; justify-content: center; margin-bottom: 24px;\">\n<div style=\"background-color: #f4f4f4; border-radius: 4px; flex-grow: 0; height: 14px; margin-bottom: 6px; width: 224px;\"><\/div>\n<div style=\"background-color: #f4f4f4; border-radius: 4px; flex-grow: 0; height: 14px; width: 144px;\"><\/div>\n<\/div>\n<p>&nbsp;<\/p>\n<p style=\"color: #c9c8cd; font-family: Arial,sans-serif; font-size: 14px; line-height: 17px; margin-bottom: 0; margin-top: 8px; overflow: hidden; padding: 8px 0 7px; text-align: center; text-overflow: ellipsis; white-space: nowrap;\"><a style=\"color: #c9c8cd; font-family: Arial,sans-serif; font-size: 14px; font-style: normal; font-weight: normal; line-height: 17px; text-decoration: none;\" href=\"https:\/\/www.instagram.com\/reel\/C2GmiPpr_69\/?utm_source=ig_embed&amp;utm_campaign=loading\" target=\"_blank\" rel=\"noopener\">Uma publica\u00e7\u00e3o compartilhada por Anielle Franco (@aniellefranco)<\/a><\/p>\n<\/div>\n<\/blockquote>\n<p><script async src=\"\/\/www.instagram.com\/embed.js\"><\/script><\/p>\n<p>In our context, in Rio de Janeiro, climate anxiety is not just an emotional state, but an echo of environmental racism and historic socio-environmental inequalities. As we face imminent catastrophes, eco-anxiety urges us to rethink our role in protecting the planet and creating more resilient communities. Just like pathological anxiety, which, when accompanied by a therapist, amplifies our ability to concentrate and can motivates us, climate anxiety should be treated in the same way. Public health facilities, such as family clinics, should prepare to offer treatment options to residents of climatically vulnerable areas.<\/p>\n<figure id=\"attachment_77464\" aria-describedby=\"caption-attachment-77464\" style=\"width: 984px\" class=\"wp-caption aligncenter\"><a href=\"https:\/\/rioonwatch.org\/wp-content\/uploads\/2024\/02\/Dona-Norma-de-Morais-70-tries-to-go-on-with-her-everyday-life-with-what-little-she-has-left.jpg\"><img loading=\"lazy\" decoding=\"async\" class=\"wp-image-77464 size-full\" title=\"Dona Norma de Morais, 70, tries to carry on with what little she can of her routine. In the midst of the climate disaster, caused by environmental racism and State negligence, the elderly resident of Jardim Am\u00e9rica makes coffee even with water up to her waist and almost reaching the level of the flame. Personal archive\" src=\"https:\/\/rioonwatch.org\/wp-content\/uploads\/2024\/02\/Dona-Norma-de-Morais-70-tries-to-go-on-with-her-everyday-life-with-what-little-she-has-left.jpg\" alt=\"Dona Norma de Morais, 70, tries to carry on with what little she can of her routine. In the midst of the climate disaster, caused by environmental racism and State negligence, the elderly resident of Jardim Am\u00e9rica makes coffee even with water up to her waist and almost reaching the level of the flame. Personal archive\" width=\"984\" height=\"1312\" srcset=\"https:\/\/rioonwatch.org\/wp-content\/uploads\/2024\/02\/Dona-Norma-de-Morais-70-tries-to-go-on-with-her-everyday-life-with-what-little-she-has-left.jpg 984w, https:\/\/rioonwatch.org\/wp-content\/uploads\/2024\/02\/Dona-Norma-de-Morais-70-tries-to-go-on-with-her-everyday-life-with-what-little-she-has-left-465x620.jpg 465w, https:\/\/rioonwatch.org\/wp-content\/uploads\/2024\/02\/Dona-Norma-de-Morais-70-tries-to-go-on-with-her-everyday-life-with-what-little-she-has-left-472x629.jpg 472w, https:\/\/rioonwatch.org\/wp-content\/uploads\/2024\/02\/Dona-Norma-de-Morais-70-tries-to-go-on-with-her-everyday-life-with-what-little-she-has-left-768x1024.jpg 768w\" sizes=\"(max-width: 984px) 100vw, 984px\" \/><\/a><figcaption id=\"caption-attachment-77464\" class=\"wp-caption-text\">Dona Norma de Morais, 70, tries to carry on with what little she can of her routine. In the midst of the climate disaster, caused by environmental racism and State negligence, the elderly resident of Jardim Am\u00e9rica makes coffee even with water up to her waist and almost reaching the level of the flame. Photo Source: Personal Archive<\/figcaption><\/figure>\n<p>From this perspective, it is essential to analyze the risks and vulnerabilities of each favela and create solutions for the collective problem known today as climate anxiety. The path forward is a combination of grassroots collective actions to raise socio-environmental awareness, and an interdisciplinary range of public policies aimed at everything from infrastructure, health, environment, humanitarian relief, crisis management efficiency, to restoration efforts. Without these measures, overcoming the challenge of collective health in favelas and peripheries will not be possible.<\/p>\n<blockquote class=\"instagram-media\" style=\"background: #FFF; border: 0; border-radius: 3px; box-shadow: 0 0 1px 0 rgba(0,0,0,0.5),0 1px 10px 0 rgba(0,0,0,0.15); margin: 1px; max-width: 540px; min-width: 326px; padding: 0; width: calc(100% - 2px);\" data-instgrm-captioned=\"\" data-instgrm-permalink=\"https:\/\/www.instagram.com\/p\/C2Ib_OuxJ53\/?utm_source=ig_embed&amp;utm_campaign=loading\" data-instgrm-version=\"14\">\n<div style=\"padding: 16px;\">\n<p>&nbsp;<\/p>\n<div style=\"display: flex; flex-direction: row; align-items: center;\">\n<div style=\"background-color: #f4f4f4; border-radius: 50%; flex-grow: 0; height: 40px; margin-right: 14px; width: 40px;\"><\/div>\n<div style=\"display: flex; flex-direction: column; flex-grow: 1; justify-content: center;\">\n<div style=\"background-color: #f4f4f4; border-radius: 4px; flex-grow: 0; height: 14px; margin-bottom: 6px; width: 100px;\"><\/div>\n<div style=\"background-color: #f4f4f4; border-radius: 4px; flex-grow: 0; height: 14px; width: 60px;\"><\/div>\n<\/div>\n<\/div>\n<div style=\"padding: 19% 0;\"><\/div>\n<div style=\"display: block; height: 50px; margin: 0 auto 12px; width: 50px;\"><\/div>\n<div style=\"padding-top: 8px;\">\n<div style=\"color: #3897f0; font-family: Arial,sans-serif; font-size: 14px; font-style: normal; font-weight: 550; line-height: 18px;\">View this post on Instagram<\/div>\n<\/div>\n<div style=\"padding: 12.5% 0;\"><\/div>\n<div style=\"display: flex; flex-direction: row; margin-bottom: 14px; align-items: center;\">\n<div>\n<div style=\"background-color: #f4f4f4; border-radius: 50%; height: 12.5px; width: 12.5px; transform: translateX(0px) translateY(7px);\"><\/div>\n<div style=\"background-color: #f4f4f4; height: 12.5px; transform: rotate(-45deg) translateX(3px) translateY(1px); width: 12.5px; flex-grow: 0; margin-right: 14px; margin-left: 2px;\"><\/div>\n<div style=\"background-color: #f4f4f4; border-radius: 50%; height: 12.5px; width: 12.5px; transform: translateX(9px) translateY(-18px);\"><\/div>\n<\/div>\n<div style=\"margin-left: 8px;\">\n<div style=\"background-color: #f4f4f4; border-radius: 50%; flex-grow: 0; height: 20px; width: 20px;\"><\/div>\n<div style=\"width: 0; height: 0; border-top: 2px solid transparent; border-left: 6px solid #f4f4f4; border-bottom: 2px solid transparent; transform: translateX(16px) translateY(-4px) rotate(30deg);\"><\/div>\n<\/div>\n<div style=\"margin-left: auto;\">\n<div style=\"width: 0px; border-top: 8px solid #F4F4F4; border-right: 8px solid transparent; transform: translateY(16px);\"><\/div>\n<div style=\"background-color: #f4f4f4; flex-grow: 0; height: 12px; width: 16px; transform: translateY(-4px);\"><\/div>\n<div style=\"width: 0; height: 0; border-top: 8px solid #F4F4F4; border-left: 8px solid transparent; transform: translateY(-4px) translateX(8px);\"><\/div>\n<\/div>\n<\/div>\n<div style=\"display: flex; flex-direction: column; flex-grow: 1; justify-content: center; margin-bottom: 24px;\">\n<div style=\"background-color: #f4f4f4; border-radius: 4px; flex-grow: 0; height: 14px; margin-bottom: 6px; width: 224px;\"><\/div>\n<div style=\"background-color: #f4f4f4; border-radius: 4px; flex-grow: 0; height: 14px; width: 144px;\"><\/div>\n<\/div>\n<p>&nbsp;<\/p>\n<p style=\"color: #c9c8cd; font-family: Arial,sans-serif; font-size: 14px; line-height: 17px; margin-bottom: 0; margin-top: 8px; overflow: hidden; padding: 8px 0 7px; text-align: center; text-overflow: ellipsis; white-space: nowrap;\"><a style=\"color: #c9c8cd; font-family: Arial,sans-serif; font-size: 14px; font-style: normal; font-weight: normal; line-height: 17px; text-decoration: none;\" href=\"https:\/\/www.instagram.com\/p\/C2Ib_OuxJ53\/?utm_source=ig_embed&amp;utm_campaign=loading\" target=\"_blank\" rel=\"noopener\">A post shared by Movimenta Caxias (@movimentacaxias)<\/a><\/p>\n<\/div>\n<\/blockquote>\n<p><script src=\"\/\/www.instagram.com\/embed.js\" async=\"\"><\/script><\/p>\n<p><i>About the author:\u00a0<a href=\"https:\/\/bit.ly\/3xlebFl\" target=\"_blank\" rel=\"noopener\">Cleyton Santanna<\/a>\u00a0holds degrees in journalism and screenwriting from Federal Rural University of Rio de Janeiro (<\/i><a href=\"http:\/\/bit.ly\/2XT3dYf\" target=\"_blank\" rel=\"noopener\"><i>UFRRJ<\/i><\/a>)<i>\u00a0and the\u00a0<\/i><a href=\"http:\/\/bit.ly\/3pGPU6Q\" target=\"_blank\" rel=\"noopener\"><i>CriaAtivo Film School<\/i><\/a><i>. He uses\u00a0<\/i><a href=\"http:\/\/bit.ly\/3qGqBDt\" target=\"_blank\" rel=\"noopener\"><i>his YouTube channel<\/i><\/a><i>\u00a0to address oddities, ancestry, and Afro-Brazilian culture. In 2017, he produced two documentaries: \u201cEntre Negros\u201d (Between Blacks) and \u201c<\/i><a href=\"https:\/\/bit.ly\/2P1xdyj\" target=\"_blank\" rel=\"noopener\"><i>Tudo Vai Ficar Bem<\/i><\/a><i>\u201d (Everything is Gonna Be OK), and was recognized as a screenwriter in 2018 by the Creative Economy Network for the short \u201c<\/i><a href=\"https:\/\/bit.ly\/3bGKRib\" target=\"_blank\" rel=\"noopener\"><i>Vandinho<\/i><\/a><i>.\u201d He is currently a communicator for the Museum of Tomorrow and hosts the\u00a0<\/i><a href=\"http:\/\/spoti.fi\/2OQPVsg\" target=\"_blank\" rel=\"noopener\"><i>Influ\u00eancia Negra<\/i><\/a><i>\u00a0podcast.<\/i><\/p>\n<hr \/>\n<h4>Support RioOnWatch\u2019s tireless, critical and cutting-edge hyperlocal journalism, online community organizing meetings, and direct support to favelas\u00a0<a href=\"http:\/\/bit.ly\/FavelaCovidResponse\" target=\"_blank\" rel=\"noopener\">by clicking here<\/a>.<\/h4>\n","protected":false},"excerpt":{"rendered":"<div class=\"mh-excerpt\"><p>Clique aqui para Portugu\u00eas This article is part of a\u00a0series\u00a0created in partnership with the\u00a0Behner Stiefel Center for Brazilian Studies\u00a0at San Diego State University, to produce articles for the\u00a0Digital Brazil Project\u00a0on environmental justice in the favelas <a class=\"mh-excerpt-more\" href=\"https:\/\/rioonwatch.org\/?p=77458\" title=\"Climate Anxiety in Rio de Janeiro&#8217;s Favelas Is the Echo of Environmental Racism, Say #VoicesFromSocialMedia [REFERENCE]\">[&#8230;]<\/a><\/p>\n<\/div>","protected":false},"author":245,"featured_media":77459,"comment_status":"closed","ping_status":"closed","sticky":false,"template":"template-full.php","format":"standard","meta":{"_monsterinsights_skip_tracking":false,"_monsterinsights_sitenote_active":false,"_monsterinsights_sitenote_note":"","_monsterinsights_sitenote_category":0,"footnotes":""},"categories":[1288,1328,3477,1268,452,336],"tags":[1087,472,3406,280,3597,2436,803,78,182,203,878,1862,423,1817,13,1555,1616,2400,3011],"writer":[3286],"translator":[3658],"illustrator":[],"photographer":[],"class_list":{"0":"post-77458","1":"post","2":"type-post","3":"status-publish","4":"format-standard","5":"has-post-thumbnail","7":"category-highlight","8":"category-by-community-contributors","9":"category-climate-justice","10":"category-favelaculture","11":"category-rio20","12":"category-violations","13":"tag-voicesfromsocialmedia","14":"tag-climate-change","15":"tag-climate-justice","16":"tag-complexo-da-mare","17":"tag-eco-anxiety","18":"tag-environmental-justice","19":"tag-flood-risk","20":"tag-floods","21":"tag-government-neglect","22":"tag-inequality","23":"tag-international-comparison","24":"tag-mental-health","25":"tag-psychological-terror","26":"tag-psychology","27":"tag-rain","28":"tag-redes-de-desenvolvimento-da-mare","29":"tag-reference","30":"tag-resilience","31":"tag-series-human-rights-with-support-from-the-behner-stiefel-center-at-sdsu","32":"writer-cleyton-santanna","33":"translator-hannah-mckenzie"},"_links":{"self":[{"href":"https:\/\/rioonwatch.org\/index.php?rest_route=\/wp\/v2\/posts\/77458","targetHints":{"allow":["GET"]}}],"collection":[{"href":"https:\/\/rioonwatch.org\/index.php?rest_route=\/wp\/v2\/posts"}],"about":[{"href":"https:\/\/rioonwatch.org\/index.php?rest_route=\/wp\/v2\/types\/post"}],"author":[{"embeddable":true,"href":"https:\/\/rioonwatch.org\/index.php?rest_route=\/wp\/v2\/users\/245"}],"replies":[{"embeddable":true,"href":"https:\/\/rioonwatch.org\/index.php?rest_route=%2Fwp%2Fv2%2Fcomments&post=77458"}],"version-history":[{"count":0,"href":"https:\/\/rioonwatch.org\/index.php?rest_route=\/wp\/v2\/posts\/77458\/revisions"}],"wp:featuredmedia":[{"embeddable":true,"href":"https:\/\/rioonwatch.org\/index.php?rest_route=\/wp\/v2\/media\/77459"}],"wp:attachment":[{"href":"https:\/\/rioonwatch.org\/index.php?rest_route=%2Fwp%2Fv2%2Fmedia&parent=77458"}],"wp:term":[{"taxonomy":"category","embeddable":true,"href":"https:\/\/rioonwatch.org\/index.php?rest_route=%2Fwp%2Fv2%2Fcategories&post=77458"},{"taxonomy":"post_tag","embeddable":true,"href":"https:\/\/rioonwatch.org\/index.php?rest_route=%2Fwp%2Fv2%2Ftags&post=77458"},{"taxonomy":"writer","embeddable":true,"href":"https:\/\/rioonwatch.org\/index.php?rest_route=%2Fwp%2Fv2%2Fwriter&post=77458"},{"taxonomy":"translator","embeddable":true,"href":"https:\/\/rioonwatch.org\/index.php?rest_route=%2Fwp%2Fv2%2Ftranslator&post=77458"},{"taxonomy":"illustrator","embeddable":true,"href":"https:\/\/rioonwatch.org\/index.php?rest_route=%2Fwp%2Fv2%2Fillustrator&post=77458"},{"taxonomy":"photographer","embeddable":true,"href":"https:\/\/rioonwatch.org\/index.php?rest_route=%2Fwp%2Fv2%2Fphotographer&post=77458"}],"curies":[{"name":"wp","href":"https:\/\/api.w.org\/{rel}","templated":true}]}}