{"id":77504,"date":"2024-03-08T10:03:13","date_gmt":"2024-03-08T13:03:13","guid":{"rendered":"https:\/\/rioonwatch.org\/?p=77504"},"modified":"2025-08-07T12:10:59","modified_gmt":"2025-08-07T15:10:59","slug":"this-womens-day-learn-about-carolina-maria-de-jesus-a-historic-afro-brazilian-author-from-the-favelas","status":"publish","type":"post","link":"https:\/\/rioonwatch.org\/?p=77504","title":{"rendered":"This Women\u2019s Day, Learn About the Ongoing Relevance of Carolina Maria de Jesus, a Historic Afro-Brazilian Author from the Favelas [REVIEW]"},"content":{"rendered":"<figure id=\"attachment_77505\" aria-describedby=\"caption-attachment-77505\" style=\"width: 1920px\" class=\"wp-caption aligncenter\"><a href=\"https:\/\/rioonwatch.org\/wp-content\/uploads\/2024\/03\/Carolina-Maria-de-Jesus-on-May-27-1952.-Photo-Norberto-Esteves-Jornal-Ultima-Hora-Sao-Paulo-Public-Archives-State-of-Sao-Paulo.jpg\"><img fetchpriority=\"high\" decoding=\"async\" class=\"wp-image-77505 size-full\" title=\"Carolina Maria de Jesus on May 27, 1952. Photo: Norberto Esteves\/ Jornal \u00daltima Hora, S\u00e3o Paulo. Collection: Public Archive of the State of S\u00e3o Paulo\" src=\"https:\/\/rioonwatch.org\/wp-content\/uploads\/2024\/03\/Carolina-Maria-de-Jesus-on-May-27-1952.-Photo-Norberto-Esteves-Jornal-Ultima-Hora-Sao-Paulo-Public-Archives-State-of-Sao-Paulo.jpg\" alt=\"Carolina Maria de Jesus on May 27, 1952. Photo: Norberto Esteves\/ Jornal \u00daltima Hora, S\u00e3o Paulo. Collection: Public Archive of the State of S\u00e3o Paulo\" width=\"1920\" height=\"1080\" srcset=\"https:\/\/rioonwatch.org\/wp-content\/uploads\/2024\/03\/Carolina-Maria-de-Jesus-on-May-27-1952.-Photo-Norberto-Esteves-Jornal-Ultima-Hora-Sao-Paulo-Public-Archives-State-of-Sao-Paulo.jpg 1920w, https:\/\/rioonwatch.org\/wp-content\/uploads\/2024\/03\/Carolina-Maria-de-Jesus-on-May-27-1952.-Photo-Norberto-Esteves-Jornal-Ultima-Hora-Sao-Paulo-Public-Archives-State-of-Sao-Paulo-620x349.jpg 620w, https:\/\/rioonwatch.org\/wp-content\/uploads\/2024\/03\/Carolina-Maria-de-Jesus-on-May-27-1952.-Photo-Norberto-Esteves-Jornal-Ultima-Hora-Sao-Paulo-Public-Archives-State-of-Sao-Paulo-1118x629.jpg 1118w, https:\/\/rioonwatch.org\/wp-content\/uploads\/2024\/03\/Carolina-Maria-de-Jesus-on-May-27-1952.-Photo-Norberto-Esteves-Jornal-Ultima-Hora-Sao-Paulo-Public-Archives-State-of-Sao-Paulo-768x432.jpg 768w\" sizes=\"(max-width: 1920px) 100vw, 1920px\" \/><\/a><figcaption id=\"caption-attachment-77505\" class=\"wp-caption-text\">Carolina Maria de Jesus on May 27, 1952. Photo: Norberto Esteves\/ <em>Jornal \u00daltima Hora<\/em>, S\u00e3o Paulo. <span style=\"font-weight: 400;\">Collection: Public Archive of the State of S\u00e3o Paulo<\/span><\/figcaption><\/figure>\n<h4 style=\"text-align: right;\"><a href=\"https:\/\/bit.ly\/3Tm63jl\" target=\"_blank\" rel=\"noopener\"><span class=\"s1\"><i>Clique aqui para Portugu\u00eas<\/i><\/span><span class=\"s2\"><i><span class=\"Apple-converted-space\"><em><img decoding=\"async\" class=\"alignright size-full wp-image-23766\" src=\"https:\/\/www.rioonwatch.org\/wp-content\/uploads\/2012\/08\/PT-e1439583827971.png\" width=\"20\" height=\"20\" \/><\/em><\/span><\/i><\/span><\/a><\/h4>\n<h3>A Brazilian Literary Classic<\/h3>\n<p>Carolina Maria de Jesus said so much about Brazil. Her writing, charged with feeling and indignation, reflected a difficult reality not only experienced by the writer herself, decades ago, but by millions of Brazilians even today. Her works are documents that bear witness to the resistance of a Black woman from the favela. Leaving the countryside in her home state of <a href=\"https:\/\/bit.ly\/2YXnvNH\" target=\"_blank\" rel=\"noopener\">Minas Gerais<\/a>, she moved to <a href=\"https:\/\/bit.ly\/3TFZtpp\" target=\"_blank\" rel=\"noopener\">Favela do Canind\u00e9<\/a> in central <a href=\"https:\/\/bit.ly\/2KVmAZH\" target=\"_blank\" rel=\"noopener\">S\u00e3o Paulo<\/a>, from where her literary and poetic works earned their place in Brazil&#8217;s <a href=\"https:\/\/bit.ly\/23kG6zk\" target=\"_blank\" rel=\"noopener\">literary canon<\/a> and in the ongoing fight against racism. She also made significant contributions to the national socioeconomic debate.<\/p>\n<p><span style=\"font-weight: 400;\">Carolina Maria de Jesus\u2019 contributions still inspires the emergence of new Black intellectuals from peripheral neighborhoods, such as Marcelle Leal, a Black woman raised in Rio de Janeiro\u2019s <\/span><a href=\"https:\/\/bit.ly\/2IgR5qe\" target=\"_blank\" rel=\"noopener\"><span style=\"font-weight: 400;\">North Zone<\/span><\/a><span style=\"font-weight: 400;\"> neighborhood of <a href=\"https:\/\/bit.ly\/3TgAsAD\" target=\"_blank\" rel=\"noopener\">Bento Ribeiro<\/a><\/span><span style=\"font-weight: 400;\">, a scholar on <a href=\"https:\/\/bit.ly\/1ByZfxO\" target=\"_blank\" rel=\"noopener\">Carolina Maria de Jesus<\/a><\/span><span style=\"font-weight: 400;\"> and PhD in Literary Theory from the Federal University of Rio de Janeiro (UFRJ). She studies the <\/span><a href=\"https:\/\/bit.ly\/48yGTE5\" target=\"_blank\" rel=\"noopener\"><span style=\"font-weight: 400;\">writer&#8217;s travels<\/span><\/a><span style=\"font-weight: 400;\"> in South America, as well as <\/span><a href=\"https:\/\/bit.ly\/1OQHcc5\" target=\"_blank\" rel=\"noopener\"><span style=\"font-weight: 400;\">\u200b\u200bfeminism<\/span><\/a><span style=\"font-weight: 400;\"> and <\/span><a href=\"https:\/\/bit.ly\/4aJ9ZT4\" target=\"_blank\" rel=\"noopener\"><span style=\"font-weight: 400;\">Black Brazilian literature<\/span><\/a><span style=\"font-weight: 400;\">. According to Leal, just as Carolina Maria de Jesus demonstrates in her work: \u201cracism, extreme poverty, and inequality cannot be normalized.\u201d For Leal, this is one of the most valuable contributions by de Jesus, the most consequential author on Brazilian socioeconomic thought.<\/span><\/p>\n<p>Because of her impact, the <a href=\"https:\/\/bit.ly\/3T2tyNU\" target=\"_blank\" rel=\"noopener\"><i>Carolina Maria de Jesus: Brazil for Brazilians<\/i><\/a> exhibition was opened to the public in late 2023 at the Rio Art Museum (MAR). The exhibition told the story of the writer and how her work forever changed Brazil.<\/p>\n<p>Her best-known book, <em>Quarto de Despejo<\/em> (published in English as <a href=\"http:\/\/amzn.to\/1QrzVoe\" target=\"_blank\" rel=\"noopener\"><em>Child of the Dark<\/em><\/a> and considered a literary classic), has been translated into <a href=\"https:\/\/bit.ly\/48E69IC\" target=\"_blank\" rel=\"noopener\">13 languages<\/a>. The book features her experiences as a Black woman living in a favela <a href=\"https:\/\/bit.ly\/48wX7NF\" target=\"_blank\" rel=\"noopener\">dealing with the challenges<\/a> she faced in supporting her family, and her worldview.<\/p>\n<blockquote><p>&#8220;<em>Child of the Dark<\/em> is a work that allows us to understand Brazil from the perspective of those who experience the country in its most vivid capacity.&#8221; \u2014 Marcelle Leal<\/p><\/blockquote>\n<figure id=\"attachment_77507\" aria-describedby=\"caption-attachment-77507\" style=\"width: 1920px\" class=\"wp-caption aligncenter\"><a href=\"https:\/\/rioonwatch.org\/wp-content\/uploads\/2024\/03\/Carolina-Maria-de-Jesus-signs-one-of-her-books-for-a-fan.jpg\"><img decoding=\"async\" class=\"wp-image-77507 size-full\" title=\"Brazilian writer Carolina Maria de Jesus during a book signing for the launch of her book Child of the Dark in a S\u00e3o Paulo bookstore on Rua Marconi, September 9, 1960. Photo: UH Archive\/Folhapress\" src=\"https:\/\/rioonwatch.org\/wp-content\/uploads\/2024\/03\/Carolina-Maria-de-Jesus-signs-one-of-her-books-for-a-fan.jpg\" alt=\"Brazilian writer Carolina Maria de Jesus during a book signing for the launch of her book Child of the Dark in a S\u00e3o Paulo bookstore on Rua Marconi, September 9, 1960. Photo: UH Archive\/Folhapress\" width=\"1920\" height=\"1080\" srcset=\"https:\/\/rioonwatch.org\/wp-content\/uploads\/2024\/03\/Carolina-Maria-de-Jesus-signs-one-of-her-books-for-a-fan.jpg 1920w, https:\/\/rioonwatch.org\/wp-content\/uploads\/2024\/03\/Carolina-Maria-de-Jesus-signs-one-of-her-books-for-a-fan-620x349.jpg 620w, https:\/\/rioonwatch.org\/wp-content\/uploads\/2024\/03\/Carolina-Maria-de-Jesus-signs-one-of-her-books-for-a-fan-1118x629.jpg 1118w, https:\/\/rioonwatch.org\/wp-content\/uploads\/2024\/03\/Carolina-Maria-de-Jesus-signs-one-of-her-books-for-a-fan-768x432.jpg 768w\" sizes=\"(max-width: 1920px) 100vw, 1920px\" \/><\/a><figcaption id=\"caption-attachment-77507\" class=\"wp-caption-text\">Brazilian writer Carolina Maria de Jesus during a book signing for the launch of her book <i><span style=\"font-weight: 400;\">Child of the Dark<\/span><\/i><span style=\"font-weight: 400;\"> in a S\u00e3o Paulo bookstore on Rua Marconi, September 9, 1960. Photo: UH Archive\/<em>Folhapress<\/em><\/span><\/figcaption><\/figure>\n<h3>Socioeconomic Lessons From Carolina Maria de Jesus<\/h3>\n<blockquote><p><span style=\"font-weight: 400;\">&#8220;Unfortunately, racism follows her to this day. We must remember that there is still inadequate organization and preservation of her writings. Some of her original works are still scattered around the world or under the tutelage of people who improperly appropriate her collection of works. Society insists on determining the place it reserves for Black people, but, in individual and collective movements, there are resistances and subversions, just like Carolina.&#8221; \u2014 Marcelle Leal<\/span><\/p><\/blockquote>\n<figure id=\"attachment_77510\" aria-describedby=\"caption-attachment-77510\" style=\"width: 500px\" class=\"wp-caption alignright\"><a href=\"https:\/\/rioonwatch.org\/wp-content\/uploads\/2024\/03\/Maria-Carolina-de-Jesus-and-her-children.png\"><img loading=\"lazy\" decoding=\"async\" class=\"wp-image-77510\" title=\"Carolina Maria de Jesus with her children\" src=\"https:\/\/rioonwatch.org\/wp-content\/uploads\/2024\/03\/Maria-Carolina-de-Jesus-and-her-children.png\" alt=\"Carolina Maria de Jesus with her children\" width=\"500\" height=\"327\" \/><\/a><figcaption id=\"caption-attachment-77510\" class=\"wp-caption-text\">Carolina Maria de Jesus with her children<\/figcaption><\/figure>\n<p>There are still <a href=\"https:\/\/bit.ly\/489icOv\" target=\"_blank\" rel=\"noopener\">many Carolinas<\/a> throughout Brazil: Black favela mothers, subjected to a burdensome, centuries-long culture that is conditioned to limit their place in society. These women are forced to <a href=\"https:\/\/bit.ly\/3Hsbnta\" target=\"_blank\" rel=\"noopener\">fight for public policies<\/a> that support them, despite being the <a href=\"https:\/\/bit.ly\/3qxYAzU\" target=\"_blank\" rel=\"noopener\">largest demographic<\/a> and constituting <a href=\"https:\/\/bit.ly\/3uJW7mW\" target=\"_blank\" rel=\"noopener\">the economic and social foundation<\/a> of Brazil.<\/p>\n<blockquote><p>\u201cActually, the world is the way the whites want it. I\u2019m not white, so I don\u2019t have anything to do with this disorganized world.\u201d\u00a0 \u2014 <em>Child of the Dark<\/em>, by Carolina Maria de Jesus, translation by David St. Clair<\/p><\/blockquote>\n<p><span style=\"font-weight: 400;\">Leal highlights an excerpt from Carolina Maria de Jesus\u2019 writing in which she analyzes her own suffering as a woman that is Black, impoverished, and a single mother: \u201cI put the sack on my head and the weight of Vera Eunice in my arms. Sometimes it makes me angry. Then I get ahold of myself. She\u2019s not guilty because she\u2019s in this world,\u201d says the author in her book. An analytical account that is not only about her situation but about millions of Brazilian women like her, who come alive through her words.<\/span><\/p>\n<p>Carolina Maria de Jesus&#8217; perception\u2014stemming from her position as a Black woman and mother living in a favela\u2014renders her work to this day one of the most substantial theoretical frameworks available on Brazilian society and Black women. Half a century after Brazil <a href=\"https:\/\/bit.ly\/1MZlqH0\" target=\"_blank\" rel=\"noopener\">formally abolished slavery<\/a>, written in the 1930s, her anthology still educates a nation about the plight of Black women and men: the ills of material poverty, hunger, their denied right to housing, as well as the resilience, intellect, and strength of the Afro-Diasporic woman. In sum, <em>Carolina Maria de Jesus educates Brazilians about Brazil<\/em>.<\/p>\n<blockquote>\n<h3>Poor Innocent<\/h3>\n<p>A mother wanders, oppressed,<br \/>\nEyes cast low,<br \/>\nHow can life progress,<br \/>\nIn this racial undertow&#8230;<\/p>\n<p>She casts a glance around,<br \/>\nThen once again to the ground,<br \/>\nAll the while gently caressing,<br \/>\nThe child in her arms, her sweet blessing.<\/p>\n<p>Poor woman, where do you go?<br \/>\nThis cruel fate, it hurts you so<br \/>\nI search for papa<br \/>\nMy good friend from before&#8230;<\/p>\n<p>All my life I roam in lament<br \/>\nMy existence, a constant struggle<br \/>\nI pray to God, so good and clement<br \/>\nFor only he will bother&#8230;<\/p>\n<p>Where do we go, my boy?<br \/>\nNo roof above, no bread to enjoy.<br \/>\nYour father&#8217;s absence, a cruel ploy,<br \/>\nLeaving you alone, my precious joy&#8230;<\/p>\n<p>Why, child, must you endure such pain?<br \/>\nWhen among the sinless, you remain.<br \/>\nIf death were to call my name,<br \/>\nYou&#8217;d be left alone, helpless, and shamed.<\/p>\n<p>Without someone to watch over your path,<br \/>\nWith affection and sacrifices,<br \/>\nYou will fall into the traps,<br \/>\nThat are life&#8217;s worst vices.<\/p>\n<p>Still wandering, the mother,<br \/>\nAs her mind these thoughts smother<br \/>\nLooks at her child and in tears, she exclaims:<br \/>\npoor innocent!<\/p>\n<p>\u2014 <a href=\"https:\/\/bit.ly\/3wtegdp\" target=\"_blank\" rel=\"noopener\">Personal Anthology<\/a>, Carolina Maria de Jesus [No official English translation found; poem translated by Claudia Guimar\u00e3es for <em>RioOnWatch<\/em>]<\/p><\/blockquote>\n<p><span style=\"font-weight: 400;\">Leal emphasizes the need to <\/span><a href=\"http:\/\/bit.ly\/40CvQps\" target=\"_blank\" rel=\"noopener\"><span style=\"font-weight: 400;\">support Black and favela mothers through legislation<\/span><\/a><span style=\"font-weight: 400;\">, public policy, and budgetary measures. The scholar believes we must offer spaces in public daycare centers, and establish facilities to welcome and care for the children of parents who <\/span><a href=\"https:\/\/bit.ly\/2gHYbJt\" target=\"_blank\" rel=\"noopener\"><span style=\"font-weight: 400;\">work or study<\/span><\/a><span style=\"font-weight: 400;\"> outside regular daycare hours, as proposed in the <\/span><a href=\"http:\/\/bit.ly\/3l7RiUd\" target=\"_blank\" rel=\"noopener\"><span style=\"font-weight: 400;\">Owl Space Law<\/span><\/a><span style=\"font-weight: 400;\"> by <\/span><a href=\"https:\/\/bit.ly\/2XZZwQE\" target=\"_blank\" rel=\"noopener\"><span style=\"font-weight: 400;\">Marielle Franco<\/span><\/a>,<span style=\"font-weight: 400;\"> a Black councilwoman born and raised in Rio&#8217;s favelas who was the victim of a political assassination six years ago<\/span><span style=\"font-weight: 400;\">. These measures would complement <\/span><a href=\"https:\/\/bit.ly\/1m2iZYR\" target=\"_blank\" rel=\"noopener\"><span style=\"font-weight: 400;\">conditional cash transfer social programs<\/span><\/a><span style=\"font-weight: 400;\"> like Bolsa Familia <\/span><span style=\"font-weight: 400;\">and efforts to <\/span><a href=\"https:\/\/bit.ly\/3I4CNpe\" target=\"_blank\" rel=\"noopener\"><span style=\"font-weight: 400;\">increase access<\/span><\/a><span style=\"font-weight: 400;\"> to schools, universities, and the job market in a way that upholds their dignity. Furthermore, it is essential that Black intellectuals, like Carolina Maria de Jesus, <\/span><a href=\"https:\/\/bit.ly\/3If2DYJ\" target=\"_blank\" rel=\"noopener\"><span style=\"font-weight: 400;\">are read<\/span><\/a><span style=\"font-weight: 400;\"> and studied across Brazil.<\/span><\/p>\n<figure id=\"attachment_77532\" aria-describedby=\"caption-attachment-77532\" style=\"width: 500px\" class=\"wp-caption alignright\"><a href=\"https:\/\/rioonwatch.org\/wp-content\/uploads\/2024\/03\/Carolina-Maria-de-Jesus-one-of-Brazils-greatest-intellectuals.jpg\"><img loading=\"lazy\" decoding=\"async\" class=\"wp-image-77532\" title=\"Carolina Maria de Jesus, one of Brazil\u2019s greatest intellectuals.\" src=\"https:\/\/rioonwatch.org\/wp-content\/uploads\/2024\/03\/Carolina-Maria-de-Jesus-one-of-Brazils-greatest-intellectuals.jpg\" alt=\"Carolina Maria de Jesus, one of Brazil\u2019s greatest intellectuals.\" width=\"500\" height=\"281\" srcset=\"https:\/\/rioonwatch.org\/wp-content\/uploads\/2024\/03\/Carolina-Maria-de-Jesus-one-of-Brazils-greatest-intellectuals.jpg 906w, https:\/\/rioonwatch.org\/wp-content\/uploads\/2024\/03\/Carolina-Maria-de-Jesus-one-of-Brazils-greatest-intellectuals-620x348.jpg 620w, https:\/\/rioonwatch.org\/wp-content\/uploads\/2024\/03\/Carolina-Maria-de-Jesus-one-of-Brazils-greatest-intellectuals-768x431.jpg 768w\" sizes=\"(max-width: 500px) 100vw, 500px\" \/><\/a><figcaption id=\"caption-attachment-77532\" class=\"wp-caption-text\">Carolina Maria de Jesus, one of Brazil\u2019s greatest historic intellectuals.<\/figcaption><\/figure>\n<p>The <a href=\"https:\/\/bit.ly\/3If2DYJ\" target=\"_blank\" rel=\"noopener\">contributions made by the writer<\/a> <span style=\"font-weight: 400;\">to the ongoing racial and socioeconomic debate in Brazil are quite significant.<\/span><\/p>\n<blockquote><p>\u201cSocial vulnerability needs to be combated by public authorities and not just used as fodder for charity from the private sector. Carolina Maria de Jesus brings to the forefront of the debate the collective shadows that, over many years, Brazil insisted on sweeping under the rug. Socioeconomic discussions are present in her work, as described in her diaries, depicting the city as the living room and the favela as the &#8216;junk room,&#8217; where racial issues are also intertwined. Furthermore, she exposes the situation of the country&#8217;s Black community.\u201d \u2014 Marcelle Leal<\/p><\/blockquote>\n<p>According to Leal, though de Jesus made significant contributions to Brazil, the sad reality of her <a href=\"https:\/\/bit.ly\/4avaiRe\" target=\"_blank\" rel=\"noopener\">literary erasure<\/a> is due to racism, classism, and sexism in the publishing world, which is primarily composed of white, middle-class men with university degrees, who are blind to its importance.<\/p>\n<blockquote><p>\u201c[It&#8217;s necessary] to rework these limits so that this art is not restricted within the domain of a minority but is composed in a broad, inclusive, and pluralistic manner. The challenge lies not only in production but also in cultivating a readership and technical expertise in addition to dissemination. I insist, once again, on fighting for policies that grant access to education and culture, as well as financial support, because these resources are still concentrated in the hands of a few and are fundamental to making the movement happen. We&#8217;ve made progress compared to decades ago, but there&#8217;s still a lot to achieve.\u201d \u2014 Marcelle Leal<\/p><\/blockquote>\n<p>At the end of the interview, Marcelle Leal quotes an untitled poem by de Jesus, published as the prologue to the chapter \u201cDiaries in the Junk Room\u201d in the book <a href=\"https:\/\/bit.ly\/3ToJhZ3\" target=\"_blank\" rel=\"noopener\"><em>The Unedited Diaries of Carolina Maria de Jesus<\/em><\/a> (originally published in Portuguese as <a href=\"https:\/\/bit.ly\/3wgwrTH\" target=\"_blank\" rel=\"noopener\"><em>Meu Estranho Di\u00e1rio<\/em><\/a>). According to the scholar, this excerpt is foundational, as it clearly states de Jesus&#8217; thoughts on race, racism, and anti-racism, in addition to summarizing Black people\u2019s social position in post-abolition Brazil.<\/p>\n<blockquote>\n<h3>Untitled<\/h3>\n<p>When they saw me many fled<br \/>\nSupposing I took no note,<br \/>\nOthers asked to have a read,<br \/>\nAt the verses that I wrote.<\/p>\n<p>It was paper that I collected<br \/>\nTo finance my living needs.<br \/>\nIn the garbage I resurrected<br \/>\nMany books for me to read.<br \/>\nSo many things I wished to do<br \/>\nBut prejudice checked my tracks<br \/>\nIf I die I want to be born anew<br \/>\nIn a country run by Blacks.<\/p>\n<p>Farewell, Goodbye! I am going to die!<br \/>\nAnd these verses I leave to my country<br \/>\nIf I have the right to be once more alive<br \/>\nWith happy Blacks I will find me.<\/p>\n<p>\u2014 <em>The Unedited Diaries of Carolina Maria de Jesus<\/em>, organized by Robert M. Levine and Jos\u00e9 Carlos Sebe Bom Meihy; translated by Nany Naro and Cristina Mehrtens<\/p><\/blockquote>\n<p><em>About the author: <a href=\"https:\/\/bit.ly\/42EoKTz\" target=\"_blank\" rel=\"noopener\">Igor Soares<\/a> is a journalist with a degree from the Federal University of Rio de Janeiro (UFRJ). He is currently a homepage writer for Portal iG, contributes to #Colabora, and works as a freelancer. He has experience in covering cities, human rights, and public security, having previously worked at Estad\u00e3o and produced reports for Folha de S\u00e3o Paulo.<\/em><\/p>\n<hr \/>\n<h4>Support\u00a0RioOnWatch\u2019s tireless, critical and cutting-edge hyperlocal journalism, online community organizing meetings, and direct support to favelas\u00a0<a href=\"http:\/\/bit.ly\/FavelaCovidResponse\" target=\"_blank\" rel=\"noopener\">by clicking here<\/a>.<\/h4>\n","protected":false},"excerpt":{"rendered":"<div class=\"mh-excerpt\"><p>Clique aqui para Portugu\u00eas A Brazilian Literary Classic Carolina Maria de Jesus said so much about Brazil. Her writing, charged with feeling and indignation, reflected a difficult reality not only experienced by the writer herself, <a class=\"mh-excerpt-more\" href=\"https:\/\/rioonwatch.org\/?p=77504\" title=\"This Women\u2019s Day, Learn About the Ongoing Relevance of Carolina Maria de Jesus, a Historic Afro-Brazilian Author from the Favelas [REVIEW]\">[&#8230;]<\/a><\/p>\n<\/div>","protected":false},"author":245,"featured_media":77505,"comment_status":"closed","ping_status":"closed","sticky":false,"template":"template-full.php","format":"standard","meta":{"_monsterinsights_skip_tracking":false,"_monsterinsights_sitenote_active":false,"_monsterinsights_sitenote_note":"","_monsterinsights_sitenote_category":0,"footnotes":""},"categories":[1288,1328,1284,3527,1334],"tags":[662,697,852,168,459,3495,188,1963,666,2449,2847,2297,293,148,887,406,2323],"writer":[3680],"translator":[3485],"illustrator":[],"photographer":[],"class_list":{"0":"post-77504","1":"post","2":"type-post","3":"status-publish","4":"format-standard","5":"has-post-thumbnail","7":"category-highlight","8":"category-by-community-contributors","9":"category-interviews-profiles","10":"category-representation","11":"category-reviews","12":"tag-afro-brazilian-culture","13":"tag-bolsa-familia","14":"tag-book","15":"tag-centro","16":"tag-feminism","17":"tag-food-insecurity","18":"tag-history","19":"tag-international-womens-day","20":"tag-literature","21":"tag-marielle-franco","22":"tag-minas-gerais","23":"tag-museu-de-arte-do-rio","24":"tag-poetry","25":"tag-port-region","26":"tag-precarious-housing","27":"tag-sao-paulo","28":"tag-ufrj","29":"writer-igor-soares","30":"translator-ujwala-murthy"},"_links":{"self":[{"href":"https:\/\/rioonwatch.org\/index.php?rest_route=\/wp\/v2\/posts\/77504","targetHints":{"allow":["GET"]}}],"collection":[{"href":"https:\/\/rioonwatch.org\/index.php?rest_route=\/wp\/v2\/posts"}],"about":[{"href":"https:\/\/rioonwatch.org\/index.php?rest_route=\/wp\/v2\/types\/post"}],"author":[{"embeddable":true,"href":"https:\/\/rioonwatch.org\/index.php?rest_route=\/wp\/v2\/users\/245"}],"replies":[{"embeddable":true,"href":"https:\/\/rioonwatch.org\/index.php?rest_route=%2Fwp%2Fv2%2Fcomments&post=77504"}],"version-history":[{"count":2,"href":"https:\/\/rioonwatch.org\/index.php?rest_route=\/wp\/v2\/posts\/77504\/revisions"}],"predecessor-version":[{"id":81384,"href":"https:\/\/rioonwatch.org\/index.php?rest_route=\/wp\/v2\/posts\/77504\/revisions\/81384"}],"wp:featuredmedia":[{"embeddable":true,"href":"https:\/\/rioonwatch.org\/index.php?rest_route=\/wp\/v2\/media\/77505"}],"wp:attachment":[{"href":"https:\/\/rioonwatch.org\/index.php?rest_route=%2Fwp%2Fv2%2Fmedia&parent=77504"}],"wp:term":[{"taxonomy":"category","embeddable":true,"href":"https:\/\/rioonwatch.org\/index.php?rest_route=%2Fwp%2Fv2%2Fcategories&post=77504"},{"taxonomy":"post_tag","embeddable":true,"href":"https:\/\/rioonwatch.org\/index.php?rest_route=%2Fwp%2Fv2%2Ftags&post=77504"},{"taxonomy":"writer","embeddable":true,"href":"https:\/\/rioonwatch.org\/index.php?rest_route=%2Fwp%2Fv2%2Fwriter&post=77504"},{"taxonomy":"translator","embeddable":true,"href":"https:\/\/rioonwatch.org\/index.php?rest_route=%2Fwp%2Fv2%2Ftranslator&post=77504"},{"taxonomy":"illustrator","embeddable":true,"href":"https:\/\/rioonwatch.org\/index.php?rest_route=%2Fwp%2Fv2%2Fillustrator&post=77504"},{"taxonomy":"photographer","embeddable":true,"href":"https:\/\/rioonwatch.org\/index.php?rest_route=%2Fwp%2Fv2%2Fphotographer&post=77504"}],"curies":[{"name":"wp","href":"https:\/\/api.w.org\/{rel}","templated":true}]}}