{"id":77547,"date":"2024-03-18T10:12:14","date_gmt":"2024-03-18T13:12:14","guid":{"rendered":"https:\/\/rioonwatch.org\/?p=77547"},"modified":"2025-09-13T14:07:13","modified_gmt":"2025-09-13T17:07:13","slug":"favela-climate-memory-exhibition-arrives-in-santa-cruz-taking-the-climate-history-of-five-rio-favelas-to-young-audiences","status":"publish","type":"post","link":"https:\/\/rioonwatch.org\/?p=77547","title":{"rendered":"&#8216;Favela Climate Memory&#8217; Exhibition Arrives in Santa Cruz Taking the Climate History of Five Rio Favelas to Young Audiences"},"content":{"rendered":"<figure id=\"attachment_77548\" aria-describedby=\"caption-attachment-77548\" style=\"width: 2560px\" class=\"wp-caption aligncenter\"><a href=\"https:\/\/rioonwatch.org\/wp-content\/uploads\/2024\/03\/Students-from-Aldebara-Municipal-School-participated-in-the-opening-of-the-Favelas-Climate-Memory-Exhibition-in-Santa-Cruz-Photo-Barbara-Dias.jpg\"><img fetchpriority=\"high\" decoding=\"async\" class=\"wp-image-77548 size-full\" title=\"Students from Aldebar\u00e3 Municipal School participated in the opening of the Favelas Climate Memory Exhibition in Santa Cruz. Photo: B\u00e1rbara Dias\" src=\"https:\/\/rioonwatch.org\/wp-content\/uploads\/2024\/03\/Students-from-Aldebara-Municipal-School-participated-in-the-opening-of-the-Favelas-Climate-Memory-Exhibition-in-Santa-Cruz-Photo-Barbara-Dias.jpg\" alt=\"Students from Aldebar\u00e3 Municipal School participated in the opening of the Favelas Climate Memory Exhibition in Santa Cruz. Photo: B\u00e1rbara Dias\" width=\"2560\" height=\"1709\" srcset=\"https:\/\/rioonwatch.org\/wp-content\/uploads\/2024\/03\/Students-from-Aldebara-Municipal-School-participated-in-the-opening-of-the-Favelas-Climate-Memory-Exhibition-in-Santa-Cruz-Photo-Barbara-Dias.jpg 2560w, https:\/\/rioonwatch.org\/wp-content\/uploads\/2024\/03\/Students-from-Aldebara-Municipal-School-participated-in-the-opening-of-the-Favelas-Climate-Memory-Exhibition-in-Santa-Cruz-Photo-Barbara-Dias-620x414.jpg 620w, https:\/\/rioonwatch.org\/wp-content\/uploads\/2024\/03\/Students-from-Aldebara-Municipal-School-participated-in-the-opening-of-the-Favelas-Climate-Memory-Exhibition-in-Santa-Cruz-Photo-Barbara-Dias-942x629.jpg 942w, https:\/\/rioonwatch.org\/wp-content\/uploads\/2024\/03\/Students-from-Aldebara-Municipal-School-participated-in-the-opening-of-the-Favelas-Climate-Memory-Exhibition-in-Santa-Cruz-Photo-Barbara-Dias-768x513.jpg 768w\" sizes=\"(max-width: 2560px) 100vw, 2560px\" \/><\/a><figcaption id=\"caption-attachment-77548\" class=\"wp-caption-text\">Students from Aldebar\u00e3 Municipal School participate in the opening of the Favela Climate Memory Exhibition in Santa Cruz. Photo: B\u00e1rbara Dias<\/figcaption><\/figure>\n<h4 style=\"text-align: right;\"><a href=\"https:\/\/bit.ly\/3uQa7QD\" target=\"_blank\" rel=\"noopener\"><span class=\"s1\"><i>Clique aqui para Portugu\u00eas<\/i><\/span><span class=\"s2\"><i><span class=\"Apple-converted-space\"><em><img decoding=\"async\" class=\"alignright size-full wp-image-23766\" src=\"https:\/\/www.rioonwatch.org\/wp-content\/uploads\/2012\/08\/PT-e1439583827971.png\" width=\"20\" height=\"20\" \/><\/em><\/span><\/i><\/span><\/a><\/h4>\n<h4>The Favela Climate Memory Exhibition, organized by museums and memory projects associated with the Sustainable Favela Network (<a href=\"https:\/\/bit.ly\/3nsyde6\" target=\"_blank\" rel=\"noopener\">SFN<\/a>)*, is on display from March 1-31 at the <a href=\"https:\/\/bit.ly\/4bXNL01\" target=\"_blank\" rel=\"noopener\">Palacete Princesa Isabel<\/a>, <a href=\"http:\/\/bit.ly\/2ZpIVmg\" target=\"_blank\" rel=\"noopener\">Santa Cruz<\/a> Cultural Center, in the <a href=\"http:\/\/bit.ly\/2KVA7k7\" target=\"_blank\" rel=\"noopener\">West Zone<\/a> of Rio de Janeiro. Organized by the Historic Orientation and Research Nucleus of Santa Cruz (<a href=\"https:\/\/bit.ly\/AntaresClimateMemory\" target=\"_blank\" rel=\"noopener\">NOPH<\/a>), the exhibition&#8217;s opening event took place on Friday, March 1, in the presence of NOPH members, and elementary school students and teachers from the Aldebar\u00e3 Municipal School. Besides visiting the exhibition, students attended a presentation on the process of building climate memory circles and an artistic slam performance by the <a href=\"https:\/\/bit.ly\/3v4ljcb\" target=\"_blank\" rel=\"noopener\">Favela Has a Voice Collective<\/a>.<\/h4>\n<p><span style=\"font-weight: 400;\">The Favela Climate Memory Exhibition emerged as the final product of five <a href=\"https:\/\/bit.ly\/FavelaClimateMemory\" target=\"_blank\" rel=\"noopener\">favela climate memory circles<\/a> held by community museum members of the Sustainable Favela Network in 2023, including <a href=\"https:\/\/bit.ly\/2IgZ9Y4\" target=\"_blank\" rel=\"noopener\">Complexo da Mar\u00e9<\/a>&#8216;s <a href=\"https:\/\/bit.ly\/MareClimateMemory\" target=\"_blank\" rel=\"noopener\">Mar\u00e9 Museum<\/a>, the <a href=\"https:\/\/bit.ly\/RocinhaClimateMemory\" target=\"_blank\" rel=\"noopener\">Sankofa Museum<\/a> in <a href=\"https:\/\/bit.ly\/39fBTa8\" target=\"_blank\" rel=\"noopener\">Rocinha<\/a>, the <\/span>Historic Orientation and Research Nucleus of Santa Cruz (<a href=\"https:\/\/bit.ly\/AntaresClimateMemory\" target=\"_blank\" rel=\"noopener\">NOPH<\/a>) in <a href=\"https:\/\/bit.ly\/3aum5lM\" target=\"_blank\" rel=\"noopener\">Antares<\/a>, the Favela Museum (<a href=\"https:\/\/bit.ly\/PPGClimateMemory\" target=\"_blank\" rel=\"noopener\">MUF<\/a>) in <a href=\"https:\/\/bit.ly\/2WNGH0I\" target=\"_blank\" rel=\"noopener\">Pav\u00e3o-Pav\u00e3ozinho<\/a>\/<a href=\"https:\/\/bit.ly\/2SpKdvj\" target=\"_blank\" rel=\"noopener\">Cantagalo<\/a>, and the <a href=\"https:\/\/bit.ly\/VidigalClimateMemory\" target=\"_blank\" rel=\"noopener\">Vidigal Memories Nucleus<\/a> in <a href=\"https:\/\/bit.ly\/2SxloO8\" target=\"_blank\" rel=\"noopener\">Vidigal<\/a>.<\/p>\n<figure id=\"attachment_77549\" aria-describedby=\"caption-attachment-77549\" style=\"width: 2560px\" class=\"wp-caption aligncenter\"><a href=\"https:\/\/rioonwatch.org\/wp-content\/uploads\/2024\/03\/Students-from-Aldebara-Municipal-School-participated-in-an-activity-before-the-opening-of-the-Climate-Memory-of-the-Favelas-Exhibition-in-Santa-Cruz-Photo-Barbara-Dias-scaled-1.jpg\"><img decoding=\"async\" class=\"wp-image-77549 size-full\" title=\"Students from Aldebar\u00e3 Municipal School participated in an activity before the opening of the Climate Memory of the Favelas Exhibition in Santa Cruz. Photo: B\u00e1rbara Dias\" src=\"https:\/\/rioonwatch.org\/wp-content\/uploads\/2024\/03\/Students-from-Aldebara-Municipal-School-participated-in-an-activity-before-the-opening-of-the-Climate-Memory-of-the-Favelas-Exhibition-in-Santa-Cruz-Photo-Barbara-Dias-scaled-1.jpg\" alt=\"Students from Aldebar\u00e3 Municipal School participated in an activity before the opening of the Climate Memory of the Favelas Exhibition in Santa Cruz. Photo: B\u00e1rbara Dias\" width=\"2560\" height=\"1709\" srcset=\"https:\/\/rioonwatch.org\/wp-content\/uploads\/2024\/03\/Students-from-Aldebara-Municipal-School-participated-in-an-activity-before-the-opening-of-the-Climate-Memory-of-the-Favelas-Exhibition-in-Santa-Cruz-Photo-Barbara-Dias-scaled-1.jpg 2560w, https:\/\/rioonwatch.org\/wp-content\/uploads\/2024\/03\/Students-from-Aldebara-Municipal-School-participated-in-an-activity-before-the-opening-of-the-Climate-Memory-of-the-Favelas-Exhibition-in-Santa-Cruz-Photo-Barbara-Dias-scaled-1-620x414.jpg 620w, https:\/\/rioonwatch.org\/wp-content\/uploads\/2024\/03\/Students-from-Aldebara-Municipal-School-participated-in-an-activity-before-the-opening-of-the-Climate-Memory-of-the-Favelas-Exhibition-in-Santa-Cruz-Photo-Barbara-Dias-scaled-1-942x629.jpg 942w, https:\/\/rioonwatch.org\/wp-content\/uploads\/2024\/03\/Students-from-Aldebara-Municipal-School-participated-in-an-activity-before-the-opening-of-the-Climate-Memory-of-the-Favelas-Exhibition-in-Santa-Cruz-Photo-Barbara-Dias-scaled-1-768x513.jpg 768w\" sizes=\"(max-width: 2560px) 100vw, 2560px\" \/><\/a><figcaption id=\"caption-attachment-77549\" class=\"wp-caption-text\">Students from Aldebar\u00e3 Municipal School participated in an activity before the opening of the Favela Climate Memory Exhibition in Santa Cruz. Photo: B\u00e1rbara Dias<\/figcaption><\/figure>\n<p>The exhibition consists of an array of narratives depicting memories recounted by residents of five favelas in Rio de Janeiro. It is presented in the form of banners and a timeline, allowing for the visualization of significant events in the histories of the participating favelas. In addition to these structures, the exhibition also features the artistic installation &#8220;Well of Memories,&#8221; created by visual artist <a href=\"https:\/\/bit.ly\/3GLEpq3\" target=\"_blank\" rel=\"noopener\">Ev\u00e2nia de Paula<\/a> from Vidigal. Inside the well are approximately 100 historical photographs of the five favelas, which can be handled and studied by visitors.<\/p>\n<figure id=\"attachment_77551\" aria-describedby=\"caption-attachment-77551\" style=\"width: 2048px\" class=\"wp-caption aligncenter\"><a href=\"https:\/\/rioonwatch.org\/wp-content\/uploads\/2024\/03\/Youth-points-to-a-quote-on-Antares-banner-Photo-Barbara-Dias.jpg\"><img loading=\"lazy\" decoding=\"async\" class=\"wp-image-77551 size-full\" title=\"Youth is intrigued by a quote by a resident from Antares, shared on the banner of the Climate Memory Circle held in the community. Photo: B\u00e1rbara Dias\" src=\"https:\/\/rioonwatch.org\/wp-content\/uploads\/2024\/03\/Youth-points-to-a-quote-on-Antares-banner-Photo-Barbara-Dias.jpg\" alt=\"Youth is intrigued by a quote by a resident from Antares, shared on the banner of the Climate Memory Circle held in the community. Photo: B\u00e1rbara Dias\" width=\"2048\" height=\"1367\" srcset=\"https:\/\/rioonwatch.org\/wp-content\/uploads\/2024\/03\/Youth-points-to-a-quote-on-Antares-banner-Photo-Barbara-Dias.jpg 2048w, https:\/\/rioonwatch.org\/wp-content\/uploads\/2024\/03\/Youth-points-to-a-quote-on-Antares-banner-Photo-Barbara-Dias-620x414.jpg 620w, https:\/\/rioonwatch.org\/wp-content\/uploads\/2024\/03\/Youth-points-to-a-quote-on-Antares-banner-Photo-Barbara-Dias-942x629.jpg 942w, https:\/\/rioonwatch.org\/wp-content\/uploads\/2024\/03\/Youth-points-to-a-quote-on-Antares-banner-Photo-Barbara-Dias-768x513.jpg 768w\" sizes=\"(max-width: 2048px) 100vw, 2048px\" \/><\/a><figcaption id=\"caption-attachment-77551\" class=\"wp-caption-text\">Teen girl is intrigued by a quote by a resident from Antares, shared on the banner of the Climate Memory Circle held in her community. Photo: B\u00e1rbara Dias<\/figcaption><\/figure>\n<p>Before the exhibition opening, around 30 students from the Aldebar\u00e3 Municipal School, located within Antares, participated in a presentation where <a href=\"https:\/\/youtu.be\/5jt1ueBDGjs?si=h5Bp1GLnPqVCQMKW\" target=\"_blank\" rel=\"noopener\">a video of the original exhibition<\/a> was shown, blending exchanges from the five participating favelas. Leonardo Ribeiro, a historian born and raised in Antares, and former president of the community&#8217;s residents&#8217; association, along with Bruno Almeida, coordinator of the Historic Orientation and Research Nucleus of Santa Cruz, talked about the impact of the work carried out in the discussion circles, capturing the students&#8217; attention.<\/p>\n<p><iframe title=\"YouTube video player\" src=\"https:\/\/www.youtube.com\/embed\/k9wPKQP51To?si=FFJ_JCAgEXxJ4M_1\" width=\"1030\" height=\"563\" frameborder=\"0\" allowfullscreen=\"allowfullscreen\"><span data-mce-type=\"bookmark\" style=\"display: inline-block; width: 0px; overflow: hidden; line-height: 0;\" class=\"mce_SELRES_start\">\ufeff<\/span><\/iframe><\/p>\n<p>Asked about the significance of the exhibition coming to Santa Cruz, Ribeiro, who organized the climate memory circle in his community of Antares, commented:<\/p>\n<blockquote><p><span style=\"font-weight: 400;\">\u201cAfter experiencing two major floods here in 2017 and 2018, it was crucial to bring this initiative to the neighborhood of Santa Cruz. While we often saw flood and landslide cases on TV, they rarely happened here. It was quite unsettling, but we had significant floods two years in a row&#8230; I thought it was interesting to show to the neighborhood and favelas what happens when we don&#8217;t do our work, when we&#8217;re not aware of our surroundings, when we fail to notice that small changes in our environment can alter the entire landscape. So, I fully supported the event as a means of showing the neighborhood the importance of our climate memory, allowing us to understand how these events unfolded in the past and how they continue to occur today. The primary aim is to understand and recognize changes&#8230; Weather events that used to take place every eight years are now happening every year. It&#8217;s a fast change.\u201d<\/span><\/p><\/blockquote>\n<figure id=\"attachment_77568\" aria-describedby=\"caption-attachment-77568\" style=\"width: 2560px\" class=\"wp-caption aligncenter\"><a href=\"https:\/\/rioonwatch.org\/wp-content\/uploads\/2024\/03\/Leonardo-Ribeiro-and-Bruno-Almeida-that-participated-in-the-climate-memory-discussion-circles-stand-in-front-of-the-Antares-banner-Photo-Barbara-Dias-scaled-1.jpg\"><img loading=\"lazy\" decoding=\"async\" class=\"wp-image-77568 size-full\" title=\"Leonardo Ribeiro and Bruno Almeida, who organized the climate memory discussion circles in Antares in 2023, stand in front of the neighborhood's banner in Santa Cruz. Photo: B\u00e1rbara Dias\" src=\"https:\/\/rioonwatch.org\/wp-content\/uploads\/2024\/03\/Leonardo-Ribeiro-and-Bruno-Almeida-that-participated-in-the-climate-memory-discussion-circles-stand-in-front-of-the-Antares-banner-Photo-Barbara-Dias-scaled-1.jpg\" alt=\"Leonardo Ribeiro and Bruno Almeida, who organized the climate memory discussion circles in Antares in 2023, stand in front of the neighborhood's banner in Santa Cruz. Photo: B\u00e1rbara Dias\" width=\"2560\" height=\"1709\" srcset=\"https:\/\/rioonwatch.org\/wp-content\/uploads\/2024\/03\/Leonardo-Ribeiro-and-Bruno-Almeida-that-participated-in-the-climate-memory-discussion-circles-stand-in-front-of-the-Antares-banner-Photo-Barbara-Dias-scaled-1.jpg 2560w, https:\/\/rioonwatch.org\/wp-content\/uploads\/2024\/03\/Leonardo-Ribeiro-and-Bruno-Almeida-that-participated-in-the-climate-memory-discussion-circles-stand-in-front-of-the-Antares-banner-Photo-Barbara-Dias-scaled-1-620x414.jpg 620w, https:\/\/rioonwatch.org\/wp-content\/uploads\/2024\/03\/Leonardo-Ribeiro-and-Bruno-Almeida-that-participated-in-the-climate-memory-discussion-circles-stand-in-front-of-the-Antares-banner-Photo-Barbara-Dias-scaled-1-942x629.jpg 942w, https:\/\/rioonwatch.org\/wp-content\/uploads\/2024\/03\/Leonardo-Ribeiro-and-Bruno-Almeida-that-participated-in-the-climate-memory-discussion-circles-stand-in-front-of-the-Antares-banner-Photo-Barbara-Dias-scaled-1-768x513.jpg 768w\" sizes=\"(max-width: 2560px) 100vw, 2560px\" \/><\/a><figcaption id=\"caption-attachment-77568\" class=\"wp-caption-text\">Leonardo Ribeiro and Bruno Almeida, who organized the climate memory discussion circles in Antares in 2023, stand in front of the neighborhood&#8217;s banner at the opening. Photo: B\u00e1rbara Dias<\/figcaption><\/figure>\n<p>After this initial moment, students were invited to visit the exhibition, where they were able to explore the show&#8217;s structures. Some interacted with the timeline, especially the posters containing the climate memories of their own region of Antares. Despite their young age, participants remembered the floods of 2017 and 2018. Another point of interest for them was the &#8220;Well of Memories,&#8221; where they interacted with the photos placed inside the installation.<\/p>\n<figure id=\"attachment_77580\" aria-describedby=\"caption-attachment-77580\" style=\"width: 2048px\" class=\"wp-caption aligncenter\"><a href=\"https:\/\/rioonwatch.org\/wp-content\/uploads\/2024\/03\/Well-of-memories-in-Santa-cruz-Photo-Barbara-Dias.jpg\"><img loading=\"lazy\" decoding=\"async\" class=\"wp-image-77580 size-full\" title=\"Visiting youth encouraged by the &quot;Well of Memories,&quot; where 100 historical photos from the five favelas featured in the exhibition were available to be handled. Photo: B\u00e1rbara Dias\" src=\"https:\/\/rioonwatch.org\/wp-content\/uploads\/2024\/03\/Well-of-memories-in-Santa-cruz-Photo-Barbara-Dias.jpg\" alt=\"Visiting youth encouraged by the &quot;Well of Memories,&quot; where 100 historical photos from the five favelas featured in the exhibition were available to be handled. Photo: B\u00e1rbara Dias\" width=\"2048\" height=\"1367\" srcset=\"https:\/\/rioonwatch.org\/wp-content\/uploads\/2024\/03\/Well-of-memories-in-Santa-cruz-Photo-Barbara-Dias.jpg 2048w, https:\/\/rioonwatch.org\/wp-content\/uploads\/2024\/03\/Well-of-memories-in-Santa-cruz-Photo-Barbara-Dias-620x414.jpg 620w, https:\/\/rioonwatch.org\/wp-content\/uploads\/2024\/03\/Well-of-memories-in-Santa-cruz-Photo-Barbara-Dias-942x629.jpg 942w, https:\/\/rioonwatch.org\/wp-content\/uploads\/2024\/03\/Well-of-memories-in-Santa-cruz-Photo-Barbara-Dias-768x513.jpg 768w\" sizes=\"(max-width: 2048px) 100vw, 2048px\" \/><\/a><figcaption id=\"caption-attachment-77580\" class=\"wp-caption-text\">Visiting youth encouraged by the &#8220;Well of Memories,&#8221; where 100 historical photos from the five favelas featured in the exhibition could be handled. Photo: B\u00e1rbara Dias<\/figcaption><\/figure>\n<p>After visiting the exhibition, the students were invited to participate in a <a href=\"https:\/\/bit.ly\/3KIAqg2\" target=\"_blank\" rel=\"noopener\">poetry slam<\/a> organized by the <a href=\"https:\/\/bit.ly\/3v4ljcb\" target=\"_blank\" rel=\"noopener\">Favela Has a Voice Collective<\/a>, represented by artists <a href=\"https:\/\/bit.ly\/3Ioklux\" target=\"_blank\" rel=\"noopener\">NATITUDE<\/a>, <a href=\"https:\/\/bit.ly\/49TMdlU\" target=\"_blank\" rel=\"noopener\">OCotta<\/a> and <a href=\"https:\/\/bit.ly\/3v0Bmb9\" target=\"_blank\" rel=\"noopener\">ANNASOL<\/a>, who performed a poetic intervention, concluding the activities of the official opening of the climate memory exhibition at Palacete Princesa Isabel. The collective hails from the Uruc\u00e2nia neighborhood, also located in the West Zone. NATITUDE shared that &#8220;it&#8217;s truly wonderful to connect with the young crowd because they are our future. Bringing our ideas to them gives us a sense of accomplishment.&#8221; OCotta, also from the Favela Has a Voice Collective, added that:<\/p>\n<blockquote><p>\u201cI believe that the importance of bringing poetry to schools and places like this, a historical site, is that children will absorb [history] in a different way. Sometimes when we present content like this in written form, it&#8217;s difficult for people to read and absorb it all. But if we introduce it in the form of art, sometimes a rhyme can carry a historical weight of years.\u201d<\/p><\/blockquote>\n<p>ANNASOL also spoke of the experience of participating in the opening of the exhibition, bringing rhymes that talk about history and sustainability in an engaging manner to youth:<\/p>\n<blockquote><p><span style=\"font-weight: 400;\">\u00a0\u201cIn schools, knowledge is often presented in a boxed-in, repetitive, overwhelming format. So we present it to them in a way that encourages interaction, shouting, listening, recognizing themselves in what we&#8217;re saying. Many times what is being mentioned in class is relevant&#8230; but in half an hour we manage to create something much more interactive, drawing the child, the student into what we&#8217;re saying.<\/span><span style=\"font-weight: 400;\">\u201d<\/span><\/p><\/blockquote>\n<figure id=\"attachment_77583\" aria-describedby=\"caption-attachment-77583\" style=\"width: 2560px\" class=\"wp-caption aligncenter\"><a href=\"https:\/\/rioonwatch.org\/wp-content\/uploads\/2024\/03\/Students-from-the-Aldebara-Municipal-School-watch-a-poetry-intervention-by-the-Favela-Has-Voice-Collective-Photo-Barbara-Dias-scaled-1.jpg\"><img loading=\"lazy\" decoding=\"async\" class=\"wp-image-77583 size-full\" title=\"Students from the Aldebar\u00e3 Municipal School attend a poetic intervention by the Favela Has Voice Collective. Photo: B\u00e1rbara Dias\" src=\"https:\/\/rioonwatch.org\/wp-content\/uploads\/2024\/03\/Students-from-the-Aldebara-Municipal-School-watch-a-poetry-intervention-by-the-Favela-Has-Voice-Collective-Photo-Barbara-Dias-scaled-1.jpg\" alt=\"Students from the Aldebar\u00e3 Municipal School attend a poetic intervention by the Favela Has Voice Collective. Photo: B\u00e1rbara Dias\" width=\"2560\" height=\"1709\" srcset=\"https:\/\/rioonwatch.org\/wp-content\/uploads\/2024\/03\/Students-from-the-Aldebara-Municipal-School-watch-a-poetry-intervention-by-the-Favela-Has-Voice-Collective-Photo-Barbara-Dias-scaled-1.jpg 2560w, https:\/\/rioonwatch.org\/wp-content\/uploads\/2024\/03\/Students-from-the-Aldebara-Municipal-School-watch-a-poetry-intervention-by-the-Favela-Has-Voice-Collective-Photo-Barbara-Dias-scaled-1-620x414.jpg 620w, https:\/\/rioonwatch.org\/wp-content\/uploads\/2024\/03\/Students-from-the-Aldebara-Municipal-School-watch-a-poetry-intervention-by-the-Favela-Has-Voice-Collective-Photo-Barbara-Dias-scaled-1-942x629.jpg 942w, https:\/\/rioonwatch.org\/wp-content\/uploads\/2024\/03\/Students-from-the-Aldebara-Municipal-School-watch-a-poetry-intervention-by-the-Favela-Has-Voice-Collective-Photo-Barbara-Dias-scaled-1-768x513.jpg 768w\" sizes=\"(max-width: 2560px) 100vw, 2560px\" \/><\/a><figcaption id=\"caption-attachment-77583\" class=\"wp-caption-text\">Students from the Aldebar\u00e3 Municipal School attend a poetry slam by the Favela Has Voice Collective. Photo: B\u00e1rbara Dias<\/figcaption><\/figure>\n<p><span style=\"font-weight: 400;\">At the closing of activities, Bruno Almeida, NOPH coordinator, observed that it was extremely satisfying to help put together the exhibition and to be able to take it to his neighborhood:<\/span><\/p>\n<blockquote><p>\u201cIt was a pleasure to participate in the climate memory circles, which generated the exhibition opening here today in Santa Cruz. [The process] of visiting and getting to know other communities and finding out that we have many things in common in terms of impact, of creativity for problem-solving, and also in terms of identity&#8230; Another aspect is being able to connect with the city, with another [kind of] history, not just political history, but one that speaks and shares with people, with people who are just like us&#8230; a brotherhood with other communities and favelas, which turns all of us into a huge collective. That&#8217;s what working within a network is all about!&#8221;<\/p><\/blockquote>\n<p><span style=\"font-weight: 400;\">The Favela Climate Memory Exhibition is on display at Palacete Princesa Isabel, Santa Cruz Municipal Cultural Center, Dr. Ant\u00f4nio Nicolau Jorge, from Tuesday to Saturday, 10am to 3pm, until March 31, with free admission. Do not miss this chance to immerse yourself in the memories of the favelas that created narratives from the stories, identities, resistances, and affections of their residents and territories. And if you are part of an institution or space that would like to host the exhibition, <a href=\"https:\/\/bit.ly\/OrientacoesMC\" target=\"_blank\" rel=\"noopener\">please access the document with guidelines for requesting the Favela Climate Memory Exhibition<\/a>.<\/span><\/p>\n<h3>Don&#8217;t miss the photo album by B\u00e1rbara Dias <a href=\"https:\/\/bit.ly\/MCnoNophFotos\" target=\"_blank\" rel=\"noopener\">on Flickr<\/a>:<\/h3>\n<p><a title=\"Exposi\u00e7\u00e3o Mem\u00f3ria Clim\u00e1tica da RFS no NOHP, Santa Cruz, 01 de Mar\u00e7o de 2024\" href=\"https:\/\/www.flickr.com\/photos\/catcomm\/albums\/72177720315187152\" data-flickr-embed=\"true\"><img loading=\"lazy\" decoding=\"async\" src=\"https:\/\/live.staticflickr.com\/65535\/53564278203_43cd487579_h.jpg\" alt=\"Exposi\u00e7\u00e3o Mem\u00f3ria Clim\u00e1tica da RFS no NOHP, Santa Cruz, 01 de Mar\u00e7o de 2024\" width=\"1600\" height=\"1200\" \/><\/a><script async src=\"\/\/embedr.flickr.com\/assets\/client-code.js\" charset=\"utf-8\"><\/script><\/p>\n<p><em>About the author and photographer:\u00a0<a href=\"https:\/\/bit.ly\/3Gc3OJU\" target=\"_blank\" rel=\"noopener\">B\u00e1rbara Dias<\/a>\u00a0was born and raised in Bangu, in Rio\u2019s West Zone. She has a degree in Biological Sciences, a master\u2019s in Environmental Education, and has been a public school teacher since 2006. She is a photojournalist and also works with documentary photography. She is a popular communicator for N\u00facleo Piratininga de Comunica\u00e7\u00e3o (<a href=\"https:\/\/bit.ly\/3i2GcdN\" target=\"_blank\" rel=\"noopener\">NPC<\/a>) and co-founder of\u00a0<a href=\"https:\/\/bit.ly\/3vfY8bj\" target=\"_blank\" rel=\"noopener\">Coletivo Fotoguerrilha<\/a>.<\/em><\/p>\n<p><em>*The Sustainable Favela Network (SFN) and RioOnWatch are both projects realized by not-for-profit organization Catalytic Communities (CatComm).<\/em><\/p>\n<hr \/>\n<h4><b>Support\u00a0<\/b><b><i>RioOnWatch<\/i><\/b><b>\u2019s tireless, critical and cutting-edge hyperlocal journalism, online community organizing meetings, and direct support to favelas\u00a0<a href=\"http:\/\/bit.ly\/FavelaCovidResponse\" target=\"_blank\" rel=\"noopener noreferrer\">by clicking here<\/a><\/b><b>.<\/b><\/h4>\n","protected":false},"excerpt":{"rendered":"<div class=\"mh-excerpt\"><p>Clique aqui para Portugu\u00eas The Favela Climate Memory Exhibition, organized by museums and memory projects associated with the Sustainable Favela Network (SFN)*, is on display from March 1-31 at the Palacete Princesa Isabel, Santa Cruz <a class=\"mh-excerpt-more\" href=\"https:\/\/rioonwatch.org\/?p=77547\" title=\"&#8216;Favela Climate Memory&#8217; Exhibition Arrives in Santa Cruz Taking the Climate History of Five Rio Favelas to Young Audiences\">[&#8230;]<\/a><\/p>\n<\/div>","protected":false},"author":245,"featured_media":77548,"comment_status":"closed","ping_status":"closed","sticky":false,"template":"template-full.php","format":"standard","meta":{"_monsterinsights_skip_tracking":false,"_monsterinsights_sitenote_active":false,"_monsterinsights_sitenote_note":"","_monsterinsights_sitenote_category":0,"footnotes":""},"categories":[1288,1290,3477,1333,329,452],"tags":[384,2109,1522,397,538,674,188,716,962,383,3367,2463,2124,3683,21],"writer":[3542],"translator":[3452],"illustrator":[],"photographer":[3548],"class_list":{"0":"post-77547","1":"post","2":"type-post","3":"status-publish","4":"format-standard","5":"has-post-thumbnail","7":"category-highlight","8":"category-civilsociety","9":"category-climate-justice","10":"category-event-reports","11":"category-solutions","12":"category-rio20","13":"tag-antares","14":"tag-community-museum","15":"tag-cultural-production","16":"tag-education","17":"tag-exhibition","18":"tag-memory","19":"tag-history","20":"tag-museum","21":"tag-oral-history","22":"tag-santa-cruz","23":"tag-slam","24":"tag-social-museology","25":"tag-sustainable-favela-network","26":"tag-urucania","27":"tag-west-zone","28":"writer-barbara-dias","29":"translator-staff","30":"photographer-barbara-dias"},"_links":{"self":[{"href":"https:\/\/rioonwatch.org\/index.php?rest_route=\/wp\/v2\/posts\/77547","targetHints":{"allow":["GET"]}}],"collection":[{"href":"https:\/\/rioonwatch.org\/index.php?rest_route=\/wp\/v2\/posts"}],"about":[{"href":"https:\/\/rioonwatch.org\/index.php?rest_route=\/wp\/v2\/types\/post"}],"author":[{"embeddable":true,"href":"https:\/\/rioonwatch.org\/index.php?rest_route=\/wp\/v2\/users\/245"}],"replies":[{"embeddable":true,"href":"https:\/\/rioonwatch.org\/index.php?rest_route=%2Fwp%2Fv2%2Fcomments&post=77547"}],"version-history":[{"count":1,"href":"https:\/\/rioonwatch.org\/index.php?rest_route=\/wp\/v2\/posts\/77547\/revisions"}],"predecessor-version":[{"id":79419,"href":"https:\/\/rioonwatch.org\/index.php?rest_route=\/wp\/v2\/posts\/77547\/revisions\/79419"}],"wp:featuredmedia":[{"embeddable":true,"href":"https:\/\/rioonwatch.org\/index.php?rest_route=\/wp\/v2\/media\/77548"}],"wp:attachment":[{"href":"https:\/\/rioonwatch.org\/index.php?rest_route=%2Fwp%2Fv2%2Fmedia&parent=77547"}],"wp:term":[{"taxonomy":"category","embeddable":true,"href":"https:\/\/rioonwatch.org\/index.php?rest_route=%2Fwp%2Fv2%2Fcategories&post=77547"},{"taxonomy":"post_tag","embeddable":true,"href":"https:\/\/rioonwatch.org\/index.php?rest_route=%2Fwp%2Fv2%2Ftags&post=77547"},{"taxonomy":"writer","embeddable":true,"href":"https:\/\/rioonwatch.org\/index.php?rest_route=%2Fwp%2Fv2%2Fwriter&post=77547"},{"taxonomy":"translator","embeddable":true,"href":"https:\/\/rioonwatch.org\/index.php?rest_route=%2Fwp%2Fv2%2Ftranslator&post=77547"},{"taxonomy":"illustrator","embeddable":true,"href":"https:\/\/rioonwatch.org\/index.php?rest_route=%2Fwp%2Fv2%2Fillustrator&post=77547"},{"taxonomy":"photographer","embeddable":true,"href":"https:\/\/rioonwatch.org\/index.php?rest_route=%2Fwp%2Fv2%2Fphotographer&post=77547"}],"curies":[{"name":"wp","href":"https:\/\/api.w.org\/{rel}","templated":true}]}}