{"id":7766,"date":"2013-03-27T10:01:37","date_gmt":"2013-03-27T13:01:37","guid":{"rendered":"http:\/\/rioonwatch.org\/?p=7766"},"modified":"2015-03-04T11:44:37","modified_gmt":"2015-03-04T14:44:37","slug":"a-climate-of-apprehension-in-mare-rios-largest-favela-complex-as-they-await-the-upp","status":"publish","type":"post","link":"https:\/\/rioonwatch.org\/?p=7766","title":{"rendered":"A Climate of Apprehension in Mar\u00e9, Rio\u2019s Largest Favela Complex, as Residents Await the UPP"},"content":{"rendered":"<p><em>For the original Opinion piece by Eliane Sousa Silva, Director of Redes da Mar\u00e9 (Mar\u00e9 Development Network),\u00a0in Portuguese, published first in print in O Globo, republished by LECC, click <a href=\"http:\/\/bit.ly\/WHeuGT\" target=\"_blank\">here<\/a>.\u00a0<\/em><\/p>\n<p><a href=\"http:\/\/www.rioonwatch.org\/?attachment_id=7780\" rel=\"attachment wp-att-7780\"><img fetchpriority=\"high\" decoding=\"async\" class=\"alignright size-full wp-image-7780\" title=\"The Mar\u00e9 Complex of favelas in Rio's North Zone is set to be the next favela to receive a UPP\" src=\"http:\/\/www.rioonwatch.org\/wp-content\/uploads\/2013\/03\/Mar\u00e9-pol\u00edcia.jpg\" alt=\"The Mar\u00e9 Complex of favelas in Rio's North Zone is set to be the next favela to receive a UPP\" width=\"360\" height=\"247\" \/><\/a>News of the UPP\u2019s entry into <a href=\"http:\/\/bit.ly\/MYOrly\">Mar\u00e9<\/a>, Rio de Janeiro\u2019s largest favela, comes preceded by great speculation. After all, no one knows when or how it will be implemented. Thus, residents await confirmation with anticipation and apprehension. They understand that this initiative represents the coming, though tardy, of the right to public security. Without a doubt, the guarantee of this right is an important step in legitimizing the status as citizen of residents in these areas.<\/p>\n<p>There are many challenges to be considered in expanding the <a href=\"http:\/\/bit.ly\/oTynCR\">Pacifying Police Units (UPP)<\/a>, as it appears to me it is the State&#8217;s intention to progressively expand the program until it comprises a standard public policy. The complexity of this issue that intrigues and arouses leaders, researchers, professionals in the field and all those that live in the state alike, needs to be considered with nuances that combine common sense and recognition of what has already been done to date. With this in mind, the people mustn&#8217;t just witness what lies ahead and which arrives loaded with air of spectacle.<\/p>\n<p><a href=\"http:\/\/www.rioonwatch.org\/?attachment_id=7785\" rel=\"attachment wp-att-7785\"><img decoding=\"async\" class=\"alignright size-full wp-image-7785\" title=\"The campaign 'We Are from Mar\u00e9 and We Have Rights&quot; is an initiative of Redes da Mar\u00e9, Amnesty International and Observat\u00f3rio de Favelas\" src=\"http:\/\/www.rioonwatch.org\/wp-content\/uploads\/2013\/03\/Redes-da-Mar\u00e9-Amnesty-campaign.jpg\" alt=\"The campaign 'We Are from Mar\u00e9 and We Have Rights&quot; is an initiative of Redes da Mar\u00e9, Amnesty International and Observat\u00f3rio de Favelas\" width=\"360\" height=\"240\" srcset=\"https:\/\/rioonwatch.org\/wp-content\/uploads\/2013\/03\/Redes-da-Mar\u00e9-Amnesty-campaign.jpg 448w, https:\/\/rioonwatch.org\/wp-content\/uploads\/2013\/03\/Redes-da-Mar\u00e9-Amnesty-campaign-300x200.jpg 300w\" sizes=\"(max-width: 360px) 100vw, 360px\" \/><\/a>In the case of Mar\u00e9 one mustn&#8217;t fail to consider the history of struggle and achievements of its residents who, since the formation of each of the 16 existing favelas, have sought to extend and bring about basic rights. As a result, the region has various public facilities, uncommon in the majority of Rio\u2019s favelas. However, this is not enough. Quality of services rendered is still lacking, and many other rights are still denied.<\/p>\n<p>Attention should be drawn to the Mar\u00e9\u00a0Residents\u2019 Associations that played a unique role in securing all the achievements highlighted above and more recently have joined in the movement <a href=\"http:\/\/bit.ly\/15R9v6v\">\u201c<em>A Mar\u00e9 que Queremos<\/em>\u201d<\/a> (The Mar\u00e9 We Want). This initiative has, since February 2010, brought together on a monthly basis the resident associations and other organizations of all 16 communities that constitute Mar\u00e9. They have formulated a <a href=\"http:\/\/bit.ly\/10RSNRN\">document<\/a> with structural demands for Mar\u00e9 and together with the different public organs, have been gradually discussing how to guarantee the quality and extension of services and basic rights for the region.<\/p>\n<p>As you see there is a long history of fruitful work already in place in Mar\u00e9. But, without a doubt, public security remains a right to be pursued. And so we arrive at a point worthy of highlighting: what will the agenda for public safety be in Mar\u00e9 with the arrival of the UPP? Will we see initiatives inherent to this field, such as identifying and dealing with violence related to the abuse of children, youth and women, conflict mediation and access to justice? Will the rights of residents to come and go, to privacy and to freedom of expression be protected?<\/p>\n<p><a href=\"http:\/\/www.rioonwatch.org\/?attachment_id=7789\" rel=\"attachment wp-att-7789\"><img decoding=\"async\" class=\"alignright size-full wp-image-7789\" title=\"Eliane Sousa Silva, Director of Redes da Mar\u00e9 at a &quot;We Are from Mar\u00e9 and We Have Rights&quot; event\" src=\"http:\/\/www.rioonwatch.org\/wp-content\/uploads\/2013\/03\/Eliane-Redes-da-Mar\u00e9.jpg\" alt=\"Eliane Sousa Silva, Director of Redes da Mar\u00e9 at a &quot;We Are from Mar\u00e9 and We Have Rights&quot; event\" width=\"358\" height=\"239\" srcset=\"https:\/\/rioonwatch.org\/wp-content\/uploads\/2013\/03\/Eliane-Redes-da-Mar\u00e9.jpg 448w, https:\/\/rioonwatch.org\/wp-content\/uploads\/2013\/03\/Eliane-Redes-da-Mar\u00e9-300x200.jpg 300w\" sizes=\"(max-width: 358px) 100vw, 358px\" \/><\/a>As has been reported, the <a href=\"http:\/\/bit.ly\/Xdpruu\" target=\"_blank\">Redes da Mar\u00e9<\/a> (Mar\u00e9 Development Network community NGO), Amnesty International, and <a href=\"http:\/\/bit.ly\/15jYiLC\" target=\"_blank\">Observat\u00f3rio de Favelas<\/a> (Favela Observatory) launched the campaign <a href=\"http:\/\/bit.ly\/13XSEAz\">\u201c<em>Somos da Mar\u00e9 e Temos Direitos<\/em>\u201d<\/a> (We Are From Mar\u00e9 and We Have Rights)\u00a0to contribute to securing these rights and strengthening public policy in the field of security, by explaining to residents what their rights and duties are at the time of a police approach: do nothing to complicate police action, but the State must respect basic consent, such as not entering houses without resident permission.<\/p>\n<p>As such, we will not passively watch the security forces&#8217; actions. They must represent the effective arrival of a perspective of republican State presence and not act as an \u201coccupying army,\u201d thinking they are in a war zone and looking upon its residents as the \u201ccivil population of the enemy army.\u201d<\/p>\n<p>As citizens, recognizing the right to public security for Mar\u00e9&#8217;s residents, as one among all other rights, must be the starting point. This is our perspective as we face the possible arrival of a new public security strategy being developed by the State government.<\/p>\n","protected":false},"excerpt":{"rendered":"<div class=\"mh-excerpt\"><p>For the original Opinion piece by Eliane Sousa Silva, Director of Redes da Mar\u00e9 (Mar\u00e9 Development Network),\u00a0in Portuguese, published first in print in O Globo, republished by LECC, click here.\u00a0 News of the UPP\u2019s entry <a class=\"mh-excerpt-more\" href=\"https:\/\/rioonwatch.org\/?p=7766\" title=\"A Climate of Apprehension in Mar\u00e9, Rio\u2019s Largest Favela Complex, as Residents Await the UPP\">[&#8230;]<\/a><\/p>\n<\/div>","protected":false},"author":17,"featured_media":7794,"comment_status":"closed","ping_status":"closed","sticky":false,"template":"","format":"standard","meta":{"_monsterinsights_skip_tracking":false,"_monsterinsights_sitenote_active":false,"_monsterinsights_sitenote_note":"","_monsterinsights_sitenote_category":0,"footnotes":""},"categories":[1294,1277,1328,1290,1331,335,329,1330],"tags":[756,258,364,280,25,683,618,37,1292,15,152,638,809,1555],"writer":[807],"translator":[808],"illustrator":[],"photographer":[],"class_list":{"0":"post-7766","1":"post","2":"type-post","3":"status-publish","4":"format-standard","5":"has-post-thumbnail","7":"category-communitymedia","8":"category-uppwatch","9":"category-by-community-contributors","10":"category-civilsociety","11":"category-opinion-2","12":"category-policies","13":"category-solutions","14":"category-translation","15":"tag-community-organizing","16":"tag-community-solution","17":"tag-community-based-organization-cbo","18":"tag-complexo-da-mare","19":"tag-human-rights","20":"tag-mobilization","21":"tag-neighborhood-association","22":"tag-north-zone","23":"tag-organizing","24":"tag-pacifying-police-unit","25":"tag-participation","26":"tag-police-occupation","27":"tag-public-security","28":"tag-redes-de-desenvolvimento-da-mare","29":"writer-eliana-sousa-silva","30":"translator-jason-yu"},"_links":{"self":[{"href":"https:\/\/rioonwatch.org\/index.php?rest_route=\/wp\/v2\/posts\/7766","targetHints":{"allow":["GET"]}}],"collection":[{"href":"https:\/\/rioonwatch.org\/index.php?rest_route=\/wp\/v2\/posts"}],"about":[{"href":"https:\/\/rioonwatch.org\/index.php?rest_route=\/wp\/v2\/types\/post"}],"author":[{"embeddable":true,"href":"https:\/\/rioonwatch.org\/index.php?rest_route=\/wp\/v2\/users\/17"}],"replies":[{"embeddable":true,"href":"https:\/\/rioonwatch.org\/index.php?rest_route=%2Fwp%2Fv2%2Fcomments&post=7766"}],"version-history":[{"count":0,"href":"https:\/\/rioonwatch.org\/index.php?rest_route=\/wp\/v2\/posts\/7766\/revisions"}],"wp:featuredmedia":[{"embeddable":true,"href":"https:\/\/rioonwatch.org\/index.php?rest_route=\/wp\/v2\/media\/7794"}],"wp:attachment":[{"href":"https:\/\/rioonwatch.org\/index.php?rest_route=%2Fwp%2Fv2%2Fmedia&parent=7766"}],"wp:term":[{"taxonomy":"category","embeddable":true,"href":"https:\/\/rioonwatch.org\/index.php?rest_route=%2Fwp%2Fv2%2Fcategories&post=7766"},{"taxonomy":"post_tag","embeddable":true,"href":"https:\/\/rioonwatch.org\/index.php?rest_route=%2Fwp%2Fv2%2Ftags&post=7766"},{"taxonomy":"writer","embeddable":true,"href":"https:\/\/rioonwatch.org\/index.php?rest_route=%2Fwp%2Fv2%2Fwriter&post=7766"},{"taxonomy":"translator","embeddable":true,"href":"https:\/\/rioonwatch.org\/index.php?rest_route=%2Fwp%2Fv2%2Ftranslator&post=7766"},{"taxonomy":"illustrator","embeddable":true,"href":"https:\/\/rioonwatch.org\/index.php?rest_route=%2Fwp%2Fv2%2Fillustrator&post=7766"},{"taxonomy":"photographer","embeddable":true,"href":"https:\/\/rioonwatch.org\/index.php?rest_route=%2Fwp%2Fv2%2Fphotographer&post=7766"}],"curies":[{"name":"wp","href":"https:\/\/api.w.org\/{rel}","templated":true}]}}