{"id":77752,"date":"2024-03-18T12:13:49","date_gmt":"2024-03-18T15:13:49","guid":{"rendered":"https:\/\/rioonwatch.org\/?p=77752"},"modified":"2024-05-02T16:23:49","modified_gmt":"2024-05-02T19:23:49","slug":"on-world-water-week-discover-insights-from-four-favelas-facing-escalating-challenges-in-water-and-electricity-access-at-the-latest-launch-of-the-water-and-energy-justice-in-favelas-report","status":"publish","type":"post","link":"https:\/\/rioonwatch.org\/?p=77752","title":{"rendered":"This World Water Week, Discover Insights from Four Favelas Facing Growing Water and Electricity Challenges, at the Final Launch of the &#8216;Water and Energy Justice in Favelas&#8217; Report"},"content":{"rendered":"<figure id=\"attachment_77753\" aria-describedby=\"caption-attachment-77753\" style=\"width: 2048px\" class=\"wp-caption aligncenter\"><a href=\"https:\/\/rioonwatch.org\/wp-content\/uploads\/2024\/03\/Providencia-Launch.jpg\"><img fetchpriority=\"high\" decoding=\"async\" class=\"wp-image-77753 size-full\" title=\"Participants of the final data release event of the Water and Energy Justice report in the Rio de Janeiro favelas. Photo: B\u00e1rbara Dias\" src=\"https:\/\/rioonwatch.org\/wp-content\/uploads\/2024\/03\/Providencia-Launch.jpg\" alt=\"Participants of the final data release event of the Water and Energy Justice report in the Rio de Janeiro favelas. Photo: B\u00e1rbara Dias\" width=\"2048\" height=\"1073\" srcset=\"https:\/\/rioonwatch.org\/wp-content\/uploads\/2024\/03\/Providencia-Launch.jpg 2048w, https:\/\/rioonwatch.org\/wp-content\/uploads\/2024\/03\/Providencia-Launch-620x325.jpg 620w, https:\/\/rioonwatch.org\/wp-content\/uploads\/2024\/03\/Providencia-Launch-1201x629.jpg 1201w, https:\/\/rioonwatch.org\/wp-content\/uploads\/2024\/03\/Providencia-Launch-768x402.jpg 768w\" sizes=\"(max-width: 2048px) 100vw, 2048px\" \/><\/a><figcaption id=\"caption-attachment-77753\" class=\"wp-caption-text\">Participants of the final data launch event of the Water and Energy Justice report in Rio de Janeiro favelas. Photo: B\u00e1rbara Dias<\/figcaption><\/figure>\n<h4 style=\"text-align: right;\"><a href=\"https:\/\/bit.ly\/3VwpjNL\" target=\"_blank\" rel=\"noopener\"><span class=\"s1\"><i>Clique aqui para Portugu\u00eas<\/i><\/span><span class=\"s2\"><i><span class=\"Apple-converted-space\"><em><img decoding=\"async\" class=\"alignright size-full wp-image-23766\" src=\"https:\/\/www.rioonwatch.org\/wp-content\/uploads\/2012\/08\/PT-e1439583827971.png\" width=\"20\" height=\"20\" \/><\/em><\/span><\/i><\/span><\/a><\/h4>\n<p><em><strong>March 18, 2024<\/strong>\u2014Last month, communities affiliated with the Sustainable Favela Network (<a href=\"https:\/\/bit.ly\/3nsyde6\" target=\"_blank\" rel=\"noopener\">SFN<\/a>)* and the Favelas Unified Dashboard (<a href=\"http:\/\/www.favela.info\/\" target=\"_blank\" rel=\"noopener\">PUF<\/a>)* held the final local data launch from the <a href=\"https:\/\/catcomm.org\/wp-content\/uploads\/2023\/04\/2022-FINAL-REPORT-Monitoring-Water-and-Energy-Justice-in-the-Favelas.pdf\" target=\"_blank\" rel=\"noopener\">report<\/a> &#8220;Water and Energy Justice in the Favelas: Community Researchers Gather Data Revealing Inequalities and Calling for Action&#8221; at <a href=\"https:\/\/bit.ly\/2SIfb3o\" target=\"_blank\" rel=\"noopener\">Galeria Provid\u00eancia<\/a>. The communities contemplated in the final event were: Provid\u00eancia in <a href=\"https:\/\/bit.ly\/2X5DZ4e\" target=\"_blank\" rel=\"noopener\">Centro<\/a>; <a href=\"https:\/\/bit.ly\/2ZcL1pE\" target=\"_blank\" rel=\"noopener\">Pav\u00e3o-Pav\u00e3ozinho<\/a> and <a href=\"https:\/\/bit.ly\/2SpKdvj\" target=\"_blank\" rel=\"noopener\">Cantagalo<\/a> (PPG) in the <a href=\"https:\/\/bit.ly\/318kJ9H\" target=\"_blank\" rel=\"noopener\">South Zone<\/a>; and <a href=\"https:\/\/bit.ly\/1YFlK17\" target=\"_blank\" rel=\"noopener\">Complexo da Pedreira<\/a> and <a href=\"https:\/\/bit.ly\/2XUoe4I\" target=\"_blank\" rel=\"noopener\">Morro dos Macacos<\/a> in the <a href=\"https:\/\/bit.ly\/2IgR5qe\" target=\"_blank\" rel=\"noopener\">North Zone<\/a>. The data were gathered during the <a href=\"https:\/\/bit.ly\/3Ozmk1Z\" target=\"_blank\" rel=\"noopener\">course<\/a> &#8220;Monitoring Water and Energy Justice in the Favelas,&#8221; in 15 favelas of Greater Rio throughout 2022 and engaged 30 youth and 15 community leaders from 15 favelas across Greater Rio: in the city of Rio de Janeiro, these included City of God, Complexo da Pedreira, Itacolomi, Jacarezinho, Morro dos Macacos, PPG, Provid\u00eancia, Rio das Pedras, and Vila Cruzeiro; in the Baixada Fluminense, they encompassed Cor\u00e9ia, Cosmorama, and Jacutinga in Mesquita; Dique de Vila Alzira in Duque de Caxias; \u00c9den in S\u00e3o Jo\u00e3o de Meriti; and Engenho in Itagua\u00ed.<\/em><\/p>\n<h3>Data on Water and Electricity in Four Favelas, Launched at Final Event of its Kind<\/h3>\n<p>The <a href=\"https:\/\/www.favelasustentavel.org\/justica-hidrica-energetica\" target=\"_blank\" rel=\"noopener\">local data launches<\/a> of the <a href=\"https:\/\/bit.ly\/FavelaEnergyJusticeReport\" target=\"_blank\" rel=\"noopener\">report<\/a> &#8220;Water and Energy Justice in the Favelas: Community Researchers Gather Data Revealing Inequalities and Calling for Action&#8221; held throughout 2023-2024 in the 15 communities that were surveyed by the <a href=\"http:\/\/www.favelasustentavel.org\/\" target=\"_blank\" rel=\"noopener\">Sustainable Favela Network<\/a>, go against the grain of what typically happens once data are collected. Instead of focusing immediately on presenting the research to government officials and decision-makers, or storing it in libraries and archives, the focus was on returning to the communities surveyed, debating the results, enhancing knowledge, and strengthening access to information for the local population, so that together residents can come together, informed, to advocate for their rights.<\/p>\n<p>The launches were moments of intense exchange between young researchers, community leaders, and residents, with the final event on February 24 launching local data to residents of Provid\u00eancia, PPG, Macacos, and Pedreira favelas, with several other communities also present. In their communities, young researchers identified the challenges faced by residents regarding water and electricity provision by private utilities <a href=\"https:\/\/bit.ly\/47XtCom\" target=\"_blank\" rel=\"noopener\">\u00c1guas do Rio<\/a> (water) and <a href=\"https:\/\/bit.ly\/2Rs7L2t\" target=\"_blank\" rel=\"noopener\">Light<\/a> (electricity), revealing an alarming lack of quality access to these services. Testimonials at the launch event made it clear that there has been a deterioration in services rendered since the research was conducted in 2022, with particular emphasis on water access and quality.<\/p>\n<h3>Research By and For the Favelas<\/h3>\n<p>When <a href=\"https:\/\/bit.ly\/2ORC5WL\" target=\"_blank\" rel=\"noopener\">government neglects its responsibility<\/a> to conduct research that is needed to inform the provision of basic services, who is left to do the work? In yet another domain, it is the &#8220;<a href=\"https:\/\/bit.ly\/2WyYfyp\" target=\"_blank\" rel=\"noopener\">by us for us<\/a>&#8221; approach that offers the only way out for favela residents. It is up to residents themselves to self-organize and generate their own research. This is how the report &#8220;Water and Energy Justice in the Favelas&#8221; came about.<\/p>\n<blockquote><p>&#8220;Historically, we fought with the resources we had, but I think that being able to fight in this manner [with data] gives us a different advantage. Having information and data about the place where we live adds a factor of dignity and respect that puts us in a different light [when fighting for rights].&#8221; \u2013 Hugo Oliveira, Galeria Provid\u00eancia<\/p><\/blockquote>\n<p>The data from the report, in general, reveal that water is more scarce in Rio&#8217;s favelas than previously understood, relying on pumps and water tanks to ensure access. The data on electricity is equally concerning in the context of climate change, especially when accessing water requires electricity. Among other issues, many residents are not served by <a href=\"http:\/\/bit.ly\/2Rs7L2t\" target=\"_blank\" rel=\"noopener\">Light<\/a>, the electric utility, and when they are, cases of <a href=\"http:\/\/bit.ly\/2FiXj5I\" target=\"_blank\" rel=\"noopener\">abusive billing<\/a>\u00a0are frequently reported, along with blackouts, power surges, equipment damage, and days-long <a href=\"http:\/\/bit.ly\/3oSM1eW\" target=\"_blank\" rel=\"noopener\">power outages<\/a>.<\/p>\n<figure id=\"attachment_77755\" aria-describedby=\"caption-attachment-77755\" style=\"width: 2048px\" class=\"wp-caption aligncenter\"><a href=\"https:\/\/rioonwatch.org\/wp-content\/uploads\/2024\/03\/Young-researchers.jpg\"><img decoding=\"async\" class=\"wp-image-77755 size-full\" title=\"Twelve of the 30 youth that carried out research for the report &quot;Water and Energy Justice in the Favelas&quot; of Greater Rio. Photo: B\u00e1rbara Dias \" src=\"https:\/\/rioonwatch.org\/wp-content\/uploads\/2024\/03\/Young-researchers.jpg\" alt=\"Twelve of the 30 youth that carried out research for the report &quot;Water and Energy Justice in the Favelas&quot; of Greater Rio. Photo: B\u00e1rbara Dias \" width=\"2048\" height=\"1367\" srcset=\"https:\/\/rioonwatch.org\/wp-content\/uploads\/2024\/03\/Young-researchers.jpg 2048w, https:\/\/rioonwatch.org\/wp-content\/uploads\/2024\/03\/Young-researchers-620x414.jpg 620w, https:\/\/rioonwatch.org\/wp-content\/uploads\/2024\/03\/Young-researchers-942x629.jpg 942w, https:\/\/rioonwatch.org\/wp-content\/uploads\/2024\/03\/Young-researchers-768x513.jpg 768w\" sizes=\"(max-width: 2048px) 100vw, 2048px\" \/><\/a><figcaption id=\"caption-attachment-77755\" class=\"wp-caption-text\">Twelve of the 30 youth that carried out research for the report &#8220;Water and Energy Justice in the Favelas&#8221; of Greater Rio. Photo: B\u00e1rbara Dias<\/figcaption><\/figure>\n<h3>Testimonials of Abuse Set the Tone of the Event<\/h3>\n<p>The majority of testimonials by residents at the launch shed light on the deteriorating access to water since the 2022 research was conducted, just after Rio de Janeiro&#8217;s water access was privatized. From issues with water supply and quality to leaks, unaffordable bills, and unresponsiveness from private utility <a href=\"https:\/\/bit.ly\/47XtCom\" target=\"_blank\" rel=\"noopener\">\u00c1guas do Rio<\/a>, a range of concerns were raised. Similarly troubling were the findings regarding electricity, with many residents unable to access assistance from <a href=\"http:\/\/bit.ly\/2Rs7L2t\" target=\"_blank\" rel=\"noopener\">Light<\/a>, reporting <a href=\"http:\/\/bit.ly\/2FiXj5I\" target=\"_blank\" rel=\"noopener\">exorbitant charges<\/a>, and enduring frequent blackouts and power surges that damage equipment.<\/p>\n<figure id=\"attachment_77756\" aria-describedby=\"caption-attachment-77756\" style=\"width: 2560px\" class=\"wp-caption aligncenter\"><a href=\"https:\/\/rioonwatch.org\/wp-content\/uploads\/2024\/03\/Report-on-water-and-energy-justice-in-the-favelas-of-Rio-de-Janeiro-Photo-Barbara-Dias.jpg\"><img loading=\"lazy\" decoding=\"async\" class=\"wp-image-77756 size-full\" title=\"The report provides insights into water and energy justice in the favelas of Rio de Janeiro. Photo: B\u00e1rbara Dias \" src=\"https:\/\/rioonwatch.org\/wp-content\/uploads\/2024\/03\/Report-on-water-and-energy-justice-in-the-favelas-of-Rio-de-Janeiro-Photo-Barbara-Dias.jpg\" alt=\"The report provides insights into water and energy justice in the favelas of Rio de Janeiro. Photo: B\u00e1rbara Dias \" width=\"2560\" height=\"1709\" srcset=\"https:\/\/rioonwatch.org\/wp-content\/uploads\/2024\/03\/Report-on-water-and-energy-justice-in-the-favelas-of-Rio-de-Janeiro-Photo-Barbara-Dias.jpg 2560w, https:\/\/rioonwatch.org\/wp-content\/uploads\/2024\/03\/Report-on-water-and-energy-justice-in-the-favelas-of-Rio-de-Janeiro-Photo-Barbara-Dias-620x414.jpg 620w, https:\/\/rioonwatch.org\/wp-content\/uploads\/2024\/03\/Report-on-water-and-energy-justice-in-the-favelas-of-Rio-de-Janeiro-Photo-Barbara-Dias-942x629.jpg 942w, https:\/\/rioonwatch.org\/wp-content\/uploads\/2024\/03\/Report-on-water-and-energy-justice-in-the-favelas-of-Rio-de-Janeiro-Photo-Barbara-Dias-768x513.jpg 768w\" sizes=\"(max-width: 2560px) 100vw, 2560px\" \/><\/a><figcaption id=\"caption-attachment-77756\" class=\"wp-caption-text\">The report provides insights into water and energy justice in the favelas of Rio de Janeiro. Photo: B\u00e1rbara Dias<\/figcaption><\/figure>\n<p>A resident of PPG noted a significant decline in water service following the privatization of public utility <a href=\"https:\/\/bit.ly\/3v5EcrO\" target=\"_blank\" rel=\"noopener\">CEDAE<\/a>, now private utility \u00c1guas do Rio.<\/p>\n<blockquote><p>&#8220;We&#8217;ve noticed a major issue with supply, with increased waste, since \u00c1guas do Rio uses low-quality materials. In many cases, besides waste and water shortages, we&#8217;ve noticed that the numbers [in the report] have worsened. Personally, I&#8217;ve experienced water shortages due to \u00c1guas do Rio&#8217;s failure to provide adequate supply.&#8221;<\/p><\/blockquote>\n<p>Another PPG resident, a craftsman, explained that the water rotation schedule set by the utility does not always manage to supply everyone in the favela.<\/p>\n<blockquote><p>&#8220;When it comes to this [supposed] rotation schedule, it ends up that not everyone gets water [since there is already a three-day waiting period for the normal supply].&#8221;<\/p><\/blockquote>\n<figure id=\"attachment_77757\" aria-describedby=\"caption-attachment-77757\" style=\"width: 2560px\" class=\"wp-caption aligncenter\"><a href=\"https:\/\/rioonwatch.org\/wp-content\/uploads\/2024\/03\/Leticia-da-Silva-from-Providencia-speaks-of-her-experience-with-water-shortages-at-home-scaled-1.jpg\"><img loading=\"lazy\" decoding=\"async\" class=\"wp-image-77757 size-full\" title=\"Let\u00edcia da Silva, a resident of Provid\u00eancia, shares her firsthand experience with water shortages at her home during the release of data from the report Water and Energy Justice in the favelas of Rio de Janeiro. Photo: B\u00e1rbara Dias\" src=\"https:\/\/rioonwatch.org\/wp-content\/uploads\/2024\/03\/Leticia-da-Silva-from-Providencia-speaks-of-her-experience-with-water-shortages-at-home-scaled-1.jpg\" alt=\"Let\u00edcia da Silva, a resident of Provid\u00eancia, shares her firsthand experience with water shortages at her home during the release of data from the report Water and Energy Justice in the favelas of Rio de Janeiro. Photo: B\u00e1rbara Dias\" width=\"2560\" height=\"1709\" srcset=\"https:\/\/rioonwatch.org\/wp-content\/uploads\/2024\/03\/Leticia-da-Silva-from-Providencia-speaks-of-her-experience-with-water-shortages-at-home-scaled-1.jpg 2560w, https:\/\/rioonwatch.org\/wp-content\/uploads\/2024\/03\/Leticia-da-Silva-from-Providencia-speaks-of-her-experience-with-water-shortages-at-home-scaled-1-620x414.jpg 620w, https:\/\/rioonwatch.org\/wp-content\/uploads\/2024\/03\/Leticia-da-Silva-from-Providencia-speaks-of-her-experience-with-water-shortages-at-home-scaled-1-942x629.jpg 942w, https:\/\/rioonwatch.org\/wp-content\/uploads\/2024\/03\/Leticia-da-Silva-from-Providencia-speaks-of-her-experience-with-water-shortages-at-home-scaled-1-768x513.jpg 768w\" sizes=\"(max-width: 2560px) 100vw, 2560px\" \/><\/a><figcaption id=\"caption-attachment-77757\" class=\"wp-caption-text\">Let\u00edcia da Silva, a resident of Provid\u00eancia, shares her firsthand experience with water shortages at her home during the local data launch of the report Water and Energy Justice in the Favelas of Rio de Janeiro. Photo: B\u00e1rbara Dias<\/figcaption><\/figure>\n<p>Let\u00edcia da Silva, from Provid\u00eancia, recounted the deterioration in water delivery to her home following the privatization of CEDAE.<\/p>\n<blockquote><p>&#8220;The water situation is dire! For us to have access to water, people wake up at dawn to fill up every vessel, wash dishes, and do the laundry. By around six in the morning, there&#8217;s no water left. We have to sit and wait; there&#8217;s very little water&#8230; Then we get our children ready to go to school. There\u2019s also no water at the school&#8230; So, you have to find someone to take care of the children, so you can search for or go to work and do your daily errands&#8230; After the new company entered the market, we no longer have water, at least not on my street and at my daughters\u2019 school\u2026&#8221;<\/p><\/blockquote>\n<p>Other residents continued to report that access to water had significantly worsened under the new utility, with inefficient distribution, even in the lower parts of favelas\u2014a situation that did not exist previously. There were also reports of increased water bills and wrongful charges.<\/p>\n<figure id=\"attachment_77759\" aria-describedby=\"caption-attachment-77759\" style=\"width: 2048px\" class=\"wp-caption aligncenter\"><a href=\"https:\/\/rioonwatch.org\/wp-content\/uploads\/2024\/03\/Joao-Victor-Teodoro-from-PPG-speaks-at-Providencia-event.jpg\"><img loading=\"lazy\" decoding=\"async\" class=\"wp-image-77759 size-full\" title=\"Jo\u00e3o Victor Teodoro, a young resident and community mobilizer from Pav\u00e3o-Pav\u00e3ozinho\/Cantagalo, speaks at the event. Photo: B\u00e1rbara Dias\" src=\"https:\/\/rioonwatch.org\/wp-content\/uploads\/2024\/03\/Joao-Victor-Teodoro-from-PPG-speaks-at-Providencia-event.jpg\" alt=\"Jo\u00e3o Victor Teodoro, a young resident and community mobilizer from Pav\u00e3o-Pav\u00e3ozinho\/Cantagalo, speaks at the event. Photo: B\u00e1rbara Dias\" width=\"2048\" height=\"1367\" srcset=\"https:\/\/rioonwatch.org\/wp-content\/uploads\/2024\/03\/Joao-Victor-Teodoro-from-PPG-speaks-at-Providencia-event.jpg 2048w, https:\/\/rioonwatch.org\/wp-content\/uploads\/2024\/03\/Joao-Victor-Teodoro-from-PPG-speaks-at-Providencia-event-620x414.jpg 620w, https:\/\/rioonwatch.org\/wp-content\/uploads\/2024\/03\/Joao-Victor-Teodoro-from-PPG-speaks-at-Providencia-event-942x629.jpg 942w, https:\/\/rioonwatch.org\/wp-content\/uploads\/2024\/03\/Joao-Victor-Teodoro-from-PPG-speaks-at-Providencia-event-768x513.jpg 768w\" sizes=\"(max-width: 2048px) 100vw, 2048px\" \/><\/a><figcaption id=\"caption-attachment-77759\" class=\"wp-caption-text\">Jo\u00e3o Victor Teodoro, a young resident and community organizer from Pav\u00e3o-Pav\u00e3ozinho\/Cantagalo, speaks at the event. Photo: B\u00e1rbara Dias<\/figcaption><\/figure>\n<p>Concerning water meters, residents of Complexo da Pedreira reported that 96% do not have the equipment, while in Morro dos Macacos, the figure is even higher, reaching 99%. A resident of PPG shared her experience of having a water meter at home and paying bills promptly, yet still facing threats of water being cut off by the utility.<\/p>\n<blockquote><p>&#8220;I&#8217;m from PPG, we have a water meter at home, but we still face many problems. They often come by saying they&#8217;re going to cut off our water supply, even though we pay our bills on time. And still we&#8217;re having this problem with them coming by and saying they&#8217;re going to shut off the water. Then we have to run to the [Residents&#8217;] Association to prove our payments. I think this shows how disorganized \u00c1guas do Rio is&#8230; sometimes, we go a week without water even when we&#8217;re paying for it.&#8221;<\/p><\/blockquote>\n<p>In Provid\u00eancia, residents voiced complaints about the installation of water meters leading to unjustified charges. Access to water deteriorated under the new utility, including in areas previously unaffected by frequent water shortages, such as the lower parts of the favela.<\/p>\n<blockquote><p>&#8220;Back when it was CEDAE, we had these kinds of issues, but they were minimal, very little. But after \u00c1guas do Rio took over, I live in a lower part of the community, and at my house, on many days, the water pressure is very low. I have two 1,000-liter tanks, and many times, when I realize it, my water is running out. My mother also lives in a place with six houses&#8230; it&#8217;s like a row of houses&#8230; When it was CEDAE, the bill there was R$700 [US$141] split between six houses. Now, the water runs out, but the bill remains the same&#8230; In my house, with a water meter installed, there are days when the water flow is weak, so the meter readings should be lower, right? Because there&#8217;s less water coming in&#8230; \u00c1guas do Rio came in, but there haven&#8217;t been any benefits to the residents, no pipe replacements, no support, and we&#8217;re still paying [without receiving decent service].&#8221;<\/p><\/blockquote>\n<p>Seeking their rights, some residents turned to the courts to address wrongful charges and poor service. One resident recounted that she lives in section where two residences were demolished due to structural problems. However, to everyone&#8217;s surprise, instead of the reduced number of homes decreasing the collective water bill, which averaged R$700 [US$141], something unexpected happened: it nearly doubled.<\/p>\n<blockquote><p>&#8220;To our astonishment, the bills started coming in at R$1,200 to R$1,300 [~US$240-US$260], so we went looking for knowledge, for our rights, because we are fulfilling our duties&#8230; We went to \u00c1guas do Rio, took photos when the houses started being demolished, we demonstrated, sent emails&#8230; [To] our surprise, they said that would be the same amount charged, and therefore, we had to take legal action&#8230; We&#8217;re not ashamed [to say] we have 13 unpaid bills, we&#8217;re in court, fighting for our rights.&#8221;<\/p><\/blockquote>\n<p>There were reports of water meter being installed without residents being home. Furthermore, <a href=\"https:\/\/bit.ly\/3PjL677\" target=\"_blank\" rel=\"noopener\">local digital influencers<\/a> and <a href=\"https:\/\/bit.ly\/4abbKHl\" target=\"_blank\" rel=\"noopener\">residents are hired<\/a> to work for \u00c1guas do Rio, leveraging their knowledge of the neighborhood. This tarnishes the local social fabric, promoting a kind of &#8220;neighbor finger-pointing&#8221; to the company, causing mistrust and division among residents.<\/p>\n<blockquote><p>&#8220;They hired residents of the favela, people who needed work. These folks know the ins and outs of everyone&#8217;s lives. They go knocking on their neighbors&#8217; doors and say, &#8216;Hey, you&#8217;ve got one water meter, but there are three families living here, so you&#8217;ve got to pay three fees.'&#8221;<\/p><\/blockquote>\n<p>The data on <a href=\"https:\/\/bit.ly\/EnergyEfficiencyInFavelas\" target=\"_blank\" rel=\"noopener\">access to electricity<\/a>, quality of service, and efficiency revealed another alarming statistic: 56% of respondents are living in energy poverty. This means their electricity bills consume over 10% of their monthly family income, exceeding the maximum recommended amount of 7%. Among those affected, 69% reported that if they didn&#8217;t spend as much on their bills, they would allocate more funds toward food.<\/p>\n<blockquote><p>&#8220;In the upper part&#8230; some residents haven&#8217;t had power for a whole week. Our electricity was acting up yesterday, flickering on and off, not even keeping the light bulbs on. Can you imagine enduring <a href=\"https:\/\/apnews.com\/article\/brazil-water-taylor-swift-climate-change-17d812e79f4082bcfc4dfac5ef0f212c\" target=\"_blank\" rel=\"noopener\">this heat<\/a> without a fan? I&#8217;ve got three little ones at home, and we can&#8217;t get any sleep. As a result, everyone&#8217;s exhausted the next day\u2014kids have to go to school, I need to go to work, and my husband too. It throws the whole day off. Unfortunately, that&#8217;s how it&#8217;s been, and it gets even worse in summer.&#8221;<\/p><\/blockquote>\n<p>Electricity and water are connected: without electricity, there are no pumps to ensure access to water, which comes inconsistently, to maintain livable spaces in the heat, and on top of that, the electric bill contributes to food insecurity.<\/p>\n<figure id=\"attachment_77760\" aria-describedby=\"caption-attachment-77760\" style=\"width: 2560px\" class=\"wp-caption aligncenter\"><a href=\"https:\/\/rioonwatch.org\/wp-content\/uploads\/2024\/03\/Ednalda-Oliveira-from-Providencia-speaks-of-her-experience-with-water-scarcity-at-homer-scaled-1.jpg\"><img loading=\"lazy\" decoding=\"async\" class=\"wp-image-77760 size-full\" title=\"Ednalda Oliveira, a resident of Provid\u00eancia, shared her firsthand experience with water scarcity at her home during the launch of data from the Water and Energy Justice Report in Rio de Janeiro's favelas. Photo: B\u00e1rbara Dias\" src=\"https:\/\/rioonwatch.org\/wp-content\/uploads\/2024\/03\/Ednalda-Oliveira-from-Providencia-speaks-of-her-experience-with-water-scarcity-at-homer-scaled-1.jpg\" alt=\"Ednalda Oliveira, a resident of Provid\u00eancia, shared her firsthand experience with water scarcity at her home during the launch of data from the Water and Energy Justice Report in Rio de Janeiro's favelas. Photo: B\u00e1rbara Dias\" width=\"2560\" height=\"1709\" srcset=\"https:\/\/rioonwatch.org\/wp-content\/uploads\/2024\/03\/Ednalda-Oliveira-from-Providencia-speaks-of-her-experience-with-water-scarcity-at-homer-scaled-1.jpg 2560w, https:\/\/rioonwatch.org\/wp-content\/uploads\/2024\/03\/Ednalda-Oliveira-from-Providencia-speaks-of-her-experience-with-water-scarcity-at-homer-scaled-1-620x414.jpg 620w, https:\/\/rioonwatch.org\/wp-content\/uploads\/2024\/03\/Ednalda-Oliveira-from-Providencia-speaks-of-her-experience-with-water-scarcity-at-homer-scaled-1-942x629.jpg 942w, https:\/\/rioonwatch.org\/wp-content\/uploads\/2024\/03\/Ednalda-Oliveira-from-Providencia-speaks-of-her-experience-with-water-scarcity-at-homer-scaled-1-768x513.jpg 768w\" sizes=\"(max-width: 2560px) 100vw, 2560px\" \/><\/a><figcaption id=\"caption-attachment-77760\" class=\"wp-caption-text\">Ednalda Oliveira, a resident of Provid\u00eancia, shared her firsthand experience with water scarcity at her home during the launch of data from the Water and Energy Justice Report in Rio de Janeiro&#8217;s Favelas. Photo: B\u00e1rbara Dias<\/figcaption><\/figure>\n<p>With the data presentation coming to a close, leaders from the surveyed favelas put forward proposals to achieve water and energy justice. These included establishing on-site community posts where water and electricity services are rendered, providing financial assistance for purchasing pumps, trading in inefficient appliances and light bulbs for more energy-efficient versions, as well as the utilities employing local plumbers and electricians.<\/p>\n<h3>Don\u2019t miss the photo album by B\u00e1rbara Dias on <a href=\"https:\/\/bit.ly\/LancamentoDadosZSCentralFotos\" target=\"_blank\" rel=\"noopener\">Flickr<\/a>:<\/h3>\n<p><a title=\"Lan\u00e7amento Final de Dados Locais: Justi\u00e7a Energ\u00e9tica e H\u00eddrica no PPG, Provid\u00eancia, Macacos e Pedreira. 24 de fevereiro de 2024 na Galeria Provid\u00eancia\" href=\"https:\/\/www.flickr.com\/photos\/catcomm\/albums\/72177720315147955\" data-flickr-embed=\"true\"><img loading=\"lazy\" decoding=\"async\" src=\"https:\/\/live.staticflickr.com\/65535\/53582154297_bb20ce930d_h.jpg\" alt=\"Lan\u00e7amento Final de Dados Locais: Justi\u00e7a Energ\u00e9tica e H\u00eddrica no PPG, Provid\u00eancia, Macacos e Pedreira. 24 de fevereiro de 2024 na Galeria Provid\u00eancia\" width=\"1600\" height=\"1200\" \/><\/a><script async src=\"\/\/embedr.flickr.com\/assets\/client-code.js\" charset=\"utf-8\"><\/script><\/p>\n<p><em>About the author and photographer:\u00a0<a href=\"https:\/\/bit.ly\/3Gc3OJU\" target=\"_blank\" rel=\"noopener\">B\u00e1rbara Dias<\/a>\u00a0was born and raised in Bangu, in Rio\u2019s West Zone. She has a degree in Biological Sciences, a master\u2019s in Environmental Education, and has been a public school teacher since 2006. She is a photojournalist and also works with documentary photography. She is a popular communicator for N\u00facleo Piratininga de Comunica\u00e7\u00e3o (<a href=\"https:\/\/bit.ly\/3i2GcdN\" target=\"_blank\" rel=\"noopener\">NPC<\/a>) and co-founder of\u00a0<a href=\"https:\/\/bit.ly\/3vfY8bj\" target=\"_blank\" rel=\"noopener\">Coletivo Fotoguerrilha<\/a>.<\/em><\/p>\n<p><em>*<i>The Sustainable Favela Network (SFN), Favelas Unified Dashboard (PUF), and RioOnWatch are projects realized by not-for-profit organization Catalytic Communities (CatComm).<\/i><\/em><\/p>\n<hr \/>\n<h4><b>Support\u00a0<\/b><b><i>RioOnWatch<\/i><\/b><b>\u2019s tireless, critical and cutting-edge hyperlocal journalism, online community organizing meetings, and direct support to favelas\u00a0<a href=\"http:\/\/bit.ly\/FavelaCovidResponse\" target=\"_blank\" rel=\"noopener noreferrer\">by clicking here<\/a><\/b><b>.<\/b><\/h4>\n","protected":false},"excerpt":{"rendered":"<div class=\"mh-excerpt\"><p>Clique aqui para Portugu\u00eas March 18, 2024\u2014Last month, communities affiliated with the Sustainable Favela Network (SFN)* and the Favelas Unified Dashboard (PUF)* held the final local data launch from the report &#8220;Water and Energy Justice <a class=\"mh-excerpt-more\" href=\"https:\/\/rioonwatch.org\/?p=77752\" title=\"This World Water Week, Discover Insights from Four Favelas Facing Growing Water and Electricity Challenges, at the Final Launch of the &#8216;Water and Energy Justice in Favelas&#8217; Report\">[&#8230;]<\/a><\/p>\n<\/div>","protected":false},"author":245,"featured_media":77753,"comment_status":"closed","ping_status":"closed","sticky":false,"template":"template-full.php","format":"standard","meta":{"_monsterinsights_skip_tracking":false,"_monsterinsights_sitenote_active":false,"_monsterinsights_sitenote_note":"","_monsterinsights_sitenote_category":0,"footnotes":""},"categories":[1290,3477,1333,1271,335,1282,452,336],"tags":[1448,3552,112,371,168,1889,3347,182,1197,485,387,1349,37,1990,1292,155,141,144,740,837,2418,1403,156,3186,3689,370],"writer":[3542],"translator":[3425],"illustrator":[],"photographer":[3548],"class_list":{"0":"post-77752","1":"post","2":"type-post","3":"status-publish","4":"format-standard","5":"has-post-thumbnail","7":"category-civilsociety","8":"category-climate-justice","9":"category-event-reports","10":"category-favelaqualities","11":"category-policies","12":"category-research-analysis","13":"category-rio20","14":"category-violations","15":"tag-favelasareassets","16":"tag-aguas-do-rio","17":"tag-cantagalo","18":"tag-cedae","19":"tag-centro","20":"tag-complexo-da-pedreira","21":"tag-energy-efficiency","22":"tag-government-neglect","23":"tag-greater-rio","24":"tag-light-electricity","25":"tag-morro-dos-macacos","26":"tag-museu-de-favela","27":"tag-north-zone","28":"tag-nos-por-nos","29":"tag-organizing","30":"tag-pavao-pavaozinho","31":"tag-privatization","32":"tag-morro-da-providencia","33":"tag-research-findings","34":"tag-resident-account","35":"tag-right-to-water","36":"tag-solution","37":"tag-south-zone","38":"tag-sfn","39":"tag-unified","40":"tag-water","41":"writer-barbara-dias","42":"translator-aaron-scott","43":"photographer-barbara-dias"},"_links":{"self":[{"href":"https:\/\/rioonwatch.org\/index.php?rest_route=\/wp\/v2\/posts\/77752","targetHints":{"allow":["GET"]}}],"collection":[{"href":"https:\/\/rioonwatch.org\/index.php?rest_route=\/wp\/v2\/posts"}],"about":[{"href":"https:\/\/rioonwatch.org\/index.php?rest_route=\/wp\/v2\/types\/post"}],"author":[{"embeddable":true,"href":"https:\/\/rioonwatch.org\/index.php?rest_route=\/wp\/v2\/users\/245"}],"replies":[{"embeddable":true,"href":"https:\/\/rioonwatch.org\/index.php?rest_route=%2Fwp%2Fv2%2Fcomments&post=77752"}],"version-history":[{"count":0,"href":"https:\/\/rioonwatch.org\/index.php?rest_route=\/wp\/v2\/posts\/77752\/revisions"}],"wp:featuredmedia":[{"embeddable":true,"href":"https:\/\/rioonwatch.org\/index.php?rest_route=\/wp\/v2\/media\/77753"}],"wp:attachment":[{"href":"https:\/\/rioonwatch.org\/index.php?rest_route=%2Fwp%2Fv2%2Fmedia&parent=77752"}],"wp:term":[{"taxonomy":"category","embeddable":true,"href":"https:\/\/rioonwatch.org\/index.php?rest_route=%2Fwp%2Fv2%2Fcategories&post=77752"},{"taxonomy":"post_tag","embeddable":true,"href":"https:\/\/rioonwatch.org\/index.php?rest_route=%2Fwp%2Fv2%2Ftags&post=77752"},{"taxonomy":"writer","embeddable":true,"href":"https:\/\/rioonwatch.org\/index.php?rest_route=%2Fwp%2Fv2%2Fwriter&post=77752"},{"taxonomy":"translator","embeddable":true,"href":"https:\/\/rioonwatch.org\/index.php?rest_route=%2Fwp%2Fv2%2Ftranslator&post=77752"},{"taxonomy":"illustrator","embeddable":true,"href":"https:\/\/rioonwatch.org\/index.php?rest_route=%2Fwp%2Fv2%2Fillustrator&post=77752"},{"taxonomy":"photographer","embeddable":true,"href":"https:\/\/rioonwatch.org\/index.php?rest_route=%2Fwp%2Fv2%2Fphotographer&post=77752"}],"curies":[{"name":"wp","href":"https:\/\/api.w.org\/{rel}","templated":true}]}}