{"id":78314,"date":"2024-06-01T10:11:09","date_gmt":"2024-06-01T13:11:09","guid":{"rendered":"https:\/\/rioonwatch.org\/?p=78314"},"modified":"2025-09-13T14:07:12","modified_gmt":"2025-09-13T17:07:12","slug":"rio-de-janeiros-largest-installation-based-favela-museum-the-mare-museum-celebrates-18-years","status":"publish","type":"post","link":"https:\/\/rioonwatch.org\/?p=78314","title":{"rendered":"The Mar\u00e9 Museum, Rio de Janeiro&#8217;s Largest Installation-Based Favela Museum, Celebrates 18 Years"},"content":{"rendered":"<figure id=\"attachment_78315\" aria-describedby=\"caption-attachment-78315\" style=\"width: 2560px\" class=\"wp-caption aligncenter\"><a href=\"https:\/\/rioonwatch.org\/wp-content\/uploads\/2024\/06\/Memories-Tea-Time-Event-at-Mare-Museum.jpeg-scaled-1.jpeg\"><img fetchpriority=\"high\" decoding=\"async\" class=\"wp-image-78315 size-full\" title=\"Din\u00e2mica \u201c12 Tempos\u201d, que usa categorias tem\u00e1ticas como ferramenta vers\u00e1til para organizar e conduzir visitantes na exposi\u00e7\u00e3o do museu, promovendo uma experi\u00eancia engajadora e informativa. Foto: Amanda Baroni\" src=\"https:\/\/rioonwatch.org\/wp-content\/uploads\/2024\/06\/Memories-Tea-Time-Event-at-Mare-Museum.jpeg-scaled-1.jpeg\" alt=\"Din\u00e2mica \u201c12 Tempos\u201d, que usa categorias tem\u00e1ticas como ferramenta vers\u00e1til para organizar e conduzir visitantes na exposi\u00e7\u00e3o do museu, promovendo uma experi\u00eancia engajadora e informativa. Foto: Amanda Baroni\" width=\"2560\" height=\"1440\" srcset=\"https:\/\/rioonwatch.org\/wp-content\/uploads\/2024\/06\/Memories-Tea-Time-Event-at-Mare-Museum.jpeg-scaled-1.jpeg 2560w, https:\/\/rioonwatch.org\/wp-content\/uploads\/2024\/06\/Memories-Tea-Time-Event-at-Mare-Museum.jpeg-scaled-1-620x349.jpeg 620w, https:\/\/rioonwatch.org\/wp-content\/uploads\/2024\/06\/Memories-Tea-Time-Event-at-Mare-Museum.jpeg-scaled-1-1118x629.jpeg 1118w, https:\/\/rioonwatch.org\/wp-content\/uploads\/2024\/06\/Memories-Tea-Time-Event-at-Mare-Museum.jpeg-scaled-1-768x432.jpeg 768w\" sizes=\"(max-width: 2560px) 100vw, 2560px\" \/><\/a><figcaption id=\"caption-attachment-78315\" class=\"wp-caption-text\">\u201c12 Eras\u201d uses thematic categories as a versatile tool to organize and conduct visitors through the museum&#8217;s exhibition, promotes an engaging and informative experience. Photo: Amanda Baroni<\/figcaption><\/figure>\n<h4 style=\"text-align: right;\"><a href=\"https:\/\/rioonwatch.org.br\/?p=73580\" target=\"_blank\" rel=\"noopener noreferrer\"><em><strong>Clique aqui para Por<\/strong><strong>tugu\u00eas<\/strong><\/em><strong><img decoding=\"async\" class=\"alignright size-full wp-image-23766\" src=\"https:\/\/www.rioonwatch.org\/wp-content\/uploads\/2012\/08\/PT-e1439583827971.png\" width=\"20\" height=\"20\" \/><\/strong><\/a><\/h4>\n<h4>Held on May 22, the &#8220;Tea of Memories&#8221; event celebrated the 18th anniversary of the <a href=\"https:\/\/rioonwatch.org\/?tag=museu-da-mare\">Mar\u00e9 Museum<\/a>, situated in <a href=\"https:\/\/rioonwatch.org\/?tag=complexo-da-mare\">Complexo da Mar\u00e9<\/a>, a group of 16 favelas in the <a href=\"https:\/\/rioonwatch.org\/?tag=north-zone\">North Zone<\/a> of Rio de Janeiro, highlighting its significance for local history. Taking place at the museum&#8217;s headquarters in the <a href=\"https:\/\/rioonwatch.org\/?tag=morro-do-timbau\">Timbau<\/a> community, the event&#8217;s main purpose was to reclaim Mar\u00e9&#8217;s history through objects donated by residents and the sharing of emotional memories attached to these and other artifacts. The Mar\u00e9 Museum is <a href=\"https:\/\/rioonwatch.org\/?p=62969\" target=\"_blank\" rel=\"noopener\">one of Rio de Janeiro&#8217;s two dozen favela museums<\/a>, many of which are territorial museums produced through <a href=\"https:\/\/rioonwatch.org\/?tag=social-museology\" target=\"_blank\" rel=\"noopener\">social museology<\/a>: it is the largest installation-based museum and often open to visitors.<\/h4>\n<p>The Mar\u00e9 Museum&#8217;s 2024 anniversary celebration encouraged 40 participants to reflect on &#8220;<a href=\"https:\/\/revistacm.memoriadaeletricidade.com.br\/post?id=159\">Mar\u00e9 in 12 Eras<\/a>,&#8221; the name of the museum&#8217;s permanent exhibition. The <a href=\"https:\/\/rioonwatch.org\/?p=43384\">twelve eras are thematic categories that organize<\/a> and guide visitors through the exhibition, showcasing the diversity of topics surrounding Mar\u00e9&#8217;s history. Residents, students, teachers, and museum representatives wrote about the eras of water, home, migration, resistance, work, celebration, market, faith, daily life, children, fear, and future.<\/p>\n<p>A Portuguese teacher at the Center for Youth and Adult Education (<a href=\"https:\/\/cejamare.blogspot.com\/\">CEJA<\/a>) in Mar\u00e9, <a href=\"https:\/\/www.instagram.com\/helaine_lua1\/\">Helaine Alves<\/a>, spoke about the era of home and her childhood memories.<\/p>\n<blockquote><p>\u201cThe object I love most in the museum is the <a href=\"https:\/\/rioonwatch.org\/?p=75090\">stilt house<\/a>. Because I like houses and I think I could be an architect. I love houses and miniatures. And when I enter the stilt house, I recognize many objects that were part of my childhood. For example, there was the basin&#8230; and I remember how thin it was, and that my mother used to wash dishes in that basin. I lived in a very small house; it only had one room. My bathroom was outside, so I remember that basin. For me, it&#8217;s a very strong, very deep memory. And this plate too; there are many objects that I recognize when I&#8217;m there in the stilt house. It&#8217;s the era [in the museum] I love the most. I love the Mar\u00e9 Museum, I love the whole style of the stilt house. Home is the era [of the exhibition] that I love the most.\u201d \u2014 Helaine Alves<\/p><\/blockquote>\n<figure id=\"attachment_78316\" aria-describedby=\"caption-attachment-78316\" style=\"width: 2560px\" class=\"wp-caption aligncenter\"><a href=\"https:\/\/rioonwatch.org\/wp-content\/uploads\/2024\/06\/Tea-of-Memories-Event-Mare-Museum1scaled.jpeg\"><img decoding=\"async\" class=\"wp-image-78316 size-full\" title=\"Held on May 22, 2024, the &quot;Tea of Memories&quot; event celebrated the 18 years of the Mar\u00e9 Museum, located in the North Zone of Rio de Janeiro. Photo: Amanda Baroni\" src=\"https:\/\/rioonwatch.org\/wp-content\/uploads\/2024\/06\/Tea-of-Memories-Event-Mare-Museum1scaled.jpeg\" alt=\"Held on May 22, 2024, the &quot;Tea of Memories&quot; event celebrated the 18 years of the Mar\u00e9 Museum, located in the North Zone of Rio de Janeiro. Photo: Amanda Baroni\" width=\"2560\" height=\"1440\" srcset=\"https:\/\/rioonwatch.org\/wp-content\/uploads\/2024\/06\/Tea-of-Memories-Event-Mare-Museum1scaled.jpeg 2560w, https:\/\/rioonwatch.org\/wp-content\/uploads\/2024\/06\/Tea-of-Memories-Event-Mare-Museum1scaled-620x349.jpeg 620w, https:\/\/rioonwatch.org\/wp-content\/uploads\/2024\/06\/Tea-of-Memories-Event-Mare-Museum1scaled-1118x629.jpeg 1118w, https:\/\/rioonwatch.org\/wp-content\/uploads\/2024\/06\/Tea-of-Memories-Event-Mare-Museum1scaled-768x432.jpeg 768w\" sizes=\"(max-width: 2560px) 100vw, 2560px\" \/><\/a><figcaption id=\"caption-attachment-78316\" class=\"wp-caption-text\">Held on May 22, 2024, the &#8220;Tea of Memories&#8221; event celebrated 18 years of the Mar\u00e9 Museum, located in the North Zone of Rio de Janeiro. Photo: Amanda Baroni<\/figcaption><\/figure>\n<p>The <a href=\"https:\/\/www.instagram.com\/especiaisdamare\/\">Especiais da Mar\u00e9 Association<\/a>, a collective of parents and caregivers exchanging experiences and information to improve the quality of life of people with disabilities in Mar\u00e9, spoke about the era of future in a text read by <a href=\"https:\/\/museologiadigital.museus.gov.br\/palestrantes\/claudia-rose-claudia-rose-ribeiro-da-silva\/?view_mode=masonry&amp;perpage=12&amp;paged=1&amp;order=ASC&amp;orderby=date&amp;fetch_only_meta=&amp;taxquery%5B0%5D%5Btaxonomy%5D=tnc_tax_17526&amp;taxquery%5B0%5D%5Bterms%5D%5B0%5D=7501&amp;taxquery%5B0%5D%5Bcompare%5D=IN&amp;fetch_only=thumbnail%2Ccreation_date%2Ctitle%2Cdescription\">Cl\u00e1udia Rose<\/a>, a teacher and founder of the Center for Studies and Solidarity Actions of Mar\u00e9 (<a href=\"https:\/\/rioonwatch.org\/?tag=CEASM\">CEASM<\/a>) and of the Mar\u00e9 Museum: &#8220;We from Especiais da Mar\u00e9 are very happy for the efforts at inclusion made by the Mar\u00e9 Museum. In the future era, we hope to be everywhere with accessibility, respect, and inclusion for all.&#8221;<\/p>\n<p>Jo\u00e3o Pinto Oliveira, father of the autistic student George Armede from CEJA Mar\u00e9, wrote to his son about the era of fear. The text was read by teacher Helaine Alves:<\/p>\n<blockquote><p>\u201cThe era of fear, just the name alone is frightening, as it&#8217;s a period people are still living in due to <a href=\"https:\/\/rioonwatch.org\/?tag=police-violence\">police operations<\/a>. Conflicts between police and criminals, or among themselves, for territorial dominance. The people ask for peace. No more stray bullets. No more <a href=\"https:\/\/rioonwatch.org\/?p=78227\">mothers suffering<\/a>, crying for their sons, daughters, or relatives because of shootings. Peace for all.\u201d<\/p><\/blockquote>\n<p>At first, the event was scheduled for May 9, but it had to be postponed because of a <a href=\"https:\/\/g1.globo.com\/rj\/rio-de-janeiro\/noticia\/2024\/05\/09\/operacao-no-complexo-da-mare.ghtml\">police raid in Mar\u00e9<\/a>. Despite the era of fear, the event could not be canceled; it was only delayed for a few days.<\/p>\n<blockquote class=\"instagram-media\" style=\"background: #FFF; border: 0; border-radius: 3px; box-shadow: 0 0 1px 0 rgba(0,0,0,0.5),0 1px 10px 0 rgba(0,0,0,0.15); margin: 1px; max-width: 540px; min-width: 326px; padding: 0; width: calc(100% - 2px);\" data-instgrm-captioned=\"\" data-instgrm-permalink=\"https:\/\/www.instagram.com\/p\/C6v0txVLRBl\/?utm_source=ig_embed&amp;utm_campaign=loading\" data-instgrm-version=\"14\">\n<div style=\"padding: 16px;\">\n<p>&nbsp;<\/p>\n<div style=\"display: flex; flex-direction: row; align-items: center;\">\n<div style=\"background-color: #f4f4f4; border-radius: 50%; flex-grow: 0; height: 40px; margin-right: 14px; width: 40px;\"><\/div>\n<div style=\"display: flex; flex-direction: column; flex-grow: 1; justify-content: center;\">\n<div style=\"background-color: #f4f4f4; border-radius: 4px; flex-grow: 0; height: 14px; margin-bottom: 6px; width: 100px;\"><\/div>\n<div style=\"background-color: #f4f4f4; border-radius: 4px; flex-grow: 0; height: 14px; width: 60px;\"><\/div>\n<\/div>\n<\/div>\n<div style=\"padding: 19% 0;\"><\/div>\n<div style=\"display: block; height: 50px; margin: 0 auto 12px; width: 50px;\"><\/div>\n<div style=\"padding-top: 8px;\">\n<div style=\"color: #3897f0; font-family: Arial,sans-serif; font-size: 14px; font-style: normal; font-weight: 550; line-height: 18px;\">Ver essa foto no Instagram<\/div>\n<\/div>\n<div style=\"padding: 12.5% 0;\"><\/div>\n<div style=\"display: flex; flex-direction: row; margin-bottom: 14px; align-items: center;\">\n<div>\n<div style=\"background-color: #f4f4f4; border-radius: 50%; height: 12.5px; width: 12.5px; transform: translateX(0px) translateY(7px);\"><\/div>\n<div style=\"background-color: #f4f4f4; height: 12.5px; transform: rotate(-45deg) translateX(3px) translateY(1px); width: 12.5px; flex-grow: 0; margin-right: 14px; margin-left: 2px;\"><\/div>\n<div style=\"background-color: #f4f4f4; border-radius: 50%; height: 12.5px; width: 12.5px; transform: translateX(9px) translateY(-18px);\"><\/div>\n<\/div>\n<div style=\"margin-left: 8px;\">\n<div style=\"background-color: #f4f4f4; border-radius: 50%; flex-grow: 0; height: 20px; width: 20px;\"><\/div>\n<div style=\"width: 0; height: 0; border-top: 2px solid transparent; border-left: 6px solid #f4f4f4; border-bottom: 2px solid transparent; transform: translateX(16px) translateY(-4px) rotate(30deg);\"><\/div>\n<\/div>\n<div style=\"margin-left: auto;\">\n<div style=\"width: 0px; border-top: 8px solid #F4F4F4; border-right: 8px solid transparent; transform: translateY(16px);\"><\/div>\n<div style=\"background-color: #f4f4f4; flex-grow: 0; height: 12px; width: 16px; transform: translateY(-4px);\"><\/div>\n<div style=\"width: 0; height: 0; border-top: 8px solid #F4F4F4; border-left: 8px solid transparent; transform: translateY(-4px) translateX(8px);\"><\/div>\n<\/div>\n<\/div>\n<div style=\"display: flex; flex-direction: column; flex-grow: 1; justify-content: center; margin-bottom: 24px;\">\n<div style=\"background-color: #f4f4f4; border-radius: 4px; flex-grow: 0; height: 14px; margin-bottom: 6px; width: 224px;\"><\/div>\n<div style=\"background-color: #f4f4f4; border-radius: 4px; flex-grow: 0; height: 14px; width: 144px;\"><\/div>\n<\/div>\n<p>&nbsp;<\/p>\n<p style=\"color: #c9c8cd; font-family: Arial,sans-serif; font-size: 14px; line-height: 17px; margin-bottom: 0; margin-top: 8px; overflow: hidden; padding: 8px 0 7px; text-align: center; text-overflow: ellipsis; white-space: nowrap;\"><a style=\"color: #c9c8cd; font-family: Arial,sans-serif; font-size: 14px; font-style: normal; font-weight: normal; line-height: 17px; text-decoration: none;\" href=\"https:\/\/www.instagram.com\/p\/C6v0txVLRBl\/?utm_source=ig_embed&amp;utm_campaign=loading\" target=\"_blank\" rel=\"noopener\">Uma publica\u00e7\u00e3o compartilhada por Museu da Mare\u0301 (@museudamare)<\/a><\/p>\n<\/div>\n<\/blockquote>\n<p><script async src=\"\/\/www.instagram.com\/embed.js\"><\/script><\/p>\n<p>Among the memories related to objects, Ang\u00e9lica Pinheiro, a homemaker, highlighted the kerosene lamp and its connection to the memories she has with her grandmother, who migrated from the Brazilian Northeast and worked as a seamstress.<\/p>\n<blockquote><p>\u201cIt reminds me of my grandma, in Rio Grande do Norte. There was no electricity there. So, she bought a five-liter can of kerosene to last her a month. And that was the lighting she had in her house&#8230; So, she sat at the table to work and kept sewing clothes, and this here reminds me a lot of back then. Looking at all the objects here reminds me of my childhood. The chamber pot&#8230; this suitcase here where she kept her and my grandfather&#8217;s clothes, it was a suitcase just like this one. This here is very much my childhood at home. We lived in the city. This means a lot, you know. She&#8217;d take cotton and burn it until a certain time because she couldn&#8217;t burn the kerosene all night long or it would run out.\u201d<\/p><\/blockquote>\n<figure id=\"attachment_78366\" aria-describedby=\"caption-attachment-78366\" style=\"width: 1429px\" class=\"wp-caption aligncenter\"><a href=\"https:\/\/rioonwatch.org\/wp-content\/uploads\/2024\/06\/Angelica-Pinheiro-shows-how-the-kerosene-lamp-worked.png\"><img loading=\"lazy\" decoding=\"async\" class=\"wp-image-78366 size-full\" title=\"Ang\u00e9lica Pinheiro holds the kerosene lamp that brings back memories of when her grandmother used a very similar one for sewing. Photo: Amanda Baroni\" src=\"https:\/\/rioonwatch.org\/wp-content\/uploads\/2024\/06\/Angelica-Pinheiro-shows-how-the-kerosene-lamp-worked.png\" alt=\"Ang\u00e9lica Pinheiro holds the kerosene lamp that brings back memories of when her grandmother used a very similar one for sewing. Photo: Amanda Baroni\" width=\"1429\" height=\"1624\" srcset=\"https:\/\/rioonwatch.org\/wp-content\/uploads\/2024\/06\/Angelica-Pinheiro-shows-how-the-kerosene-lamp-worked.png 1429w, https:\/\/rioonwatch.org\/wp-content\/uploads\/2024\/06\/Angelica-Pinheiro-shows-how-the-kerosene-lamp-worked-546x620.png 546w, https:\/\/rioonwatch.org\/wp-content\/uploads\/2024\/06\/Angelica-Pinheiro-shows-how-the-kerosene-lamp-worked-553x629.png 553w, https:\/\/rioonwatch.org\/wp-content\/uploads\/2024\/06\/Angelica-Pinheiro-shows-how-the-kerosene-lamp-worked-768x873.png 768w\" sizes=\"(max-width: 1429px) 100vw, 1429px\" \/><\/a><figcaption id=\"caption-attachment-78366\" class=\"wp-caption-text\">Ang\u00e9lica Pinheiro holds the kerosene lamp that brings back memories of when her grandmother used a very similar one for sewing. Photo: Amanda Baroni<\/figcaption><\/figure>\n<p>Established on April 26, 2002, before the Mar\u00e9 Museum itself, the Dona Orosina Vieira Archive (<a href=\"https:\/\/www.museumare.org\/arquivo\">ADOV<\/a>) <a href=\"https:\/\/www.ceasm.org.br\/post\/museu-da-mar%C3%A9-lan%C3%A7a-seu-acervo-online\">houses a diverse collection<\/a> including books, academic papers, newspapers, magazines, films, DVDs, VHS tapes, cassette tapes, mini DVDs, photographs, negatives, slides, flyers, brochures, posters, banners, maps, blueprints, and documents. Marli Damascena, who oversees the Archive, notes that these gatherings have been held since 2008:<\/p>\n<blockquote><p>\u201cIn the beginning, we held the Tea with the oldest residents, and over the years, it became quite diverse. We started inviting students from CEJA Mar\u00e9 and the <a href=\"https:\/\/rioonwatch.org\/?tag=family-health-clinic\">Family Health Clinic<\/a>. We&#8217;ve had university students, and then, over the years, the youth. Because they also have their stories, their memories. So, the Tea of Memories is very important in this sense: for people to come, see, participate, chat, remember the objects, recall the stories&#8230; This gathering of people, each one belonging to that place, those objects. The objects we have here in the exhibition, they&#8217;re not just objects from here, but also from those who&#8230; lived here, especially [those who came] from the Northeast. There are many objects, kerosene lamp, water filter&#8230; when people see them, they&#8217;re filled with that emotion [transmitted] by the object.\u201d<\/p><\/blockquote>\n<p>During the event, Cl\u00e1udia Rose shared a bit about the museum&#8217;s history.<\/p>\n<blockquote><p>\u201cThe museum was founded in 2006, but we started thinking about a museum in 2001&#8230; [We kept thinking]: &#8216;Will it work? Won&#8217;t it work? But it&#8217;s inside a favela. How&#8217;s that going to work?&#8217; And to see that we\u2019ve celebrated 18 years with so many people participating, collaborating, and [that it] still moves people. For me, it&#8217;s an achievement. For the people who are here and for Mar\u00e9 in general, I think that having the memory, the history of these residents preserved, disseminated, and valued is of great importance because it&#8217;s not just a story from here, a single person&#8217;s story. Local history, the history of one person is obviously extremely important, but to think that all these stories can be shared with people from various places.<\/p>\n<p>Through a physical museum, through social media, through the museum&#8217;s website, and our online collection. It\u2019s knowing that these stories won\u2019t be forgotten. They are part of a larger story, which is the history of Brazil, and [as such] they must be valued as part of Brazil\u2019s heritage. It&#8217;s not just about thinking of Mar\u00e9 within itself, but thinking of Mar\u00e9 as part of this city, and that the residents here contribute to building the history of Brazil.\u201d \u2014 Cl\u00e1udia Rose, teacher and founder of CEASM<\/p><\/blockquote>\n<figure id=\"attachment_78392\" aria-describedby=\"caption-attachment-78392\" style=\"width: 1280px\" class=\"wp-caption aligncenter\"><a href=\"https:\/\/rioonwatch.org\/wp-content\/uploads\/2024\/06\/Claudia-Rose-teacher-and-founder-of-CEASM-and-Mare-Museum-Photo-Amanda-Baroni.jpeg\"><img loading=\"lazy\" decoding=\"async\" class=\"wp-image-78392 size-full\" title=\"Teacher and founder of CEASM and of the Mar\u00e9 Museum, Cl\u00e1udia Rose, at the Museum's &quot;Tea of Memories&quot; event. Photo: Amanda Baroni\" src=\"https:\/\/rioonwatch.org\/wp-content\/uploads\/2024\/06\/Claudia-Rose-teacher-and-founder-of-CEASM-and-Mare-Museum-Photo-Amanda-Baroni.jpeg\" alt=\"Teacher and founder of CEASM and of the Mar\u00e9 Museum, Cl\u00e1udia Rose, at the Museum's &quot;Tea of Memories&quot; event. Photo: Amanda Baroni\" width=\"1280\" height=\"720\" srcset=\"https:\/\/rioonwatch.org\/wp-content\/uploads\/2024\/06\/Claudia-Rose-teacher-and-founder-of-CEASM-and-Mare-Museum-Photo-Amanda-Baroni.jpeg 1280w, https:\/\/rioonwatch.org\/wp-content\/uploads\/2024\/06\/Claudia-Rose-teacher-and-founder-of-CEASM-and-Mare-Museum-Photo-Amanda-Baroni-620x349.jpeg 620w, https:\/\/rioonwatch.org\/wp-content\/uploads\/2024\/06\/Claudia-Rose-teacher-and-founder-of-CEASM-and-Mare-Museum-Photo-Amanda-Baroni-1118x629.jpeg 1118w, https:\/\/rioonwatch.org\/wp-content\/uploads\/2024\/06\/Claudia-Rose-teacher-and-founder-of-CEASM-and-Mare-Museum-Photo-Amanda-Baroni-768x432.jpeg 768w\" sizes=\"(max-width: 1280px) 100vw, 1280px\" \/><\/a><figcaption id=\"caption-attachment-78392\" class=\"wp-caption-text\">Teacher and founder of CEASM and of the Mar\u00e9 Museum, Cl\u00e1udia Rose, at the Museum&#8217;s &#8220;Tea of Memories&#8221; event. Photo: Amanda Baroni<\/figcaption><\/figure>\n<h3>The Mar\u00e9 TV Collective and the Birth of a Museum<\/h3>\n<p>The history of the Mar\u00e9 Museum does not begin at a single moment, but rather unfolds from numerous actions carried out over time, weaving a rich mosaic of memories and experiences lived by the community.<\/p>\n<figure id=\"attachment_78393\" aria-describedby=\"caption-attachment-78393\" style=\"width: 500px\" class=\"wp-caption alignright\"><a href=\"https:\/\/rioonwatch.org\/wp-content\/uploads\/2024\/06\/Mare-TV-team-interviews-a-resident.jpg\"><img loading=\"lazy\" decoding=\"async\" class=\"wp-image-78393\" title=\"Mar\u00e9 TV team interviewing a resident, 1990s. Photo: Mar\u00e9 Museum Collection\" src=\"https:\/\/rioonwatch.org\/wp-content\/uploads\/2024\/06\/Mare-TV-team-interviews-a-resident.jpg\" alt=\"Mar\u00e9 TV team interviewing a resident, 1990s. Photo: Mar\u00e9 Museum Collection\" width=\"500\" height=\"370\" srcset=\"https:\/\/rioonwatch.org\/wp-content\/uploads\/2024\/06\/Mare-TV-team-interviews-a-resident.jpg 1000w, https:\/\/rioonwatch.org\/wp-content\/uploads\/2024\/06\/Mare-TV-team-interviews-a-resident-620x459.jpg 620w, https:\/\/rioonwatch.org\/wp-content\/uploads\/2024\/06\/Mare-TV-team-interviews-a-resident-850x629.jpg 850w, https:\/\/rioonwatch.org\/wp-content\/uploads\/2024\/06\/Mare-TV-team-interviews-a-resident-768x568.jpg 768w, https:\/\/rioonwatch.org\/wp-content\/uploads\/2024\/06\/Mare-TV-team-interviews-a-resident-80x60.jpg 80w\" sizes=\"(max-width: 500px) 100vw, 500px\" \/><\/a><figcaption id=\"caption-attachment-78393\" class=\"wp-caption-text\">Mar\u00e9 TV team interviewing a resident, 1990s. Photo: Mar\u00e9 Museum Collection<\/figcaption><\/figure>\n<p>Between 1989 and 1992, an important milestone was established with the emergence of <a href=\"https:\/\/www.facebook.com\/marevive\/videos\/programa-da-tv-mar%C3%A9-por-volta-de-1991nh-rv-pu-bs-timbau-pinheiro-relembrar-%C3%A9-viv\/818085321560255\/\">Mar\u00e9 TV<\/a>. Made up of residents engaged in valuing local history and identity, Mar\u00e9 TV&#8217;s main objective was to produce materials that depicted the community&#8217;s reality.<\/p>\n<p>In 1997, CEASM was established as a dedicated space to address community issues. At that time, the Mar\u00e9 TV Collective donated its collection to the Center for Studies, which played a pioneering role in crafting a narrative about Mar\u00e9 from within the community itself.<\/p>\n<p>Among CEASM\u2019s early projects, one already focused on memory: the Mar\u00e9 Memory Network, also made up of residents. This initiative aimed to explore the memory and history of Mar\u00e9, enhancing the collection through research projects. The Memory Network facilitated training for researching public archives and encouraged residents to donate materials that depicted Mar\u00e9\u2019s history. Additionally, part of the current collection stems from research conducted at the time at institutions such as the <a href=\"https:\/\/www.gov.br\/arquivonacional\/pt-br\">National Archive<\/a>, the <a href=\"https:\/\/www.gov.br\/bn\/pt-br\">National Library<\/a>, <a href=\"https:\/\/en.coc.fiocruz.br\/en\">Casa de Oswaldo Cruz<\/a>, and the <a href=\"https:\/\/www.rio.rj.gov.br\/web\/arquivogeral\/principal\">City&#8217;s General Archive<\/a>.<\/p>\n<p>In 1998, a partnership between CEASM and the Oswaldo Cruz Foundation (<a href=\"https:\/\/rioonwatch.org\/?tag=fiocruz\">Fiocruz<\/a>) promoted a project to train monitors who would work at the Fiocruz Museum of Life, opened in 1999. This partnership was one of the factors that motivated CEASM to consider creating the Mar\u00e9 Museum, which was founded years later, in 2006, in Morro do Timbau. The museum occupies the former site of the maritime transport factory Cia. Libra de Navega\u00e7\u00e3o and was initially loaned to CEASM for a ten-year period, though its occupation has since become permanent.<\/p>\n<p>The organization&#8217;s central focus is the permanent exhibition that tells the history of Complexo da Mar\u00e9. It also coordinates other related activities, such as organizing documentary collections, oral history research, the Dona Orosina Vieira Archive, the <a href=\"https:\/\/www.facebook.com\/people\/Biblioteca-Elias-Jos%C3%A9\/100064628682339\/\">Elias Jos\u00e9 Library<\/a>, and events of various genres. Additionally, it holds over 4,000 museological objects under its care. In its gradually expanded <a href=\"https:\/\/arquivomuseudamare.org\/\">digital collection<\/a>, there are maps, videos, photographs, newspaper clippings, and other textual documents, as well as some museum items (such as household objects, work tools, religious artifacts, and toys).<\/p>\n<p>Memory is of paramount importance for human existence, both for learning and for the recognition and belonging of individuals to the time and space in which they live. It is through memory that knowledge, wisdom, culture, and narratives about something or someone are retained. Memory is responsible for constructing an identity within the social sphere. It is in this context that events like the Tea of Memories play a crucial role in the appreciation and celebration of memory. Through the sharing of stories and memories among different generations, community bonds are strengthened.<\/p>\n<h3>Watch the short video report by Amanda Baroni Lopes at the Mar\u00e9 Museum&#8217;s 18th anniversary \u201cTea of Memories\u201d event:<\/h3>\n<p><iframe src=\"https:\/\/drive.google.com\/file\/d\/1asaiaGJYG7nE8pRRMWbBncFtALHKfHzB\/preview\" width=\"1030\" height=\"563\"><span data-mce-type=\"bookmark\" style=\"display: inline-block; width: 0px; overflow: hidden; line-height: 0;\" class=\"mce_SELRES_start\">\ufeff<\/span><\/iframe><\/p>\n<p><em>About the author:\u00a0<a href=\"https:\/\/bit.ly\/3p94eas\" target=\"_blank\" rel=\"noopener\">Amanda Baroni Lopes<\/a> is a journalism student at Unicarioca and was part of the first Journalism Laboratory of Mar\u00e9 community newspaper <a href=\"http:\/\/bit.ly\/2YfGMc5\" target=\"_blank\" rel=\"noopener\">Mar\u00e9 de Not\u00edcias<\/a>. She is the author of the\u00a0<a href=\"https:\/\/bit.ly\/3p49ufB\" target=\"_blank\" rel=\"noopener\">Anti-Harassment Guide on Breaking<\/a>, a handbook that explains what is and isn\u2019t harassment to the Hip Hop audience and provides guidance on what to do in these situations. Lopes is from\u00a0<a href=\"https:\/\/rioonwatch.org\/?tag=morro-do-timbau\" target=\"_blank\" rel=\"noopener\">Morro do Timbau<\/a>\u00a0and currently lives in <a href=\"https:\/\/rioonwatch.org\/?tag=vila-do-joao\">Vila do Jo\u00e3o<\/a>, both favelas within the larger Mar\u00e9 favela complex.<\/em><\/p>\n<hr \/>\n<h4><b data-stringify-type=\"bold\">Support\u00a0<\/b><b data-stringify-type=\"bold\"><i data-stringify-type=\"italic\">RioOnWatch<\/i><\/b><b data-stringify-type=\"bold\">\u2019s tireless, critical and cutting-edge hyperlocal journalism, online community organizing meetings, and direct support to favelas\u00a0<\/b><b data-stringify-type=\"bold\"><a class=\"c-link\" href=\"http:\/\/bit.ly\/DonateToRioOnWatch\" target=\"_blank\" rel=\"noopener noreferrer\" data-stringify-link=\"http:\/\/bit.ly\/DonateToRioOnWatch\" data-sk=\"tooltip_parent\">by clicking here.<\/a><\/b><\/h4>\n","protected":false},"excerpt":{"rendered":"<div class=\"mh-excerpt\"><p>Clique aqui para Portugu\u00eas Held on May 22, the &#8220;Tea of Memories&#8221; event celebrated the 18th anniversary of the Mar\u00e9 Museum, situated in Complexo da Mar\u00e9, a group of 16 favelas in the North Zone <a class=\"mh-excerpt-more\" href=\"https:\/\/rioonwatch.org\/?p=78314\" title=\"The Mar\u00e9 Museum, Rio de Janeiro&#8217;s Largest Installation-Based Favela Museum, Celebrates 18 Years\">[&#8230;]<\/a><\/p>\n<\/div>","protected":false},"author":245,"featured_media":78315,"comment_status":"closed","ping_status":"closed","sticky":false,"template":"template-full.php","format":"standard","meta":{"_monsterinsights_skip_tracking":false,"_monsterinsights_sitenote_active":false,"_monsterinsights_sitenote_note":"","_monsterinsights_sitenote_category":0,"footnotes":""},"categories":[1328,1290,1333,2723,329],"tags":[2108,280,674,2329,282,485,1143,1160,716,37,638,1555,270,1019,2600],"writer":[3501],"translator":[3452],"illustrator":[],"photographer":[],"class_list":{"0":"post-78314","1":"post","2":"type-post","3":"status-publish","4":"format-standard","5":"has-post-thumbnail","7":"category-by-community-contributors","8":"category-civilsociety","9":"category-event-reports","10":"category-recommendations-to-do-in-rio","11":"category-solutions","12":"tag-ceasm","13":"tag-complexo-da-mare","14":"tag-memory","15":"tag-fiocruz","16":"tag-housing","17":"tag-light-electricity","18":"tag-morro-do-timbau","19":"tag-museu-da-mare","20":"tag-museum","21":"tag-north-zone","22":"tag-police-occupation","23":"tag-redes-de-desenvolvimento-da-mare","24":"tag-resistance","25":"tag-right-to-education","26":"tag-right-to-the-favela","27":"writer-amanda-baroni-lopes","28":"translator-staff"},"_links":{"self":[{"href":"https:\/\/rioonwatch.org\/index.php?rest_route=\/wp\/v2\/posts\/78314","targetHints":{"allow":["GET"]}}],"collection":[{"href":"https:\/\/rioonwatch.org\/index.php?rest_route=\/wp\/v2\/posts"}],"about":[{"href":"https:\/\/rioonwatch.org\/index.php?rest_route=\/wp\/v2\/types\/post"}],"author":[{"embeddable":true,"href":"https:\/\/rioonwatch.org\/index.php?rest_route=\/wp\/v2\/users\/245"}],"replies":[{"embeddable":true,"href":"https:\/\/rioonwatch.org\/index.php?rest_route=%2Fwp%2Fv2%2Fcomments&post=78314"}],"version-history":[{"count":1,"href":"https:\/\/rioonwatch.org\/index.php?rest_route=\/wp\/v2\/posts\/78314\/revisions"}],"predecessor-version":[{"id":81625,"href":"https:\/\/rioonwatch.org\/index.php?rest_route=\/wp\/v2\/posts\/78314\/revisions\/81625"}],"wp:featuredmedia":[{"embeddable":true,"href":"https:\/\/rioonwatch.org\/index.php?rest_route=\/wp\/v2\/media\/78315"}],"wp:attachment":[{"href":"https:\/\/rioonwatch.org\/index.php?rest_route=%2Fwp%2Fv2%2Fmedia&parent=78314"}],"wp:term":[{"taxonomy":"category","embeddable":true,"href":"https:\/\/rioonwatch.org\/index.php?rest_route=%2Fwp%2Fv2%2Fcategories&post=78314"},{"taxonomy":"post_tag","embeddable":true,"href":"https:\/\/rioonwatch.org\/index.php?rest_route=%2Fwp%2Fv2%2Ftags&post=78314"},{"taxonomy":"writer","embeddable":true,"href":"https:\/\/rioonwatch.org\/index.php?rest_route=%2Fwp%2Fv2%2Fwriter&post=78314"},{"taxonomy":"translator","embeddable":true,"href":"https:\/\/rioonwatch.org\/index.php?rest_route=%2Fwp%2Fv2%2Ftranslator&post=78314"},{"taxonomy":"illustrator","embeddable":true,"href":"https:\/\/rioonwatch.org\/index.php?rest_route=%2Fwp%2Fv2%2Fillustrator&post=78314"},{"taxonomy":"photographer","embeddable":true,"href":"https:\/\/rioonwatch.org\/index.php?rest_route=%2Fwp%2Fv2%2Fphotographer&post=78314"}],"curies":[{"name":"wp","href":"https:\/\/api.w.org\/{rel}","templated":true}]}}