{"id":78843,"date":"2024-08-09T11:52:49","date_gmt":"2024-08-09T14:52:49","guid":{"rendered":"https:\/\/rioonwatch.org\/?p=78843"},"modified":"2025-09-13T14:11:00","modified_gmt":"2025-09-13T17:11:00","slug":"between-alleys-and-lanes-lesbian-memories-and-casa-resistencias-lesbian-life-in-complexo-da-mare","status":"publish","type":"post","link":"https:\/\/rioonwatch.org\/?p=78843","title":{"rendered":"Between Alleys and Lanes, Lesbian Memories and Casa Resist\u00eancias: The Lives of Gay Women in Rio&#8217;s Mar\u00e9 Favela"},"content":{"rendered":"<figure id=\"attachment_78844\" aria-describedby=\"caption-attachment-78844\" style=\"width: 1080px\" class=\"wp-caption aligncenter\"><a href=\"https:\/\/rioonwatch.org\/wp-content\/uploads\/2024\/07\/Coordinators-from-Casa-Resistencias-which-works-to-guarantee-rights-and-build-public-policies-for-LBT-women-in-Complexo-da-Mare-Dayana-Gusmao-Paloma-Marins-and-Camila-Felippe-Photo-Gabriela-Lino.jpg\"><img fetchpriority=\"high\" decoding=\"async\" class=\"wp-image-78844 size-full\" title=\"Coordinators from Casa Resist\u00eancias which works to guarantee rights and build public policies for LBT women in Complexo da Mar\u00e9 Dayana Gusm\u00e3o Paloma Marins and Camila Felippe. Photo: Gabriela Lino\" src=\"https:\/\/rioonwatch.org\/wp-content\/uploads\/2024\/07\/Coordinators-from-Casa-Resistencias-which-works-to-guarantee-rights-and-build-public-policies-for-LBT-women-in-Complexo-da-Mare-Dayana-Gusmao-Paloma-Marins-and-Camila-Felippe-Photo-Gabriela-Lino.jpg\" alt=\"Coordinators from Casa Resist\u00eancias which works to guarantee rights and build public policies for LBT women in Complexo da Mar\u00e9 Dayana Gusm\u00e3o Paloma Marins and Camila Felippe. Photo: Gabriela Lino\" width=\"1080\" height=\"714\" srcset=\"https:\/\/rioonwatch.org\/wp-content\/uploads\/2024\/07\/Coordinators-from-Casa-Resistencias-which-works-to-guarantee-rights-and-build-public-policies-for-LBT-women-in-Complexo-da-Mare-Dayana-Gusmao-Paloma-Marins-and-Camila-Felippe-Photo-Gabriela-Lino.jpg 1080w, https:\/\/rioonwatch.org\/wp-content\/uploads\/2024\/07\/Coordinators-from-Casa-Resistencias-which-works-to-guarantee-rights-and-build-public-policies-for-LBT-women-in-Complexo-da-Mare-Dayana-Gusmao-Paloma-Marins-and-Camila-Felippe-Photo-Gabriela-Lino-620x410.jpg 620w, https:\/\/rioonwatch.org\/wp-content\/uploads\/2024\/07\/Coordinators-from-Casa-Resistencias-which-works-to-guarantee-rights-and-build-public-policies-for-LBT-women-in-Complexo-da-Mare-Dayana-Gusmao-Paloma-Marins-and-Camila-Felippe-Photo-Gabriela-Lino-951x629.jpg 951w, https:\/\/rioonwatch.org\/wp-content\/uploads\/2024\/07\/Coordinators-from-Casa-Resistencias-which-works-to-guarantee-rights-and-build-public-policies-for-LBT-women-in-Complexo-da-Mare-Dayana-Gusmao-Paloma-Marins-and-Camila-Felippe-Photo-Gabriela-Lino-768x508.jpg 768w\" sizes=\"(max-width: 1080px) 100vw, 1080px\" \/><\/a><figcaption id=\"caption-attachment-78844\" class=\"wp-caption-text\">Coordinators from Casa Resist\u00eancias, which works to guarantee rights and build public policies for LBT women in Complexo da Mar\u00e9: Dayana Gusm\u00e3o, Paloma Marins, and Camila Felippe. Photo: Gabriela Lino<\/figcaption><\/figure>\n<h4 style=\"text-align: right;\"><a href=\"https:\/\/bit.ly\/4brc455\" target=\"_blank\" rel=\"noopener\"><span class=\"s1\"><i>Clique aqui para Portugu\u00eas<\/i><\/span><span class=\"s2\"><i><span class=\"Apple-converted-space\"><em><img decoding=\"async\" class=\"alignright size-full wp-image-23766\" src=\"https:\/\/www.rioonwatch.org\/wp-content\/uploads\/2012\/08\/PT-e1439583827971.png\" width=\"20\" height=\"20\" \/><\/em><\/span><\/i><\/span><\/a><\/h4>\n<p><em>This article is part of\u00a0RioOnWatch\u2018s series on\u00a0<a href=\"https:\/\/bit.ly\/45EfgZM\" target=\"_blank\" rel=\"noopener\">Memories of Favela Power<\/a>, which documents and celebrates the history of Rio de Janeiro\u2019s favelas through narratives and reports from residents\u2019 collective memory, in their daily struggle to lead fulfilling lives. It was originally published in Portuguese on June 28, International <a href=\"https:\/\/bit.ly\/3xSgiF9\">LGBTQIAPN+ Pride Day<\/a>, celebrated worldwide with parades, festivals, cultural events, and other activities promoting LGBTQIAPN+ visibility, acceptance, and equality. The publication of its English version marks the beginning of <a href=\"https:\/\/bit.ly\/4eUKTCB\">Lesbian Pride and Visibility Month<\/a> in Brazil, culminating with <a href=\"https:\/\/bit.ly\/4f0hmHW\">National Lesbian Visibility Day<\/a> on August 29. The article explores the experiences and challenges of six lesbian women living in the favelas of <a href=\"https:\/\/bit.ly\/2IgZ9Y4\">Complexo da Mar\u00e9<\/a>, in Rio de Janeiro&#8217;s <a href=\"https:\/\/bit.ly\/2IgR5qe\">North Zone<\/a>. Lesbian memories of resilience and the history of the organized favela movement bear fruit such as Casa Resist\u00eancias, the country&#8217;s first home dedicated to providing a safe haven for LBT women within a favela\u2014a survival strategy for Mar\u00e9 lesbians aiming to offer a safe and welcoming space within their own community.<\/em><\/p>\n<h3>Setbacks: Lesbophobia in Brazil<\/h3>\n<p>The advance of religious conservatism, <a href=\"https:\/\/bit.ly\/4cyhWL5\">lesbophobia<\/a>, and <a href=\"https:\/\/bit.ly\/3S15Y4F\">fascism in Brazil<\/a> can be tracked numerically. In 2023, the country recorded over <a href=\"https:\/\/bit.ly\/3zh48Gd\">5,000 cases of human rights violations against lesbians<\/a>, according to <a href=\"https:\/\/bit.ly\/4exT7jU\">Dial 100<\/a>, the federal government&#8217;s human rights violations hotline, with most crimes going unpunished. And the nation <a href=\"https:\/\/bit.ly\/47EeZa2\">tops global rankings<\/a> of trans and transvestite murders.<\/p>\n<p>Little is said about the living victims, survivors of violent acts that are rarely named. For lesbians from favelas, the first obstacle when filing an incident report is the State&#8217;s <a href=\"https:\/\/bit.ly\/2MDm1V9\">necropolitics<\/a>: the same police who kill in the favela are the ones called in to defend the rights of a lesbian who has been victimized. Rather than protected, she is then often re-victimized.<\/p>\n<p>The second obstacle is invisibility and a <a href=\"https:\/\/bit.ly\/4cudRrB\">data blackout<\/a>. Lesbians in favelas need to produce their own data in order to fight for their rights. This is what the <a href=\"https:\/\/bit.ly\/3RKgMUE\">Lesbian Resistance Collective<\/a> in Rio de Janeiro&#8217;s Mar\u00e9 favelas did in 2020 when, in partnership with the Fluminense Federal University (<a href=\"https:\/\/bit.ly\/2J7BN7l\">UFF<\/a>), they launched the country&#8217;s first mapping of favela lesbians titled <a href=\"https:\/\/bit.ly\/4cCyO31\"><em>Sociocultural and Affective Mapping of Lesbians and Bisexual Women of Mar\u00e9<\/em><\/a>. The report highlighted how lesbians in Mar\u00e9 live and recorded their public policy needs.<\/p>\n<p>Last but not least, the greatest obstacle to quality of life for lesbians is <a href=\"https:\/\/bit.ly\/3SnobJZ\">structural lesbophobia<\/a>. Analyzing the National Information System for Notifiable Diseases (<a href=\"https:\/\/bit.ly\/3Ye0R59\">SINAN<\/a>), researchers Suane Soares, Kamila Firmino, and Camila Dantas found that <a href=\"https:\/\/bit.ly\/3WcaijZ\">there was a 50% increase<\/a> in cases of violence against lesbians between 2015 and 2022. These are women who survive but are left completely shattered, lacking the proper support of public policies to rebuild their lives. Typically, they rely on one another and the broader movement. In many of these cases, victims are not guaranteed the right to file a police report. There is a policy vacuum regarding the rights of LGBT+ individuals in favelas in Brazil.<\/p>\n<p>It was only in 2024 that Brazil&#8217;s federal government created a program to support survivors of severe LGBTphobia, called <a href=\"https:\/\/bit.ly\/4cvWrLa\">Acolher+<\/a> (Shelter+). Linked to the <a href=\"https:\/\/bit.ly\/2LwzAEf\">Ministry of Human Rights and Citizenship<\/a>, the project supports civil society organizations that operate LGBT+ shelters across the country.<\/p>\n<p>Before that, some Brazilian states and municipalities, such as Rio de Janeiro, already had state and municipal programs to support LGBT+ rights, such as the <a href=\"https:\/\/bit.ly\/4cEEmu0\">Rio Without LGBTphobia State Program<\/a> and the Sexual Diversity Coordination Office (<a href=\"https:\/\/bit.ly\/4cCUbBn\">CEDS<\/a>). However, their work was restricted and primarily focused on education and violence prevention. For surviving victims, there are few mechanisms for access to justice and public policy. This is because, in Brazil, the <a href=\"https:\/\/bit.ly\/3Wbv9DX\">social rights<\/a> of LGBT+ people are, in reality, a collection of <a href=\"https:\/\/bit.ly\/3RIIL77\">decisions<\/a> by the Supreme Court (<a href=\"https:\/\/bit.ly\/3vR4uOQ\">STF<\/a>) and <a href=\"https:\/\/bit.ly\/3Lffn4y\">rulings<\/a> by the National Council of Justice (<a href=\"https:\/\/bit.ly\/3RL0MBw\">CNJ<\/a>), which can be overturned depending on the country\u2019s political climate and court composition at any given time.<\/p>\n<h3>Memories, Alleys, and Lanes: Casa Resist\u00eancias and the Sheltering of Lesbian Women<\/h3>\n<p>Gender reveal: \u201cIt\u2019s a girl!\u201d From then on, there are no surprises. \u201cSit properly! Behave like a princess, or else the boys won&#8217;t love you, or else God won&#8217;t love you! Close your legs, sit up straight! Walk gracefully!\u201d This is how the life of a cis girl begins in a <a href=\"https:\/\/bit.ly\/3RYBD6w\">cisheteronormative<\/a> society like Brazil.<\/p>\n<p>Gracefully jumping over mud puddles due to Complexo da Mar\u00e9&#8217;s incomplete sanitation, dodging the cops&#8217; armored truck, coming back from a class that was canceled\u2014whether due to a <a href=\"https:\/\/bit.ly\/2WQxnqh\">police operation<\/a>, <a href=\"https:\/\/bit.ly\/3PyNerV\">water shortage<\/a>, <a href=\"https:\/\/bit.ly\/EnergyJustFavelas\">power outage<\/a>, or another public policy disservice\u2014there go the girls being molded into cisheteronormative patterns. <a href=\"https:\/\/bit.ly\/3RMPeOq\">Another \u201cSilva\u201d<\/a> [the country&#8217;s most common last name] being fed into the people-grinding machine.<\/p>\n<p>Despite the hegemonic narrative stating that the family is a safe space, in practice, the first violence many LGBT+ people experience comes precisely from the family. Attempts at correction are always very aggressive, invasive, guided by conservative religious dogma, and hidden behind the guise of care. This violence accumulates like layers on lesbian women&#8217;s bodies, leading many to attempt <a href=\"https:\/\/bit.ly\/3zo9mQI\">suicide<\/a>.<\/p>\n<figure id=\"attachment_78861\" aria-describedby=\"caption-attachment-78861\" style=\"width: 300px\" class=\"wp-caption alignright\"><a href=\"https:\/\/rioonwatch.org\/wp-content\/uploads\/2024\/07\/Maria-Joira-Majo-31-years-old-Lesbian-caregiver-for-the-elderly-founder-of-MariEllas-Futsal-Club-Photo-Personal-Archive.jpg\"><img decoding=\"async\" class=\"wp-image-78861\" title=\"Maria Joira (Maj\u00f4), 31. Lesbian, caregiver for the elderly, and founder of MariEllas Soccer Team. Photo: Personal Archive\" src=\"https:\/\/rioonwatch.org\/wp-content\/uploads\/2024\/07\/Maria-Joira-Majo-31-years-old-Lesbian-caregiver-for-the-elderly-founder-of-MariEllas-Futsal-Club-Photo-Personal-Archive.jpg\" alt=\"Maria Joira (Maj\u00f4), 31. Lesbian, caregiver for the elderly, and founder of MariEllas Soccer Team. Photo: Personal Archive\" width=\"300\" height=\"417\" \/><\/a><figcaption id=\"caption-attachment-78861\" class=\"wp-caption-text\">Maria Joira (Maj\u00f4), 31. Lesbian, caregiver for the elderly, and founder of MariEllas Soccer Team. Photo: Personal Archive<\/figcaption><\/figure>\n<p>Every lesbian has heard from their relatives: \u201cI don&#8217;t have a problem with you being lesbian, but I&#8217;m afraid you&#8217;ll suffer out there in the world.\u201d In this way, even behind the narrative of protecting us, families commit violence.<\/p>\n<p>In extreme cases, lesbophobia from family members culminates in being kicked out of the home. And so the girl is forcibly thrown into the world. In reality, there are several other unknown worlds where she will encounter various forms of violence. Facing this perverse reality would be much easier in a loving family that embraces and accepts the diversity of all its members. However, this is not the reality for all lesbian women.<\/p>\n<p>Thus, in Mar\u00e9, <a href=\"https:\/\/bit.ly\/45KcDWj\">Casa Resist\u00eancias<\/a> stands as a possibility for these women, who come to understand that family is not about blood, but about affection, shelter, and friendship. For <a href=\"https:\/\/bit.ly\/3RGFllq\">Maj\u00f4 Pinho<\/a>, a Black woman from Bahia, founder of the <a href=\"https:\/\/bit.ly\/4eHbDqg\">MariEllas soccer team<\/a>, and a resident of Vila do Jo\u00e3o\u2014one of the 16 communities that make up the Mar\u00e9 cluster of favelas\u2014for nine years, Casa Resist\u00eancias has emerged as a crucial support, a beacon in the midst of violence.<\/p>\n<blockquote><p>\u201cI&#8217;d never even seen a place like this before, specifically for lesbian victims of violence, which offers support to meet other girls from the favela too. Knowing that such a place exists here gives us a certain comfort.\u201d \u2014 Maj\u00f4 Pinho<\/p><\/blockquote>\n<p>Growing up in the favela is an experience with many layers of complexity. Just like our many streets, lanes, and alleys, our journey is also tortuous and intertwined. We are like our squares and viewing points: when least expected, we offer beautiful images of the favela and the city. There is a beauty in this tangle of ways of inhabiting Mar\u00e9 that touches the deepest feelings in all of us. Among these intertwining paths and ways of life, women are <a href=\"https:\/\/bit.ly\/45CECaD\">mapped as just over half<\/a> of the favela\u2019s population.<\/p>\n<p>However, these maps do not show the diversity of these women. This is a fact that women\u2019s and LGBT+ groups in the area have been attempting to correct for some years by organizing specific studies. One example was the <a href=\"https:\/\/bit.ly\/4cCyO31\"><em>Socio-cultural and Affective Mapping of Lesbians and Bisexual Women of Mar\u00e9<\/em><\/a>, with 59 local respondents, where 24% are students, and the majority are Black and indigenous (71%). The violence they have experienced is <a href=\"https:\/\/bit.ly\/3xx5lst\">summarized by the Institute on Race, Equality, and Human Rights<\/a>:<\/p>\n<blockquote><p>\u201cIn relation to violence, the interviewees stated that they feel safer and more comfortable expressing their sexuality within the favela, as they have faced attacks outside of it&#8230; The research reveals that domestic violence is that which characterizes daily life for lesbians in Mar\u00e9.\u201d<\/p><\/blockquote>\n<figure id=\"attachment_78862\" aria-describedby=\"caption-attachment-78862\" style=\"width: 300px\" class=\"wp-caption alignright\"><a href=\"https:\/\/rioonwatch.org\/wp-content\/uploads\/2024\/07\/Beatriz-Virginia-24-bisexual-resident-of-Conjunto-Esperanca-historian-master-and-doctoral-candidate-in-History-of-Health-Sciences-at-Casa-de-Oswaldo-Cruz-Photo-Personal-Archive.jpeg\"><img loading=\"lazy\" decoding=\"async\" class=\"wp-image-78862\" title=\"Beatriz Virginia, 24, bisexual, resident of Conjunto Esperan\u00e7a, historian, master and doctoral candidate in History of Health Sciences at Casa de Oswaldo Cruz. Photo: Personal Archive\" src=\"https:\/\/rioonwatch.org\/wp-content\/uploads\/2024\/07\/Beatriz-Virginia-24-bisexual-resident-of-Conjunto-Esperanca-historian-master-and-doctoral-candidate-in-History-of-Health-Sciences-at-Casa-de-Oswaldo-Cruz-Photo-Personal-Archive.jpeg\" alt=\"Beatriz Virginia, 24, bisexual, resident of Conjunto Esperan\u00e7a, historian, master and doctoral candidate in History of Health Sciences at Casa de Oswaldo Cruz. Photo: Personal Archive\" width=\"300\" height=\"348\" srcset=\"https:\/\/rioonwatch.org\/wp-content\/uploads\/2024\/07\/Beatriz-Virginia-24-bisexual-resident-of-Conjunto-Esperanca-historian-master-and-doctoral-candidate-in-History-of-Health-Sciences-at-Casa-de-Oswaldo-Cruz-Photo-Personal-Archive.jpeg 1055w, https:\/\/rioonwatch.org\/wp-content\/uploads\/2024\/07\/Beatriz-Virginia-24-bisexual-resident-of-Conjunto-Esperanca-historian-master-and-doctoral-candidate-in-History-of-Health-Sciences-at-Casa-de-Oswaldo-Cruz-Photo-Personal-Archive-535x620.jpeg 535w, https:\/\/rioonwatch.org\/wp-content\/uploads\/2024\/07\/Beatriz-Virginia-24-bisexual-resident-of-Conjunto-Esperanca-historian-master-and-doctoral-candidate-in-History-of-Health-Sciences-at-Casa-de-Oswaldo-Cruz-Photo-Personal-Archive-543x629.jpeg 543w, https:\/\/rioonwatch.org\/wp-content\/uploads\/2024\/07\/Beatriz-Virginia-24-bisexual-resident-of-Conjunto-Esperanca-historian-master-and-doctoral-candidate-in-History-of-Health-Sciences-at-Casa-de-Oswaldo-Cruz-Photo-Personal-Archive-768x890.jpeg 768w\" sizes=\"(max-width: 300px) 100vw, 300px\" \/><\/a><figcaption id=\"caption-attachment-78862\" class=\"wp-caption-text\">Beatriz Virginia, 24, bisexual, resident of Conjunto Esperan\u00e7a, historian, master and doctoral candidate in History of Health Sciences at Casa de Oswaldo Cruz. Photo: Personal Archive<\/figcaption><\/figure>\n<p>The legal means for action are still difficult to access, and progressing with these reports has been even more challenging. All members of the Mar\u00e9 Lesbian Resistance Collective report having experienced lesbophobia in the favela.<\/p>\n<p>In March, <a href=\"https:\/\/bit.ly\/3RKhlxK\">Beatriz Virg\u00ednia<\/a> and her girlfriend experienced lesbophobic harassment at a bar. They reported the crime and awaited justice. However, the case was dismissed due to an error made by the police officers when filing the incident at the police station. Faced with this, they felt completely helpless.<\/p>\n<blockquote><p>\u201cWhen I faced that violence, I felt very abandoned. We know there are some laws protecting women in situations of violence, but we often don&#8217;t know how to access them. Besides, as favela residents, there&#8217;s always a fear of lesbophobia and hatred towards us, &#8216;favelados,&#8217; which we know is structural within the police.<\/p>\n<p>Thanks to Casa Resist\u00eancias&#8217; partnerships, I was able to access rights defense organizations. However, due to the bureaucracy within the police system itself, my incident report was dismissed. If I want justice, I&#8217;ll have to start all over.\u201d \u2014 Beatriz Virg\u00ednia<\/p><\/blockquote>\n<p>And it&#8217;s not as if Beatriz Virg\u00ednia lacks knowledge or direction: the daughter of <em>Dona<\/em> Joelma, she is a human rights activist, a doctoral student at the <a href=\"https:\/\/bit.ly\/3WfknMT\">Casa de Oswaldo Cruz<\/a>\u2014part of Brazil&#8217;s national health foundation, <a href=\"https:\/\/bit.ly\/2WRi6JK\">Fiocruz<\/a>\u2014coordinator of knowledge production at Casa Resist\u00eancias, and a native of Mar\u00e9. Although she is proud of and loves the favela where she was born and carries this responsibility with great commitment, she felt the full weight of structural lesbophobia when she was a victim of violence.<\/p>\n<p>Lesbophobia is at the root of social relations and is therefore called structural. It has also affected <a href=\"https:\/\/bit.ly\/4cgencl\">Paloma Marins<\/a>, a Black woman, practitioner of the Afro-Brazilian religion Umbanda, mother, human rights activist, employee of a hotel chain, and employability coordinator at Casa Resist\u00eancias. She is, therefore, a woman with social and political visibility in the favela, known for her activism.<\/p>\n<figure id=\"attachment_78863\" aria-describedby=\"caption-attachment-78863\" style=\"width: 300px\" class=\"wp-caption alignright\"><a href=\"https:\/\/rioonwatch.org\/wp-content\/uploads\/2024\/07\/Parque-Uniao-resident-Paloma-Marins-38-a-lesbian-and-employability-coordinator-of-Casa-Resistencias-Photo-Personal-archive.jpg\"><img loading=\"lazy\" decoding=\"async\" class=\"wp-image-78863\" title=\"Parque Uni\u00e3o resident Paloma Marins, 38, a lesbian and employability coordinator of Casa Resist\u00eancias. Photo: Personal archive\" src=\"https:\/\/rioonwatch.org\/wp-content\/uploads\/2024\/07\/Parque-Uniao-resident-Paloma-Marins-38-a-lesbian-and-employability-coordinator-of-Casa-Resistencias-Photo-Personal-archive.jpg\" alt=\"Parque Uni\u00e3o resident Paloma Marins, 38, a lesbian and employability coordinator of Casa Resist\u00eancias. Photo: Personal archive\" width=\"300\" height=\"378\" srcset=\"https:\/\/rioonwatch.org\/wp-content\/uploads\/2024\/07\/Parque-Uniao-resident-Paloma-Marins-38-a-lesbian-and-employability-coordinator-of-Casa-Resistencias-Photo-Personal-archive.jpg 1054w, https:\/\/rioonwatch.org\/wp-content\/uploads\/2024\/07\/Parque-Uniao-resident-Paloma-Marins-38-a-lesbian-and-employability-coordinator-of-Casa-Resistencias-Photo-Personal-archive-492x620.jpg 492w, https:\/\/rioonwatch.org\/wp-content\/uploads\/2024\/07\/Parque-Uniao-resident-Paloma-Marins-38-a-lesbian-and-employability-coordinator-of-Casa-Resistencias-Photo-Personal-archive-499x629.jpg 499w, https:\/\/rioonwatch.org\/wp-content\/uploads\/2024\/07\/Parque-Uniao-resident-Paloma-Marins-38-a-lesbian-and-employability-coordinator-of-Casa-Resistencias-Photo-Personal-archive-768x968.jpg 768w\" sizes=\"(max-width: 300px) 100vw, 300px\" \/><\/a><figcaption id=\"caption-attachment-78863\" class=\"wp-caption-text\">Parque Uni\u00e3o resident Paloma Marins, 38, a lesbian and employability coordinator of Casa Resist\u00eancias. Photo: Personal archive<\/figcaption><\/figure>\n<p>At the beginning of the year, after rejecting persistent advances from a man, Martins was given a spiked drink and woke up in an Emergency Care Unit (<a href=\"https:\/\/bit.ly\/2AB7AgD\">UPA<\/a>), not knowing how she had gotten there. Completely disoriented, the only reason she did not experience further violence at the health unit was because the staff knew about the work of Casa Resist\u00eancias and recognized her as a member of the group. The health professionals immediately contacted her colleagues to inform them that she had been admitted to the unit. She recalls:<\/p>\n<blockquote><p>\u201cI sat at a bar to wait for my partner. Meanwhile, I ordered a drink. A man who always harassed me at work found me in the bar, approached me again, and I rejected him. It all happened very quickly. After that, I woke up at the UPA, without my clothes, in a robe, not knowing where I was or what had happened. According to the medical staff, there was no rape, but to this day I don\u2019t know what happened because I don\u2019t remember.\u201d<\/p><\/blockquote>\n<p>In April, at Casa Resist\u00eancias&#8217; anniversary event, during the reading of the book <a href=\"https:\/\/bit.ly\/3VXUW2p\"><em>Marielle and Monica: A Story of Love and Struggle<\/em><\/a>, Councilwoman <a href=\"https:\/\/bit.ly\/3xC7xPy\">Monica Ben\u00edcio<\/a>, born and raised in Mar\u00e9 and widow of slain Councilwoman <a href=\"https:\/\/bit.ly\/2XZZwQE\">Marielle Franco<\/a> (who had also been from Mar\u00e9), said that if there had been a place like Casa Resist\u00eancias during her teenage years, her life would have been less complicated. According to Ben\u00edcio, she would have faced less lesbophobic violence in the streets of the favela.<\/p>\n<blockquote class=\"instagram-media\" style=\"background: #FFF; border: 0; border-radius: 3px; box-shadow: 0 0 1px 0 rgba(0,0,0,0.5),0 1px 10px 0 rgba(0,0,0,0.15); margin: 1px; max-width: 540px; min-width: 326px; padding: 0; width: calc(100% - 2px);\" data-instgrm-captioned=\"\" data-instgrm-permalink=\"https:\/\/www.instagram.com\/p\/C6U4Tv4pdCs\/?utm_source=ig_embed&amp;utm_campaign=loading\" data-instgrm-version=\"14\">\n<div style=\"padding: 16px;\">\n<p>&nbsp;<\/p>\n<div style=\"display: flex; flex-direction: row; align-items: center;\">\n<div style=\"background-color: #f4f4f4; border-radius: 50%; flex-grow: 0; height: 40px; margin-right: 14px; width: 40px;\"><\/div>\n<div style=\"display: flex; flex-direction: column; flex-grow: 1; justify-content: center;\">\n<div style=\"background-color: #f4f4f4; border-radius: 4px; flex-grow: 0; height: 14px; margin-bottom: 6px; width: 100px;\"><\/div>\n<div style=\"background-color: #f4f4f4; border-radius: 4px; flex-grow: 0; height: 14px; width: 60px;\"><\/div>\n<\/div>\n<\/div>\n<div style=\"padding: 19% 0;\"><\/div>\n<div style=\"display: block; height: 50px; margin: 0 auto 12px; width: 50px;\"><\/div>\n<div style=\"padding-top: 8px;\">\n<div style=\"color: #3897f0; font-family: Arial,sans-serif; font-size: 14px; font-style: normal; font-weight: 550; line-height: 18px;\">Ver essa foto no Instagram<\/div>\n<\/div>\n<div style=\"padding: 12.5% 0;\"><\/div>\n<div style=\"display: flex; flex-direction: row; margin-bottom: 14px; align-items: center;\">\n<div>\n<div style=\"background-color: #f4f4f4; border-radius: 50%; height: 12.5px; width: 12.5px; transform: translateX(0px) translateY(7px);\"><\/div>\n<div style=\"background-color: #f4f4f4; height: 12.5px; transform: rotate(-45deg) translateX(3px) translateY(1px); width: 12.5px; flex-grow: 0; margin-right: 14px; margin-left: 2px;\"><\/div>\n<div style=\"background-color: #f4f4f4; border-radius: 50%; height: 12.5px; width: 12.5px; transform: translateX(9px) translateY(-18px);\"><\/div>\n<\/div>\n<div style=\"margin-left: 8px;\">\n<div style=\"background-color: #f4f4f4; border-radius: 50%; flex-grow: 0; height: 20px; width: 20px;\"><\/div>\n<div style=\"width: 0; height: 0; border-top: 2px solid transparent; border-left: 6px solid #f4f4f4; border-bottom: 2px solid transparent; transform: translateX(16px) translateY(-4px) rotate(30deg);\"><\/div>\n<\/div>\n<div style=\"margin-left: auto;\">\n<div style=\"width: 0px; border-top: 8px solid #F4F4F4; border-right: 8px solid transparent; transform: translateY(16px);\"><\/div>\n<div style=\"background-color: #f4f4f4; flex-grow: 0; height: 12px; width: 16px; transform: translateY(-4px);\"><\/div>\n<div style=\"width: 0; height: 0; border-top: 8px solid #F4F4F4; border-left: 8px solid transparent; transform: translateY(-4px) translateX(8px);\"><\/div>\n<\/div>\n<\/div>\n<div style=\"display: flex; flex-direction: column; flex-grow: 1; justify-content: center; margin-bottom: 24px;\">\n<div style=\"background-color: #f4f4f4; border-radius: 4px; flex-grow: 0; height: 14px; margin-bottom: 6px; width: 224px;\"><\/div>\n<div style=\"background-color: #f4f4f4; border-radius: 4px; flex-grow: 0; height: 14px; width: 144px;\"><\/div>\n<\/div>\n<p>&nbsp;<\/p>\n<p style=\"color: #c9c8cd; font-family: Arial,sans-serif; font-size: 14px; line-height: 17px; margin-bottom: 0; margin-top: 8px; overflow: hidden; padding: 8px 0 7px; text-align: center; text-overflow: ellipsis; white-space: nowrap;\"><a style=\"color: #c9c8cd; font-family: Arial,sans-serif; font-size: 14px; font-style: normal; font-weight: normal; line-height: 17px; text-decoration: none;\" href=\"https:\/\/www.instagram.com\/p\/C6U4Tv4pdCs\/?utm_source=ig_embed&amp;utm_campaign=loading\" target=\"_blank\" rel=\"noopener\">Uma publica\u00e7\u00e3o compartilhada por Monica Benicio &#x1f3f3;&#xfe0f;&#x200d;&#x1f308; (@monicaterezabenicio)<\/a><\/p>\n<\/div>\n<\/blockquote>\n<p><script async src=\"\/\/www.instagram.com\/embed.js\"><\/script><\/p>\n<figure id=\"attachment_78865\" aria-describedby=\"caption-attachment-78865\" style=\"width: 300px\" class=\"wp-caption alignright\"><a href=\"https:\/\/rioonwatch.org\/wp-content\/uploads\/2024\/07\/Raissa-Lima-28-lesbian-a-resident-of-Nova-Holanda-and-founder-of-the-For-Women-Collective-Photo-Personal-Archive.jpg\"><img loading=\"lazy\" decoding=\"async\" class=\"wp-image-78865\" title=\"Raissa Lima, 28, lesbian, a resident of Nova Holanda and founder of the For Them Collective. Photo: Personal Archive\" src=\"https:\/\/rioonwatch.org\/wp-content\/uploads\/2024\/07\/Raissa-Lima-28-lesbian-a-resident-of-Nova-Holanda-and-founder-of-the-For-Women-Collective-Photo-Personal-Archive.jpg\" alt=\"Raissa Lima, 28, lesbian, a resident of Nova Holanda and founder of the For Them Collective. Photo: Personal Archive\" width=\"300\" height=\"347\" srcset=\"https:\/\/rioonwatch.org\/wp-content\/uploads\/2024\/07\/Raissa-Lima-28-lesbian-a-resident-of-Nova-Holanda-and-founder-of-the-For-Women-Collective-Photo-Personal-Archive.jpg 1058w, https:\/\/rioonwatch.org\/wp-content\/uploads\/2024\/07\/Raissa-Lima-28-lesbian-a-resident-of-Nova-Holanda-and-founder-of-the-For-Women-Collective-Photo-Personal-Archive-536x620.jpg 536w, https:\/\/rioonwatch.org\/wp-content\/uploads\/2024\/07\/Raissa-Lima-28-lesbian-a-resident-of-Nova-Holanda-and-founder-of-the-For-Women-Collective-Photo-Personal-Archive-544x629.jpg 544w, https:\/\/rioonwatch.org\/wp-content\/uploads\/2024\/07\/Raissa-Lima-28-lesbian-a-resident-of-Nova-Holanda-and-founder-of-the-For-Women-Collective-Photo-Personal-Archive-768x888.jpg 768w\" sizes=\"(max-width: 300px) 100vw, 300px\" \/><\/a><figcaption id=\"caption-attachment-78865\" class=\"wp-caption-text\">Raissa Lima, 28, lesbian, a resident of Nova Holanda and founder of the For Them Collective. Photo: Personal Archive<\/figcaption><\/figure>\n<p>Violence against women&#8217;s bodies is an epidemic in Brazil. The country faces <a href=\"https:\/\/bit.ly\/3VVXLjk\">high rates of femicide<\/a> and mutilates our bodies daily, through laws that criminalize victims, constantly questioning their words and the veracity of facts.<\/p>\n<p>There are many <a href=\"https:\/\/bit.ly\/3RVz2u3\">cases like Mari Ferrer&#8217;s<\/a>, who was raped and had her case shockingly classified as &#8216;<a href=\"https:\/\/bit.ly\/4cAIb3A\">culpable rape<\/a>&#8216; by the judge, a legal category that did not even exist. Technology by men to protect other men.<\/p>\n<p>Meanwhile, in everyday life, violence against women\u2019s bodies is on the rise. This is the fear that Raissa Lima, judoka and founder of the <a href=\"https:\/\/bit.ly\/4eEEzz6\">For Them [Women] Collective<\/a>, reports.<\/p>\n<blockquote><p><i><span style=\"font-weight: 400;\">\u201c<\/span><\/i>I&#8217;ve never experienced any discrimination in Mar\u00e9, but I have many friends who have. So, I&#8217;m somewhat cautious. It&#8217;s unfortunate, but it&#8217;s what keeps me safe from a lot of things. I don\u2019t hold hands with any partner of mine due to fear of this violence.<i><span style=\"font-weight: 400;\">\u201d <\/span><\/i> \u2014 Raissa Lima<\/p><\/blockquote>\n<p>In some cases, violence is stated and carried out in an objective and concrete manner. In others, it manifests in a concealed, disguised manner, leaving room for what happens to one woman to happen to all.<\/p>\n<p><a href=\"https:\/\/bit.ly\/4eUHQKO\">Lesbocide<\/a> begins with the disrespectful and invasive approach of the abusive man who, in many cases, upon rejection, resorts to perpetrating violent crimes against these women.<\/p>\n<figure id=\"attachment_78866\" aria-describedby=\"caption-attachment-78866\" style=\"width: 300px\" class=\"wp-caption alignright\"><a href=\"https:\/\/rioonwatch.org\/wp-content\/uploads\/2024\/07\/Camila-Felippe-25-dentistry-student-is-deputy-general-coordinator-of-Casa-Resistencias.-Photo-Personal-Archive.jpg\"><img loading=\"lazy\" decoding=\"async\" class=\"wp-image-78866\" title=\"Camila Felippe, 25, a dentistry student, is deputy general coordinator of Casa Resist\u00eancias. Photo: Personal Archive\" src=\"https:\/\/rioonwatch.org\/wp-content\/uploads\/2024\/07\/Camila-Felippe-25-dentistry-student-is-deputy-general-coordinator-of-Casa-Resistencias.-Photo-Personal-Archive.jpg\" alt=\"Camila Felippe, 25, a dentistry student, is deputy general coordinator of Casa Resist\u00eancias. Photo: Personal Archive\" width=\"300\" height=\"307\" srcset=\"https:\/\/rioonwatch.org\/wp-content\/uploads\/2024\/07\/Camila-Felippe-25-dentistry-student-is-deputy-general-coordinator-of-Casa-Resistencias.-Photo-Personal-Archive.jpg 1033w, https:\/\/rioonwatch.org\/wp-content\/uploads\/2024\/07\/Camila-Felippe-25-dentistry-student-is-deputy-general-coordinator-of-Casa-Resistencias.-Photo-Personal-Archive-606x620.jpg 606w, https:\/\/rioonwatch.org\/wp-content\/uploads\/2024\/07\/Camila-Felippe-25-dentistry-student-is-deputy-general-coordinator-of-Casa-Resistencias.-Photo-Personal-Archive-615x629.jpg 615w, https:\/\/rioonwatch.org\/wp-content\/uploads\/2024\/07\/Camila-Felippe-25-dentistry-student-is-deputy-general-coordinator-of-Casa-Resistencias.-Photo-Personal-Archive-768x786.jpg 768w\" sizes=\"(max-width: 300px) 100vw, 300px\" \/><\/a><figcaption id=\"caption-attachment-78866\" class=\"wp-caption-text\">Camila Felippe, 25, a dentistry student, is deputy general coordinator of Casa Resist\u00eancias. Photo: Personal Archive<\/figcaption><\/figure>\n<p><a href=\"https:\/\/bit.ly\/45G74rY\">Camila Felippe<\/a>, a Black woman and dentistry student at the State University of Rio de Janeiro (<a href=\"https:\/\/bit.ly\/2XiGIwl\">UERJ<\/a>), and deputy general coordinator of Casa Resist\u00eancias, also reports harassment from men who insist on positioning themselves as a cure for something that is not an illness. Many lesbian women have heard, especially from men, that they were sick, needed to be cured, and that the remedy would be the man himself, by having heterosexual sex with them, even against the woman&#8217;s will.<\/p>\n<p>It is this <a href=\"https:\/\/bit.ly\/4ePxlIK\">culture of harassment<\/a> and <a href=\"https:\/\/bit.ly\/4bBB9u8\">rape<\/a> that makes possible aberrant concepts such as &#8216;culpable rape&#8217; and so-called &#8216;<a href=\"https:\/\/bit.ly\/3W0FscV\">corrective rape<\/a>.&#8217; As if extreme sexual violence could cure anything.<\/p>\n<p>Brazil has numerous unresolved cases of <a href=\"https:\/\/bit.ly\/3yyFRLO\">lesbocide<\/a>. The case of <a href=\"https:\/\/bit.ly\/4bBn7Ja\">Luana Barbosa<\/a>, for example, has already been taken to international organizations and remains unresolved. The investigation into <a href=\"https:\/\/bit.ly\/4czCPFY\">Carol Camp\u00ealo&#8217;s case<\/a> only began under <a href=\"https:\/\/bit.ly\/3xJFM7v\">pressure from the organized national lesbian movement<\/a>, and even then, the response was inadequate. Both murders were cruel, but Camp\u00ealo&#8217;s case was particularly shocking due to its brutality, as her killer ripped off all the skin from her face. This mutilation served as a clear marker of the killer\u2019s intense hatred towards her lesbian body.<\/p>\n<figure id=\"attachment_78871\" aria-describedby=\"caption-attachment-78871\" style=\"width: 1200px\" class=\"wp-caption aligncenter\"><a href=\"https:\/\/rioonwatch.org\/wp-content\/uploads\/2024\/07\/protest-in-sao-paulo-demands-justice-for-ana-caroline-sousa-campelo-better-known-as-carol-a-victim-of-lesbocide-at-21-years-old-photo-reproduction-from-the-juntas-collective-website.jpeg\"><img loading=\"lazy\" decoding=\"async\" class=\"wp-image-78871 size-full\" title=\"Protest in S\u00e3o Paulo demands justice for Ana Caroline Sousa C\u00e2mpelo, better known as Carol, a victim of lesbocide at 21 years old. Photo: Reproduction from the Juntas Collective website\" src=\"https:\/\/rioonwatch.org\/wp-content\/uploads\/2024\/07\/protest-in-sao-paulo-demands-justice-for-ana-caroline-sousa-campelo-better-known-as-carol-a-victim-of-lesbocide-at-21-years-old-photo-reproduction-from-the-juntas-collective-website.jpeg\" alt=\"Protest in S\u00e3o Paulo demands justice for Ana Caroline Sousa C\u00e2mpelo, better known as Carol, a victim of lesbocide at 21 years old. Photo: Reproduction from the Juntas Collective website\" width=\"1200\" height=\"630\" srcset=\"https:\/\/rioonwatch.org\/wp-content\/uploads\/2024\/07\/protest-in-sao-paulo-demands-justice-for-ana-caroline-sousa-campelo-better-known-as-carol-a-victim-of-lesbocide-at-21-years-old-photo-reproduction-from-the-juntas-collective-website.jpeg 1200w, https:\/\/rioonwatch.org\/wp-content\/uploads\/2024\/07\/protest-in-sao-paulo-demands-justice-for-ana-caroline-sousa-campelo-better-known-as-carol-a-victim-of-lesbocide-at-21-years-old-photo-reproduction-from-the-juntas-collective-website-620x326.jpeg 620w, https:\/\/rioonwatch.org\/wp-content\/uploads\/2024\/07\/protest-in-sao-paulo-demands-justice-for-ana-caroline-sousa-campelo-better-known-as-carol-a-victim-of-lesbocide-at-21-years-old-photo-reproduction-from-the-juntas-collective-website-1198x629.jpeg 1198w, https:\/\/rioonwatch.org\/wp-content\/uploads\/2024\/07\/protest-in-sao-paulo-demands-justice-for-ana-caroline-sousa-campelo-better-known-as-carol-a-victim-of-lesbocide-at-21-years-old-photo-reproduction-from-the-juntas-collective-website-768x403.jpeg 768w\" sizes=\"(max-width: 1200px) 100vw, 1200px\" \/><\/a><figcaption id=\"caption-attachment-78871\" class=\"wp-caption-text\">Protest in S\u00e3o Paulo demands justice for Ana Caroline Sousa C\u00e2mpelo, better known as Carol, a victim of lesbocide at 21 years old. Photo: Reproduction from the Juntas Collective website<\/figcaption><\/figure>\n<figure id=\"attachment_78874\" aria-describedby=\"caption-attachment-78874\" style=\"width: 300px\" class=\"wp-caption alignright\"><a href=\"https:\/\/rioonwatch.org\/wp-content\/uploads\/2024\/07\/erika.jpg\"><img loading=\"lazy\" decoding=\"async\" class=\"wp-image-78874\" title=\"Erika Batista, 32, bisexual, chemistry graduate. Photo: Personal Archive\" src=\"https:\/\/rioonwatch.org\/wp-content\/uploads\/2024\/07\/erika.jpg\" alt=\"Erika Batista, 32, bisexual, chemistry graduate. Photo: Personal Archive\" width=\"300\" height=\"371\" srcset=\"https:\/\/rioonwatch.org\/wp-content\/uploads\/2024\/07\/erika.jpg 872w, https:\/\/rioonwatch.org\/wp-content\/uploads\/2024\/07\/erika-501x620.jpg 501w, https:\/\/rioonwatch.org\/wp-content\/uploads\/2024\/07\/erika-508x629.jpg 508w, https:\/\/rioonwatch.org\/wp-content\/uploads\/2024\/07\/erika-768x950.jpg 768w\" sizes=\"(max-width: 300px) 100vw, 300px\" \/><\/a><figcaption id=\"caption-attachment-78874\" class=\"wp-caption-text\">Erika Batista, 32, bisexual, chemistry graduate. Photo: Personal Archive<\/figcaption><\/figure>\n<p><a href=\"https:\/\/bit.ly\/3L0AqIc\">Erika Batista<\/a>, 32, a chemistry teacher and girlfriend of Camila Felippe, reports she never noticed experiencing lesbophobia while alone, despite having a <a href=\"https:\/\/bit.ly\/3Y4yZQu\">masc<\/a> appearance (a lesbian who does not present femininity according to hegemonic standards).<\/p>\n<blockquote><p><i><span style=\"font-weight: 400;\">\u201c<\/span><\/i>The looks directed at me are usually fatphobic, and that\u2019s clear. But when I\u2019m out holding hands with my girlfriend, the lesbophobia appears.\u201d \u2014 Erika Batista<\/p><\/blockquote>\n<h3>Favela Power<\/h3>\n<p>In the favela, just as in the rest of society, machismo, misogyny, and sexism prevail. We, lesbian women, find ourselves affected by all these forms of violence, in addition to lesbophobia.<\/p>\n<p>It is extremely important to have a physical space in the favela where love and public displays of affection between two women are respected, welcomed, and celebrated.<\/p>\n<blockquote><p>\u201cThis is a favela lesbian survival technology. We from Mar\u00e9 have created this technology and we want every lesbian in Mar\u00e9 to know about us, about this safe haven.\u201d \u2014 Camila Felippe<\/p><\/blockquote>\n<p>As we conclude this article, we would like to highlight the joy of the favela, the strength of our colors in everyday life. Everything we have is, in fact, thanks to the resistance of a population that, for decades, has been seen as an underclass, and which, in order to stay alive, has <a href=\"https:\/\/bit.ly\/4dwntCJ\">organized itself in the fight for rights<\/a>. During Lesbian Pride and Visibility Month, our flag still flies high on our rooftops and in the windows of our homes. Our fists remain raised for the right to live our lives, free from violence.<\/p>\n<p>For the LBT+ favela person, the challenges to merely remain alive are numerous and present themselves daily. However, despite the hardships that LGBT+ people go through in Mar\u00e9, the favela is at the forefront of the fight for rights. In this territory, the favela lesbian movement built an LGBT+ citizenship center, the country\u2019s first shelter for LBT women inside a favela, run by civil society and supported by the state government: Casa Resist\u00eancias.<\/p>\n<p>We will always be proud and defiant. All the women mentioned here are in some way part of building this support network for lesbians in Mar\u00e9, thus creating a sense of not being alone, which fosters acceptance.<\/p>\n<p><em>About the author: Dayana Gusm\u00e3o is a social worker, specializing in gender and diversity at NeppDH (<a href=\"https:\/\/bit.ly\/2G9KCND\">Federal University of Rio de Janeiro<\/a>), currently pursuing master&#8217;s and doctoral degrees in Social Memory at UNIRIO. Born and raised in Complexo da Mar\u00e9, she examines the memory of her favela through the lenses of gender, race, and African heritage. Gusm\u00e3o is the founder of the country\u2019s first shelter for LBT women from favelas: Casa Resist\u00eancias, located in Vila dos Pinheiros, Mar\u00e9.<\/em><\/p>\n<hr \/>\n<h4><b data-stringify-type=\"bold\">Support\u00a0<\/b><b data-stringify-type=\"bold\"><i data-stringify-type=\"italic\">RioOnWatch<\/i><\/b><b data-stringify-type=\"bold\">\u2019s tireless, critical and cutting-edge hyperlocal journalism, online community organizing meetings, and direct support to favelas\u00a0<\/b><b data-stringify-type=\"bold\"><a class=\"c-link\" href=\"http:\/\/bit.ly\/DonateToRioOnWatch\" target=\"_blank\" rel=\"noopener noreferrer\" data-stringify-link=\"http:\/\/bit.ly\/DonateToRioOnWatch\" data-sk=\"tooltip_parent\">by clicking here.<\/a><\/b><\/h4>\n","protected":false},"excerpt":{"rendered":"<div class=\"mh-excerpt\"><p>Clique aqui para Portugu\u00eas This article is part of\u00a0RioOnWatch\u2018s series on\u00a0Memories of Favela Power, which documents and celebrates the history of Rio de Janeiro\u2019s favelas through narratives and reports from residents\u2019 collective memory, in their <a class=\"mh-excerpt-more\" href=\"https:\/\/rioonwatch.org\/?p=78843\" title=\"Between Alleys and Lanes, Lesbian Memories and Casa Resist\u00eancias: The Lives of Gay Women in Rio&#8217;s Mar\u00e9 Favela\">[&#8230;]<\/a><\/p>\n<\/div>","protected":false},"author":245,"featured_media":78844,"comment_status":"closed","ping_status":"closed","sticky":false,"template":"template-full.php","format":"standard","meta":{"_monsterinsights_skip_tracking":false,"_monsterinsights_sitenote_active":false,"_monsterinsights_sitenote_note":"","_monsterinsights_sitenote_category":0,"footnotes":""},"categories":[1288,1328,1290,1268,1271,1284,329],"tags":[258,280,1572,674,436,25,1507,37,3712,3030,3703,268,2455,1142,2076],"writer":[3709],"translator":[3655],"illustrator":[],"photographer":[],"class_list":{"0":"post-78843","1":"post","2":"type-post","3":"status-publish","4":"format-standard","5":"has-post-thumbnail","7":"category-highlight","8":"category-by-community-contributors","9":"category-civilsociety","10":"category-favelaculture","11":"category-favelaqualities","12":"category-interviews-profiles","13":"category-solutions","14":"tag-community-solution","15":"tag-complexo-da-mare","16":"tag-conjunto-esperanca-mare","17":"tag-memory","18":"tag-gender","19":"tag-human-rights","20":"tag-lgbt","21":"tag-north-zone","22":"tag-safe-space","23":"tag-sense-of-belonging","24":"tag-series-memories-of-favela-power","25":"tag-state-violence","26":"tag-transgender","27":"tag-vila-do-joao","28":"tag-violence-against-women","29":"writer-dayana-gusmao","30":"translator-vasti-cruz"},"_links":{"self":[{"href":"https:\/\/rioonwatch.org\/index.php?rest_route=\/wp\/v2\/posts\/78843","targetHints":{"allow":["GET"]}}],"collection":[{"href":"https:\/\/rioonwatch.org\/index.php?rest_route=\/wp\/v2\/posts"}],"about":[{"href":"https:\/\/rioonwatch.org\/index.php?rest_route=\/wp\/v2\/types\/post"}],"author":[{"embeddable":true,"href":"https:\/\/rioonwatch.org\/index.php?rest_route=\/wp\/v2\/users\/245"}],"replies":[{"embeddable":true,"href":"https:\/\/rioonwatch.org\/index.php?rest_route=%2Fwp%2Fv2%2Fcomments&post=78843"}],"version-history":[{"count":4,"href":"https:\/\/rioonwatch.org\/index.php?rest_route=\/wp\/v2\/posts\/78843\/revisions"}],"predecessor-version":[{"id":79154,"href":"https:\/\/rioonwatch.org\/index.php?rest_route=\/wp\/v2\/posts\/78843\/revisions\/79154"}],"wp:featuredmedia":[{"embeddable":true,"href":"https:\/\/rioonwatch.org\/index.php?rest_route=\/wp\/v2\/media\/78844"}],"wp:attachment":[{"href":"https:\/\/rioonwatch.org\/index.php?rest_route=%2Fwp%2Fv2%2Fmedia&parent=78843"}],"wp:term":[{"taxonomy":"category","embeddable":true,"href":"https:\/\/rioonwatch.org\/index.php?rest_route=%2Fwp%2Fv2%2Fcategories&post=78843"},{"taxonomy":"post_tag","embeddable":true,"href":"https:\/\/rioonwatch.org\/index.php?rest_route=%2Fwp%2Fv2%2Ftags&post=78843"},{"taxonomy":"writer","embeddable":true,"href":"https:\/\/rioonwatch.org\/index.php?rest_route=%2Fwp%2Fv2%2Fwriter&post=78843"},{"taxonomy":"translator","embeddable":true,"href":"https:\/\/rioonwatch.org\/index.php?rest_route=%2Fwp%2Fv2%2Ftranslator&post=78843"},{"taxonomy":"illustrator","embeddable":true,"href":"https:\/\/rioonwatch.org\/index.php?rest_route=%2Fwp%2Fv2%2Fillustrator&post=78843"},{"taxonomy":"photographer","embeddable":true,"href":"https:\/\/rioonwatch.org\/index.php?rest_route=%2Fwp%2Fv2%2Fphotographer&post=78843"}],"curies":[{"name":"wp","href":"https:\/\/api.w.org\/{rel}","templated":true}]}}