{"id":78980,"date":"2024-07-15T12:52:00","date_gmt":"2024-07-15T15:52:00","guid":{"rendered":"https:\/\/rioonwatch.org\/?p=78980"},"modified":"2024-07-24T14:01:59","modified_gmt":"2024-07-24T17:01:59","slug":"in-rio-de-janeiro-conservative-governors-island-holds-its-first-pride-parade-following-decades-of-local-organizing","status":"publish","type":"post","link":"https:\/\/rioonwatch.org\/?p=78980","title":{"rendered":"In Rio de Janeiro, Conservative \u2018Governor\u2019s Island\u2019 Holds Its First Pride Parade Following Decades of Local Organizing"},"content":{"rendered":"<figure id=\"attachment_78981\" aria-describedby=\"caption-attachment-78981\" style=\"width: 2560px\" class=\"wp-caption aligncenter\"><a href=\"https:\/\/rioonwatch.org\/wp-content\/uploads\/2024\/07\/1st-LGBT-Pride-Parade-in-Ilha-do-Governador-Drag-Mariana-Crocs-2-Amanda-Baroni.scaled.jpg\"><img fetchpriority=\"high\" decoding=\"async\" class=\"wp-image-78981 size-full\" title=\"Performance by drag queen Mariana Crocs at the 1st LGBT+ Parade in Ilha do Governador. Photo: Amanda Baroni\" src=\"https:\/\/rioonwatch.org\/wp-content\/uploads\/2024\/07\/1st-LGBT-Pride-Parade-in-Ilha-do-Governador-Drag-Mariana-Crocs-2-Amanda-Baroni.scaled.jpg\" alt=\"Performance by drag queen Mariana Crocs at the 1st LGBT+ Parade in Ilha do Governador. Photo: Amanda Baroni\" width=\"2560\" height=\"1707\" srcset=\"https:\/\/rioonwatch.org\/wp-content\/uploads\/2024\/07\/1st-LGBT-Pride-Parade-in-Ilha-do-Governador-Drag-Mariana-Crocs-2-Amanda-Baroni.scaled.jpg 2560w, https:\/\/rioonwatch.org\/wp-content\/uploads\/2024\/07\/1st-LGBT-Pride-Parade-in-Ilha-do-Governador-Drag-Mariana-Crocs-2-Amanda-Baroni.scaled-620x413.jpg 620w, https:\/\/rioonwatch.org\/wp-content\/uploads\/2024\/07\/1st-LGBT-Pride-Parade-in-Ilha-do-Governador-Drag-Mariana-Crocs-2-Amanda-Baroni.scaled-943x629.jpg 943w, https:\/\/rioonwatch.org\/wp-content\/uploads\/2024\/07\/1st-LGBT-Pride-Parade-in-Ilha-do-Governador-Drag-Mariana-Crocs-2-Amanda-Baroni.scaled-768x512.jpg 768w\" sizes=\"(max-width: 2560px) 100vw, 2560px\" \/><\/a><figcaption id=\"caption-attachment-78981\" class=\"wp-caption-text\">Performance by drag queen Mariana Crocs at the first LGBT+ Parade on Ilha do Governador. Photo: Amanda Baroni<\/figcaption><\/figure>\n<p style=\"text-align: right;\"><a href=\"https:\/\/bit.ly\/4cVdTsi\" target=\"_blank\" rel=\"noopener\"><strong><em>Clique aqui para Portugu\u00eas<\/em><\/strong><img decoding=\"async\" class=\"alignright wp-image-23766 size-full\" src=\"https:\/\/www.rioonwatch.org\/wp-content\/uploads\/2012\/08\/PT-e1439583827971.png\" width=\"20\" height=\"20\" \/><\/a><\/p>\n<p><em>On a sunny Saturday, June 29, <a href=\"https:\/\/bit.ly\/2P3XYyP\">Ilha do Governador<\/a> (Governor&#8217;s Island) held its <a href=\"https:\/\/bit.ly\/3RXtaAw\">first LGBT+ Pride Parade<\/a>\u00a0at the foot of the <a href=\"https:\/\/bit.ly\/2GSjRkj\">Morro do Dend\u00ea<\/a> favela, in <a href=\"https:\/\/bit.ly\/3XOzVbB\">Aterro do Cocot\u00e1<\/a>, in the <a href=\"https:\/\/bit.ly\/2IgR5qe\">North Zone<\/a> of Rio de Janeiro. The event was organized by the NGO <a href=\"https:\/\/bit.ly\/4cO20UK\" target=\"_blank\" rel=\"noopener\">Meeting of Colors<\/a>, which primarily supports <a href=\"https:\/\/bit.ly\/2Yylw5b\">LGBT+<\/a> children and youth from the island&#8217;s favelas. A historic milestone for the neighborhood, the parade symbolizes resistance and the LGBT+ community&#8217;s achievement in carving out a space for itself in a traditionally conservative neighborhood of Rio de Janeiro.<\/em><\/p>\n<blockquote><p>\u201cThere&#8217;s never been a parade here in our area. Ilha do Governador is an extremely conservative neighborhood, surrounded by military barracks, but there is an LGBT+ population here. So, we wanted to bring this idea, this struggle to our neighborhood, so that people can grasp that we are here, that we exist, that we need to celebrate&#8230; to celebrate our lives&#8230; to celebrate being alive.\u201d \u2014 <a href=\"https:\/\/bit.ly\/3xQFADu\" rel=\"noopener\">Byron Teixeira<\/a><\/p><\/blockquote>\n<p>According to Byron Teixeira, born and raised in Ilha do Governador&#8217;s <a href=\"https:\/\/bit.ly\/3qdKYNd\">Itacolomi<\/a> favela, founder of the NGO and creator of the parade, the event aims to establish a safe space of pride and belonging for the LGBT+ community of Ilha do Governador and surrounding neighborhoods in the <a href=\"http:\/\/bit.ly\/2vZvg7g\">Leopoldina region<\/a>.<\/p>\n<p>Meeting of Colors was <a href=\"https:\/\/bit.ly\/3Ldhy8T\">founded in 2018<\/a>, following an incident of <a href=\"https:\/\/bit.ly\/3LsXboc\">homophobia<\/a> experienced by Teixeira while still part of his church community. In response, he and other LGBT+ youth began organizing discussion groups on Ilha do Governador. Their goal was to create a space for dialogue and mutual support.<\/p>\n<blockquote><p>\u201cWhen I was going through a moment of deep depression, I sought out someone who I thought was a leader to me at the time. Instead of receiving support, I was told, &#8216;this is not your place if this is how it&#8217;s going to be.&#8217; So, I founded Meeting of the Colors with the aim of creating a space of support for people who have gone through or are going through experiences similar to mine.\u201d \u2014 Byron Teixeira<\/p><\/blockquote>\n<figure id=\"attachment_78984\" aria-describedby=\"caption-attachment-78984\" style=\"width: 2560px\" class=\"wp-caption aligncenter\"><a href=\"https:\/\/rioonwatch.org\/wp-content\/uploads\/2024\/07\/1st-Ilha-do-Givernador-LGBT-Pride-Parade-Byron-Teixeira-Amanda-Baroni-scaled-1.jpg\"><img decoding=\"async\" class=\"wp-image-78984 size-full\" title=\"Byron Teixeira introduces the 1st Ilha do Governador LGBT+ Pride Parade. Photo: Amanda Baroni\" src=\"https:\/\/rioonwatch.org\/wp-content\/uploads\/2024\/07\/1st-Ilha-do-Givernador-LGBT-Pride-Parade-Byron-Teixeira-Amanda-Baroni-scaled-1.jpg\" alt=\"Byron Teixeira introduces the 1st Ilha do Governador LGBT+ Pride Parade. Photo: Amanda Baroni\" width=\"2560\" height=\"1707\" srcset=\"https:\/\/rioonwatch.org\/wp-content\/uploads\/2024\/07\/1st-Ilha-do-Givernador-LGBT-Pride-Parade-Byron-Teixeira-Amanda-Baroni-scaled-1.jpg 2560w, https:\/\/rioonwatch.org\/wp-content\/uploads\/2024\/07\/1st-Ilha-do-Givernador-LGBT-Pride-Parade-Byron-Teixeira-Amanda-Baroni-scaled-1-620x413.jpg 620w, https:\/\/rioonwatch.org\/wp-content\/uploads\/2024\/07\/1st-Ilha-do-Givernador-LGBT-Pride-Parade-Byron-Teixeira-Amanda-Baroni-scaled-1-943x629.jpg 943w, https:\/\/rioonwatch.org\/wp-content\/uploads\/2024\/07\/1st-Ilha-do-Givernador-LGBT-Pride-Parade-Byron-Teixeira-Amanda-Baroni-scaled-1-768x512.jpg 768w\" sizes=\"(max-width: 2560px) 100vw, 2560px\" \/><\/a><figcaption id=\"caption-attachment-78984\" class=\"wp-caption-text\">Byron Teixeira introduces the first Ilha do Governador Pride Parade. Photo: Amanda Baroni<\/figcaption><\/figure>\n<p>The singer, <a href=\"https:\/\/bit.ly\/4d1tDtN\">community health agent<\/a>, and volunteer Juliana Macedo explains that Meeting of the Colors serves two main groups: the local community of Ilha do Governador and LGBTQIAPN+ individuals seeking support. She believes that the NGO&#8217;s uniqueness lies in combining social assistance with raising awareness of LGBTQIAPN+phobia.<\/p>\n<blockquote><p>\u201cThe educational work we do with children, for example, always includes a performance by a drag queen. The idea is precisely to break the paradigm and prejudice, to have an active voice, and to be present in the community for everyone. We&#8217;re also agents of change; we&#8217;re not just gay or lesbian. It&#8217;s about doing away with the stereotype that it&#8217;s only one thing, that it&#8217;s all debauchery. We want to do meaningful work for the community as a whole.\u201d \u2014 Juliana Macedo<\/p><\/blockquote>\n<blockquote class=\"instagram-media\" style=\"background: #FFF; border: 0; border-radius: 3px; box-shadow: 0 0 1px 0 rgba(0,0,0,0.5),0 1px 10px 0 rgba(0,0,0,0.15); margin: 1px; max-width: 540px; min-width: 326px; padding: 0; width: calc(100% - 2px);\" data-instgrm-captioned=\"\" data-instgrm-permalink=\"https:\/\/www.instagram.com\/p\/CA6P9HKH5eN\/?utm_source=ig_embed&amp;utm_campaign=loading\" data-instgrm-version=\"14\">\n<div style=\"padding: 16px;\">\n<p>&nbsp;<\/p>\n<div style=\"display: flex; flex-direction: row; align-items: center;\">\n<div style=\"background-color: #f4f4f4; border-radius: 50%; flex-grow: 0; height: 40px; margin-right: 14px; width: 40px;\"><\/div>\n<div style=\"display: flex; flex-direction: column; flex-grow: 1; justify-content: center;\">\n<div style=\"background-color: #f4f4f4; border-radius: 4px; flex-grow: 0; height: 14px; margin-bottom: 6px; width: 100px;\"><\/div>\n<div style=\"background-color: #f4f4f4; border-radius: 4px; flex-grow: 0; height: 14px; width: 60px;\"><\/div>\n<\/div>\n<\/div>\n<div style=\"padding: 19% 0;\"><\/div>\n<div style=\"display: block; height: 50px; margin: 0 auto 12px; width: 50px;\"><\/div>\n<div style=\"padding-top: 8px;\">\n<div style=\"color: #3897f0; font-family: Arial,sans-serif; font-size: 14px; font-style: normal; font-weight: 550; line-height: 18px;\">Ver essa foto no Instagram<\/div>\n<\/div>\n<div style=\"padding: 12.5% 0;\"><\/div>\n<div style=\"display: flex; flex-direction: row; margin-bottom: 14px; align-items: center;\">\n<div>\n<div style=\"background-color: #f4f4f4; border-radius: 50%; height: 12.5px; width: 12.5px; transform: translateX(0px) translateY(7px);\"><\/div>\n<div style=\"background-color: #f4f4f4; height: 12.5px; transform: rotate(-45deg) translateX(3px) translateY(1px); width: 12.5px; flex-grow: 0; margin-right: 14px; margin-left: 2px;\"><\/div>\n<div style=\"background-color: #f4f4f4; border-radius: 50%; height: 12.5px; width: 12.5px; transform: translateX(9px) translateY(-18px);\"><\/div>\n<\/div>\n<div style=\"margin-left: 8px;\">\n<div style=\"background-color: #f4f4f4; border-radius: 50%; flex-grow: 0; height: 20px; width: 20px;\"><\/div>\n<div style=\"width: 0; height: 0; border-top: 2px solid transparent; border-left: 6px solid #f4f4f4; border-bottom: 2px solid transparent; transform: translateX(16px) translateY(-4px) rotate(30deg);\"><\/div>\n<\/div>\n<div style=\"margin-left: auto;\">\n<div style=\"width: 0px; border-top: 8px solid #F4F4F4; border-right: 8px solid transparent; transform: translateY(16px);\"><\/div>\n<div style=\"background-color: #f4f4f4; flex-grow: 0; height: 12px; width: 16px; transform: translateY(-4px);\"><\/div>\n<div style=\"width: 0; height: 0; border-top: 8px solid #F4F4F4; border-left: 8px solid transparent; transform: translateY(-4px) translateX(8px);\"><\/div>\n<\/div>\n<\/div>\n<div style=\"display: flex; flex-direction: column; flex-grow: 1; justify-content: center; margin-bottom: 24px;\">\n<div style=\"background-color: #f4f4f4; border-radius: 4px; flex-grow: 0; height: 14px; margin-bottom: 6px; width: 224px;\"><\/div>\n<div style=\"background-color: #f4f4f4; border-radius: 4px; flex-grow: 0; height: 14px; width: 144px;\"><\/div>\n<\/div>\n<p>&nbsp;<\/p>\n<p style=\"color: #c9c8cd; font-family: Arial,sans-serif; font-size: 14px; line-height: 17px; margin-bottom: 0; margin-top: 8px; overflow: hidden; padding: 8px 0 7px; text-align: center; text-overflow: ellipsis; white-space: nowrap;\"><a style=\"color: #c9c8cd; font-family: Arial,sans-serif; font-size: 14px; font-style: normal; font-weight: normal; line-height: 17px; text-decoration: none;\" href=\"https:\/\/www.instagram.com\/p\/CA6P9HKH5eN\/?utm_source=ig_embed&amp;utm_campaign=loading\" target=\"_blank\" rel=\"noopener\">Uma publica\u00e7\u00e3o compartilhada por Encontro Das Cores &#x1f3f3;&#xfe0f;&#x200d;&#x1f308; (@encontrodascoresong)<\/a><\/p>\n<\/div>\n<\/blockquote>\n<p><script async src=\"\/\/www.instagram.com\/embed.js\"><\/script><\/p>\n<h3>At the Foot of Morro do Dend\u00ea or on S\u00e3o Bento Beach, Ilha do Governador Fights for Freedom<\/h3>\n<div class=\"flex flex-grow flex-col max-w-full\">\n<div class=\"min-h-[20px] text-message flex flex-col items-start whitespace-pre-wrap break-words [.text-message+&amp;]:mt-5 juice:w-full juice:items-end overflow-x-auto gap-2\" dir=\"auto\" data-message-author-role=\"assistant\" data-message-id=\"feadb602-5f45-4966-a05e-5d8d6fd0495e\">\n<div class=\"flex w-full flex-col gap-1 juice:empty:hidden juice:first:pt-[3px]\">\n<div class=\"markdown prose w-full break-words dark:prose-invert light\">\n<figure id=\"attachment_78986\" aria-describedby=\"caption-attachment-78986\" style=\"width: 500px\" class=\"wp-caption alignright\"><a href=\"https:\/\/rioonwatch.org\/wp-content\/uploads\/2024\/07\/Aterro-do-Cocota-Photo-Ilha-Noticias.jpeg\"><img loading=\"lazy\" decoding=\"async\" class=\"wp-image-78986\" title=\"Aterro do Cocot\u00e1, a space of LGBT+ gathering and experession in Ilha do Governador, an area where homophobia has led to violence and transphobia has resulted in deaths chosen as the site for the neighborhood's 1st Pride Parade. Photo: Ilha Not\u00edcias\" src=\"https:\/\/rioonwatch.org\/wp-content\/uploads\/2024\/07\/Aterro-do-Cocota-Photo-Ilha-Noticias.jpeg\" alt=\"Aterro do Cocot\u00e1, a space of LGBT+ gathering and experession in Ilha do Governador, an area where homophobia has led to violence and transphobia has resulted in deaths chosen as the site for the neighborhood's 1st Pride Parade. Photo: Ilha Not\u00edcias\" width=\"500\" height=\"288\" srcset=\"https:\/\/rioonwatch.org\/wp-content\/uploads\/2024\/07\/Aterro-do-Cocota-Photo-Ilha-Noticias.jpeg 1052w, https:\/\/rioonwatch.org\/wp-content\/uploads\/2024\/07\/Aterro-do-Cocota-Photo-Ilha-Noticias-620x358.jpeg 620w, https:\/\/rioonwatch.org\/wp-content\/uploads\/2024\/07\/Aterro-do-Cocota-Photo-Ilha-Noticias-768x443.jpeg 768w\" sizes=\"(max-width: 500px) 100vw, 500px\" \/><\/a><figcaption id=\"caption-attachment-78986\" class=\"wp-caption-text\">Aterro do Cocot\u00e1, a space of LGBT+ gathering and expression on Ilha do Governador, an area where homophobia has led to violence and transphobia has resulted in deaths chosen as the site for the neighborhood&#8217;s first Pride Parade. Photo: <em>Ilha Not\u00edcias<\/em><\/figcaption><\/figure>\n<\/div>\n<\/div>\n<\/div>\n<\/div>\n<div class=\"flex flex-grow flex-col max-w-full\">\n<div class=\"min-h-[20px] text-message flex flex-col items-start whitespace-pre-wrap break-words [.text-message+&amp;]:mt-5 juice:w-full juice:items-end overflow-x-auto gap-2\" dir=\"auto\" data-message-author-role=\"assistant\" data-message-id=\"feadb602-5f45-4966-a05e-5d8d6fd0495e\">\n<div class=\"flex w-full flex-col gap-1 juice:empty:hidden juice:first:pt-[3px]\">\n<div class=\"markdown prose w-full break-words dark:prose-invert light\">\n<p>More than an <a href=\"https:\/\/bit.ly\/3xSgiF9\">important milestone in the fight for rights<\/a>, the creation of Ilha&#8217;s LGBT+ Pride Parade also breaks away from prejudices. In a conservative neighborhood where local media portrays LGBT+ individuals negatively\u2014depicting their presence <a href=\"https:\/\/bit.ly\/4btr7Lv\">as dangerous<\/a> and <a href=\"https:\/\/bit.ly\/4610a0Q\">socially disruptive<\/a>, and labeling them as \u201cstrange characters\u201d in the <a href=\"https:\/\/bit.ly\/4eONQ7R\">neighborhood newspaper&#8217;s editorial pages<\/a>\u2014this act challenges <a href=\"https:\/\/bit.ly\/3RYBD6w\">cisheteronormativity<\/a> and promotes respect for diversity. By being held at Aterro do Cocot\u00e1\u2014a space of LGBT+ gathering and expression on Ilha do Governador, an area where homophobia has led to violence and <a href=\"https:\/\/bit.ly\/3XTR2co\">transphobia has resulted in deaths<\/a>\u2014Ilha do Governador&#8217;s Pride Parade subverts and transforms this space of pain.<\/p>\n<\/div>\n<\/div>\n<\/div>\n<\/div>\n<div class=\"flex flex-grow flex-col max-w-full\">\n<div class=\"min-h-[20px] text-message flex flex-col items-start whitespace-pre-wrap break-words [.text-message+&amp;]:mt-5 juice:w-full juice:items-end overflow-x-auto gap-2\" dir=\"auto\" data-message-author-role=\"assistant\" data-message-id=\"feadb602-5f45-4966-a05e-5d8d6fd0495e\">\n<div class=\"flex w-full flex-col gap-1 juice:empty:hidden juice:first:pt-[3px]\">\n<div class=\"markdown prose w-full break-words dark:prose-invert light\">\n<blockquote><p>\u201cWe&#8217;ve been fighting to have the Ilha Parade for quite some time. We started out with educational meetings, lectures, and discussions. Then, we began helping people. It was a natural unfolding. From there, we became an NGO and got a place for ourselves, the <a href=\"https:\/\/bit.ly\/45PIuVG\">Sunset Kiosk<\/a> [on S\u00e3o Bento Beach], which became something of a hit. So, we wanted to organize the parade&#8230; but it was difficult because we needed permits, licenses, that kind of thing.\u201d \u2014 Juliana Macedo<\/p><\/blockquote>\n<div class=\"flex flex-grow flex-col max-w-full\">\n<div class=\"min-h-[20px] text-message flex flex-col items-start whitespace-pre-wrap break-words [.text-message+&amp;]:mt-5 juice:w-full juice:items-end overflow-x-auto gap-2\" dir=\"auto\" data-message-author-role=\"assistant\" data-message-id=\"feadb602-5f45-4966-a05e-5d8d6fd0495e\">\n<div class=\"flex w-full flex-col gap-1 juice:empty:hidden juice:first:pt-[3px]\">\n<div class=\"markdown prose w-full break-words dark:prose-invert light\">\n<blockquote class=\"instagram-media\" style=\"background: #FFF; border: 0; border-radius: 3px; box-shadow: 0 0 1px 0 rgba(0,0,0,0.5),0 1px 10px 0 rgba(0,0,0,0.15); margin: 1px; max-width: 540px; min-width: 326px; padding: 0; width: calc(100% - 2px);\" data-instgrm-captioned=\"\" data-instgrm-permalink=\"https:\/\/www.instagram.com\/reel\/C8Sk4ALOwxt\/?utm_source=ig_embed&amp;utm_campaign=loading\" data-instgrm-version=\"14\">\n<div style=\"padding: 16px;\">\n<div style=\"display: flex; flex-direction: row; align-items: center;\">\n<div style=\"background-color: #f4f4f4; border-radius: 50%; flex-grow: 0; height: 40px; margin-right: 14px; width: 40px;\"><\/div>\n<div style=\"display: flex; flex-direction: column; flex-grow: 1; justify-content: center;\">\n<div style=\"background-color: #f4f4f4; border-radius: 4px; flex-grow: 0; height: 14px; margin-bottom: 6px; width: 100px;\"><\/div>\n<div style=\"background-color: #f4f4f4; border-radius: 4px; flex-grow: 0; height: 14px; width: 60px;\"><\/div>\n<\/div>\n<\/div>\n<div style=\"padding: 19% 0;\"><\/div>\n<div style=\"display: block; height: 50px; margin: 0 auto 12px; width: 50px;\"><\/div>\n<div style=\"padding-top: 8px;\">\n<div style=\"color: #3897f0; font-family: Arial,sans-serif; font-size: 14px; font-style: normal; font-weight: 550; line-height: 18px;\">Ver essa foto no Instagram<\/div>\n<\/div>\n<div style=\"padding: 12.5% 0;\"><\/div>\n<div style=\"display: flex; flex-direction: row; margin-bottom: 14px; align-items: center;\">\n<div>\n<div style=\"background-color: #f4f4f4; border-radius: 50%; height: 12.5px; width: 12.5px; transform: translateX(0px) translateY(7px);\"><\/div>\n<div style=\"background-color: #f4f4f4; height: 12.5px; transform: rotate(-45deg) translateX(3px) translateY(1px); width: 12.5px; flex-grow: 0; margin-right: 14px; margin-left: 2px;\"><\/div>\n<div style=\"background-color: #f4f4f4; border-radius: 50%; height: 12.5px; width: 12.5px; transform: translateX(9px) translateY(-18px);\"><\/div>\n<\/div>\n<div style=\"margin-left: 8px;\">\n<div style=\"background-color: #f4f4f4; border-radius: 50%; flex-grow: 0; height: 20px; width: 20px;\"><\/div>\n<div style=\"width: 0; height: 0; border-top: 2px solid transparent; border-left: 6px solid #f4f4f4; border-bottom: 2px solid transparent; transform: translateX(16px) translateY(-4px) rotate(30deg);\"><\/div>\n<\/div>\n<div style=\"margin-left: auto;\">\n<div style=\"width: 0px; border-top: 8px solid #F4F4F4; border-right: 8px solid transparent; transform: translateY(16px);\"><\/div>\n<div style=\"background-color: #f4f4f4; flex-grow: 0; height: 12px; width: 16px; transform: translateY(-4px);\"><\/div>\n<div style=\"width: 0; height: 0; border-top: 8px solid #F4F4F4; border-left: 8px solid transparent; transform: translateY(-4px) translateX(8px);\"><\/div>\n<\/div>\n<\/div>\n<div style=\"display: flex; flex-direction: column; flex-grow: 1; justify-content: center; margin-bottom: 24px;\">\n<div style=\"background-color: #f4f4f4; border-radius: 4px; flex-grow: 0; height: 14px; margin-bottom: 6px; width: 224px;\"><\/div>\n<div style=\"background-color: #f4f4f4; border-radius: 4px; flex-grow: 0; height: 14px; width: 144px;\"><\/div>\n<\/div>\n<p>&nbsp;<\/p>\n<p style=\"color: #c9c8cd; font-family: Arial,sans-serif; font-size: 14px; line-height: 17px; margin-bottom: 0; margin-top: 8px; overflow: hidden; padding: 8px 0 7px; text-align: center; text-overflow: ellipsis; white-space: nowrap;\"><a style=\"color: #c9c8cd; font-family: Arial,sans-serif; font-size: 14px; font-style: normal; font-weight: normal; line-height: 17px; text-decoration: none;\" href=\"https:\/\/www.instagram.com\/reel\/C8Sk4ALOwxt\/?utm_source=ig_embed&amp;utm_campaign=loading\" target=\"_blank\" rel=\"noopener\">Uma publica\u00e7\u00e3o compartilhada por &#x1f319; LUA DRAG &#x1f319; (@luadrag)<\/a><\/p>\n<\/div>\n<\/blockquote>\n<p><script async src=\"\/\/www.instagram.com\/embed.js\"><\/script><\/p>\n<\/div>\n<\/div>\n<\/div>\n<\/div>\n<p>Besides dealing with bureaucracy, years of local organizing were needed until the LGBT+ Parade could be held. Other events planned by the NGO served as precursors to the first Ilha do Governador Pride Parade.<\/p>\n<blockquote><p>\u201cWe began by organizing the <a href=\"https:\/\/bit.ly\/4cS5R35\">Festival of Colors<\/a>, originally called the <a href=\"https:\/\/bit.ly\/3zytpMk\">Colors Fair<\/a>, which featured not only artistic performances but also vendors selling food and crafts. That was three years ago. By the second edition, we realized it was more of a festival than a fair, so we renamed it the Festival of Colors. It took place at the [Renato Russo] Arena. This year [2024], we managed to get in touch with City Hall. It was very challenging. There were all sorts of hurdles. They tried multiple times to prevent it from happening. But this year, with the NGO having grown and become stronger, it got more difficult for them to stop us. And we succeeded in holding the parade here. It was very tough because even after getting permission, there were demands like &#8216;you need chemical toilets, and we [City Hall] won&#8217;t provide them,&#8217; &#8216;you need a certain amount of this and that,&#8217; and various other little things to try to hinder us. But we stood our ground, persisted, and thankfully, everything worked out.\u201d \u2014 Juliana Macedo<\/p><\/blockquote>\n<p>In addition to bureaucratic hurdles, organizers reported instances of intimidation leading up to the first Ilha do Governador LGBT+ Pride Parade. However, collective engagement prevailed, and the group decided to march through the streets of Ilha do Governador the day after <a href=\"https:\/\/bit.ly\/4d4vCh2\">International LGBTQIAPN+ Pride Day<\/a> to demand equality of rights.<\/p>\n<blockquote><p>\u201cWe received several threats [through] messages and comments [on social media]. The Parade is something I&#8217;ve always dreamed of organizing since I started the movement here on Ilha do Governador. I didn&#8217;t build this alone. Many people pitched in and worked to make it happen. When we talk about the LGBT+ Parade, there&#8217;s this &#8216;<a href=\"https:\/\/bit.ly\/318kJ9H\">South Zone<\/a>-like&#8217; notion that you have to travel to attend it, you know? So, making this happen here, in my neighborhood, for the people who live here with me, who are part of this struggle, helps show others that we&#8217;re here, that we resist, and exist. I think that&#8217;s extremely important. Beyond being a celebratory event, it marks a historical moment for our lived experiences. That, to me, is priceless. There are people here today who are 10, 30, 60 [years old] celebrating Pride Day. Not just LGBT+ individuals, but allies, straight-cis people who believe in our fight and believe that we can have a better future, one with more respect and equality&#8230; we truly need to keep celebrating Pride Day, reaffirming our stance, and remembering who we are.\u201d \u2014 Byron Teixeira<\/p><\/blockquote>\n<figure id=\"attachment_78989\" aria-describedby=\"caption-attachment-78989\" style=\"width: 2560px\" class=\"wp-caption aligncenter\"><a href=\"https:\/\/rioonwatch.org\/wp-content\/uploads\/2024\/07\/Drag-Queen-Mariana-Crocs-1st-Ilha-do-Governador-Pride-Parade-Photo-Amanda-Baroni.scaled.jpg\"><img loading=\"lazy\" decoding=\"async\" class=\"wp-image-78989 size-full\" title=\"Drag queen Mariana Crocs at the 1st Ilha do Governador LGBT+ Pride Parade. Photo: Amanda Baroni\" src=\"https:\/\/rioonwatch.org\/wp-content\/uploads\/2024\/07\/Drag-Queen-Mariana-Crocs-1st-Ilha-do-Governador-Pride-Parade-Photo-Amanda-Baroni.scaled.jpg\" alt=\"Drag queen Mariana Crocs at the 1st Ilha do Governador LGBT+ Pride Parade. Photo: Amanda Baroni\" width=\"2560\" height=\"1971\" srcset=\"https:\/\/rioonwatch.org\/wp-content\/uploads\/2024\/07\/Drag-Queen-Mariana-Crocs-1st-Ilha-do-Governador-Pride-Parade-Photo-Amanda-Baroni.scaled.jpg 2560w, https:\/\/rioonwatch.org\/wp-content\/uploads\/2024\/07\/Drag-Queen-Mariana-Crocs-1st-Ilha-do-Governador-Pride-Parade-Photo-Amanda-Baroni.scaled-620x477.jpg 620w, https:\/\/rioonwatch.org\/wp-content\/uploads\/2024\/07\/Drag-Queen-Mariana-Crocs-1st-Ilha-do-Governador-Pride-Parade-Photo-Amanda-Baroni.scaled-817x629.jpg 817w, https:\/\/rioonwatch.org\/wp-content\/uploads\/2024\/07\/Drag-Queen-Mariana-Crocs-1st-Ilha-do-Governador-Pride-Parade-Photo-Amanda-Baroni.scaled-768x591.jpg 768w\" sizes=\"(max-width: 2560px) 100vw, 2560px\" \/><\/a><figcaption id=\"caption-attachment-78989\" class=\"wp-caption-text\">Drag queen Mariana Crocs at the first Ilha do Governador Pride Parade. Photo: Amanda Baroni<\/figcaption><\/figure>\n<figure id=\"attachment_78993\" aria-describedby=\"caption-attachment-78993\" style=\"width: 500px\" class=\"wp-caption alignright\"><a href=\"https:\/\/rioonwatch.org\/wp-content\/uploads\/2024\/07\/Bacanas-GLS-Kiosk-Ilhas-first-LGBT-bar-Photo-Facebook-Bacanas.jpg\"><img loading=\"lazy\" decoding=\"async\" class=\"wp-image-78993\" title=\"Bacana\u2019s GLS Kiosk, the first LGBT+ bar on Ilha do Governador, now a kiosk under a new name, still frequented by members of the community but no longer self-identifying as an LGBT+ space. Photo: Bacana\u2019s Facebook page\" src=\"https:\/\/rioonwatch.org\/wp-content\/uploads\/2024\/07\/Bacanas-GLS-Kiosk-Ilhas-first-LGBT-bar-Photo-Facebook-Bacanas.jpg\" alt=\"Bacana\u2019s GLS Kiosk, the first LGBT+ bar on Ilha do Governador, now a kiosk under a new name, still frequented by members of the community but no longer self-identifying as an LGBT+ space. Photo: Bacana\u2019s Facebook page\" width=\"500\" height=\"281\" srcset=\"https:\/\/rioonwatch.org\/wp-content\/uploads\/2024\/07\/Bacanas-GLS-Kiosk-Ilhas-first-LGBT-bar-Photo-Facebook-Bacanas.jpg 960w, https:\/\/rioonwatch.org\/wp-content\/uploads\/2024\/07\/Bacanas-GLS-Kiosk-Ilhas-first-LGBT-bar-Photo-Facebook-Bacanas-620x349.jpg 620w, https:\/\/rioonwatch.org\/wp-content\/uploads\/2024\/07\/Bacanas-GLS-Kiosk-Ilhas-first-LGBT-bar-Photo-Facebook-Bacanas-768x432.jpg 768w\" sizes=\"(max-width: 500px) 100vw, 500px\" \/><\/a><figcaption id=\"caption-attachment-78993\" class=\"wp-caption-text\">Bacana\u2019s GLS Kiosk, the first LGBT+ bar on Ilha do Governador, now a kiosk under a new name, still frequented by members of the community but no longer self-identifying as an LGBT+ space. Photo: Bacana\u2019s Facebook page<\/figcaption><\/figure>\n<p>The event occupied the skate park and the <a href=\"https:\/\/bit.ly\/4crrTdc\">Renato Russo Cultural Arena<\/a>, both located at Aterro do Cocot\u00e1, as well as the LGBT+ Sunset Kiosk in the <a href=\"https:\/\/bit.ly\/4cLXx5E\">Gale\u00e3o<\/a> neighborhood, home to Rio de Janeiro&#8217;s international airport, specifically at S\u00e3o Bento Beach, another <a href=\"https:\/\/bit.ly\/3XTh3bz\">traditional spot for Ilha do Governador&#8217;s LGBT+ residents<\/a>. <a href=\"https:\/\/bit.ly\/4cL2ls1\">For decades<\/a>, the area housed the historic <a href=\"https:\/\/bit.ly\/4cNI58A\">Bacana&#8217;s Kiosk<\/a>\u2014a karaoke bar identified at the time by the acronym \u201c<a href=\"https:\/\/bit.ly\/3WqpnhN\">GLS<\/a>,\u201d which stands for gays, lesbians, and supporters. The acronym was eventually replaced by LGBT in the 2000s. The spot is still frequented by members of the community today, though it has changed names and no longer self-identifies as a space for Ilha do Governador&#8217;s LGBT+ community.<\/p>\n<p>The Sunset Kiosk is currently the sole operating LGBT+ bar and only the third in the history of Ilha do Governador, Rio de Janeiro&#8217;s <a href=\"https:\/\/bit.ly\/4eSR9e8\">oldest neighborhood<\/a>. The second was the now-defunct <a href=\"https:\/\/bit.ly\/3xJ7RMp\">Free Space<\/a> bar in the Banc\u00e1rios neighborhood. It is important to note that Cocot\u00e1, Banc\u00e1rios, and Gale\u00e3o\u2014spaces of LGBT+ socialization for the island&#8217;s residents\u2014are working-class neighborhoods. Over time, <a href=\"https:\/\/bit.ly\/3RVAuN2\">affluent areas of the island<\/a>, such as <a href=\"https:\/\/bit.ly\/3LdqVVZ\">Jardim Guanabara<\/a>, <a href=\"https:\/\/bit.ly\/3LbaZ6V\">Ribeira<\/a>, or <a href=\"https:\/\/bit.ly\/3RYYQ8S\">Moner\u00f3<\/a>, have not proven safe for LGBT+ ventures, despite the community&#8217;s presence throughout Ilha do Governador.<\/p>\n<figure id=\"attachment_78994\" aria-describedby=\"caption-attachment-78994\" style=\"width: 1080px\" class=\"wp-caption aligncenter\"><a href=\"https:\/\/rioonwatch.org\/wp-content\/uploads\/2024\/07\/Sunset-Kiosk-Ilha-do-Governadors-only-LGBT-bar-hosts-parties-and-the-famous-Sunset-Drag-competition-Photo-Instagram-@sunsetnightrj.jpg\"><img loading=\"lazy\" decoding=\"async\" class=\"wp-image-78994 size-full\" title=\"Sunset Kiosk, Ilha do Governador's only LGBT+ bar, hosts parties and the famous Sunset Drag competition. Photo: Instagram @sunsetnightrj\" src=\"https:\/\/rioonwatch.org\/wp-content\/uploads\/2024\/07\/Sunset-Kiosk-Ilha-do-Governadors-only-LGBT-bar-hosts-parties-and-the-famous-Sunset-Drag-competition-Photo-Instagram-@sunsetnightrj.jpg\" alt=\"Sunset Kiosk, Ilha do Governador's only LGBT+ bar, hosts parties and the famous Sunset Drag competition. Photo: Instagram @sunsetnightrj\" width=\"1080\" height=\"565\" data-wp-editing=\"1\" srcset=\"https:\/\/rioonwatch.org\/wp-content\/uploads\/2024\/07\/Sunset-Kiosk-Ilha-do-Governadors-only-LGBT-bar-hosts-parties-and-the-famous-Sunset-Drag-competition-Photo-Instagram-@sunsetnightrj.jpg 1080w, https:\/\/rioonwatch.org\/wp-content\/uploads\/2024\/07\/Sunset-Kiosk-Ilha-do-Governadors-only-LGBT-bar-hosts-parties-and-the-famous-Sunset-Drag-competition-Photo-Instagram-@sunsetnightrj-620x324.jpg 620w, https:\/\/rioonwatch.org\/wp-content\/uploads\/2024\/07\/Sunset-Kiosk-Ilha-do-Governadors-only-LGBT-bar-hosts-parties-and-the-famous-Sunset-Drag-competition-Photo-Instagram-@sunsetnightrj-768x402.jpg 768w\" sizes=\"(max-width: 1080px) 100vw, 1080px\" \/><\/a><figcaption id=\"caption-attachment-78994\" class=\"wp-caption-text\">Sunset Kiosk, Ilha do Governador&#8217;s only LGBT+ bar, hosts parties and the famous Sunset Drag competition. Photo: Instagram @sunsetnightrj<\/figcaption><\/figure>\n<p>The Ilha do Governador Pride Parade featured a diverse schedule throughout the day, including social actions, <a href=\"https:\/\/bit.ly\/462ETUj\">collective planting initiatives<\/a>, <a href=\"https:\/\/bit.ly\/3WrQ6KY\">drag queen<\/a> performances, <a href=\"https:\/\/bit.ly\/3S7RjVl\">ballroom<\/a> presentations, LGBTQIAPN+ artist performances and shows, and a closing party at the Sunset Kiosk.<\/p>\n<blockquote class=\"instagram-media\" style=\"background: #FFF; border: 0; border-radius: 3px; box-shadow: 0 0 1px 0 rgba(0,0,0,0.5),0 1px 10px 0 rgba(0,0,0,0.15); margin: 1px; max-width: 540px; min-width: 326px; padding: 0; width: calc(100% - 2px);\" data-instgrm-captioned=\"\" data-instgrm-permalink=\"https:\/\/www.instagram.com\/reel\/C85R5ipu3YZ\/?utm_source=ig_embed&amp;utm_campaign=loading\" data-instgrm-version=\"14\">\n<div style=\"padding: 16px;\">\n<div style=\"display: flex; flex-direction: row; align-items: center;\">\n<div style=\"background-color: #f4f4f4; border-radius: 50%; flex-grow: 0; height: 40px; margin-right: 14px; width: 40px;\"><\/div>\n<div style=\"display: flex; flex-direction: column; flex-grow: 1; justify-content: center;\">\n<div style=\"background-color: #f4f4f4; border-radius: 4px; flex-grow: 0; height: 14px; margin-bottom: 6px; width: 100px;\"><\/div>\n<div style=\"background-color: #f4f4f4; border-radius: 4px; flex-grow: 0; height: 14px; width: 60px;\"><\/div>\n<\/div>\n<\/div>\n<div style=\"padding: 19% 0;\"><\/div>\n<div style=\"display: block; height: 50px; margin: 0 auto 12px; width: 50px;\"><\/div>\n<div style=\"padding-top: 8px;\">\n<div style=\"color: #3897f0; font-family: Arial,sans-serif; font-size: 14px; font-style: normal; font-weight: 550; line-height: 18px;\">Ver essa foto no Instagram<\/div>\n<\/div>\n<div style=\"padding: 12.5% 0;\"><\/div>\n<div style=\"display: flex; flex-direction: row; margin-bottom: 14px; align-items: center;\">\n<div>\n<div style=\"background-color: #f4f4f4; border-radius: 50%; height: 12.5px; width: 12.5px; transform: translateX(0px) translateY(7px);\"><\/div>\n<div style=\"background-color: #f4f4f4; height: 12.5px; transform: rotate(-45deg) translateX(3px) translateY(1px); width: 12.5px; flex-grow: 0; margin-right: 14px; margin-left: 2px;\"><\/div>\n<div style=\"background-color: #f4f4f4; border-radius: 50%; height: 12.5px; width: 12.5px; transform: translateX(9px) translateY(-18px);\"><\/div>\n<\/div>\n<div style=\"margin-left: 8px;\">\n<div style=\"background-color: #f4f4f4; border-radius: 50%; flex-grow: 0; height: 20px; width: 20px;\"><\/div>\n<div style=\"width: 0; height: 0; border-top: 2px solid transparent; border-left: 6px solid #f4f4f4; border-bottom: 2px solid transparent; transform: translateX(16px) translateY(-4px) rotate(30deg);\"><\/div>\n<\/div>\n<div style=\"margin-left: auto;\">\n<div style=\"width: 0px; border-top: 8px solid #F4F4F4; border-right: 8px solid transparent; transform: translateY(16px);\"><\/div>\n<div style=\"background-color: #f4f4f4; flex-grow: 0; height: 12px; width: 16px; transform: translateY(-4px);\"><\/div>\n<div style=\"width: 0; height: 0; border-top: 8px solid #F4F4F4; border-left: 8px solid transparent; transform: translateY(-4px) translateX(8px);\"><\/div>\n<\/div>\n<\/div>\n<div style=\"display: flex; flex-direction: column; flex-grow: 1; justify-content: center; margin-bottom: 24px;\">\n<div style=\"background-color: #f4f4f4; border-radius: 4px; flex-grow: 0; height: 14px; margin-bottom: 6px; width: 224px;\"><\/div>\n<div style=\"background-color: #f4f4f4; border-radius: 4px; flex-grow: 0; height: 14px; width: 144px;\"><\/div>\n<\/div>\n<p>&nbsp;<\/p>\n<p style=\"color: #c9c8cd; font-family: Arial,sans-serif; font-size: 14px; line-height: 17px; margin-bottom: 0; margin-top: 8px; overflow: hidden; padding: 8px 0 7px; text-align: center; text-overflow: ellipsis; white-space: nowrap;\"><a style=\"color: #c9c8cd; font-family: Arial,sans-serif; font-size: 14px; font-style: normal; font-weight: normal; line-height: 17px; text-decoration: none;\" href=\"https:\/\/www.instagram.com\/reel\/C85R5ipu3YZ\/?utm_source=ig_embed&amp;utm_campaign=loading\" target=\"_blank\" rel=\"noopener\">Uma publica\u00e7\u00e3o compartilhada por &#x1f319; LUA DRAG &#x1f319; (@luadrag)<\/a><\/p>\n<\/div>\n<\/blockquote>\n<p><script async src=\"\/\/www.instagram.com\/embed.js\"><\/script><\/p>\n<p>Present at the event were artists, activists, collectives, authorities, businesses, and civil society institutions. Some of the organizations that helped organize the first Ilha do Governador LGBT+ Pride Parade were: <a href=\"https:\/\/bit.ly\/3WbJjF1\">Cocot\u00e1 Agroforestry<\/a>, <a href=\"https:\/\/bit.ly\/4cNEUxG\">GT Maracaj\u00e1<\/a>, Renato Russo Cultural Areninha, <a href=\"https:\/\/bit.ly\/4cLnzoU\">Esperan\u00e7a Garcia Grassroots Education Movement<\/a>, <a href=\"https:\/\/bit.ly\/3XP5YIE\">Injusti\u00e7ada<\/a>, <a href=\"https:\/\/bit.ly\/3WdnIfF\">Sem Frescura Kiosk<\/a>, Rio de Janeiro Military Police (<a href=\"https:\/\/bit.ly\/2WQxnqh\">PMERJ<\/a>), the <a href=\"https:\/\/bit.ly\/3zu5sFU\">33rd Commission on Sexual and Gender Diversity<\/a> of the Brazilian Bar Association (<a href=\"https:\/\/bit.ly\/34XDgte\">OAB<\/a>), <a href=\"https:\/\/bit.ly\/4cw5Fqz\">Na\u00e7\u00e3o Alarde<\/a>, Oswaldo Cruz Foundation (<a href=\"https:\/\/bit.ly\/2WRi6JK\">Fiocruz<\/a>), the Rio de Janeiro State Legislative Assembly (<a href=\"https:\/\/bit.ly\/2ZgF5j2\">ALERJ<\/a>)&#8217;s <a href=\"https:\/\/bit.ly\/2XB6wDl\">Commission for the Defense of Human Rights and Citizenship<\/a>, Pela Vida Project, and <a href=\"https:\/\/bit.ly\/4ePMkSX\">Est\u00e1cio de S\u00e1 University<\/a>. Additionally, authorities, their representatives, and important political figures participated, including: Councilwoman <a href=\"https:\/\/bit.ly\/3xC7xPy\">Monica Ben\u00edcio<\/a>, the Rio de Janeiro <a href=\"https:\/\/bit.ly\/386fCK6\">City Council<\/a>&#8216;s only lesbian councilwoman, who was born and raised in the <a href=\"https:\/\/bit.ly\/2IgZ9Y4\">Mar\u00e9<\/a> cluster of favelas and is the widow of late Councilwoman <a href=\"https:\/\/bit.ly\/2XZZwQE\">Marielle Franco<\/a>; <a href=\"https:\/\/bit.ly\/3RUbOV8\">Thiago Santana<\/a>, municipal president of the Workers&#8217; Party; <a href=\"https:\/\/bit.ly\/3RYH9X5\">Pedro Mara<\/a>, professor and <a href=\"https:\/\/bit.ly\/3XPYVzr\">LGBT+ rights activist in sports<\/a>, and advisor to State Deputy <a href=\"http:\/\/bit.ly\/2RKBqUq\">Fl\u00e1vio Serafini<\/a>; representatives from the office of State Deputy <a href=\"https:\/\/bit.ly\/3w9nA3r\">Dani Monteiro<\/a>; and journalist <a href=\"https:\/\/bit.ly\/3LtmGpG\">Glenn Greenwald<\/a>, widower of former Federal Deputy <a href=\"https:\/\/bit.ly\/3xPJZH6\">David Miranda<\/a>, who passed away in 2023, and who was gay and a originally from the <a href=\"https:\/\/bit.ly\/32T5tjE\">Jacarezinho<\/a> favela.<\/p>\n<blockquote class=\"instagram-media\" style=\"background: #FFF; border: 0; border-radius: 3px; box-shadow: 0 0 1px 0 rgba(0,0,0,0.5),0 1px 10px 0 rgba(0,0,0,0.15); margin: 1px; max-width: 540px; min-width: 326px; padding: 0; width: calc(100% - 2px);\" data-instgrm-captioned=\"\" data-instgrm-permalink=\"https:\/\/www.instagram.com\/reel\/C82JDbrp3pb\/?utm_source=ig_embed&amp;utm_campaign=loading\" data-instgrm-version=\"14\">\n<div style=\"padding: 16px;\">\n<p>&nbsp;<\/p>\n<div style=\"display: flex; flex-direction: row; align-items: center;\">\n<div style=\"background-color: #f4f4f4; border-radius: 50%; flex-grow: 0; height: 40px; margin-right: 14px; width: 40px;\"><\/div>\n<div style=\"display: flex; flex-direction: column; flex-grow: 1; justify-content: center;\">\n<div style=\"background-color: #f4f4f4; border-radius: 4px; flex-grow: 0; height: 14px; margin-bottom: 6px; width: 100px;\"><\/div>\n<div style=\"background-color: #f4f4f4; border-radius: 4px; flex-grow: 0; height: 14px; width: 60px;\"><\/div>\n<\/div>\n<\/div>\n<div style=\"padding: 19% 0;\"><\/div>\n<div style=\"display: block; height: 50px; margin: 0 auto 12px; width: 50px;\"><\/div>\n<div style=\"padding-top: 8px;\">\n<div style=\"color: #3897f0; font-family: Arial,sans-serif; font-size: 14px; font-style: normal; font-weight: 550; line-height: 18px;\">Ver essa foto no Instagram<\/div>\n<\/div>\n<div style=\"padding: 12.5% 0;\"><\/div>\n<div style=\"display: flex; flex-direction: row; margin-bottom: 14px; align-items: center;\">\n<div>\n<div style=\"background-color: #f4f4f4; border-radius: 50%; height: 12.5px; width: 12.5px; transform: translateX(0px) translateY(7px);\"><\/div>\n<div style=\"background-color: #f4f4f4; height: 12.5px; transform: rotate(-45deg) translateX(3px) translateY(1px); width: 12.5px; flex-grow: 0; margin-right: 14px; margin-left: 2px;\"><\/div>\n<div style=\"background-color: #f4f4f4; border-radius: 50%; height: 12.5px; width: 12.5px; transform: translateX(9px) translateY(-18px);\"><\/div>\n<\/div>\n<div style=\"margin-left: 8px;\">\n<div style=\"background-color: #f4f4f4; border-radius: 50%; flex-grow: 0; height: 20px; width: 20px;\"><\/div>\n<div style=\"width: 0; height: 0; border-top: 2px solid transparent; border-left: 6px solid #f4f4f4; border-bottom: 2px solid transparent; transform: translateX(16px) translateY(-4px) rotate(30deg);\"><\/div>\n<\/div>\n<div style=\"margin-left: auto;\">\n<div style=\"width: 0px; border-top: 8px solid #F4F4F4; border-right: 8px solid transparent; transform: translateY(16px);\"><\/div>\n<div style=\"background-color: #f4f4f4; flex-grow: 0; height: 12px; width: 16px; transform: translateY(-4px);\"><\/div>\n<div style=\"width: 0; height: 0; border-top: 8px solid #F4F4F4; border-left: 8px solid transparent; transform: translateY(-4px) translateX(8px);\"><\/div>\n<\/div>\n<\/div>\n<div style=\"display: flex; flex-direction: column; flex-grow: 1; justify-content: center; margin-bottom: 24px;\">\n<div style=\"background-color: #f4f4f4; border-radius: 4px; flex-grow: 0; height: 14px; margin-bottom: 6px; width: 224px;\"><\/div>\n<div style=\"background-color: #f4f4f4; border-radius: 4px; flex-grow: 0; height: 14px; width: 144px;\"><\/div>\n<\/div>\n<p>&nbsp;<\/p>\n<p style=\"color: #c9c8cd; font-family: Arial,sans-serif; font-size: 14px; line-height: 17px; margin-bottom: 0; margin-top: 8px; overflow: hidden; padding: 8px 0 7px; text-align: center; text-overflow: ellipsis; white-space: nowrap;\"><a style=\"color: #c9c8cd; font-family: Arial,sans-serif; font-size: 14px; font-style: normal; font-weight: normal; line-height: 17px; text-decoration: none;\" href=\"https:\/\/www.instagram.com\/reel\/C82JDbrp3pb\/?utm_source=ig_embed&amp;utm_campaign=loading\" target=\"_blank\" rel=\"noopener\">Uma publica\u00e7\u00e3o compartilhada por Monica Benicio &#x1f3f3;&#xfe0f;&#x200d;&#x1f308; (@monicaterezabenicio)<\/a><\/p>\n<\/div>\n<\/blockquote>\n<p><script async src=\"\/\/www.instagram.com\/embed.js\"><\/script><\/p>\n<p>Among the drag artists were Mariana Crocs, <a href=\"https:\/\/bit.ly\/4eUvfqU\" target=\"_blank\" rel=\"noopener\">Yunny Drag<\/a>, <a href=\"https:\/\/bit.ly\/3W7l1ft\" target=\"_blank\" rel=\"noopener\">Lua Drag<\/a>, <a href=\"https:\/\/bit.ly\/3Wc0syI\" target=\"_blank\" rel=\"noopener\">Naomih Leon<\/a>, <a href=\"https:\/\/bit.ly\/467AG1X\" target=\"_blank\" rel=\"noopener\">Ravena Creole<\/a>, <a href=\"https:\/\/bit.ly\/45YwoJX\" target=\"_blank\" rel=\"noopener\">Shannon Skarllet<\/a>, <a href=\"https:\/\/bit.ly\/4bx9SsX\" target=\"_blank\" rel=\"noopener\">Chanel<\/a>, <a href=\"https:\/\/bit.ly\/3xKWLXi\" target=\"_blank\" rel=\"noopener\">Lalita Queen<\/a>, <a href=\"https:\/\/bit.ly\/3WcxONO\" target=\"_blank\" rel=\"noopener\">Opulence<\/a>, <a href=\"https:\/\/bit.ly\/4bpGNQ9\" target=\"_blank\" rel=\"noopener\">Betina Polaroid<\/a>, <a href=\"https:\/\/bit.ly\/45Pf2Pw\" target=\"_blank\" rel=\"noopener\">Natasha Princess<\/a>, <a href=\"https:\/\/bit.ly\/3L6VdKh\" target=\"_blank\" rel=\"noopener\">Manalu<\/a>, <a href=\"https:\/\/bit.ly\/4cuvR58\" target=\"_blank\" rel=\"noopener\">C\u00fatis Negra<\/a>, Ramona, <a href=\"https:\/\/bit.ly\/3L938qk\" target=\"_blank\" rel=\"noopener\">Conga Bombreia<\/a>, <a href=\"https:\/\/bit.ly\/3W9xhw7\" target=\"_blank\" rel=\"noopener\">Ganashea<\/a>, <a href=\"https:\/\/bit.ly\/4cuw3RU\" target=\"_blank\" rel=\"noopener\">Mel\u00e2nica Drag<\/a> and <a href=\"https:\/\/bit.ly\/3WfAUAH\" target=\"_blank\" rel=\"noopener\">Naja<\/a>. DJs included <a href=\"https:\/\/bit.ly\/4643HLJ\" target=\"_blank\" rel=\"noopener\">Janayara<\/a>, <a href=\"https:\/\/bit.ly\/4bxHDu1\" target=\"_blank\" rel=\"noopener\">Mello<\/a>, <a href=\"https:\/\/bit.ly\/4croJ9p\" target=\"_blank\" rel=\"noopener\">Aurora Visage<\/a>, Toni, <a href=\"https:\/\/bit.ly\/3XK4JdL\" target=\"_blank\" rel=\"noopener\">Pam Belli<\/a> and <a href=\"https:\/\/bit.ly\/3S0sHOe\" target=\"_blank\" rel=\"noopener\">No\u00e9<\/a>, while the singers were <a href=\"https:\/\/bit.ly\/3XV0xbj\" target=\"_blank\" rel=\"noopener\">Ruffo<\/a>, <a href=\"https:\/\/bit.ly\/3xJl4EO\" target=\"_blank\" rel=\"noopener\">Dornelles<\/a>, <a href=\"https:\/\/bit.ly\/3XN3evi\" target=\"_blank\" rel=\"noopener\">Lala Bitch<\/a>, <a href=\"https:\/\/bit.ly\/3XLXKAT\" target=\"_blank\" rel=\"noopener\">\u00cfMNO<\/a> and <a href=\"https:\/\/bit.ly\/3VOFXGI\" target=\"_blank\" rel=\"noopener\">WE-SY<\/a>, and the <a href=\"https:\/\/bit.ly\/4cyCqmX\" target=\"_blank\" rel=\"noopener\">Marep\u00f4 Band<\/a>. Additionally, dancers <a href=\"https:\/\/bit.ly\/3xRmJZ3\" target=\"_blank\" rel=\"noopener\">Gabriel Rocha<\/a>, <a href=\"https:\/\/bit.ly\/45N0gcl\" target=\"_blank\" rel=\"noopener\">Bront<\/a> and Kastellany were also present.<\/p>\n<figure id=\"attachment_78998\" aria-describedby=\"caption-attachment-78998\" style=\"width: 2560px\" class=\"wp-caption aligncenter\"><a href=\"https:\/\/rioonwatch.org\/wp-content\/uploads\/2024\/07\/1st-Ilha-do-Governador-Pride-Parade-Natasha-Princess-Photo-Amanda-Baroni-scaled-1.jpg\"><img loading=\"lazy\" decoding=\"async\" class=\"wp-image-78998 size-full\" title=\"Drag queen Natasha Princess at the 1st Ilha do Governador LGBT+ Pride Parade. Photo: Amanda Baroni\" src=\"https:\/\/rioonwatch.org\/wp-content\/uploads\/2024\/07\/1st-Ilha-do-Governador-Pride-Parade-Natasha-Princess-Photo-Amanda-Baroni-scaled-1.jpg\" alt=\"Drag queen Natasha Princess at the 1st Ilha do Governador LGBT+ Pride Parade. Photo: Amanda Baroni\" width=\"2560\" height=\"1707\" srcset=\"https:\/\/rioonwatch.org\/wp-content\/uploads\/2024\/07\/1st-Ilha-do-Governador-Pride-Parade-Natasha-Princess-Photo-Amanda-Baroni-scaled-1.jpg 2560w, https:\/\/rioonwatch.org\/wp-content\/uploads\/2024\/07\/1st-Ilha-do-Governador-Pride-Parade-Natasha-Princess-Photo-Amanda-Baroni-scaled-1-620x413.jpg 620w, https:\/\/rioonwatch.org\/wp-content\/uploads\/2024\/07\/1st-Ilha-do-Governador-Pride-Parade-Natasha-Princess-Photo-Amanda-Baroni-scaled-1-943x629.jpg 943w, https:\/\/rioonwatch.org\/wp-content\/uploads\/2024\/07\/1st-Ilha-do-Governador-Pride-Parade-Natasha-Princess-Photo-Amanda-Baroni-scaled-1-768x512.jpg 768w\" sizes=\"(max-width: 2560px) 100vw, 2560px\" \/><\/a><figcaption id=\"caption-attachment-78998\" class=\"wp-caption-text\">Drag queen Natasha Princess at the first Ilha do Governador Pride Parade. Photo: Amanda Baroni<\/figcaption><\/figure>\n<p>The event also hosted the Diversity Fair, featuring various businesses, including: <a href=\"https:\/\/bit.ly\/3zvUFuU\" target=\"_blank\" rel=\"noopener\">Arm\u00e1rio das Amigas<\/a>, <a href=\"https:\/\/bit.ly\/45Td3dc\" target=\"_blank\" rel=\"noopener\">Portal de Jade<\/a>, <a href=\"https:\/\/bit.ly\/3VKlYZM\" target=\"_blank\" rel=\"noopener\">Brech\u00f3 Capivara<\/a>, Don Quiser, Flash Tattoo, <a href=\"https:\/\/bit.ly\/3zuogos\" target=\"_blank\" rel=\"noopener\">Tornado Carioca Gourmet Baked Potatoes<\/a>, <a href=\"https:\/\/bit.ly\/4ciJgwV\" target=\"_blank\" rel=\"noopener\">Pissart Ferreira<\/a>, <a href=\"https:\/\/bit.ly\/4ctUQ8o\" target=\"_blank\" rel=\"noopener\">Coisinhas que Fiz<\/a>, Unje Mimo, <a href=\"https:\/\/bit.ly\/3W64p7U\" target=\"_blank\" rel=\"noopener\">Leli Snacks and Nibbles<\/a>, <a href=\"https:\/\/bit.ly\/3XO2plS\" target=\"_blank\" rel=\"noopener\">Casa Frida<\/a>, <a href=\"https:\/\/bit.ly\/4eSF7Sb\" target=\"_blank\" rel=\"noopener\">Mori Arts<\/a>, <a href=\"https:\/\/bit.ly\/3VQMHEb\" target=\"_blank\" rel=\"noopener\">Tropos Store<\/a>, Kathy&#8217;s Store, <a href=\"https:\/\/bit.ly\/3zDOXH9\" target=\"_blank\" rel=\"noopener\">Nuastral<\/a>, and <a href=\"https:\/\/bit.ly\/3zuoyvy\" target=\"_blank\" rel=\"noopener\">Donna de Mim<\/a>.<\/p>\n<p>The festival served as a gathering in a struggle that spans generations. Roberto Moraes and Amaurhy Blutos, artists from the <a href=\"https:\/\/bit.ly\/4cmEpe6\">Boogie Woogie<\/a> favela and creators of the characters Marina Crocs and Yunny Drag, were pioneers in the Ilha do Governador drag performance scene 30 years ago. As they celebrate their part in this enduring legacy, Moraes recalls the challenges they faced gaining acceptance.<\/p>\n<blockquote><p>\u201cSince I already have a history here on Ilha do Governador, having been the rhythm section queen for several carnival groups, the island has always embraced me [artistically]. But things meant for the gay community never used to work out. I was a \u2018bubble,\u2019 you know, something different. Now, I want to help the collective so that everyone can come and go and live their lives in diversity. In the past, bars closed, nightclubs shut down. Anything meant for the gay crowd didn\u2019t work out. And now, thank God, we are here.\u201d \u2014 Roberto Moraes<\/p><\/blockquote>\n<figure id=\"attachment_78999\" aria-describedby=\"caption-attachment-78999\" style=\"width: 2560px\" class=\"wp-caption aligncenter\"><a href=\"https:\/\/rioonwatch.org\/wp-content\/uploads\/2024\/07\/1st-Ilha-do-Governador-LGBT-Pride-Parade-Photo-Amanda-Baroni-scaled-1.jpg\"><img loading=\"lazy\" decoding=\"async\" class=\"wp-image-78999 size-full\" title=\"1st Ilha do Governador LGBT Pride Parade. Photo: Amanda Baroni\" src=\"https:\/\/rioonwatch.org\/wp-content\/uploads\/2024\/07\/1st-Ilha-do-Governador-LGBT-Pride-Parade-Photo-Amanda-Baroni-scaled-1.jpg\" alt=\"1st Ilha do Governador LGBT Pride Parade. Photo: Amanda Baroni\" width=\"2560\" height=\"1707\" srcset=\"https:\/\/rioonwatch.org\/wp-content\/uploads\/2024\/07\/1st-Ilha-do-Governador-LGBT-Pride-Parade-Photo-Amanda-Baroni-scaled-1.jpg 2560w, https:\/\/rioonwatch.org\/wp-content\/uploads\/2024\/07\/1st-Ilha-do-Governador-LGBT-Pride-Parade-Photo-Amanda-Baroni-scaled-1-620x413.jpg 620w, https:\/\/rioonwatch.org\/wp-content\/uploads\/2024\/07\/1st-Ilha-do-Governador-LGBT-Pride-Parade-Photo-Amanda-Baroni-scaled-1-943x629.jpg 943w, https:\/\/rioonwatch.org\/wp-content\/uploads\/2024\/07\/1st-Ilha-do-Governador-LGBT-Pride-Parade-Photo-Amanda-Baroni-scaled-1-768x512.jpg 768w\" sizes=\"(max-width: 2560px) 100vw, 2560px\" \/><\/a><figcaption id=\"caption-attachment-78999\" class=\"wp-caption-text\">First Ilha do Governador Pride Parade. Photo: Amanda Baroni<\/figcaption><\/figure>\n<p>Blutos shares that the event symbolizes the achievement of a dream that once seemed distant, since he never had any support.<\/p>\n<blockquote><p>\u201cThis is something that a group of long-time Ilha do Governador residents and I have tried to do for many years&#8230; to break away from these taboos. But there was never anyone to support us. Today, with Byron and Meeting of Colors, we&#8217;re bringing a new era to the island&#8230; I woke up crying today, I put on my makeup crying. The importance of this event is huge because whenever I dressed up to go out here and visit bars, people were like, &#8216;leave.&#8217; I went to a few bars here on Ilha do Governador, but they closed down because they didn&#8217;t have this strength, this will to insist on something that might take root in this ground.\u201d \u2014 Amaurhy Blutos<\/p><\/blockquote>\n<blockquote class=\"instagram-media\" style=\"background: #FFF; border: 0; border-radius: 3px; box-shadow: 0 0 1px 0 rgba(0,0,0,0.5),0 1px 10px 0 rgba(0,0,0,0.15); margin: 1px; max-width: 540px; min-width: 326px; padding: 0; width: calc(100% - 2px);\" data-instgrm-captioned=\"\" data-instgrm-permalink=\"https:\/\/www.instagram.com\/reel\/C84q2k3uDQa\/?utm_source=ig_embed&amp;utm_campaign=loading\" data-instgrm-version=\"14\">\n<div style=\"padding: 16px;\">\n<div style=\"display: flex; flex-direction: row; align-items: center;\">\n<div style=\"background-color: #f4f4f4; border-radius: 50%; flex-grow: 0; height: 40px; margin-right: 14px; width: 40px;\"><\/div>\n<div style=\"display: flex; flex-direction: column; flex-grow: 1; justify-content: center;\">\n<div style=\"background-color: #f4f4f4; border-radius: 4px; flex-grow: 0; height: 14px; margin-bottom: 6px; width: 100px;\"><\/div>\n<div style=\"background-color: #f4f4f4; border-radius: 4px; flex-grow: 0; height: 14px; width: 60px;\"><\/div>\n<\/div>\n<\/div>\n<div style=\"padding: 19% 0;\"><\/div>\n<div style=\"display: block; height: 50px; margin: 0 auto 12px; width: 50px;\"><\/div>\n<div style=\"padding-top: 8px;\">\n<div style=\"color: #3897f0; font-family: Arial,sans-serif; font-size: 14px; font-style: normal; font-weight: 550; line-height: 18px;\">Ver essa foto no Instagram<\/div>\n<\/div>\n<div style=\"padding: 12.5% 0;\"><\/div>\n<div style=\"display: flex; flex-direction: row; margin-bottom: 14px; align-items: center;\">\n<div>\n<div style=\"background-color: #f4f4f4; border-radius: 50%; height: 12.5px; width: 12.5px; transform: translateX(0px) translateY(7px);\"><\/div>\n<div style=\"background-color: #f4f4f4; height: 12.5px; transform: rotate(-45deg) translateX(3px) translateY(1px); width: 12.5px; flex-grow: 0; margin-right: 14px; margin-left: 2px;\"><\/div>\n<div style=\"background-color: #f4f4f4; border-radius: 50%; height: 12.5px; width: 12.5px; transform: translateX(9px) translateY(-18px);\"><\/div>\n<\/div>\n<div style=\"margin-left: 8px;\">\n<div style=\"background-color: #f4f4f4; border-radius: 50%; flex-grow: 0; height: 20px; width: 20px;\"><\/div>\n<div style=\"width: 0; height: 0; border-top: 2px solid transparent; border-left: 6px solid #f4f4f4; border-bottom: 2px solid transparent; transform: translateX(16px) translateY(-4px) rotate(30deg);\"><\/div>\n<\/div>\n<div style=\"margin-left: auto;\">\n<div style=\"width: 0px; border-top: 8px solid #F4F4F4; border-right: 8px solid transparent; transform: translateY(16px);\"><\/div>\n<div style=\"background-color: #f4f4f4; flex-grow: 0; height: 12px; width: 16px; transform: translateY(-4px);\"><\/div>\n<div style=\"width: 0; height: 0; border-top: 8px solid #F4F4F4; border-left: 8px solid transparent; transform: translateY(-4px) translateX(8px);\"><\/div>\n<\/div>\n<\/div>\n<div style=\"display: flex; flex-direction: column; flex-grow: 1; justify-content: center; margin-bottom: 24px;\">\n<div style=\"background-color: #f4f4f4; border-radius: 4px; flex-grow: 0; height: 14px; margin-bottom: 6px; width: 224px;\"><\/div>\n<div style=\"background-color: #f4f4f4; border-radius: 4px; flex-grow: 0; height: 14px; width: 144px;\"><\/div>\n<\/div>\n<p>&nbsp;<\/p>\n<p style=\"color: #c9c8cd; font-family: Arial,sans-serif; font-size: 14px; line-height: 17px; margin-bottom: 0; margin-top: 8px; overflow: hidden; padding: 8px 0 7px; text-align: center; text-overflow: ellipsis; white-space: nowrap;\"><a style=\"color: #c9c8cd; font-family: Arial,sans-serif; font-size: 14px; font-style: normal; font-weight: normal; line-height: 17px; text-decoration: none;\" href=\"https:\/\/www.instagram.com\/reel\/C84q2k3uDQa\/?utm_source=ig_embed&amp;utm_campaign=loading\" target=\"_blank\" rel=\"noopener\">Uma publica\u00e7\u00e3o compartilhada por Yunny Drag (@yunnydragoficial)<\/a><\/p>\n<\/div>\n<\/blockquote>\n<p><script async src=\"\/\/www.instagram.com\/embed.js\"><\/script><\/p>\n<p>He also made clear how crucial this event is, a milestone for the LGBTQIAPN+ community in the region.<\/p>\n<blockquote><p>\u201cFor me, it&#8217;s been inexplicable&#8230; It&#8217;s been very impactful and decisive for them to look and say &#8216;there really is an LGBTQIAPN+ culture here.&#8217; We&#8217;re here to fight for our cause, no matter what other residents of this neighborhood say; what matters is that they deal with us because we exist here. I started at 17 and now I&#8217;m 44. I stopped due to marriage at the time because [there were two options] &#8216;you either get married or you&#8217;re a drag queen.&#8217; I had to live, to survive. So when Sunset opened here on Ilha do Governador, I said &#8216;no way, I&#8217;m going to get into this scene too. I deserve it! I built this, so I&#8217;m going to be a part of it.&#8217; Mariana and I faced a lot of prejudice. We went to the carnival blocks in drag because there was nowhere else for us to go. So we went to carnival. For every ten photos, ten compliments, thirty were disdainful. But we&#8217;re here, year after year showing up at every carnival, in every Ilha do Governador carnival group, until we were invited to be the muse, to be the queen. Until we achieved the recognition that we have on Ilha do Governador as drag queens. What&#8217;s happening today marks a new chapter in Ilha do Governador&#8217;s history. For some people, this is just a party, but for me, this is a struggle&#8230; we really did win this fight!\u201d \u2014 Amaurhy Blutos<\/p><\/blockquote>\n<figure id=\"attachment_79000\" aria-describedby=\"caption-attachment-79000\" style=\"width: 2560px\" class=\"wp-caption aligncenter\"><a href=\"https:\/\/rioonwatch.org\/wp-content\/uploads\/2024\/07\/Yunny-Drag-at-the-1st-Ilha-do-Governador-LGBT-Pride-ParadePhoto-Amanda-Baroni-scaled-1.jpg\"><img loading=\"lazy\" decoding=\"async\" class=\"wp-image-79000 size-full\" title=\"Yunny Drag at the 1st Ilha do Governador LGBT+ Pride Parade. Photo: Amanda Baroni\" src=\"https:\/\/rioonwatch.org\/wp-content\/uploads\/2024\/07\/Yunny-Drag-at-the-1st-Ilha-do-Governador-LGBT-Pride-ParadePhoto-Amanda-Baroni-scaled-1.jpg\" alt=\"Yunny Drag at the 1st Ilha do Governador LGBT+ Pride Parade. Photo: Amanda Baroni\" width=\"2560\" height=\"1707\" srcset=\"https:\/\/rioonwatch.org\/wp-content\/uploads\/2024\/07\/Yunny-Drag-at-the-1st-Ilha-do-Governador-LGBT-Pride-ParadePhoto-Amanda-Baroni-scaled-1.jpg 2560w, https:\/\/rioonwatch.org\/wp-content\/uploads\/2024\/07\/Yunny-Drag-at-the-1st-Ilha-do-Governador-LGBT-Pride-ParadePhoto-Amanda-Baroni-scaled-1-620x413.jpg 620w, https:\/\/rioonwatch.org\/wp-content\/uploads\/2024\/07\/Yunny-Drag-at-the-1st-Ilha-do-Governador-LGBT-Pride-ParadePhoto-Amanda-Baroni-scaled-1-943x629.jpg 943w, https:\/\/rioonwatch.org\/wp-content\/uploads\/2024\/07\/Yunny-Drag-at-the-1st-Ilha-do-Governador-LGBT-Pride-ParadePhoto-Amanda-Baroni-scaled-1-768x512.jpg 768w\" sizes=\"(max-width: 2560px) 100vw, 2560px\" \/><\/a><figcaption id=\"caption-attachment-79000\" class=\"wp-caption-text\">Yunny Drag at the first Ilha do Governador Pride Parade. Photo: Amanda Baroni<\/figcaption><\/figure>\n<p>The manager and project director of <a href=\"https:\/\/bit.ly\/3XQ2DZT\">Black Corporate<\/a>, <a href=\"https:\/\/bit.ly\/3WcnlC8\">Anne Beatriz<\/a>, sees the gathering as an opportunity to humanize and normalize differences in the region.<\/p>\n<blockquote><p>\u201cThis parade is an act. We are here to express our diversity, our experiences, and it&#8217;s very important that we can increasingly talk about the LGBT+ population. And also that we can incorporate this into the agendas of Black women, minorities, immigrants. May we, more and more, be able to produce culture and entrepreneurship&#8230; So, today&#8217;s LGBT+ Parade here means that we exist. Despite what others may say, it&#8217;s a place for families, it&#8217;s a place to celebrate, it&#8217;s a place to be happy and to be who we are. And I think there&#8217;s nothing more important than arriving somewhere and knowing that you are who you are and that&#8217;s okay. I think that&#8217;s the main point of all this.\u201d \u2014 Anne Beatriz<\/p><\/blockquote>\n<figure id=\"attachment_79001\" aria-describedby=\"caption-attachment-79001\" style=\"width: 2560px\" class=\"wp-caption aligncenter\"><a href=\"https:\/\/rioonwatch.org\/wp-content\/uploads\/2024\/07\/Participants-of-the-1st-Ilha-do-Governador-LGBT-Pride-Parade-watch-and-record-a-drag-perfrmance-Photo-Amanda-Baroni-scaled-1.jpg\"><img loading=\"lazy\" decoding=\"async\" class=\"wp-image-79001 size-full\" title=\"Participants of the 1st Ilha do Governador LGBT+ Pride Parade watch and capture a drag performance. Photo: Amanda Baroni\" src=\"https:\/\/rioonwatch.org\/wp-content\/uploads\/2024\/07\/Participants-of-the-1st-Ilha-do-Governador-LGBT-Pride-Parade-watch-and-record-a-drag-perfrmance-Photo-Amanda-Baroni-scaled-1.jpg\" alt=\"Participants of the 1st Ilha do Governador LGBT+ Pride Parade watch and capture a drag performance. Photo: Amanda Baroni\" width=\"2560\" height=\"1717\" srcset=\"https:\/\/rioonwatch.org\/wp-content\/uploads\/2024\/07\/Participants-of-the-1st-Ilha-do-Governador-LGBT-Pride-Parade-watch-and-record-a-drag-perfrmance-Photo-Amanda-Baroni-scaled-1.jpg 2560w, https:\/\/rioonwatch.org\/wp-content\/uploads\/2024\/07\/Participants-of-the-1st-Ilha-do-Governador-LGBT-Pride-Parade-watch-and-record-a-drag-perfrmance-Photo-Amanda-Baroni-scaled-1-620x416.jpg 620w, https:\/\/rioonwatch.org\/wp-content\/uploads\/2024\/07\/Participants-of-the-1st-Ilha-do-Governador-LGBT-Pride-Parade-watch-and-record-a-drag-perfrmance-Photo-Amanda-Baroni-scaled-1-938x629.jpg 938w, https:\/\/rioonwatch.org\/wp-content\/uploads\/2024\/07\/Participants-of-the-1st-Ilha-do-Governador-LGBT-Pride-Parade-watch-and-record-a-drag-perfrmance-Photo-Amanda-Baroni-scaled-1-768x515.jpg 768w\" sizes=\"(max-width: 2560px) 100vw, 2560px\" \/><\/a><figcaption id=\"caption-attachment-79001\" class=\"wp-caption-text\">Participants of the first Ilha do Governador Pride Parade watch and capture a drag performance. Photo: Amanda Baroni<\/figcaption><\/figure>\n<p>Student Yohan Ara\u00fajo, a resident of the <a href=\"https:\/\/bit.ly\/4crH722\">Tau\u00e1<\/a> neighborhood on Ilha do Governador, says that the parade is important because it demands the guarantee of basic rights and brings a lot of hope to the collective struggle.<\/p>\n<blockquote><p><span style=\"font-weight: 400;\">\u201cWe&#8217;re having an event in a place that is quite conservative and homophobic. It&#8217;s really beautiful to see what we&#8217;re doing, taking over this space&#8230; For me, it brings hope that we can achieve a lot and that this is just the beginning.\u201d \u2014 Yohan Ara\u00fajo<\/span><\/p><\/blockquote>\n<p>Gabbie Rosa, a student and resident of the <a href=\"https:\/\/bit.ly\/3xEZLEB\">Portuguesa<\/a> neighborhood, shares similar feelings about the first Ilha do Governador Pride Parade.<\/p>\n<blockquote><p>\u201cI was born and raised here on Ilha do Governador and never saw it as a place that would welcome and accept me, you know. Then, when Byron proposed Meeting of Colors and the Parade, I was overjoyed. I met a lot of people because of this and felt truly embraced.\u201d \u2014 Gabbie Rosa<\/p><\/blockquote>\n<figure id=\"attachment_79004\" aria-describedby=\"caption-attachment-79004\" style=\"width: 2560px\" class=\"wp-caption aligncenter\"><a href=\"https:\/\/rioonwatch.org\/wp-content\/uploads\/2024\/07\/1st-Ilha-do-Governador-LGBT-Pride-Parade-panoramic-view-photo-Amanda-Baroni-scaled-1.jpg\"><img loading=\"lazy\" decoding=\"async\" class=\"wp-image-79004 size-full\" title=\"1st Ilha do Governador LGBT+ Pride Parade. Photo: Amanda Baroni\" src=\"https:\/\/rioonwatch.org\/wp-content\/uploads\/2024\/07\/1st-Ilha-do-Governador-LGBT-Pride-Parade-panoramic-view-photo-Amanda-Baroni-scaled-1.jpg\" alt=\"1st Ilha do Governador LGBT+ Pride Parade. Photo: Amanda Baroni\" width=\"2560\" height=\"720\" srcset=\"https:\/\/rioonwatch.org\/wp-content\/uploads\/2024\/07\/1st-Ilha-do-Governador-LGBT-Pride-Parade-panoramic-view-photo-Amanda-Baroni-scaled-1.jpg 2560w, https:\/\/rioonwatch.org\/wp-content\/uploads\/2024\/07\/1st-Ilha-do-Governador-LGBT-Pride-Parade-panoramic-view-photo-Amanda-Baroni-scaled-1-620x174.jpg 620w, https:\/\/rioonwatch.org\/wp-content\/uploads\/2024\/07\/1st-Ilha-do-Governador-LGBT-Pride-Parade-panoramic-view-photo-Amanda-Baroni-scaled-1-1536x432.jpg 1536w, https:\/\/rioonwatch.org\/wp-content\/uploads\/2024\/07\/1st-Ilha-do-Governador-LGBT-Pride-Parade-panoramic-view-photo-Amanda-Baroni-scaled-1-768x216.jpg 768w\" sizes=\"(max-width: 2560px) 100vw, 2560px\" \/><\/a><figcaption id=\"caption-attachment-79004\" class=\"wp-caption-text\">First Ilha do Governador Pride Parade. Photo: Amanda Baroni<\/figcaption><\/figure>\n<p>Professor Rhuan Paulo de Sousa, from <a href=\"https:\/\/bit.ly\/3W7PolQ\">Ramos<\/a>, a neighborhood adjacent to Ilha do Governador, the creator of Noemih Leon, emphasizes the political role of the parade. According to him, the greatest contribution of an event like this is to broaden the social foundations of the neighborhood for the LGBT+ struggle.<\/p>\n<blockquote><p>\u201cEvery day we resist. We need to be here and love ourselves for who we are, not for what society has told us. I believe that this parade here on Ilha do Governador is crucial for developing a <a href=\"https:\/\/bit.ly\/3anygh3\">sense of belonging<\/a>&#8230; I spoke with people and asked them what they hope to achieve with the first LGBT+ Pride Parade here on Ilha do Governador. What do they expect will change? And people said: love, more respect, more cultural activities on Ilha do Governador, so we don\u2019t have to travel 20, 30, 40km to find artists we like&#8230; Belonging is closely related to territory. Our spaces should be occupied by our art, by the art we produce. And we produce a lot of art&#8230; Let this be the beginning of a great community&#8230; Looking around now, many popular leaders are emerging. Many leaders who will go on not just in June, but who will keep building this scene, this Ilha do Governador LGBT+ culture, this power, throughout the year.\u201d \u2014 Rhuan Paulo de Sousa<\/p><\/blockquote>\n<p>More than ever, the fight of Ilha do Governador&#8217;s LGBT+ residents is for a safe space, for rights, for the collective empowerment of the LGBT+ community in all its diversity, and for the recognition that their journeys should be a source of pride, not something to remain hidden away in closets. In a traditional neighborhood like Ilha, this pride also involves strengthening the roots of these people, firmly planted in their own soil.<\/p>\n<blockquote class=\"instagram-media\" style=\"background: #FFF; border: 0; border-radius: 3px; box-shadow: 0 0 1px 0 rgba(0,0,0,0.5),0 1px 10px 0 rgba(0,0,0,0.15); margin: 1px; max-width: 540px; min-width: 326px; padding: 0; width: calc(100% - 2px);\" data-instgrm-captioned=\"\" data-instgrm-permalink=\"https:\/\/www.instagram.com\/p\/CszYW8Nx1ic\/?utm_source=ig_embed&amp;utm_campaign=loading\" data-instgrm-version=\"14\">\n<div style=\"padding: 16px;\">\n<p>&nbsp;<\/p>\n<div style=\"display: flex; flex-direction: row; align-items: center;\">\n<div style=\"background-color: #f4f4f4; border-radius: 50%; flex-grow: 0; height: 40px; margin-right: 14px; width: 40px;\"><\/div>\n<div style=\"display: flex; flex-direction: column; flex-grow: 1; justify-content: center;\">\n<div style=\"background-color: #f4f4f4; border-radius: 4px; flex-grow: 0; height: 14px; margin-bottom: 6px; width: 100px;\"><\/div>\n<div style=\"background-color: #f4f4f4; border-radius: 4px; flex-grow: 0; height: 14px; width: 60px;\"><\/div>\n<\/div>\n<\/div>\n<div style=\"padding: 19% 0;\"><\/div>\n<div style=\"display: block; height: 50px; margin: 0 auto 12px; width: 50px;\"><\/div>\n<div style=\"padding-top: 8px;\">\n<div style=\"color: #3897f0; font-family: Arial,sans-serif; font-size: 14px; font-style: normal; font-weight: 550; line-height: 18px;\">Ver essa foto no Instagram<\/div>\n<\/div>\n<div style=\"padding: 12.5% 0;\"><\/div>\n<div style=\"display: flex; flex-direction: row; margin-bottom: 14px; align-items: center;\">\n<div>\n<div style=\"background-color: #f4f4f4; border-radius: 50%; height: 12.5px; width: 12.5px; transform: translateX(0px) translateY(7px);\"><\/div>\n<div style=\"background-color: #f4f4f4; height: 12.5px; transform: rotate(-45deg) translateX(3px) translateY(1px); width: 12.5px; flex-grow: 0; margin-right: 14px; margin-left: 2px;\"><\/div>\n<div style=\"background-color: #f4f4f4; border-radius: 50%; height: 12.5px; width: 12.5px; transform: translateX(9px) translateY(-18px);\"><\/div>\n<\/div>\n<div style=\"margin-left: 8px;\">\n<div style=\"background-color: #f4f4f4; border-radius: 50%; flex-grow: 0; height: 20px; width: 20px;\"><\/div>\n<div style=\"width: 0; height: 0; border-top: 2px solid transparent; border-left: 6px solid #f4f4f4; border-bottom: 2px solid transparent; transform: translateX(16px) translateY(-4px) rotate(30deg);\"><\/div>\n<\/div>\n<div style=\"margin-left: auto;\">\n<div style=\"width: 0px; border-top: 8px solid #F4F4F4; border-right: 8px solid transparent; transform: translateY(16px);\"><\/div>\n<div style=\"background-color: #f4f4f4; flex-grow: 0; height: 12px; width: 16px; transform: translateY(-4px);\"><\/div>\n<div style=\"width: 0; height: 0; border-top: 8px solid #F4F4F4; border-left: 8px solid transparent; transform: translateY(-4px) translateX(8px);\"><\/div>\n<\/div>\n<\/div>\n<div style=\"display: flex; flex-direction: column; flex-grow: 1; justify-content: center; margin-bottom: 24px;\">\n<div style=\"background-color: #f4f4f4; border-radius: 4px; flex-grow: 0; height: 14px; margin-bottom: 6px; width: 224px;\"><\/div>\n<div style=\"background-color: #f4f4f4; border-radius: 4px; flex-grow: 0; height: 14px; width: 144px;\"><\/div>\n<\/div>\n<p>&nbsp;<\/p>\n<p style=\"color: #c9c8cd; font-family: Arial,sans-serif; font-size: 14px; line-height: 17px; margin-bottom: 0; margin-top: 8px; overflow: hidden; padding: 8px 0 7px; text-align: center; text-overflow: ellipsis; white-space: nowrap;\"><a style=\"color: #c9c8cd; font-family: Arial,sans-serif; font-size: 14px; font-style: normal; font-weight: normal; line-height: 17px; text-decoration: none;\" href=\"https:\/\/www.instagram.com\/p\/CszYW8Nx1ic\/?utm_source=ig_embed&amp;utm_campaign=loading\" target=\"_blank\" rel=\"noopener\">Uma publica\u00e7\u00e3o compartilhada por &#x1f319; LUA DRAG &#x1f319; (@luadrag)<\/a><\/p>\n<\/div>\n<\/blockquote>\n<p><script async src=\"\/\/www.instagram.com\/embed.js\"><\/script><\/p>\n<p>The first Ilha do Governador Pride Parade represents a milestone for the entire Leopoldina region. It symbolizes the community&#8217;s resistance and establishment in Rio de Janeiro&#8217;s oldest neighborhood. This mobilization facilitates inclusive initiatives at the local level, promotes solidarity, and engages residents with the LGBT+ cause. It also honors and celebrates the stories of the local LGBT+ matriarchs, patriarchs, and traviarchs, who, through decades of struggle, made it possible for the first Ilha do Governador LGBT+ Pride Parade to take place in 2024.<\/p>\n<p><iframe src=\"https:\/\/drive.google.com\/file\/d\/1LAZOnp4zqHm6gOwlWgH1XoQRZBL_ObyX\/preview\" width=\"1030\" height=\"563\"><span data-mce-type=\"bookmark\" style=\"display: inline-block; width: 0px; overflow: hidden; line-height: 0;\" class=\"mce_SELRES_start\">\ufeff<\/span><\/iframe><\/p>\n<p><em>About the author:\u00a0<a href=\"https:\/\/bit.ly\/3p94eas\" target=\"_blank\" rel=\"noopener\">Amanda Baroni Lopes<\/a>\u00a0is a journalism student at Unicarioca and was part of the first Journalism Laboratory of Mar\u00e9 community newspaper\u00a0<a href=\"http:\/\/bit.ly\/2YfGMc5\" target=\"_blank\" rel=\"noopener\">Mar\u00e9 de Not\u00edcias<\/a>. She is the author of the\u00a0<a href=\"https:\/\/bit.ly\/3p49ufB\" target=\"_blank\" rel=\"noopener\">Anti-Harassment Guide on Breaking<\/a>, a handbook that explains what is and isn\u2019t harassment to the Hip Hop audience and provides guidance on what to do in these situations. Lopes is from\u00a0<a href=\"https:\/\/rioonwatch.org\/?tag=morro-do-timbau\" target=\"_blank\" rel=\"noopener\">Morro do Timbau<\/a>\u00a0and currently lives in\u00a0<a href=\"https:\/\/rioonwatch.org\/?tag=vila-do-joao\" target=\"_blank\" rel=\"noopener\">Vila do Jo\u00e3o<\/a>, both favelas within the larger Mar\u00e9 favela complex.<\/em><\/p>\n<hr \/>\n<h4><b data-stringify-type=\"bold\">Support\u00a0<\/b><b data-stringify-type=\"bold\"><i data-stringify-type=\"italic\">RioOnWatch<\/i><\/b><b data-stringify-type=\"bold\">\u2019s tireless, critical and cutting-edge hyperlocal journalism, online community organizing meetings, and direct support to favelas\u00a0<\/b><b data-stringify-type=\"bold\"><a class=\"c-link\" href=\"http:\/\/bit.ly\/DonateToRioOnWatch\" target=\"_blank\" rel=\"noopener noreferrer\" data-stringify-link=\"http:\/\/bit.ly\/DonateToRioOnWatch\" data-sk=\"tooltip_parent\">by clicking here.<\/a><\/b><\/h4>\n<\/div>\n<\/div>\n<\/div>\n<\/div>\n","protected":false},"excerpt":{"rendered":"<div class=\"mh-excerpt\"><p>Clique aqui para Portugu\u00eas On a sunny Saturday, June 29, Ilha do Governador (Governor&#8217;s Island) held its first LGBT+ Pride Parade\u00a0at the foot of the Morro do Dend\u00ea favela, in Aterro do Cocot\u00e1, in the <a class=\"mh-excerpt-more\" href=\"https:\/\/rioonwatch.org\/?p=78980\" title=\"In Rio de Janeiro, Conservative \u2018Governor\u2019s Island\u2019 Holds Its First Pride Parade Following Decades of Local Organizing\">[&#8230;]<\/a><\/p>\n<\/div>","protected":false},"author":245,"featured_media":78981,"comment_status":"closed","ping_status":"closed","sticky":false,"template":"template-full.php","format":"standard","meta":{"_monsterinsights_skip_tracking":false,"_monsterinsights_sitenote_active":false,"_monsterinsights_sitenote_note":"","_monsterinsights_sitenote_category":0,"footnotes":""},"categories":[1288,1333,3527],"tags":[396,3713,504,2557,25,1996,3325,2138,1507,2591,37,3393,3712],"writer":[3501],"translator":[3452],"illustrator":[],"photographer":[],"class_list":{"0":"post-78980","1":"post","2":"type-post","3":"status-publish","4":"format-standard","5":"has-post-thumbnail","7":"category-highlight","8":"category-event-reports","9":"category-representation","10":"tag-art","11":"tag-boogie-woogie","12":"tag-culture","13":"tag-galeao-airport","14":"tag-human-rights","15":"tag-ilha-do-governador","16":"tag-favela-do-itacolomi","17":"tag-leopoldina","18":"tag-lgbt","19":"tag-morro-do-dende","20":"tag-north-zone","21":"tag-representation","22":"tag-safe-space","23":"writer-amanda-baroni-lopes","24":"translator-staff"},"_links":{"self":[{"href":"https:\/\/rioonwatch.org\/index.php?rest_route=\/wp\/v2\/posts\/78980","targetHints":{"allow":["GET"]}}],"collection":[{"href":"https:\/\/rioonwatch.org\/index.php?rest_route=\/wp\/v2\/posts"}],"about":[{"href":"https:\/\/rioonwatch.org\/index.php?rest_route=\/wp\/v2\/types\/post"}],"author":[{"embeddable":true,"href":"https:\/\/rioonwatch.org\/index.php?rest_route=\/wp\/v2\/users\/245"}],"replies":[{"embeddable":true,"href":"https:\/\/rioonwatch.org\/index.php?rest_route=%2Fwp%2Fv2%2Fcomments&post=78980"}],"version-history":[{"count":0,"href":"https:\/\/rioonwatch.org\/index.php?rest_route=\/wp\/v2\/posts\/78980\/revisions"}],"wp:featuredmedia":[{"embeddable":true,"href":"https:\/\/rioonwatch.org\/index.php?rest_route=\/wp\/v2\/media\/78981"}],"wp:attachment":[{"href":"https:\/\/rioonwatch.org\/index.php?rest_route=%2Fwp%2Fv2%2Fmedia&parent=78980"}],"wp:term":[{"taxonomy":"category","embeddable":true,"href":"https:\/\/rioonwatch.org\/index.php?rest_route=%2Fwp%2Fv2%2Fcategories&post=78980"},{"taxonomy":"post_tag","embeddable":true,"href":"https:\/\/rioonwatch.org\/index.php?rest_route=%2Fwp%2Fv2%2Ftags&post=78980"},{"taxonomy":"writer","embeddable":true,"href":"https:\/\/rioonwatch.org\/index.php?rest_route=%2Fwp%2Fv2%2Fwriter&post=78980"},{"taxonomy":"translator","embeddable":true,"href":"https:\/\/rioonwatch.org\/index.php?rest_route=%2Fwp%2Fv2%2Ftranslator&post=78980"},{"taxonomy":"illustrator","embeddable":true,"href":"https:\/\/rioonwatch.org\/index.php?rest_route=%2Fwp%2Fv2%2Fillustrator&post=78980"},{"taxonomy":"photographer","embeddable":true,"href":"https:\/\/rioonwatch.org\/index.php?rest_route=%2Fwp%2Fv2%2Fphotographer&post=78980"}],"curies":[{"name":"wp","href":"https:\/\/api.w.org\/{rel}","templated":true}]}}