{"id":79026,"date":"2024-07-31T07:00:08","date_gmt":"2024-07-31T10:00:08","guid":{"rendered":"https:\/\/rioonwatch.org\/?p=79026"},"modified":"2025-09-13T14:11:00","modified_gmt":"2025-09-13T17:11:00","slug":"capoeira-the-sublime-art-of-subversion-video","status":"publish","type":"post","link":"https:\/\/rioonwatch.org\/?p=79026","title":{"rendered":"Capoeira \u2014 The Sublime Art of Subversion [VIDEO]"},"content":{"rendered":"<p><iframe title=\"YouTube video player\" src=\"https:\/\/www.youtube.com\/embed\/krX8ssRQ64s?si=VNpyKoCDpcUB77M9\" width=\"1030\" height=\"563\" frameborder=\"0\" allowfullscreen=\"allowfullscreen\"><span data-mce-type=\"bookmark\" style=\"display: inline-block; width: 0px; overflow: hidden; line-height: 0;\" class=\"mce_SELRES_start\">\ufeff<\/span><span data-mce-type=\"bookmark\" style=\"display: inline-block; width: 0px; overflow: hidden; line-height: 0;\" class=\"mce_SELRES_start\">\ufeff<\/span><\/iframe><\/p>\n<h4 style=\"text-align: right;\"><a href=\"https:\/\/bit.ly\/4cSSmk1\" target=\"_blank\" rel=\"noopener\"><span class=\"s1\"><i>Clique aqui para Portugu\u00eas<\/i><\/span><span class=\"s2\"><i><span class=\"Apple-converted-space\"><em><img decoding=\"async\" class=\"alignright size-full wp-image-23766\" src=\"https:\/\/www.rioonwatch.org\/wp-content\/uploads\/2012\/08\/PT-e1439583827971.png\" width=\"20\" height=\"20\" \/><\/em><\/span><\/i><\/span><\/a><\/h4>\n<p><em>This article is part of\u00a0RioOnWatch\u2018s series on\u00a0<a href=\"https:\/\/bit.ly\/45EfgZM\" target=\"_blank\" rel=\"noopener\">Memories of Favela Power<\/a>, which documents and celebrates the history of Rio de Janeiro\u2019s favelas through narratives and reports from residents\u2019 collective memory, in their daily struggle to lead fulfilling lives<\/em><em>. Published with English subtitles for <a href=\"https:\/\/bit.ly\/3YeTOc6\">World Capoeira Practitioner&#8217;s Day<\/a>, or August 3, <a href=\"https:\/\/bit.ly\/GinjaSublime\">this mini-documentary<\/a> presents the Afro-Brazilian martial art capoeira as an Afro-diasporic survival strategy, a tool for physical and mental health, a symbol of belonging, and an asset in the development of subjectivities, particularly for Black children.<\/em><\/p>\n<p>Introduced to <a href=\"https:\/\/bit.ly\/36tonyn\">capoeira<\/a> at 14 as a birthday gift from his mother, law student Eduardo Costa, 38, is better known as <a href=\"https:\/\/bit.ly\/3RQoNXV\">Mestrando Morcego<\/a>. \u201cMestrando\u201d is the title for capoeira instructors on their way to becoming masters, or Mestres. He teaches at the <a href=\"https:\/\/bit.ly\/4bM3Ncl\">Igua\u00e7u Arte Capoeira Cultural Center<\/a> and leads classes both at the organization\u2019s facilities and in the streets of <a href=\"https:\/\/bit.ly\/2XIp04O\">Nova Igua\u00e7u<\/a>, a city in <a href=\"https:\/\/bit.ly\/2IqnU52\">Greater Rio de Janeiro<\/a>&#8216;s <a href=\"https:\/\/bit.ly\/2XQQdyV\">Baixada Fluminense<\/a> region.<\/p>\n<figure id=\"attachment_79028\" aria-describedby=\"caption-attachment-79028\" style=\"width: 1366px\" class=\"wp-caption aligncenter\"><a href=\"https:\/\/rioonwatch.org\/wp-content\/uploads\/2024\/07\/Eduardo-Costa-known-as-Mestrando-Morcego-talks-about-capoeira-and-his-activities-in-Nova-Iguacu.png\"><img fetchpriority=\"high\" decoding=\"async\" class=\"wp-image-79028 size-full\" title=\"Eduardo Costa, known as Mestrando Morcego, discusses capoeira and his work in Nova Igua\u00e7u.\" src=\"https:\/\/rioonwatch.org\/wp-content\/uploads\/2024\/07\/Eduardo-Costa-known-as-Mestrando-Morcego-talks-about-capoeira-and-his-activities-in-Nova-Iguacu.png\" alt=\"Eduardo Costa, known as Mestrando Morcego, discusses capoeira and his work in Nova Igua\u00e7u.\" width=\"1366\" height=\"688\" srcset=\"https:\/\/rioonwatch.org\/wp-content\/uploads\/2024\/07\/Eduardo-Costa-known-as-Mestrando-Morcego-talks-about-capoeira-and-his-activities-in-Nova-Iguacu.png 1366w, https:\/\/rioonwatch.org\/wp-content\/uploads\/2024\/07\/Eduardo-Costa-known-as-Mestrando-Morcego-talks-about-capoeira-and-his-activities-in-Nova-Iguacu-620x312.png 620w, https:\/\/rioonwatch.org\/wp-content\/uploads\/2024\/07\/Eduardo-Costa-known-as-Mestrando-Morcego-talks-about-capoeira-and-his-activities-in-Nova-Iguacu-1249x629.png 1249w, https:\/\/rioonwatch.org\/wp-content\/uploads\/2024\/07\/Eduardo-Costa-known-as-Mestrando-Morcego-talks-about-capoeira-and-his-activities-in-Nova-Iguacu-768x387.png 768w\" sizes=\"(max-width: 1366px) 100vw, 1366px\" \/><\/a><figcaption id=\"caption-attachment-79028\" class=\"wp-caption-text\">Eduardo Costa, known as Mestrando Morcego, discusses capoeira and his work in Nova Igua\u00e7u.<\/figcaption><\/figure>\n<figure id=\"attachment_79031\" aria-describedby=\"caption-attachment-79031\" style=\"width: 500px\" class=\"wp-caption alignright\"><a href=\"https:\/\/rioonwatch.org\/wp-content\/uploads\/2024\/07\/Iguacu-Arte-Capoeira-Cultural-Center-whose-headquarters-are-located-in-the-Carmary-neighborhood-of-Nova-Iguacu-Photo-Social-Media.jpg\"><img decoding=\"async\" class=\"wp-image-79031\" title=\"Igua\u00e7u Arte Capoeira Cultural Center, whose headquarters are located in the Carmary neighborhood of Nova Igua\u00e7u. Photo: Social Media\" src=\"https:\/\/rioonwatch.org\/wp-content\/uploads\/2024\/07\/Iguacu-Arte-Capoeira-Cultural-Center-whose-headquarters-are-located-in-the-Carmary-neighborhood-of-Nova-Iguacu-Photo-Social-Media.jpg\" alt=\"Igua\u00e7u Arte Capoeira Cultural Center, whose headquarters are located in the Carmary neighborhood of Nova Igua\u00e7u. Photo: Social Media\" width=\"500\" height=\"502\" srcset=\"https:\/\/rioonwatch.org\/wp-content\/uploads\/2024\/07\/Iguacu-Arte-Capoeira-Cultural-Center-whose-headquarters-are-located-in-the-Carmary-neighborhood-of-Nova-Iguacu-Photo-Social-Media.jpg 720w, https:\/\/rioonwatch.org\/wp-content\/uploads\/2024\/07\/Iguacu-Arte-Capoeira-Cultural-Center-whose-headquarters-are-located-in-the-Carmary-neighborhood-of-Nova-Iguacu-Photo-Social-Media-617x620.jpg 617w, https:\/\/rioonwatch.org\/wp-content\/uploads\/2024\/07\/Iguacu-Arte-Capoeira-Cultural-Center-whose-headquarters-are-located-in-the-Carmary-neighborhood-of-Nova-Iguacu-Photo-Social-Media-626x629.jpg 626w\" sizes=\"(max-width: 500px) 100vw, 500px\" \/><\/a><figcaption id=\"caption-attachment-79031\" class=\"wp-caption-text\">Igua\u00e7u Arte Capoeira Cultural Center, whose headquarters are located in the Carmary neighborhood of Nova Igua\u00e7u. Photo: Social Media<\/figcaption><\/figure>\n<p>Like others expressions of the <a href=\"https:\/\/bit.ly\/2c3FMBc\">African Diaspora<\/a>, capoeira continues to face racism, including religious, along with stigma and prejudices. In this video report, Mestrando Morcego highlights the issue, sharing his personal perspective and experiences.<\/p>\n<blockquote><p>&#8220;I started capoeira when I was 14&#8230; I&#8217;ve stayed with it for 24 years&#8230; [but] I&#8217;ve had to stop because of compulsory military service&#8230; then, I had to take a break for work reasons. It&#8217;s just the way it is; we don&#8217;t have the resources. Capoeira is often frowned upon, though I believe that&#8217;s changing&#8230; Capoeira doesn&#8217;t belong to any religion; it&#8217;s for everyone! I myself am evangelical, I&#8217;m Christian, and I practice capoeira.&#8221; \u2014 Eduardo Costa (Mestrando Morcego)<\/p><\/blockquote>\n<p>An entirely volunteer initiative, his classes attract over 30 young people each week. In a sublime act of subverting the criminalization of Afro-diasporic culture, these lessons on Black ancestry through self-defense primarily serve children under ten.<\/p>\n<p>Founded in December 2006, <a href=\"https:\/\/bit.ly\/3RTZ0y8\">Igua\u00e7u Arte Capoeira<\/a> is led by <a href=\"https:\/\/bit.ly\/3L8Ckqa\">Mestre Keto<\/a>. Its headquarters are located in the <a href=\"https:\/\/bit.ly\/3W9I4Gu\">Carmary<\/a> neighborhood of Nova Igua\u00e7u. The center serves as a hub for various groups participating in the project and that then take the rhythm and Afro-Brazilian ancestry of capoeira to students in neighboring areas.<\/p>\n<p>Responsible for capoeira classes in the <a href=\"https:\/\/bit.ly\/43yU9FS\">Nova Am\u00e9rica<\/a> neighborhood, Mestrando Morcego believes that capoeira helps develop social connection in addition to providing physical benefits. His classes align bodily movements with a firm and just stance, preparing individuals, especially children, to engage as part of society.<\/p>\n<figure id=\"attachment_79032\" aria-describedby=\"caption-attachment-79032\" style=\"width: 1366px\" class=\"wp-caption aligncenter\"><a href=\"https:\/\/rioonwatch.org\/wp-content\/uploads\/2024\/07\/Black-ancestry-through-self-defense-classes-taught-by-Mestrando-Morcego-have-children-10-and-under-as-their-greatest-audience-1.png\"><img loading=\"lazy\" decoding=\"async\" class=\"wp-image-79032 size-full\" title=\"Mestrando Morcego's classes on Black ancestry through self-defense primarily serve children under ten.\" src=\"https:\/\/rioonwatch.org\/wp-content\/uploads\/2024\/07\/Black-ancestry-through-self-defense-classes-taught-by-Mestrando-Morcego-have-children-10-and-under-as-their-greatest-audience-1.png\" alt=\"Mestrando Morcego's classes on Black ancestry through self-defense primarily serve children under ten.\" width=\"1366\" height=\"690\" srcset=\"https:\/\/rioonwatch.org\/wp-content\/uploads\/2024\/07\/Black-ancestry-through-self-defense-classes-taught-by-Mestrando-Morcego-have-children-10-and-under-as-their-greatest-audience-1.png 1366w, https:\/\/rioonwatch.org\/wp-content\/uploads\/2024\/07\/Black-ancestry-through-self-defense-classes-taught-by-Mestrando-Morcego-have-children-10-and-under-as-their-greatest-audience-1-620x313.png 620w, https:\/\/rioonwatch.org\/wp-content\/uploads\/2024\/07\/Black-ancestry-through-self-defense-classes-taught-by-Mestrando-Morcego-have-children-10-and-under-as-their-greatest-audience-1-1245x629.png 1245w, https:\/\/rioonwatch.org\/wp-content\/uploads\/2024\/07\/Black-ancestry-through-self-defense-classes-taught-by-Mestrando-Morcego-have-children-10-and-under-as-their-greatest-audience-1-768x388.png 768w\" sizes=\"(max-width: 1366px) 100vw, 1366px\" \/><\/a><figcaption id=\"caption-attachment-79032\" class=\"wp-caption-text\">Mestrando Morcego&#8217;s classes on Black ancestry through self-defense primarily serve children under ten.<\/figcaption><\/figure>\n<p>During capoeira <a href=\"https:\/\/bit.ly\/3LCjFTS\"><em>batizados<\/em><\/a>, which are literally baptisms, practitioners receive a nickname that roots their belonging within capoeira. Just like Keto and Morcego, students also receive their capoeira names. One of Keto&#8217;s students, Dyennie dos Santos, 33, was given the nickname Cegonha [Stork]. She speaks about the importance of reclaiming ancestry through capoeira and the work of Mestrando Morcego and Mestre Keto.<\/p>\n<blockquote><p>&#8220;I&#8217;ve practiced other sports, but I found my identity in capoeira because it reconnects us with our ancestry&#8230; I&#8217;m teaching children, which is something I never imagined myself doing, and the children welcomed me with open arms&#8230; If I can be even a third of what they [Mestre Keto and Mestrando Morcego] represent to me, it will be wonderful!&#8221; \u2014 Dyennie dos Santos (Cegonha)<\/p><\/blockquote>\n<p>The accounts of Cristofer Nascimento, 29, nicknamed Charada [Riddler], highlight the physical health benefits of practicing capoeira. For him, suffering from a respiratory illness, the improvement has been remarkable.<\/p>\n<blockquote><p>&#8220;I&#8217;ve been on this journey since 2004. Since childhood, capoeira has brought benefits to my health. I have respiratory health problems but they&#8217;ve gotten better. Nowadays I am very grateful to capoeira. I&#8217;ve made friends and met a Mestrando [Morcego] who&#8217;s like a father to me. He&#8217;s gotten me out of a lot of trouble, given me a lot of advice.&#8221; \u2014 Cristofer Nascimento (Charada)<\/p><\/blockquote>\n<p>However, the impacts of capoeira also extend to more subjective layers of an individual&#8217;s existence. Especially for someone who is Afro-diasporic and lives in a stigmatized, predominantly Black area like Nova Igua\u00e7u, capoeira is a meeting with oneself, a means for physical and mental fulfillment.<\/p>\n<figure id=\"attachment_79034\" aria-describedby=\"caption-attachment-79034\" style=\"width: 1366px\" class=\"wp-caption aligncenter\"><a href=\"https:\/\/rioonwatch.org\/wp-content\/uploads\/2024\/07\/Mestrando-Morcegos-capoeira-class1.png\"><img loading=\"lazy\" decoding=\"async\" class=\"wp-image-79034 size-full\" title=\"Mestrando Morcego's capoeira class.\" src=\"https:\/\/rioonwatch.org\/wp-content\/uploads\/2024\/07\/Mestrando-Morcegos-capoeira-class1.png\" alt=\"Mestrando Morcego's capoeira class.\" width=\"1366\" height=\"687\" srcset=\"https:\/\/rioonwatch.org\/wp-content\/uploads\/2024\/07\/Mestrando-Morcegos-capoeira-class1.png 1366w, https:\/\/rioonwatch.org\/wp-content\/uploads\/2024\/07\/Mestrando-Morcegos-capoeira-class1-620x312.png 620w, https:\/\/rioonwatch.org\/wp-content\/uploads\/2024\/07\/Mestrando-Morcegos-capoeira-class1-1251x629.png 1251w, https:\/\/rioonwatch.org\/wp-content\/uploads\/2024\/07\/Mestrando-Morcegos-capoeira-class1-768x386.png 768w\" sizes=\"(max-width: 1366px) 100vw, 1366px\" \/><\/a><figcaption id=\"caption-attachment-79034\" class=\"wp-caption-text\">Mestrando Morcego&#8217;s capoeira class.<\/figcaption><\/figure>\n<p>Mestrando Morcego reflects on how capoeira has helped him overcome shyness. A sublime act of subversion, the Black <a href=\"https:\/\/bit.ly\/4fegiAb\"><em>ginga<\/em><\/a> [swinging motion central to capoeira] also enhances self-esteem and mental health.<\/p>\n<blockquote><p>&#8220;Capoeira was a turning point for me. I was a very quiet child, very shy. Capoeira helped me relax. Through capoeira, I got to know a lot of places that I never imagined!&#8221; \u2014 Eduardo Costa (Mestrando Morcego)<\/p><\/blockquote>\n<p>Just as it did for him, for others, capoeira serves initially unexpected functions. This is also true for Thaiane Christine, 31, nicknamed Cacheada [Curly], one of Morcego&#8217;s students, who finds strength in the ancestral Black <em>ginga<\/em> in her fight against anxiety.<\/p>\n<blockquote><p>&#8220;I started my journey in 2019. I train with Mestrando Morcego&#8230; capoeira added quality to my life&#8230; Because I have anxiety, I suffer from anxiety&#8230; Sometimes we come to practice with our heads full of thoughts&#8230; and in capoeira you can simply open your mind. It&#8217;s just you, the movement, the music, you can get absorbed. I didn&#8217;t just get practice buddies, I got a family in capoeira.&#8221; \u2014 Thaiane Christine (Cacheada)<\/p><\/blockquote>\n<figure id=\"attachment_79044\" aria-describedby=\"caption-attachment-79044\" style=\"width: 1366px\" class=\"wp-caption aligncenter\"><a href=\"https:\/\/rioonwatch.org\/wp-content\/uploads\/2024\/07\/Mestre-Morcegos-capoeira-class-in-session.png\"><img loading=\"lazy\" decoding=\"async\" class=\"wp-image-79044 size-full\" title=\"Mestrando Morcego's capoeira class in session.\" src=\"https:\/\/rioonwatch.org\/wp-content\/uploads\/2024\/07\/Mestre-Morcegos-capoeira-class-in-session.png\" alt=\"Mestrando Morcego's capoeira class in session. \" width=\"1366\" height=\"729\" srcset=\"https:\/\/rioonwatch.org\/wp-content\/uploads\/2024\/07\/Mestre-Morcegos-capoeira-class-in-session.png 1366w, https:\/\/rioonwatch.org\/wp-content\/uploads\/2024\/07\/Mestre-Morcegos-capoeira-class-in-session-620x331.png 620w, https:\/\/rioonwatch.org\/wp-content\/uploads\/2024\/07\/Mestre-Morcegos-capoeira-class-in-session-1179x629.png 1179w, https:\/\/rioonwatch.org\/wp-content\/uploads\/2024\/07\/Mestre-Morcegos-capoeira-class-in-session-768x410.png 768w\" sizes=\"(max-width: 1366px) 100vw, 1366px\" \/><\/a><figcaption id=\"caption-attachment-79044\" class=\"wp-caption-text\">Mestrando Morcego&#8217;s capoeira class in session.<\/figcaption><\/figure>\n<h3>Capoeira Circles in the Igua\u00e7u Arte Capoeira Cultural Center Circuit:<\/h3>\n<ul>\n<li>Master Keto\u2019s Circles: Every last Thursday of the month, starting at 7pm. Rua Democracia 226, Carmary, Nova Igua\u00e7u.<\/li>\n<li>Mestrando Morcego: Every 2nd Wednesday of every other month (bi-monthly), starting at 7pm. Usually at Pra\u00e7a do Nova Am\u00e9rica, but due to a power outage, we are holding it at the small square by the train tracks on Av. Goi\u00e2nia.<\/li>\n<li>Mestrando Pez\u00e3o: Every 3rd Saturday of the month, starting at 7pm. Pra\u00e7a do Catatau, near the INSS in Nova Igua\u00e7u.<\/li>\n<li>Professor Devagar: Every 1st Wednesday of the month, starting at 7pm. Pra\u00e7a Zumbi dos Palmares, Comendador Soares.<\/li>\n<li>Mestrando Merreca: Every 2nd Friday of the month starting at 7pm. Pra\u00e7a do BESC, Boa Esperan\u00e7a.<\/li>\n<\/ul>\n<h3>Watch the Video Report <a href=\"https:\/\/bit.ly\/GinjaSublime\">Here<\/a> (Click for English Subtitles).<\/h3>\n<figure id=\"attachment_79029\" aria-describedby=\"caption-attachment-79029\" style=\"width: 1366px\" class=\"wp-caption aligncenter\"><a href=\"https:\/\/rioonwatch.org\/wp-content\/uploads\/2024\/07\/Mestrando-Morcego-plays-berimbau-during-his-capoeira-class-in-Nova-Iguacu.png\"><img loading=\"lazy\" decoding=\"async\" class=\"wp-image-79029 size-full\" title=\"Mestrando Morcego plays berimbau during his capoeira class in Nova Igua\u00e7u.\" src=\"https:\/\/rioonwatch.org\/wp-content\/uploads\/2024\/07\/Mestrando-Morcego-plays-berimbau-during-his-capoeira-class-in-Nova-Iguacu.png\" alt=\"Mestrando Morcego plays berimbau during his capoeira class in Nova Igua\u00e7u.\" width=\"1366\" height=\"646\" srcset=\"https:\/\/rioonwatch.org\/wp-content\/uploads\/2024\/07\/Mestrando-Morcego-plays-berimbau-during-his-capoeira-class-in-Nova-Iguacu.png 1366w, https:\/\/rioonwatch.org\/wp-content\/uploads\/2024\/07\/Mestrando-Morcego-plays-berimbau-during-his-capoeira-class-in-Nova-Iguacu-620x293.png 620w, https:\/\/rioonwatch.org\/wp-content\/uploads\/2024\/07\/Mestrando-Morcego-plays-berimbau-during-his-capoeira-class-in-Nova-Iguacu-1330x629.png 1330w, https:\/\/rioonwatch.org\/wp-content\/uploads\/2024\/07\/Mestrando-Morcego-plays-berimbau-during-his-capoeira-class-in-Nova-Iguacu-768x363.png 768w\" sizes=\"(max-width: 1366px) 100vw, 1366px\" \/><\/a><figcaption id=\"caption-attachment-79029\" class=\"wp-caption-text\">Mestrando Morcego plays <a href=\"https:\/\/bit.ly\/3Wg4nsR\">berimbau<\/a> during his capoeira class in Nova Igua\u00e7u.<\/figcaption><\/figure>\n<p><em>About the author:\u00a0<a href=\"https:\/\/bit.ly\/4ctEb50\" target=\"_blank\" rel=\"noopener\">MC Onni<\/a> is from Nova Igua\u00e7u, Baixada Fluminense. Since 2008 he has worked as a cultural producer of Alma Versada and Sarau V (2014). As a rapper he released his first EP in 2017 and has announced a new album release for 2024.<\/em><\/p>\n<hr \/>\n<h4><b data-stringify-type=\"bold\">Support\u00a0<\/b><b data-stringify-type=\"bold\"><i data-stringify-type=\"italic\">RioOnWatch<\/i><\/b><b data-stringify-type=\"bold\">\u2019s tireless, critical and cutting-edge hyperlocal journalism, online community organizing meetings, and direct support to favelas\u00a0<\/b><b data-stringify-type=\"bold\"><a class=\"c-link\" href=\"http:\/\/bit.ly\/DonateToRioOnWatch\" target=\"_blank\" rel=\"noopener noreferrer\" data-stringify-link=\"http:\/\/bit.ly\/DonateToRioOnWatch\" data-sk=\"tooltip_parent\">by clicking here.<\/a><\/b><\/h4>\n","protected":false},"excerpt":{"rendered":"<div class=\"mh-excerpt\"><p>\ufeff\ufeff Clique aqui para Portugu\u00eas This article is part of\u00a0RioOnWatch\u2018s series on\u00a0Memories of Favela Power, which documents and celebrates the history of Rio de Janeiro\u2019s favelas through narratives and reports from residents\u2019 collective memory, in <a class=\"mh-excerpt-more\" href=\"https:\/\/rioonwatch.org\/?p=79026\" title=\"Capoeira \u2014 The Sublime Art of Subversion [VIDEO]\">[&#8230;]<\/a><\/p>\n<\/div>","protected":false},"author":245,"featured_media":79029,"comment_status":"closed","ping_status":"closed","sticky":false,"template":"template-full.php","format":"standard","meta":{"_monsterinsights_skip_tracking":false,"_monsterinsights_sitenote_active":false,"_monsterinsights_sitenote_note":"","_monsterinsights_sitenote_category":0,"footnotes":""},"categories":[1288,1328,1268,1284,329,1739],"tags":[315,662,460,169,674,1197,107,1862,3590,122,3703,458],"writer":[3642],"translator":[3452],"illustrator":[],"photographer":[],"class_list":{"0":"post-79026","1":"post","2":"type-post","3":"status-publish","4":"format-standard","5":"has-post-thumbnail","7":"category-highlight","8":"category-by-community-contributors","9":"category-favelaculture","10":"category-interviews-profiles","11":"category-solutions","12":"category-video","13":"tag-african-diaspora","14":"tag-afro-brazilian-culture","15":"tag-baixada-fluminense","16":"tag-capoeira","17":"tag-memory","18":"tag-greater-rio","19":"tag-health","20":"tag-mental-health","21":"tag-negritude","22":"tag-nova-iguacu","23":"tag-series-memories-of-favela-power","24":"tag-street-culture","25":"writer-mc-onni","26":"translator-staff"},"_links":{"self":[{"href":"https:\/\/rioonwatch.org\/index.php?rest_route=\/wp\/v2\/posts\/79026","targetHints":{"allow":["GET"]}}],"collection":[{"href":"https:\/\/rioonwatch.org\/index.php?rest_route=\/wp\/v2\/posts"}],"about":[{"href":"https:\/\/rioonwatch.org\/index.php?rest_route=\/wp\/v2\/types\/post"}],"author":[{"embeddable":true,"href":"https:\/\/rioonwatch.org\/index.php?rest_route=\/wp\/v2\/users\/245"}],"replies":[{"embeddable":true,"href":"https:\/\/rioonwatch.org\/index.php?rest_route=%2Fwp%2Fv2%2Fcomments&post=79026"}],"version-history":[{"count":4,"href":"https:\/\/rioonwatch.org\/index.php?rest_route=\/wp\/v2\/posts\/79026\/revisions"}],"predecessor-version":[{"id":79089,"href":"https:\/\/rioonwatch.org\/index.php?rest_route=\/wp\/v2\/posts\/79026\/revisions\/79089"}],"wp:featuredmedia":[{"embeddable":true,"href":"https:\/\/rioonwatch.org\/index.php?rest_route=\/wp\/v2\/media\/79029"}],"wp:attachment":[{"href":"https:\/\/rioonwatch.org\/index.php?rest_route=%2Fwp%2Fv2%2Fmedia&parent=79026"}],"wp:term":[{"taxonomy":"category","embeddable":true,"href":"https:\/\/rioonwatch.org\/index.php?rest_route=%2Fwp%2Fv2%2Fcategories&post=79026"},{"taxonomy":"post_tag","embeddable":true,"href":"https:\/\/rioonwatch.org\/index.php?rest_route=%2Fwp%2Fv2%2Ftags&post=79026"},{"taxonomy":"writer","embeddable":true,"href":"https:\/\/rioonwatch.org\/index.php?rest_route=%2Fwp%2Fv2%2Fwriter&post=79026"},{"taxonomy":"translator","embeddable":true,"href":"https:\/\/rioonwatch.org\/index.php?rest_route=%2Fwp%2Fv2%2Ftranslator&post=79026"},{"taxonomy":"illustrator","embeddable":true,"href":"https:\/\/rioonwatch.org\/index.php?rest_route=%2Fwp%2Fv2%2Fillustrator&post=79026"},{"taxonomy":"photographer","embeddable":true,"href":"https:\/\/rioonwatch.org\/index.php?rest_route=%2Fwp%2Fv2%2Fphotographer&post=79026"}],"curies":[{"name":"wp","href":"https:\/\/api.w.org\/{rel}","templated":true}]}}