{"id":79446,"date":"2024-09-07T10:16:25","date_gmt":"2024-09-07T13:16:25","guid":{"rendered":"https:\/\/rioonwatch.org\/?p=79446"},"modified":"2024-09-22T15:10:38","modified_gmt":"2024-09-22T18:10:38","slug":"the-sustainable-favela-networks-savory-wisdom-roundtable-on-favela-food-sovereignty-concludes-rios-13th-environmental-festival","status":"publish","type":"post","link":"https:\/\/rioonwatch.org\/?p=79446","title":{"rendered":"The Sustainable Favela Network&#8217;s &#8216;Savory Wisdom&#8217; Roundtable on Favela Food Sovereignty Concludes Rio&#8217;s 13th Environmental Film Festival"},"content":{"rendered":"<figure id=\"attachment_79447\" aria-describedby=\"caption-attachment-79447\" style=\"width: 2033px\" class=\"wp-caption aligncenter\"><a href=\"https:\/\/rioonwatch.org\/wp-content\/uploads\/2024\/09\/Participants-of-Flavors-and-Wisdoms.png\"><img fetchpriority=\"high\" decoding=\"async\" class=\"wp-image-79447 size-full\" title=\"Participants of the event &quot;The SFN's Wisdoms and Flavors from the Heart&quot; pose for a group photo. Photo: B\u00e1rbara Dias\/CatComm\" src=\"https:\/\/rioonwatch.org\/wp-content\/uploads\/2024\/09\/Participants-of-Flavors-and-Wisdoms.png\" alt=\"Participants of the event &quot;The SFN's Wisdoms and Flavors from the Heart&quot; pose for a group photo. Photo: B\u00e1rbara Dias\/CatComm\" width=\"2033\" height=\"665\" srcset=\"https:\/\/rioonwatch.org\/wp-content\/uploads\/2024\/09\/Participants-of-Flavors-and-Wisdoms.png 2033w, https:\/\/rioonwatch.org\/wp-content\/uploads\/2024\/09\/Participants-of-Flavors-and-Wisdoms-620x203.png 620w, https:\/\/rioonwatch.org\/wp-content\/uploads\/2024\/09\/Participants-of-Flavors-and-Wisdoms-1536x502.png 1536w, https:\/\/rioonwatch.org\/wp-content\/uploads\/2024\/09\/Participants-of-Flavors-and-Wisdoms-768x251.png 768w\" sizes=\"(max-width: 2033px) 100vw, 2033px\" \/><\/a><figcaption id=\"caption-attachment-79447\" class=\"wp-caption-text\">Participants of the &#8220;Savory Wisdom&#8221; roundtable pose for a group photo. Photo: B\u00e1rbara Dias<\/figcaption><\/figure>\n<h4 style=\"text-align: right;\"><a href=\"https:\/\/bit.ly\/4dYBZDk\" target=\"_blank\" rel=\"noopener\"><em><i><strong>Clique aqui para Portugu\u00eas<\/strong><\/i><\/em><em><i><img decoding=\"async\" class=\"alignright wp-image-23766 size-full\" src=\"https:\/\/www.rioonwatch.org\/wp-content\/uploads\/2012\/08\/PT-e1439583827971.png\" width=\"20\" height=\"20\" \/><\/i><\/em><\/a><\/h4>\n<p><em>On August 30, at <a href=\"https:\/\/bit.ly\/3uzlqXh\">Arena Dicr\u00f3<\/a> in <a href=\"https:\/\/bit.ly\/34AR8ac\">Penha<\/a>, in Rio de Janeiro&#8217;s <a href=\"https:\/\/bit.ly\/2IgR5qe\">North Zone<\/a>, the <a href=\"https:\/\/bit.ly\/3z9Chbn\">Sustainable Favela Network&#8217;s &#8220;Savory Wisdom&#8221; roundtable<\/a>\u00a0took place, featuring eight community organizers from <a href=\"https:\/\/bit.ly\/2IqnU52\">Greater Rio<\/a> favelas, all part of the <a href=\"https:\/\/bit.ly\/3nsyde6\">SFN<\/a>*. The event highlighted experiences spanning the entire food cycle, from planting to consumption, with a focus on <a href=\"https:\/\/bit.ly\/3w65Arn\">food security<\/a> and <a href=\"https:\/\/bit.ly\/43WHg98\">food sovereignty<\/a> in favelas. The panel was part of the closing of Rio de Janeiro&#8217;s 13th International Environmental Film Festival (<a href=\"https:\/\/bit.ly\/4ejKqsu\">Filmambiente<\/a>), held since 2011, and showcasing the best of global cinema with a focus on sustainability.<\/em><\/p>\n<p>Participating community organizers from the North Zone included: Luis Cassiano from <a href=\"http:\/\/bit.ly\/2SPEfDF\">Green Roof Favela<\/a> in <a href=\"http:\/\/bit.ly\/33uOYrJ\">Parque Arar\u00e1<\/a>; <a href=\"https:\/\/bit.ly\/4aSxjNr\">Valdirene Milit\u00e3o<\/a> from the <a href=\"https:\/\/bit.ly\/3ZBW9Pl\">Ricardo Barriga Project<\/a> in the <a href=\"https:\/\/bit.ly\/2dmXmFr\">Roquete Pinto<\/a> favela, in <a href=\"https:\/\/bit.ly\/2IgZ9Y4\">Complexo da Mar\u00e9<\/a>, and <a href=\"https:\/\/bit.ly\/3IUTzu7\">Fiocruz&#8217;s Mata Atl\u00e2ntica<\/a> program; Claudia Queiroga from <a href=\"https:\/\/bit.ly\/3MCCkzB\">Gastromotiva<\/a> in <a href=\"https:\/\/bit.ly\/39bC1cD\">Engenho da Rainha<\/a>; and Patr\u00edcia Ramalho from <a href=\"https:\/\/bit.ly\/2JViAZB\">Redes da Mar\u00e9<\/a>&#8216;s Health Axis and <a href=\"https:\/\/bit.ly\/3TqVGv9\">Mar\u00e9 Flavors<\/a> project. The Central and <a href=\"https:\/\/bit.ly\/318kJ9H\">South Zones<\/a>\u00a0were represented by Silvania da Silva from <a href=\"https:\/\/bit.ly\/31VLzqt\">Salgueiro&#8217;s Herb Growers&#8217;<\/a> collective, and <a href=\"https:\/\/bit.ly\/3TpZBZf\">Ev\u00e2nia de Paula<\/a> from <a href=\"https:\/\/bit.ly\/2SxloO8\">Vidigal<\/a> with her <a href=\"https:\/\/bit.ly\/4emmkO1\">Design and Living Well<\/a> project. Also present were Anna Paula Salles, founder of <a href=\"https:\/\/bit.ly\/3XGt2XP\">A.M.I.G.A.S.<\/a>, a women&#8217;s association from the favela of <a href=\"https:\/\/bit.ly\/4d6YK6N\">Engenho<\/a>, in the municipality of <a href=\"https:\/\/bit.ly\/3cQ1FBL\">Itagua\u00ed<\/a>, and Aparecida Passos from the <a href=\"https:\/\/bit.ly\/47ptdfg\">Hands to Work Institute<\/a>, in the municipality of <a href=\"https:\/\/bit.ly\/2Xl0W7S\">Mesquita<\/a>, both part of Greater Rio&#8217;s <a href=\"https:\/\/bit.ly\/2XQQdyV\">Baixada Fluminense<\/a> region.<\/p>\n<figure id=\"attachment_79449\" aria-describedby=\"caption-attachment-79449\" style=\"width: 2560px\" class=\"wp-caption aligncenter\"><img decoding=\"async\" class=\"wp-image-79449 size-full\" title=\"Participant of the event SFN's Wisdoms and Flavors from the Heart smells an herb at the Salgueiro Herb Growers booth during Filmambiente. Photo Barbara Dias\/CatComm\" src=\"https:\/\/rioonwatch.org\/wp-content\/uploads\/2024\/09\/Participant-of-the-event-SFNs-Wisdoms-and-Flavors-from-the-Heart-smells-an-herb-at-the-Salgueiro-Herb-Growers-booth-during-Filmambiente.-Photo-Barbara-DiasComCat-scaled-1.jpg\" alt=\"Participant of the event SFN's Wisdoms and Flavors from the Heart smells an herb at the Salgueiro Herb Growers booth during Filmambiente. Photo Barbara Dias\/CatComm\" width=\"2560\" height=\"1709\" srcset=\"https:\/\/rioonwatch.org\/wp-content\/uploads\/2024\/09\/Participant-of-the-event-SFNs-Wisdoms-and-Flavors-from-the-Heart-smells-an-herb-at-the-Salgueiro-Herb-Growers-booth-during-Filmambiente.-Photo-Barbara-DiasComCat-scaled-1.jpg 2560w, https:\/\/rioonwatch.org\/wp-content\/uploads\/2024\/09\/Participant-of-the-event-SFNs-Wisdoms-and-Flavors-from-the-Heart-smells-an-herb-at-the-Salgueiro-Herb-Growers-booth-during-Filmambiente.-Photo-Barbara-DiasComCat-scaled-1-620x414.jpg 620w, https:\/\/rioonwatch.org\/wp-content\/uploads\/2024\/09\/Participant-of-the-event-SFNs-Wisdoms-and-Flavors-from-the-Heart-smells-an-herb-at-the-Salgueiro-Herb-Growers-booth-during-Filmambiente.-Photo-Barbara-DiasComCat-scaled-1-942x629.jpg 942w, https:\/\/rioonwatch.org\/wp-content\/uploads\/2024\/09\/Participant-of-the-event-SFNs-Wisdoms-and-Flavors-from-the-Heart-smells-an-herb-at-the-Salgueiro-Herb-Growers-booth-during-Filmambiente.-Photo-Barbara-DiasComCat-scaled-1-768x513.jpg 768w, https:\/\/rioonwatch.org\/wp-content\/uploads\/2024\/09\/Participant-of-the-event-SFNs-Wisdoms-and-Flavors-from-the-Heart-smells-an-herb-at-the-Salgueiro-Herb-Growers-booth-during-Filmambiente.-Photo-Barbara-DiasComCat-scaled-1-1536x1025.jpg 1536w, https:\/\/rioonwatch.org\/wp-content\/uploads\/2024\/09\/Participant-of-the-event-SFNs-Wisdoms-and-Flavors-from-the-Heart-smells-an-herb-at-the-Salgueiro-Herb-Growers-booth-during-Filmambiente.-Photo-Barbara-DiasComCat-scaled-1-2048x1367.jpg 2048w\" sizes=\"(max-width: 2560px) 100vw, 2560px\" \/><figcaption id=\"caption-attachment-79449\" class=\"wp-caption-text\">Event participant smells an herb at the Salgueiro Herb Growers booth. Photo Barbara Dias<\/figcaption><\/figure>\n<p>The event began with opening words from Gisele Moura, coordinator of the Sustainable Favela Network&#8217;s management team. She thanked <a href=\"https:\/\/bit.ly\/4ejKqsu\">Filmambiente<\/a> for the invitation, Arena Dicr\u00f3 for providing space for the event, and <a href=\"https:\/\/bit.ly\/4gmhyC0\">AS-PTA Family Farming and Agroecology<\/a> for supporting the recent documentation of work carried out by the SFN&#8217;s Food Sovereignty working group.<\/p>\n<blockquote><p>\u201cThe Sustainable Favela Network is a wide-ranging mobilization of community organizers and technical allies. We are 700 people gathered in a network, representing over 300 favelas that, together, are fighting and advocating for climate justice and socio-environmental resilience in the favelas of Greater Rio.\u201d \u2014 Gisele Moura<\/p><\/blockquote>\n<h3>Panel 1: Water, Soil, Planting, and Community Gardens<\/h3>\n<p>The first panel began with a talk by Luis Cassiano, a resident of Parque Arar\u00e1, who has implemented an impressive <a href=\"https:\/\/bit.ly\/47nfky2\">green roof on his home<\/a>. In his presentation, he discussed what this technology entails and how it has <a href=\"http:\/\/bit.ly\/2ZLiRUG\">successfully reduced the temperature<\/a> inside his house, making the space <a href=\"https:\/\/bit.ly\/47lcby1\">healthier<\/a> and more comfortable.<\/p>\n<blockquote><p>\u201cIn Arar\u00e1, it&#8217;s really hot. Super hot. The favela has no more space, no land left for anything. Now, the favela grows upward. I have a five-story house, and on the top floor, I have a green roof.\u201d \u2014 Luis Cassiano<\/p><\/blockquote>\n<p>Cassiano spoke about the possibility of using the green roof as a space for planting various edible plants and those with medicinal or therapeutic uses. Additionally, he highlighted that the green roof is an alternative that can be applied in small spaces, such as balconies and to cover rooftop water tanks, keeping water cooler.<\/p>\n<blockquote><p>\u201cThen, you might ask: but what about food sovereignty? Can you grow food on the green roof? Well, I can&#8217;t grow a full vegetable garden. Because, let&#8217;s say, lettuce or kale need deeper soil to take root. But I have other things that are edible&#8230; like prickly pear&#8230; even its fruit is edible. I have plenty of aloe vera. There are some medicinal herbs. Kalanchoe grows well&#8230; In addition, on the floor below, the fourth floor of my house, I have a balcony full of plants. And now I&#8217;m transitioning to actually growing food there. So, I have my little kale plants, my little lettuce plants. There&#8217;s also a lot of fruit trees.\u201d \u2014 Luis Cassiano<\/p><\/blockquote>\n<figure id=\"attachment_79450\" aria-describedby=\"caption-attachment-79450\" style=\"width: 2560px\" class=\"wp-caption aligncenter\"><a href=\"https:\/\/rioonwatch.org\/wp-content\/uploads\/2024\/09\/Luis-Cassiano-on-the-left-Evania-de-Paula-in-the-middle-and-Gisele-Moura-on-the-right-participate-in-the-first-panel-Water-soil-planting-and-community-gardens-during-Filmambiente.-Photo-Barbara-Dias.jpg\"><img loading=\"lazy\" decoding=\"async\" class=\"wp-image-79450 size-full\" title=\"Luis Cassiano on the left, Ev\u00e2nia de Paula in the middle, and Gisele Moura on the right participate in the first panel &quot;Water, soil, planting, and community gardens&quot; during Filmambiente. Photo B\u00e1rbara Dias\/CatComm\" src=\"https:\/\/rioonwatch.org\/wp-content\/uploads\/2024\/09\/Luis-Cassiano-on-the-left-Evania-de-Paula-in-the-middle-and-Gisele-Moura-on-the-right-participate-in-the-first-panel-Water-soil-planting-and-community-gardens-during-Filmambiente.-Photo-Barbara-Dias.jpg\" alt=\"Luis Cassiano on the left, Ev\u00e2nia de Paula in the middle, and Gisele Moura on the right participate in the first panel &quot;Water, soil, planting, and community gardens&quot; during Filmambiente. Photo B\u00e1rbara Dias\/CatComm\" width=\"2560\" height=\"1709\" srcset=\"https:\/\/rioonwatch.org\/wp-content\/uploads\/2024\/09\/Luis-Cassiano-on-the-left-Evania-de-Paula-in-the-middle-and-Gisele-Moura-on-the-right-participate-in-the-first-panel-Water-soil-planting-and-community-gardens-during-Filmambiente.-Photo-Barbara-Dias.jpg 2560w, https:\/\/rioonwatch.org\/wp-content\/uploads\/2024\/09\/Luis-Cassiano-on-the-left-Evania-de-Paula-in-the-middle-and-Gisele-Moura-on-the-right-participate-in-the-first-panel-Water-soil-planting-and-community-gardens-during-Filmambiente.-Photo-Barbara-Dias-620x414.jpg 620w, https:\/\/rioonwatch.org\/wp-content\/uploads\/2024\/09\/Luis-Cassiano-on-the-left-Evania-de-Paula-in-the-middle-and-Gisele-Moura-on-the-right-participate-in-the-first-panel-Water-soil-planting-and-community-gardens-during-Filmambiente.-Photo-Barbara-Dias-942x629.jpg 942w, https:\/\/rioonwatch.org\/wp-content\/uploads\/2024\/09\/Luis-Cassiano-on-the-left-Evania-de-Paula-in-the-middle-and-Gisele-Moura-on-the-right-participate-in-the-first-panel-Water-soil-planting-and-community-gardens-during-Filmambiente.-Photo-Barbara-Dias-768x513.jpg 768w, https:\/\/rioonwatch.org\/wp-content\/uploads\/2024\/09\/Luis-Cassiano-on-the-left-Evania-de-Paula-in-the-middle-and-Gisele-Moura-on-the-right-participate-in-the-first-panel-Water-soil-planting-and-community-gardens-during-Filmambiente.-Photo-Barbara-Dias-1536x1025.jpg 1536w, https:\/\/rioonwatch.org\/wp-content\/uploads\/2024\/09\/Luis-Cassiano-on-the-left-Evania-de-Paula-in-the-middle-and-Gisele-Moura-on-the-right-participate-in-the-first-panel-Water-soil-planting-and-community-gardens-during-Filmambiente.-Photo-Barbara-Dias-2048x1367.jpg 2048w\" sizes=\"(max-width: 2560px) 100vw, 2560px\" \/><\/a><figcaption id=\"caption-attachment-79450\" class=\"wp-caption-text\">Luis Cassiano on the left, Ev\u00e2nia de Paula in the middle, and Gisele Moura on the right participate in the first panel &#8220;Water, soil, planting, and community gardens&#8221; during Filmambiente. Photo B\u00e1rbara Dias<\/figcaption><\/figure>\n<p>Ev\u00e2nia de Paula, born and raised in the Vidigal community, a visual artist and PhD candidate at <a href=\"https:\/\/bit.ly\/2x5tYNO\">PUC-Rio<\/a>, shared her insights on the Design and Living Well project.<\/p>\n<blockquote><p>\u201cIt\u2019s design that speaks to a sustainable way of life. As Cassiano was saying, we as human beings have a biocentric need to be in contact with nature&#8230; And the work of design, of the visual artist, must be sustainable. My community has grown vertically and has little nature, few green spaces. Vidigal has been affected by concrete; everything is paved over!\u201d \u2014 Ev\u00e2nia de Paula<\/p><\/blockquote>\n<p>She spoke about how her partnerships with community groups ONG Horizonte and Comunidade Recicla, allow her to hold art workshops and develop a community garden.<\/p>\n<blockquote><p>\u201cIn our community, <a href=\"https:\/\/bit.ly\/2ZhUFLR\">Comlurb<\/a> [garbage utility] doesn&#8217;t collect all the trash, and what they don&#8217;t collect, the community throws down the hillside. As a result, the hillside was full of trash, and the Comunidade Recicla project cleaned up the area and removed it. Now, in one of those spots, we&#8217;re developing a <a href=\"https:\/\/bit.ly\/2zxdPhB\">community garden<\/a>.\u201d \u2014 Ev\u00e2nia de Paula<\/p><\/blockquote>\n<p>As the trash was being removed from the hillsides of Vidigal, she was inspired to create a work of art.<\/p>\n<blockquote><p>\u201cI saw a turtle being rescued from the sea, dead. So, I created this piece to inspire us to reflect on what we do with our trash. Where does our trash go? We need to think about that!\u201d \u2014 Ev\u00e2nia de Paula<\/p><\/blockquote>\n<h3>Panel 2: Edible Herbs, Agroecology and Zero Waste<\/h3>\n<p>Silvania da Silva, an herbalist from Salgueiro, began her talk by emphasizing her journey, which is an ancestral continuation of the work her grandmother did with herbs.<\/p>\n<blockquote><p>\u201cI was raised on watercress syrup, with everyday health practices. It was with watercress syrup that my grandmother raised me. Over time, [this <a href=\"https:\/\/bit.ly\/3rpCQWx\">ancestral technology<\/a>] has been lost. So, our group works on rescuing and preserving the traditions of food, herbs, and spiritual practices as well. This work holds huge meaning for me.\u201d \u2014 Silvania da Silva<\/p><\/blockquote>\n<p>In addition to her work with medicinal and spiritual herbs, da Silva also works with the municipal community garden program <a href=\"https:\/\/bit.ly\/2zxdPhB\">Hortas Cariocas<\/a>.<\/p>\n<blockquote><p>\u201cWe have Hortas Cariocas in Salgueiro, which is extremely important because it produces the food that is distributed to the Bombeiro Geraldo Dias School. That&#8217;s where I went to school, where my aunt went to school, and my dad went to school\u2026 it\u2019s part of our community\u2019s heritage. So, our garden produces, delivers to the school, and distributes [food] to the residents as well.\u201d \u2014 Silvania da Silva<\/p><\/blockquote>\n<figure id=\"attachment_79451\" aria-describedby=\"caption-attachment-79451\" style=\"width: 2560px\" class=\"wp-caption aligncenter\"><a href=\"https:\/\/rioonwatch.org\/wp-content\/uploads\/2024\/09\/Valdirene-Militao-and-Silvania-da-Silva-participate-in-the-second-panel-Agroecology-food-herbs-edible-plants-and-integral-use-of-food-during-Filmambiente.-Photo-Barbara-Dias.jpg\"><img loading=\"lazy\" decoding=\"async\" class=\"wp-image-79451 size-full\" title=\"Valdirene Milit\u00e3o and Silvania da Silva participate in the second panel &quot;Edible Herbs and Plants, Agroecology, and the Full Use of Food&quot; during Filmambiente. Photo B\u00e1rbara Dias\/CatComm\" src=\"https:\/\/rioonwatch.org\/wp-content\/uploads\/2024\/09\/Valdirene-Militao-and-Silvania-da-Silva-participate-in-the-second-panel-Agroecology-food-herbs-edible-plants-and-integral-use-of-food-during-Filmambiente.-Photo-Barbara-Dias.jpg\" alt=\"Valdirene Milit\u00e3o and Silvania da Silva participate in the second panel &quot;Edible Herbs and Plants, Agroecology, and the Full Use of Food&quot; during Filmambiente. Photo B\u00e1rbara Dias\/CatComm\" width=\"2560\" height=\"1706\" srcset=\"https:\/\/rioonwatch.org\/wp-content\/uploads\/2024\/09\/Valdirene-Militao-and-Silvania-da-Silva-participate-in-the-second-panel-Agroecology-food-herbs-edible-plants-and-integral-use-of-food-during-Filmambiente.-Photo-Barbara-Dias.jpg 2560w, https:\/\/rioonwatch.org\/wp-content\/uploads\/2024\/09\/Valdirene-Militao-and-Silvania-da-Silva-participate-in-the-second-panel-Agroecology-food-herbs-edible-plants-and-integral-use-of-food-during-Filmambiente.-Photo-Barbara-Dias-620x413.jpg 620w, https:\/\/rioonwatch.org\/wp-content\/uploads\/2024\/09\/Valdirene-Militao-and-Silvania-da-Silva-participate-in-the-second-panel-Agroecology-food-herbs-edible-plants-and-integral-use-of-food-during-Filmambiente.-Photo-Barbara-Dias-944x629.jpg 944w, https:\/\/rioonwatch.org\/wp-content\/uploads\/2024\/09\/Valdirene-Militao-and-Silvania-da-Silva-participate-in-the-second-panel-Agroecology-food-herbs-edible-plants-and-integral-use-of-food-during-Filmambiente.-Photo-Barbara-Dias-768x512.jpg 768w, https:\/\/rioonwatch.org\/wp-content\/uploads\/2024\/09\/Valdirene-Militao-and-Silvania-da-Silva-participate-in-the-second-panel-Agroecology-food-herbs-edible-plants-and-integral-use-of-food-during-Filmambiente.-Photo-Barbara-Dias-1536x1024.jpg 1536w, https:\/\/rioonwatch.org\/wp-content\/uploads\/2024\/09\/Valdirene-Militao-and-Silvania-da-Silva-participate-in-the-second-panel-Agroecology-food-herbs-edible-plants-and-integral-use-of-food-during-Filmambiente.-Photo-Barbara-Dias-2048x1365.jpg 2048w\" sizes=\"(max-width: 2560px) 100vw, 2560px\" \/><\/a><figcaption id=\"caption-attachment-79451\" class=\"wp-caption-text\">Valdirene Milit\u00e3o and Silvania da Silva participate in the second panel &#8220;Edible Herbs, Agroecology and Zero Waste.&#8221; Photo B\u00e1rbara Dias<\/figcaption><\/figure>\n<p><a href=\"https:\/\/bit.ly\/3zbC1sq\">Valdirene Milit\u00e3o<\/a>, from the Ricardo Barriga Project, spoke about community gardens as a means of producing healthy food and promoting well-being.<\/p>\n<blockquote><p>\u201cWhen we talk about setting up a vegetable garden, we&#8217;re talking about health. We&#8217;re generating our own food, planting fruit, herbs, greens, and vegetables without pesticides.\u201d \u2014 Valdirene Milit\u00e3o<\/p><\/blockquote>\n<p>Milit\u00e3o also spoke about her rooftop garden, which creates a green space within Complexo da Mar\u00e9. According to her, it is a place where food is grown and harvested, but above all, it is a space of well-being.<\/p>\n<blockquote><p>\u201cToday, I talk about my garden inside the Mar\u00e9 favela, on the fourth floor [of the building where I live]. What does my green rooftop terrace mean for the neighborhood? When we talk about well-being, I use my son as an example. During the pandemic, he said: \u2018I\u2019m going to the rooftop, I\u2019m going to my mom\u2019s garden because that&#8217;s where I find peace, that&#8217;s where I feel good.\u2019 So, gardens are about more than just food.\u201d \u2014 Valdirene Milit\u00e3o<\/p><\/blockquote>\n<h3>Panel 3: Cooking from the Heart, Solidarity and Sustainable Eating<\/h3>\n<p>The final panel began with a report from Claudia Queiroga about the solidarity kitchen in Engenho da Rainha. The goal of Gastromotiva is to provide healthy and full meals to socially vulnerable populations.<\/p>\n<blockquote><p>\u201cI chose to donate meals during the <a href=\"https:\/\/bit.ly\/2RD5IJR\">pandemic<\/a> to socially vulnerable people, people experiencing homelessness\u2026 In dealing with people on the streets, you need, first and foremost, to love\u2026 It\u2019s not easy; they question us. They want to know why we&#8217;re doing this for them. And what I found out was that I needed to give them a bit of love in the form of a meal, a bit of what I learned from my grandmother\u2026 I always say that being raised by my grandmother gave me the authority to talk about food. All of us here talk about the importance of the land, water, and food\u2026 I seek food as a form of healing.\u201d \u2014 Claudia Queiroga<\/p><\/blockquote>\n<figure id=\"attachment_79452\" aria-describedby=\"caption-attachment-79452\" style=\"width: 2560px\" class=\"wp-caption aligncenter\"><a href=\"https:\/\/rioonwatch.org\/wp-content\/uploads\/2024\/09\/Anna-Paula-Salles-Patricia-Ramalho-Aparecida-Passos-Claudia-Queiroga-and-Gisele-Moura-in-the-panel-Cooking-from-the-Heart-Solidarity-and-Sustainable-Eating-during-Filmambiente.-Photo-Barbara-Dias.jpg\"><img loading=\"lazy\" decoding=\"async\" class=\"wp-image-79452 size-full\" title=\"From left to right: Anna Paula Salles, Patr\u00edcia Ramalho, Aparecida Passos, Claudia Queiroga, and Gisele Moura in the panel &quot;Cooking from the Heart: Solidarity and Sustainable Eating&quot; during Filmambiente. Photo B\u00e1rbara Dias\/CatComm\" src=\"https:\/\/rioonwatch.org\/wp-content\/uploads\/2024\/09\/Anna-Paula-Salles-Patricia-Ramalho-Aparecida-Passos-Claudia-Queiroga-and-Gisele-Moura-in-the-panel-Cooking-from-the-Heart-Solidarity-and-Sustainable-Eating-during-Filmambiente.-Photo-Barbara-Dias.jpg\" alt=\"From left to right: Anna Paula Salles, Patr\u00edcia Ramalho, Aparecida Passos, Claudia Queiroga, and Gisele Moura in the panel &quot;Cooking from the Heart: Solidarity and Sustainable Eating&quot; during Filmambiente. Photo B\u00e1rbara Dias\/CatComm\" width=\"2560\" height=\"1706\" srcset=\"https:\/\/rioonwatch.org\/wp-content\/uploads\/2024\/09\/Anna-Paula-Salles-Patricia-Ramalho-Aparecida-Passos-Claudia-Queiroga-and-Gisele-Moura-in-the-panel-Cooking-from-the-Heart-Solidarity-and-Sustainable-Eating-during-Filmambiente.-Photo-Barbara-Dias.jpg 2560w, https:\/\/rioonwatch.org\/wp-content\/uploads\/2024\/09\/Anna-Paula-Salles-Patricia-Ramalho-Aparecida-Passos-Claudia-Queiroga-and-Gisele-Moura-in-the-panel-Cooking-from-the-Heart-Solidarity-and-Sustainable-Eating-during-Filmambiente.-Photo-Barbara-Dias-620x413.jpg 620w, https:\/\/rioonwatch.org\/wp-content\/uploads\/2024\/09\/Anna-Paula-Salles-Patricia-Ramalho-Aparecida-Passos-Claudia-Queiroga-and-Gisele-Moura-in-the-panel-Cooking-from-the-Heart-Solidarity-and-Sustainable-Eating-during-Filmambiente.-Photo-Barbara-Dias-944x629.jpg 944w, https:\/\/rioonwatch.org\/wp-content\/uploads\/2024\/09\/Anna-Paula-Salles-Patricia-Ramalho-Aparecida-Passos-Claudia-Queiroga-and-Gisele-Moura-in-the-panel-Cooking-from-the-Heart-Solidarity-and-Sustainable-Eating-during-Filmambiente.-Photo-Barbara-Dias-768x512.jpg 768w, https:\/\/rioonwatch.org\/wp-content\/uploads\/2024\/09\/Anna-Paula-Salles-Patricia-Ramalho-Aparecida-Passos-Claudia-Queiroga-and-Gisele-Moura-in-the-panel-Cooking-from-the-Heart-Solidarity-and-Sustainable-Eating-during-Filmambiente.-Photo-Barbara-Dias-1536x1024.jpg 1536w, https:\/\/rioonwatch.org\/wp-content\/uploads\/2024\/09\/Anna-Paula-Salles-Patricia-Ramalho-Aparecida-Passos-Claudia-Queiroga-and-Gisele-Moura-in-the-panel-Cooking-from-the-Heart-Solidarity-and-Sustainable-Eating-during-Filmambiente.-Photo-Barbara-Dias-2048x1365.jpg 2048w\" sizes=\"(max-width: 2560px) 100vw, 2560px\" \/><\/a><figcaption id=\"caption-attachment-79452\" class=\"wp-caption-text\">From left to right: Anna Paula Salles, Patr\u00edcia Ramalho, Aparecida Passos, Claudia Queiroga, and Gisele Moura on the panel &#8220;Cooking from the Heart: Solidarity and Sustainable Eating.&#8221; Photo B\u00e1rbara Dias<\/figcaption><\/figure>\n<p>The story of Anna Paula Salles from A.M.I.G.A.S. in Itagua\u00ed is also about a solidarity kitchen. She started with the help of neighbors and close friends: everything is \u201c<a href=\"https:\/\/bit.ly\/3jNdIWx\">by us, for us<\/a>.\u201d Eventually, she won a grant from Gastromotiva and was able to better structure her initiative in the Engenho favela.<\/p>\n<blockquote><p>\u201cIn the midst of the sadness and the number of infections and deaths being tolled on the <a href=\"https:\/\/bit.ly\/3eG0Qhr\">Covid-19 in Favelas Unified Dashboard<\/a>\u2026 in December 2020, I helped a woman who was severely burned from cooking with alcohol. I saw her situation, her pain, and I couldn\u2019t even give her a basic food basket because she was traumatized by cooking over a fire. I started hearing other stories, visiting other homes where women were cooking with firewood.<\/p>\n<p>And then, out of nowhere, while penniless, with only the will to do something, we created the Itagua\u00ed Solidarity Kitchen through community mobilization. No authorities helped, no deputies, no councilors, no one. It was by us for us. Each woman, each friend, each enemy, donated beans, rice, and that\u2019s how we managed to make the first community soup kitchen.\u201d \u2014 Anna Paula Salles<\/p><\/blockquote>\n<p>Aparecida Passos from Mesquita&#8217;s Hands to Work Institute, in her role as a social advisor, practices active and empathetic listening with women in distress. She developed a community gardening project in collaboration with the Social Assistance Reference Center (<a href=\"https:\/\/bit.ly\/4ef2cNJ\">CRAS<\/a>).<\/p>\n<blockquote><p>\u201cThe Hands to the Garden project\u2026 [started with] some old tires\u2026 I arranged for some lab coats for the women, so they could get involved without dirtying their clothes\u2026 Why did we do it at the CRAS? Because they had classes there, since the center is connected to a municipal school. So, naturally, along with these women who had classes\u2026 there were children, learning about planting and how they could have a healthy diet.\u201d \u2014 Aparecida Passos<\/p><\/blockquote>\n<p>Patricia Ramalho shared that the topic of food security at Redes da Mar\u00e9 began a few years ago, based on the demand from mothers of students involved in the project, who were interested in vocational courses. From there, a culinary project was conceived.<\/p>\n<blockquote><p>\u201cDuring the project, in the culinary training, the women were also trained in gender issues, citizenship, and human rights. From there, we established the Mar\u00e9 Flavors catering service, which generates work and income for these women. In the end, I don\u2019t know the exact number, but it\u2019s been thousands of women. The catering is exclusively made up of women from Mar\u00e9.\u201d \u2014 Patricia Ramalho<\/p><\/blockquote>\n<p>She mentioned that, in addition to professional training for participants, meals are also donated to socially vulnerable families, providing a foundation for further achievements.<\/p>\n<blockquote><p>\u201cThe donation of 500 meals daily to people experiencing homelessness and to families facing food insecurity\u2026 This is what everyone here has been saying: food is the first step for people to secure their other rights.\u201d \u2014 Patricia Ramalho<\/p><\/blockquote>\n<p>The entire event was imbued with a deep and enriching construction of collective wisdom. The community organizers present shared their experiences and discussed solutions to ensure food security and sovereignty in the favelas. Above all, autonomy, sustainability, and health based on ancestral technologies were emphasized as defining features of the favelas.<\/p>\n<p>The strengthening of collective and community actions thrives on listening and sharing knowledge and practices. As the African proverb wisely notes: \u201cIf you want to go fast, go alone. If you want to go far, go together.\u201d The Sustainable Favela Network&#8217;s Savory Wisdom roundtable not only fostered the exchange of valuable experiences but also propelled the growth and replication of crucial food security and sovereignty projects in the favelas.<\/p>\n<h3>Don\u2019t miss the full album by B\u00e1rbara Dias\u00a0<a href=\"https:\/\/bit.ly\/3XC8DF2\" target=\"_blank\" rel=\"noopener\">on Flickr<\/a>:<\/h3>\n<p><a title=\"Mesa de Di\u00e1logos &quot;Saberes Afetivos e Sabores da RFS&quot; no Filmambiente, 30 de agosto de 2024\" href=\"https:\/\/www.flickr.com\/photos\/catcomm\/albums\/72177720320070510\" data-flickr-embed=\"true\"><img loading=\"lazy\" decoding=\"async\" src=\"https:\/\/live.staticflickr.com\/65535\/53971992786_dd9a4be338_b.jpg\" alt=\"Mesa de Di\u00e1logos &quot;Saberes Afetivos e Sabores da RFS&quot; no Filmambiente, 30 de agosto de 2024\" width=\"1024\" height=\"768\" \/><\/a><script async src=\"\/\/embedr.flickr.com\/assets\/client-code.js\" charset=\"utf-8\"><\/script><\/p>\n<p><em>*The Sustainable Favela Network (SFN) and RioOnWatch are both initiatives realized by not-for-profit organization Catalytic Communities (CatComm).<\/em><\/p>\n<p><em>About the author and photographer:\u00a0<a href=\"https:\/\/bit.ly\/3Gc3OJU\" target=\"_blank\" rel=\"noopener\">B\u00e1rbara Dias<\/a>\u00a0was born and raised in Bangu, in Rio\u2019s West Zone. She has a degree in Biological Sciences, a master\u2019s in Environmental Education, and has been a public school teacher since 2006. She is a photojournalist and also works with documentary photography. She is a popular communicator for N\u00facleo Piratininga de Comunica\u00e7\u00e3o (<a href=\"https:\/\/bit.ly\/3i2GcdN\" target=\"_blank\" rel=\"noopener\">NPC<\/a>) and co-founder of\u00a0<a href=\"https:\/\/bit.ly\/3vfY8bj\" target=\"_blank\" rel=\"noopener\">Coletivo Fotoguerrilha<\/a>.<\/em><\/p>\n<hr \/>\n<h4><b>Support\u00a0<\/b><b><i>RioOnWatch<\/i><\/b><b>\u2019s tireless, critical and cutting-edge hyperlocal journalism, online community organizing meetings, and direct support to favelas\u00a0<a href=\"http:\/\/bit.ly\/FavelaCovidResponse\" target=\"_blank\" rel=\"noopener noreferrer\">by clicking here<\/a><\/b><b>.<\/b><\/h4>\n","protected":false},"excerpt":{"rendered":"<div class=\"mh-excerpt\"><p>Clique aqui para Portugu\u00eas On August 30, at Arena Dicr\u00f3 in Penha, in Rio de Janeiro&#8217;s North Zone, the Sustainable Favela Network&#8217;s &#8220;Savory Wisdom&#8221; roundtable\u00a0took place, featuring eight community organizers from Greater Rio favelas, all <a class=\"mh-excerpt-more\" href=\"https:\/\/rioonwatch.org\/?p=79446\" title=\"The Sustainable Favela Network&#8217;s &#8216;Savory Wisdom&#8217; Roundtable on Favela Food Sovereignty Concludes Rio&#8217;s 13th Environmental Film Festival\">[&#8230;]<\/a><\/p>\n<\/div>","protected":false},"author":245,"featured_media":79447,"comment_status":"closed","ping_status":"closed","sticky":false,"template":"template-full.php","format":"standard","meta":{"_monsterinsights_skip_tracking":false,"_monsterinsights_sitenote_active":false,"_monsterinsights_sitenote_note":"","_monsterinsights_sitenote_category":0,"footnotes":""},"categories":[1288,1328,1290,1333,1271,329,452],"tags":[460,2405,258,280,3616,566,3148,3534,656,1569,3416,1708,1701,37,1990,1621,193,906,156,471,3186,363],"writer":[3542],"translator":[3720],"illustrator":[],"photographer":[3548],"class_list":{"0":"post-79446","1":"post","2":"type-post","3":"status-publish","4":"format-standard","5":"has-post-thumbnail","7":"category-highlight","8":"category-by-community-contributors","9":"category-civilsociety","10":"category-event-reports","11":"category-favelaqualities","12":"category-solutions","13":"category-rio20","14":"tag-baixada-fluminense","15":"tag-community-garden","16":"tag-community-solution","17":"tag-complexo-da-mare","18":"tag-engenho","19":"tag-engenho-da-rainha","20":"tag-food-security","21":"tag-food-sovereignty","22":"tag-gastronomy","23":"tag-green-roof","24":"tag-hortas-cariocas","25":"tag-itaguai","26":"tag-mesquita","27":"tag-north-zone","28":"tag-nos-por-nos","29":"tag-parque-arara","30":"tag-penha","31":"tag-salgueiro","32":"tag-south-zone","33":"tag-sustainability","34":"tag-sfn","35":"tag-vidigal","36":"writer-barbara-dias","37":"translator-kincaid-cummings","38":"photographer-barbara-dias"},"_links":{"self":[{"href":"https:\/\/rioonwatch.org\/index.php?rest_route=\/wp\/v2\/posts\/79446","targetHints":{"allow":["GET"]}}],"collection":[{"href":"https:\/\/rioonwatch.org\/index.php?rest_route=\/wp\/v2\/posts"}],"about":[{"href":"https:\/\/rioonwatch.org\/index.php?rest_route=\/wp\/v2\/types\/post"}],"author":[{"embeddable":true,"href":"https:\/\/rioonwatch.org\/index.php?rest_route=\/wp\/v2\/users\/245"}],"replies":[{"embeddable":true,"href":"https:\/\/rioonwatch.org\/index.php?rest_route=%2Fwp%2Fv2%2Fcomments&post=79446"}],"version-history":[{"count":3,"href":"https:\/\/rioonwatch.org\/index.php?rest_route=\/wp\/v2\/posts\/79446\/revisions"}],"predecessor-version":[{"id":79510,"href":"https:\/\/rioonwatch.org\/index.php?rest_route=\/wp\/v2\/posts\/79446\/revisions\/79510"}],"wp:featuredmedia":[{"embeddable":true,"href":"https:\/\/rioonwatch.org\/index.php?rest_route=\/wp\/v2\/media\/79447"}],"wp:attachment":[{"href":"https:\/\/rioonwatch.org\/index.php?rest_route=%2Fwp%2Fv2%2Fmedia&parent=79446"}],"wp:term":[{"taxonomy":"category","embeddable":true,"href":"https:\/\/rioonwatch.org\/index.php?rest_route=%2Fwp%2Fv2%2Fcategories&post=79446"},{"taxonomy":"post_tag","embeddable":true,"href":"https:\/\/rioonwatch.org\/index.php?rest_route=%2Fwp%2Fv2%2Ftags&post=79446"},{"taxonomy":"writer","embeddable":true,"href":"https:\/\/rioonwatch.org\/index.php?rest_route=%2Fwp%2Fv2%2Fwriter&post=79446"},{"taxonomy":"translator","embeddable":true,"href":"https:\/\/rioonwatch.org\/index.php?rest_route=%2Fwp%2Fv2%2Ftranslator&post=79446"},{"taxonomy":"illustrator","embeddable":true,"href":"https:\/\/rioonwatch.org\/index.php?rest_route=%2Fwp%2Fv2%2Fillustrator&post=79446"},{"taxonomy":"photographer","embeddable":true,"href":"https:\/\/rioonwatch.org\/index.php?rest_route=%2Fwp%2Fv2%2Fphotographer&post=79446"}],"curies":[{"name":"wp","href":"https:\/\/api.w.org\/{rel}","templated":true}]}}