{"id":79719,"date":"2024-10-06T18:31:34","date_gmt":"2024-10-06T21:31:34","guid":{"rendered":"https:\/\/rioonwatch.org\/?p=79719"},"modified":"2024-10-13T19:14:06","modified_gmt":"2024-10-13T22:14:06","slug":"in-rio-de-janeiro-favela-residents-in-complexo-do-alemao-create-a-popular-action-plan-highlighting-a-path-for-representation-in-the-city","status":"publish","type":"post","link":"https:\/\/rioonwatch.org\/?p=79719","title":{"rendered":"In Rio de Janeiro, Favela Residents in Complexo do Alem\u00e3o Create a Popular Action Plan, Highlighting a Path for Representation in the City"},"content":{"rendered":"<figure id=\"attachment_79721\" aria-describedby=\"caption-attachment-79721\" style=\"width: 2539px\" class=\"wp-caption aligncenter\"><a href=\"https:\/\/rioonwatch.org\/wp-content\/uploads\/2024\/10\/Opening-panel-CPX-popular-action-plan.png\"><img fetchpriority=\"high\" decoding=\"async\" class=\"wp-image-79721 size-full\" title=\"Panel of Complexo do Alem\u00e3o's Popular Action Forum. Photo: Edilano Cavalcante\" src=\"https:\/\/rioonwatch.org\/wp-content\/uploads\/2024\/10\/Opening-panel-CPX-popular-action-plan.png\" alt=\"Panel of Complexo do Alem\u00e3o's Popular Action Forum. Photo: Edilano Cavalcante\" width=\"2539\" height=\"1229\" srcset=\"https:\/\/rioonwatch.org\/wp-content\/uploads\/2024\/10\/Opening-panel-CPX-popular-action-plan.png 2539w, https:\/\/rioonwatch.org\/wp-content\/uploads\/2024\/10\/Opening-panel-CPX-popular-action-plan-620x300.png 620w, https:\/\/rioonwatch.org\/wp-content\/uploads\/2024\/10\/Opening-panel-CPX-popular-action-plan-1299x629.png 1299w, https:\/\/rioonwatch.org\/wp-content\/uploads\/2024\/10\/Opening-panel-CPX-popular-action-plan-768x372.png 768w, https:\/\/rioonwatch.org\/wp-content\/uploads\/2024\/10\/Opening-panel-CPX-popular-action-plan-1536x743.png 1536w, https:\/\/rioonwatch.org\/wp-content\/uploads\/2024\/10\/Opening-panel-CPX-popular-action-plan-2048x991.png 2048w\" sizes=\"(max-width: 2539px) 100vw, 2539px\" \/><\/a><figcaption id=\"caption-attachment-79721\" class=\"wp-caption-text\">A panel discussion during the forum for the Complexo do Alem\u00e3o Popular Action. Photo: Edilano Cavalcante<\/figcaption><\/figure>\n<h4 style=\"text-align: right;\"><a href=\"https:\/\/bit.ly\/4eQ2j2r\" target=\"_blank\" rel=\"noopener\"><em><i><strong>Clique aqui para Portugu\u00eas<\/strong><\/i><\/em><em><i><img decoding=\"async\" class=\"alignright wp-image-23766 size-full\" src=\"https:\/\/www.rioonwatch.org\/wp-content\/uploads\/2012\/08\/PT-e1439583827971.png\" width=\"20\" height=\"20\" \/><\/i><\/em><\/a><\/h4>\n<p>In a political context that has historically marginalized and ignored the demands of favelas, an initiative like the Complexo do Alem\u00e3o Popular Action Plan\u2014designed, led, and conducted by the residents of the Complexo do Alem\u00e3o (<a href=\"https:\/\/bit.ly\/2ImAzVp\">CPX<\/a>) cluster of favelas in Rio de Janeiro&#8217;s <a href=\"https:\/\/bit.ly\/2IgR5qe\">North Zone<\/a>\u2014demonstrates the strength and capacity for political coordination within the city&#8217;s favela communities. Despite representing a significant portion of Rio&#8217;s population and electorate, favelas still face challenges in electing representatives who advocate for their interests. This underscores the complex relationship between these working-class territories and the established political power.<\/p>\n<p>Complexo do Alem\u00e3o, one of the largest and most emblematic groupings of favelas in Rio de Janeiro, stands as a symbol of resistance and community organizing. Comprising <a href=\"https:\/\/bit.ly\/4ekj8Tc\">15 communities<\/a> and a population of over <a href=\"https:\/\/bit.ly\/3onrAGx\">60,000<\/a>, the area is notable not only for its size but also its cultural, social, and political influence. Historically, <a href=\"https:\/\/bit.ly\/2XB2ywt\">residents have fought for their rights<\/a> in the face of constant violations and <a href=\"http:\/\/bit.ly\/38STkfm\">State neglect<\/a>.<\/p>\n<p>Since its launch on <a href=\"https:\/\/bit.ly\/3N1ajSo\">December 8, 2022<\/a>, the CPX Popular Action Plan was developed to influence the 2024 municipal elections by serving as a tool to shape the political agendas of candidates\u2014now running for <a href=\"https:\/\/bit.ly\/3Yc6Pmq\">City Council<\/a> and <a href=\"https:\/\/bit.ly\/3TX9cXX\">mayor<\/a>\u2014based on the collective perspective of Complexo do Alem\u00e3o residents. Acting as a megaphone, the plan has been amplifying resident demands.<\/p>\n<h3>CPX Popular Action Plan: Ot and Resistance Strategies<\/h3>\n<figure id=\"attachment_79725\" aria-describedby=\"caption-attachment-79725\" style=\"width: 300px\" class=\"wp-caption alignright\"><a href=\"https:\/\/rioonwatch.org\/wp-content\/uploads\/2024\/10\/Flyer-CPXPopular-Action-Plan.png\"><img decoding=\"async\" class=\"wp-image-79725\" title=\"Flyer promoting the CPX Popular Action Forum, held on September 10, 2022, at Vila Ol\u00edmpica Jorginho da SOS. Photo: Social Media\/Promotional Material.\" src=\"https:\/\/rioonwatch.org\/wp-content\/uploads\/2024\/10\/Flyer-CPXPopular-Action-Plan-620x395.png\" alt=\"Flyer promoting the CPX Popular Action Forum, held on September 10, 2022, at Vila Ol\u00edmpica Jorginho da SOS. Photo: Social Media\/Promotional Material.\" width=\"300\" height=\"191\" srcset=\"https:\/\/rioonwatch.org\/wp-content\/uploads\/2024\/10\/Flyer-CPXPopular-Action-Plan-620x395.png 620w, https:\/\/rioonwatch.org\/wp-content\/uploads\/2024\/10\/Flyer-CPXPopular-Action-Plan-989x629.png 989w, https:\/\/rioonwatch.org\/wp-content\/uploads\/2024\/10\/Flyer-CPXPopular-Action-Plan-768x489.png 768w, https:\/\/rioonwatch.org\/wp-content\/uploads\/2024\/10\/Flyer-CPXPopular-Action-Plan-1536x977.png 1536w, https:\/\/rioonwatch.org\/wp-content\/uploads\/2024\/10\/Flyer-CPXPopular-Action-Plan.png 1592w\" sizes=\"(max-width: 300px) 100vw, 300px\" \/><\/a><figcaption id=\"caption-attachment-79725\" class=\"wp-caption-text\">Flyer promoting the CPX Popular Action Forum, held on September 10, 2022, at Vila Ol\u00edmpica Jorginho da SOS. Photo: Social Media\/Promotional Material.<\/figcaption><\/figure>\n<p>Led by the <a href=\"https:\/\/bit.ly\/3EIdWtm\">Roots in Movement Institute<\/a>, the <a href=\"https:\/\/bit.ly\/4gPutwe\">CPX Popular Action Plan<\/a> held its first thematic session on <a href=\"https:\/\/bit.ly\/3ySmJER\">May 7, 2022<\/a>, and concluded in September 2022 after a total of nine meetings. These sessions were developed based on the format of the <a href=\"https:\/\/bit.ly\/4gOiY8i\"><em>Let&#8217;s Work It Out<\/em><\/a> project by the Center for Studies, Research, Documentation, and Memory of Complexo do Alem\u00e3o (<a href=\"https:\/\/bit.ly\/4erV0yg\">CEPEDOCA<\/a>), a Roots in Movement research initiative. The thematic meetings took place at the headquarters of partner organizations around Complexo do Alem\u00e3o. Additionally, the <a href=\"https:\/\/bit.ly\/3zUcrbz\">Complexo do Alem\u00e3o Popular Forum<\/a> was held on September 10, 2022, at the <a href=\"https:\/\/bit.ly\/3zxzc5f\">Vila Ol\u00edmpica Jorginho da SOS<\/a>.<\/p>\n<p>The thematic meetings and the CPX Popular Action Forum culminated in the <a href=\"https:\/\/bit.ly\/3pDWocW\">CPX Popular Action Plan<\/a>, a <a href=\"https:\/\/bit.ly\/4gPutwe\">document<\/a> that captures the outcomes of the discussions. It was developed with the participation of numerous organizations, both within and beyond Complexo do Alem\u00e3o: Roots in Movement Institute, CEPEDOCA, Brazilian Institute of Social and Economic Analysis (<a href=\"https:\/\/bit.ly\/3Y0AXkC\">Ibase<\/a>), <a href=\"https:\/\/bit.ly\/3ZJkEKe\">Ag\u00eancia do Bem<\/a>, <a href=\"https:\/\/bit.ly\/31cgD0U\">Casa Fluminense<\/a>, United Nations Population Fund (<a href=\"https:\/\/bit.ly\/3XTVMNj\">UNFPA<\/a>), <a href=\"https:\/\/bit.ly\/3TPPu00\">Friends of Complexo do Alem\u00e3o<\/a>, Serra da Miseric\u00f3rdia Integration Center (<a href=\"https:\/\/bit.ly\/4bKIUhw\">CEM<\/a>), <a href=\"https:\/\/bit.ly\/2JfpLtq\">Abra\u00e7o Campe\u00e3o<\/a>, Women of Alem\u00e3o in Action (<a href=\"https:\/\/bit.ly\/3SslMLi\">MEAA<\/a>), <a href=\"https:\/\/bit.ly\/3YaGbKR\">Dandara dos Palmares Quilombista School<\/a>, <a href=\"https:\/\/bit.ly\/3XKsSiG\">Oca dos Curumins<\/a>, <a href=\"https:\/\/bit.ly\/3zVitst\">Casa Voz<\/a>, Brazilian Institute of Lesbians (<a href=\"https:\/\/bit.ly\/47RXcws\">IBL<\/a>), <a href=\"https:\/\/bit.ly\/2Iv4H5h\">Voz das Comunidades<\/a>, <a href=\"https:\/\/bit.ly\/3ZQoMbt\">Reclaiming Innocence Project<\/a>, Democratic Space of Union, Conviv\u00eancia, Aprendizagem e Preven\u00e7\u00e3o (<a href=\"https:\/\/bit.ly\/3Y6quUK\">Educap<\/a>), <a href=\"https:\/\/bit.ly\/4dxegsE\">ViDan\u00e7ar<\/a>, <a href=\"https:\/\/bit.ly\/3TViDH4\">Cresce Comunidade<\/a>, <a href=\"https:\/\/bit.ly\/3TQFR16\">Complexo do Alem\u00e3o Social Emergency Institute<\/a>, <a href=\"https:\/\/bit.ly\/3yZKk73\">Favela Talents<\/a>, Oswaldo Cruz Foundation (<a href=\"https:\/\/bit.ly\/2Yxetfd\">Fiocruz<\/a>), Sergio Arouca National School of Public Health (<a href=\"https:\/\/bit.ly\/2RSJkea\">ENSP<\/a>), <a href=\"https:\/\/bit.ly\/3u1uZzv\">Manguinhos Territorial Laboratory<\/a>, and the <a href=\"https:\/\/bit.ly\/3BE444l\">Ministry of Health<\/a>.<\/p>\n<p>Developed collaboratively, the CPX Popular Action Plan addresses eleven priority themes for the community: (1) Basic Sanitation; (2) Youth; (3) Environment; (4) Sports; (5) Mobility; (6) Health; (7) Women on the Frontline; (8) Public Safety; (9) Education; (10) LGBTI+ Population; and (11) Housing.<\/p>\n<figure id=\"attachment_79727\" aria-describedby=\"caption-attachment-79727\" style=\"width: 2560px\" class=\"wp-caption aligncenter\"><a href=\"https:\/\/rioonwatch.org\/wp-content\/uploads\/2024\/10\/Residents-read-the-diagram-presenting-problems-and-solutions-part-of-the-methodology-adopted-to-develop-the-CPX-Peoples-Action-Plan.-Photo-Edilano-Cavalcante-scaled-1.jpg\"><img loading=\"lazy\" decoding=\"async\" class=\"wp-image-79727 size-full\" title=\"Residents read the diagram presenting problems and solutions, part of the methodology adopted to develop the CPX Popular Action Plan. Photo: Edilano Cavalcante\" src=\"https:\/\/rioonwatch.org\/wp-content\/uploads\/2024\/10\/Residents-read-the-diagram-presenting-problems-and-solutions-part-of-the-methodology-adopted-to-develop-the-CPX-Peoples-Action-Plan.-Photo-Edilano-Cavalcante-scaled-1.jpg\" alt=\"Residents read the diagram presenting problems and solutions, part of the methodology adopted to develop the CPX Popular Action Plan. Photo: Edilano Cavalcante\" width=\"2560\" height=\"1707\" srcset=\"https:\/\/rioonwatch.org\/wp-content\/uploads\/2024\/10\/Residents-read-the-diagram-presenting-problems-and-solutions-part-of-the-methodology-adopted-to-develop-the-CPX-Peoples-Action-Plan.-Photo-Edilano-Cavalcante-scaled-1.jpg 2560w, https:\/\/rioonwatch.org\/wp-content\/uploads\/2024\/10\/Residents-read-the-diagram-presenting-problems-and-solutions-part-of-the-methodology-adopted-to-develop-the-CPX-Peoples-Action-Plan.-Photo-Edilano-Cavalcante-scaled-1-620x413.jpg 620w, https:\/\/rioonwatch.org\/wp-content\/uploads\/2024\/10\/Residents-read-the-diagram-presenting-problems-and-solutions-part-of-the-methodology-adopted-to-develop-the-CPX-Peoples-Action-Plan.-Photo-Edilano-Cavalcante-scaled-1-943x629.jpg 943w, https:\/\/rioonwatch.org\/wp-content\/uploads\/2024\/10\/Residents-read-the-diagram-presenting-problems-and-solutions-part-of-the-methodology-adopted-to-develop-the-CPX-Peoples-Action-Plan.-Photo-Edilano-Cavalcante-scaled-1-768x512.jpg 768w, https:\/\/rioonwatch.org\/wp-content\/uploads\/2024\/10\/Residents-read-the-diagram-presenting-problems-and-solutions-part-of-the-methodology-adopted-to-develop-the-CPX-Peoples-Action-Plan.-Photo-Edilano-Cavalcante-scaled-1-1536x1024.jpg 1536w, https:\/\/rioonwatch.org\/wp-content\/uploads\/2024\/10\/Residents-read-the-diagram-presenting-problems-and-solutions-part-of-the-methodology-adopted-to-develop-the-CPX-Peoples-Action-Plan.-Photo-Edilano-Cavalcante-scaled-1-2048x1366.jpg 2048w\" sizes=\"(max-width: 2560px) 100vw, 2560px\" \/><\/a><figcaption id=\"caption-attachment-79727\" class=\"wp-caption-text\">Residents read the diagram presenting problems and solutions, part of the methodology adopted to develop the CPX Popular Action Plan. Photo: Edilano Cavalcante<\/figcaption><\/figure>\n<p>The process directly involved local residents, who gathered multiple times in discussion circles, fostering a deep understanding of the social and cultural dynamics of the area and providing a foundation for the formulation of public policies aimed at addressing the issues raised.<\/p>\n<figure id=\"attachment_79728\" aria-describedby=\"caption-attachment-79728\" style=\"width: 2560px\" class=\"wp-caption aligncenter\"><a href=\"https:\/\/rioonwatch.org\/wp-content\/uploads\/2024\/10\/Discussion-during-a-meeting-of-one-of-the-CPX-Peoples-Action-Plans-Working-Groups-WGs-Photo-Edilano-Cavalcante-scaled-1.jpg\"><img loading=\"lazy\" decoding=\"async\" class=\"wp-image-79728 size-full\" title=\"Discussion during a meeting of one of the CPX Popular Action Plan's Working Groups (WGs). Photo: Edilano Cavalcante\" src=\"https:\/\/rioonwatch.org\/wp-content\/uploads\/2024\/10\/Discussion-during-a-meeting-of-one-of-the-CPX-Peoples-Action-Plans-Working-Groups-WGs-Photo-Edilano-Cavalcante-scaled-1.jpg\" alt=\"Discussion during a meeting of one of the CPX Popular Action Plan's Working Groups (WGs). Photo: Edilano Cavalcante\" width=\"2560\" height=\"1707\" srcset=\"https:\/\/rioonwatch.org\/wp-content\/uploads\/2024\/10\/Discussion-during-a-meeting-of-one-of-the-CPX-Peoples-Action-Plans-Working-Groups-WGs-Photo-Edilano-Cavalcante-scaled-1.jpg 2560w, https:\/\/rioonwatch.org\/wp-content\/uploads\/2024\/10\/Discussion-during-a-meeting-of-one-of-the-CPX-Peoples-Action-Plans-Working-Groups-WGs-Photo-Edilano-Cavalcante-scaled-1-620x413.jpg 620w, https:\/\/rioonwatch.org\/wp-content\/uploads\/2024\/10\/Discussion-during-a-meeting-of-one-of-the-CPX-Peoples-Action-Plans-Working-Groups-WGs-Photo-Edilano-Cavalcante-scaled-1-943x629.jpg 943w, https:\/\/rioonwatch.org\/wp-content\/uploads\/2024\/10\/Discussion-during-a-meeting-of-one-of-the-CPX-Peoples-Action-Plans-Working-Groups-WGs-Photo-Edilano-Cavalcante-scaled-1-768x512.jpg 768w, https:\/\/rioonwatch.org\/wp-content\/uploads\/2024\/10\/Discussion-during-a-meeting-of-one-of-the-CPX-Peoples-Action-Plans-Working-Groups-WGs-Photo-Edilano-Cavalcante-scaled-1-1536x1024.jpg 1536w, https:\/\/rioonwatch.org\/wp-content\/uploads\/2024\/10\/Discussion-during-a-meeting-of-one-of-the-CPX-Peoples-Action-Plans-Working-Groups-WGs-Photo-Edilano-Cavalcante-scaled-1-2048x1366.jpg 2048w\" sizes=\"(max-width: 2560px) 100vw, 2560px\" \/><\/a><figcaption id=\"caption-attachment-79728\" class=\"wp-caption-text\">Discussion during a meeting of one of the CPX Popular Action Plan&#8217;s Working Groups. Photo: Edilano Cavalcante<\/figcaption><\/figure>\n<p>The creation of the plan is not only a response to the historical lack of effective policies for the favela but also a demonstration of the potential for self-organization in working-class territories. Lucia Cabral, from Democratic Space of Union, Coexistence, Learning and Prevention (<a href=\"https:\/\/rioonwatch.org\/?p=39748\">EDUCAP<\/a>), a participant in the development of the plan and a resident of Complexo do Alem\u00e3o, describes the process:<\/p>\n<blockquote><p>\u201cOur plan has become a strategic forum, a space for knowledge, exchanges, dialogue, listening, and also for social oversight. It\u2019s a place where we put forward the community\u2019s demands and engage in dialogue with the public authorities. It&#8217;s become a bible for us.\u201d<\/p><\/blockquote>\n<figure id=\"attachment_79730\" aria-describedby=\"caption-attachment-79730\" style=\"width: 2560px\" class=\"wp-caption aligncenter\"><a href=\"https:\/\/rioonwatch.org\/wp-content\/uploads\/2024\/10\/CPX-Popular-Action-Forum-Photo-Edilano-Cavalcante-1-scaled-1.jpg\"><img loading=\"lazy\" decoding=\"async\" class=\"wp-image-79730 size-full\" title=\"CPX Popular Action Forum. Photo: Edilano Cavalcante\" src=\"https:\/\/rioonwatch.org\/wp-content\/uploads\/2024\/10\/CPX-Popular-Action-Forum-Photo-Edilano-Cavalcante-1-scaled-1.jpg\" alt=\"CPX Popular Action Forum. Photo: Edilano Cavalcante\" width=\"2560\" height=\"1707\" srcset=\"https:\/\/rioonwatch.org\/wp-content\/uploads\/2024\/10\/CPX-Popular-Action-Forum-Photo-Edilano-Cavalcante-1-scaled-1.jpg 2560w, https:\/\/rioonwatch.org\/wp-content\/uploads\/2024\/10\/CPX-Popular-Action-Forum-Photo-Edilano-Cavalcante-1-scaled-1-620x413.jpg 620w, https:\/\/rioonwatch.org\/wp-content\/uploads\/2024\/10\/CPX-Popular-Action-Forum-Photo-Edilano-Cavalcante-1-scaled-1-943x629.jpg 943w, https:\/\/rioonwatch.org\/wp-content\/uploads\/2024\/10\/CPX-Popular-Action-Forum-Photo-Edilano-Cavalcante-1-scaled-1-768x512.jpg 768w, https:\/\/rioonwatch.org\/wp-content\/uploads\/2024\/10\/CPX-Popular-Action-Forum-Photo-Edilano-Cavalcante-1-scaled-1-1536x1024.jpg 1536w, https:\/\/rioonwatch.org\/wp-content\/uploads\/2024\/10\/CPX-Popular-Action-Forum-Photo-Edilano-Cavalcante-1-scaled-1-2048x1366.jpg 2048w\" sizes=\"(max-width: 2560px) 100vw, 2560px\" \/><\/a><figcaption id=\"caption-attachment-79730\" class=\"wp-caption-text\">CPX Popular Action Forum. Photo: Edilano Cavalcante<\/figcaption><\/figure>\n<p>In an interview, David Amen, co-founder of the Roots in Movement Institute, explained that:<\/p>\n<blockquote><p>\u201cOur main aspiration is to achieve tangible goals in the field of public policy and turn this plan into a tool that elected officials can use fairly and effectively in Complexo do Alem\u00e3o, so it doesn\u2019t become just another campaign promise.\u201d<\/p><\/blockquote>\n<p>He adds that the active participation of residents at all stages made it possible to systematize the community&#8217;s true needs and present them in a cohesive and organized manner to public authorities.<\/p>\n<p>The conclusions presented in the 116 pages of the Complexo do Alem\u00e3o Popular Action Plan reflect common demands shared by the <a href=\"https:\/\/bit.ly\/4drquTP\">1,074 favelas in Rio de Janeiro<\/a>. The Plan\u2019s policy recommendations could be adaptively applied to other favelas in Rio de Janeiro to varying extents.<\/p>\n<h3>Access the CPX Popular Action Plan in Full:<\/h3>\n<p><iframe src=\"https:\/\/drive.google.com\/file\/d\/1wC3I58L0V7RUNHUwVhDVz-67oFb8q0xg\/preview\" width=\"1030\" height=\"563\"><\/iframe><\/p>\n<h3>Challenges for Local Candidates and the Electoral Dynamics<\/h3>\n<p>Despite <a href=\"https:\/\/bit.ly\/3f7iejB\">strong community organization<\/a> and <a href=\"https:\/\/bit.ly\/3gmNtHX\">internal political coordination<\/a>, <a href=\"https:\/\/bit.ly\/4gGsoTv\">favela candidates face barriers<\/a> to establishing themselves in a political landscape dominated by <a href=\"https:\/\/bit.ly\/34gd2V9\">structural racism<\/a>, the <a href=\"https:\/\/bit.ly\/2xFmEVx\">stigmatization of favelas<\/a>, and <a href=\"https:\/\/bit.ly\/2mqkFCq\">electioneering<\/a>. In an election year marked by intense competition, the CPX Popular Action Plan has served as a reference for these candidates. By incorporating the plan\u2019s demands into their political platforms, candidates aim to demonstrate their commitment to issues that directly affect residents, cultivating more transparent and representative politics.<\/p>\n<p>Thain\u00e3 de Medeiros, from the <a href=\"https:\/\/bit.ly\/3Y5i4gj\">Straight Talk Institute<\/a>, formerly known as <a href=\"https:\/\/bit.ly\/2ZlARX7\">Straight Talk Collective<\/a>, and a resident of Complexo do Alem\u00e3o, emphasizes:<\/p>\n<blockquote><p>\u201cThe power struggle has become a struggle for visibility. The vote comes before the proposal. The Action Plan was created precisely to combat this kind of practice. Developed collectively, the plan embodies where the needs originate and what real changes need to be implemented by those in office.\u201d<\/p><\/blockquote>\n<figure id=\"attachment_79733\" aria-describedby=\"caption-attachment-79733\" style=\"width: 2560px\" class=\"wp-caption aligncenter\"><a href=\"https:\/\/rioonwatch.org\/wp-content\/uploads\/2024\/10\/Working-Group-WG-of-the-CPX-Popular-Action-Forum.-Photo-Edilano-Cavalcante.jpg\"><img loading=\"lazy\" decoding=\"async\" class=\"wp-image-79733 size-full\" title=\"Working Group (WG) of the CPX Popular Action Forum. Photo: Edilano Cavalcante\" src=\"https:\/\/rioonwatch.org\/wp-content\/uploads\/2024\/10\/Working-Group-WG-of-the-CPX-Popular-Action-Forum.-Photo-Edilano-Cavalcante.jpg\" alt=\"Working Group (WG) of the CPX Popular Action Forum. Photo: Edilano Cavalcante\" width=\"2560\" height=\"1707\" srcset=\"https:\/\/rioonwatch.org\/wp-content\/uploads\/2024\/10\/Working-Group-WG-of-the-CPX-Popular-Action-Forum.-Photo-Edilano-Cavalcante.jpg 2560w, https:\/\/rioonwatch.org\/wp-content\/uploads\/2024\/10\/Working-Group-WG-of-the-CPX-Popular-Action-Forum.-Photo-Edilano-Cavalcante-620x413.jpg 620w, https:\/\/rioonwatch.org\/wp-content\/uploads\/2024\/10\/Working-Group-WG-of-the-CPX-Popular-Action-Forum.-Photo-Edilano-Cavalcante-943x629.jpg 943w, https:\/\/rioonwatch.org\/wp-content\/uploads\/2024\/10\/Working-Group-WG-of-the-CPX-Popular-Action-Forum.-Photo-Edilano-Cavalcante-768x512.jpg 768w, https:\/\/rioonwatch.org\/wp-content\/uploads\/2024\/10\/Working-Group-WG-of-the-CPX-Popular-Action-Forum.-Photo-Edilano-Cavalcante-1536x1024.jpg 1536w, https:\/\/rioonwatch.org\/wp-content\/uploads\/2024\/10\/Working-Group-WG-of-the-CPX-Popular-Action-Forum.-Photo-Edilano-Cavalcante-2048x1366.jpg 2048w\" sizes=\"(max-width: 2560px) 100vw, 2560px\" \/><\/a><figcaption id=\"caption-attachment-79733\" class=\"wp-caption-text\">Complexo do Alem\u00e3o Popular Action Forum Working Group meeting. Photo: Edilano Cavalcante<\/figcaption><\/figure>\n<p>The impact of the CPX Popular Action Plan is being felt in the local political landscape, and according to its organizers, the plan has become a reference for the <a href=\"https:\/\/bit.ly\/3XKkgss\">National Secretariat for Peripheries<\/a>. One of its main achievements has been the confirmation of the <a href=\"https:\/\/bit.ly\/3XXryKy\">construction of a campus<\/a> by the Federal Institute of Rio de Janeiro (<a href=\"https:\/\/bit.ly\/3BstfqD\">IFRJ<\/a>) <a href=\"https:\/\/bit.ly\/3ZHh0k9\">in Complexo do Alem\u00e3o<\/a>\u2014a demand from the community that has spanned a decade and is now set to materialize, achieved through community organizing and negotiations with the federal government.<\/p>\n<figure id=\"attachment_79734\" aria-describedby=\"caption-attachment-79734\" style=\"width: 2560px\" class=\"wp-caption aligncenter\"><a href=\"https:\/\/rioonwatch.org\/wp-content\/uploads\/2024\/10\/Launching-of-the-CPX-Popular-Action-Plan-Photo-David-Amen-scaled-1.jpg\"><img loading=\"lazy\" decoding=\"async\" class=\"wp-image-79734 size-full\" title=\"Launching of the CPX Popular Action Plan. Photo: David Amen\" src=\"https:\/\/rioonwatch.org\/wp-content\/uploads\/2024\/10\/Launching-of-the-CPX-Popular-Action-Plan-Photo-David-Amen-scaled-1.jpg\" alt=\"Launching of the CPX Popular Action Plan. Photo: David Amen\" width=\"2560\" height=\"1920\" srcset=\"https:\/\/rioonwatch.org\/wp-content\/uploads\/2024\/10\/Launching-of-the-CPX-Popular-Action-Plan-Photo-David-Amen-scaled-1.jpg 2560w, https:\/\/rioonwatch.org\/wp-content\/uploads\/2024\/10\/Launching-of-the-CPX-Popular-Action-Plan-Photo-David-Amen-scaled-1-620x465.jpg 620w, https:\/\/rioonwatch.org\/wp-content\/uploads\/2024\/10\/Launching-of-the-CPX-Popular-Action-Plan-Photo-David-Amen-scaled-1-839x629.jpg 839w, https:\/\/rioonwatch.org\/wp-content\/uploads\/2024\/10\/Launching-of-the-CPX-Popular-Action-Plan-Photo-David-Amen-scaled-1-768x576.jpg 768w, https:\/\/rioonwatch.org\/wp-content\/uploads\/2024\/10\/Launching-of-the-CPX-Popular-Action-Plan-Photo-David-Amen-scaled-1-1536x1152.jpg 1536w, https:\/\/rioonwatch.org\/wp-content\/uploads\/2024\/10\/Launching-of-the-CPX-Popular-Action-Plan-Photo-David-Amen-scaled-1-2048x1536.jpg 2048w, https:\/\/rioonwatch.org\/wp-content\/uploads\/2024\/10\/Launching-of-the-CPX-Popular-Action-Plan-Photo-David-Amen-scaled-1-678x509.jpg 678w, https:\/\/rioonwatch.org\/wp-content\/uploads\/2024\/10\/Launching-of-the-CPX-Popular-Action-Plan-Photo-David-Amen-scaled-1-326x245.jpg 326w, https:\/\/rioonwatch.org\/wp-content\/uploads\/2024\/10\/Launching-of-the-CPX-Popular-Action-Plan-Photo-David-Amen-scaled-1-80x60.jpg 80w\" sizes=\"(max-width: 2560px) 100vw, 2560px\" \/><\/a><figcaption id=\"caption-attachment-79734\" class=\"wp-caption-text\">Launch of the CPX Popular Action Plan. Photo: David Amen<\/figcaption><\/figure>\n<p>The Complexo do Alem\u00e3o Popular Action Plan demonstrates that democracy extends far beyond voting; it encompasses the daily struggle for rights and the creation of spaces where all voices, including those from the favelas, shape the direction of the country. The century-long history of Rio\u2019s favelas is rich with political strategies, action, and grassroots mobilization.<\/p>\n<p>Without favela engagement, there is no democracy in Rio de Janeiro. Consequently, the biggest challenge to Brazilian democracy is the State itself and its negligent practices, which hinder the effective participation of favelas and other urban and rural peripheries, leaving them vulnerable.<\/p>\n<p><em>About the author: Juliana Neris is a photojournalist, grassroots communicator, and samba musician\u2014a carioca born and raised in Vila Vint\u00e9m. She is a graduate of the Imagens do Povo program, CEO of the Comunicria Portal, and a member of the Mulheres no Ritmo RJ team.<\/em><\/p>\n<hr \/>\n<h4><b>Support\u00a0<\/b><b><i>RioOnWatch<\/i><\/b><b>\u2019s tireless, critical and cutting-edge hyperlocal journalism, online community organizing meetings, and direct support to favelas\u00a0<a href=\"http:\/\/bit.ly\/FavelaCovidResponse\" target=\"_blank\" rel=\"noopener noreferrer\">by clicking here<\/a><\/b><b>.<\/b><\/h4>\n","protected":false},"excerpt":{"rendered":"<div class=\"mh-excerpt\"><p>Clique aqui para Portugu\u00eas In a political context that has historically marginalized and ignored the demands of favelas, an initiative like the Complexo do Alem\u00e3o Popular Action Plan\u2014designed, led, and conducted by the residents of <a class=\"mh-excerpt-more\" href=\"https:\/\/rioonwatch.org\/?p=79719\" title=\"In Rio de Janeiro, Favela Residents in Complexo do Alem\u00e3o Create a Popular Action Plan, Highlighting a Path for Representation in the City\">[&#8230;]<\/a><\/p>\n<\/div>","protected":false},"author":245,"featured_media":79721,"comment_status":"closed","ping_status":"closed","sticky":false,"template":"template-full.php","format":"standard","meta":{"_monsterinsights_skip_tracking":false,"_monsterinsights_sitenote_active":false,"_monsterinsights_sitenote_note":"","_monsterinsights_sitenote_category":0,"footnotes":""},"categories":[1288,1328,1290,2242,335,329],"tags":[32,479,1667,595,683,37,594,1866,725,301,1539,3393],"writer":[3727],"translator":[3720],"illustrator":[],"photographer":[3728],"class_list":{"0":"post-79719","1":"post","2":"type-post","3":"status-publish","4":"format-standard","5":"has-post-thumbnail","7":"category-highlight","8":"category-by-community-contributors","9":"category-civilsociety","10":"category-democracy","11":"category-policies","12":"category-solutions","13":"tag-complexo-do-alemao","14":"tag-democracy","15":"tag-educap","16":"tag-elections","17":"tag-mobilization","18":"tag-north-zone","19":"tag-participatory-democracy","20":"tag-peoples-plan","21":"tag-policy-recommendation","22":"tag-public-policy","23":"tag-raizes-em-movimento","24":"tag-representation","25":"writer-juliana-neris","26":"translator-kincaid-cummings","27":"photographer-edilano-cavalcante"},"_links":{"self":[{"href":"https:\/\/rioonwatch.org\/index.php?rest_route=\/wp\/v2\/posts\/79719","targetHints":{"allow":["GET"]}}],"collection":[{"href":"https:\/\/rioonwatch.org\/index.php?rest_route=\/wp\/v2\/posts"}],"about":[{"href":"https:\/\/rioonwatch.org\/index.php?rest_route=\/wp\/v2\/types\/post"}],"author":[{"embeddable":true,"href":"https:\/\/rioonwatch.org\/index.php?rest_route=\/wp\/v2\/users\/245"}],"replies":[{"embeddable":true,"href":"https:\/\/rioonwatch.org\/index.php?rest_route=%2Fwp%2Fv2%2Fcomments&post=79719"}],"version-history":[{"count":3,"href":"https:\/\/rioonwatch.org\/index.php?rest_route=\/wp\/v2\/posts\/79719\/revisions"}],"predecessor-version":[{"id":79796,"href":"https:\/\/rioonwatch.org\/index.php?rest_route=\/wp\/v2\/posts\/79719\/revisions\/79796"}],"wp:featuredmedia":[{"embeddable":true,"href":"https:\/\/rioonwatch.org\/index.php?rest_route=\/wp\/v2\/media\/79721"}],"wp:attachment":[{"href":"https:\/\/rioonwatch.org\/index.php?rest_route=%2Fwp%2Fv2%2Fmedia&parent=79719"}],"wp:term":[{"taxonomy":"category","embeddable":true,"href":"https:\/\/rioonwatch.org\/index.php?rest_route=%2Fwp%2Fv2%2Fcategories&post=79719"},{"taxonomy":"post_tag","embeddable":true,"href":"https:\/\/rioonwatch.org\/index.php?rest_route=%2Fwp%2Fv2%2Ftags&post=79719"},{"taxonomy":"writer","embeddable":true,"href":"https:\/\/rioonwatch.org\/index.php?rest_route=%2Fwp%2Fv2%2Fwriter&post=79719"},{"taxonomy":"translator","embeddable":true,"href":"https:\/\/rioonwatch.org\/index.php?rest_route=%2Fwp%2Fv2%2Ftranslator&post=79719"},{"taxonomy":"illustrator","embeddable":true,"href":"https:\/\/rioonwatch.org\/index.php?rest_route=%2Fwp%2Fv2%2Fillustrator&post=79719"},{"taxonomy":"photographer","embeddable":true,"href":"https:\/\/rioonwatch.org\/index.php?rest_route=%2Fwp%2Fv2%2Fphotographer&post=79719"}],"curies":[{"name":"wp","href":"https:\/\/api.w.org\/{rel}","templated":true}]}}