{"id":79909,"date":"2024-10-22T12:16:28","date_gmt":"2024-10-22T15:16:28","guid":{"rendered":"https:\/\/rioonwatch.org\/?p=79909"},"modified":"2024-12-29T14:30:43","modified_gmt":"2024-12-29T17:30:43","slug":"brazil-on-fire-from-forests-to-cities-including-rio-de-janeiro-a-104-dry-season-surge-in-fires-since-2023-marks-a-clear-climate-crisis-tipping-point-say-voicesfromsocialmedia","status":"publish","type":"post","link":"https:\/\/rioonwatch.org\/?p=79909","title":{"rendered":"Brazil on Fire\u2014From Forests to Cities, Including Rio de Janeiro: A 104% Dry Season Surge in Fires Since 2023 Marks a Clear Climate Crisis Tipping Point Say #VoicesFromSocialMedia"},"content":{"rendered":"<figure id=\"attachment_79910\" aria-describedby=\"caption-attachment-79910\" style=\"width: 1080px\" class=\"wp-caption aligncenter\"><a href=\"https:\/\/rioonwatch.org\/wp-content\/uploads\/2024\/10\/Agri-is-a-Fiery-Business-Photo-Frederico-Pereira-Eco-APIB.jpg\"><img fetchpriority=\"high\" decoding=\"async\" class=\"wp-image-79910 size-full\" title=\"Agri is a fiery business. Photo: Frederico Pereira Eco\/APIB\" src=\"https:\/\/rioonwatch.org\/wp-content\/uploads\/2024\/10\/Agri-is-a-Fiery-Business-Photo-Frederico-Pereira-Eco-APIB.jpg\" alt=\"Agri is a fiery business. Photo: Frederico Pereira Eco\/APIB\" width=\"1080\" height=\"675\" srcset=\"https:\/\/rioonwatch.org\/wp-content\/uploads\/2024\/10\/Agri-is-a-Fiery-Business-Photo-Frederico-Pereira-Eco-APIB.jpg 1080w, https:\/\/rioonwatch.org\/wp-content\/uploads\/2024\/10\/Agri-is-a-Fiery-Business-Photo-Frederico-Pereira-Eco-APIB-620x388.jpg 620w, https:\/\/rioonwatch.org\/wp-content\/uploads\/2024\/10\/Agri-is-a-Fiery-Business-Photo-Frederico-Pereira-Eco-APIB-1006x629.jpg 1006w, https:\/\/rioonwatch.org\/wp-content\/uploads\/2024\/10\/Agri-is-a-Fiery-Business-Photo-Frederico-Pereira-Eco-APIB-768x480.jpg 768w\" sizes=\"(max-width: 1080px) 100vw, 1080px\" \/><\/a><figcaption id=\"caption-attachment-79910\" class=\"wp-caption-text\">Agri is a fiery business. Photo: Frederico Pereira Eco\/APIB<\/figcaption><\/figure>\n<p style=\"text-align: right;\"><a href=\"https:\/\/bit.ly\/487VFCG\" target=\"_blank\" rel=\"noopener\"><strong><em>Clique aqui para Portugu\u00eas<\/em><\/strong><img decoding=\"async\" class=\"alignright wp-image-23766 size-full\" src=\"https:\/\/www.rioonwatch.org\/wp-content\/uploads\/2012\/08\/PT-e1439583827971.png\" width=\"20\" height=\"20\" \/><\/a><\/p>\n<p><a href=\"https:\/\/rioonwatch.org\/wp-content\/uploads\/2023\/08\/BehnerStiefel-300x102-1.png\" target=\"_blank\" rel=\"noopener\"><img decoding=\"async\" class=\"alignright wp-image-75697\" src=\"https:\/\/rioonwatch.org\/wp-content\/uploads\/2023\/08\/BehnerStiefel-300x102-1.png\" alt=\"\" width=\"200\" height=\"68\" \/><\/a><em>This article is part of a\u00a0<a href=\"https:\/\/rioonwatch.org\/?tag=series-human-rights-with-support-from-the-behner-stiefel-center-at-sdsu\" target=\"_blank\" rel=\"noopener\">series<\/a>\u00a0created in partnership with the\u00a0<a href=\"https:\/\/brazil.sdsu.edu\/\" target=\"_blank\" rel=\"noopener\">Behner Stiefel Center for Brazilian Studies<\/a>\u00a0at San Diego State University, to produce articles for the\u00a0<a href=\"https:\/\/www.digitalbrazilproject.com\/community-reporting\" target=\"_blank\" rel=\"noopener\">Digital Brazil Project<\/a> on environmental justice in the favelas for\u00a0RioOnWatch.\u00a0It is also part of RioOnWatch\u2019s ongoing <a href=\"https:\/\/rioonwatch.org\/?tag=voicesfromsocialmedia\">#VoicesFromSocialMedia<\/a> series, which compiles perspectives posted on social media by favela residents and activists about events and societal themes that arise.<\/em><\/p>\n<p>2024 has seen a surge in devastating wildfires across Brazil, breaking alarming records and threatening nearly all of the country\u2019s diverse biomes. September 2024 recorded the <a href=\"https:\/\/bit.ly\/3A7oXog\">highest average number of fires for the month<\/a> in the historical series, also marking the driest month in Rio de Janeiro in the <a href=\"https:\/\/bit.ly\/4ey6n7V\">last 27 years<\/a>. In the <a href=\"https:\/\/bit.ly\/3sSaR12\">Amazon<\/a>, the dry season\u2014which typically runs from May to September\u2014has felt the cumulative impact of <a href=\"https:\/\/bit.ly\/40eOEOA\">two consecutive years of extreme drought<\/a>. At the beginning of October in S\u00e3o Paulo, where the rainy season should already have started, <a href=\"https:\/\/bit.ly\/3Ya0ab6\">forest fires surged by 648%<\/a>. As a whole, from January to October 2024, Brazil saw a <a href=\"https:\/\/bit.ly\/3NsMV0w\">73% increase<\/a> in wildfires. During the driest period of the year, usually the peak of fire activity, there was a <a href=\"https:\/\/bit.ly\/4fdIPoM\">104% increase<\/a> compared to the same period in 2023.<\/p>\n<p>Most of the wildfires spreading across Brazil are caused by arson, stemming from human activity. This is the conclusion of <a href=\"https:\/\/bit.ly\/4erHIBK\">Dr. Renata Libonati<\/a>, a geoscientist and head of the Laboratory for Environmental Satellite Applications (<a href=\"https:\/\/bit.ly\/4eRqPAy\">Lasa<\/a>) at the Federal University of Rio de Janeiro (<a href=\"https:\/\/bit.ly\/2G9KCND\">UFRJ<\/a>). In an interview with <a href=\"https:\/\/bit.ly\/4erHIBK\"><em>Ag\u00eancia Brasil<\/em><\/a>, she stated that:<\/p>\n<blockquote><p>\u201cThe occurrence of wildfires in Brazil is closely tied to land use\u2026 Our current lifestyle is incompatible with the future well-being of our society.\u201d<\/p><\/blockquote>\n<figure id=\"attachment_79915\" aria-describedby=\"caption-attachment-79915\" style=\"width: 500px\" class=\"wp-caption alignright\"><a href=\"https:\/\/rioonwatch.org\/wp-content\/uploads\/2024\/10\/Satellite-image-shows-smoke-from-wildfires-covering-most-of-South-America-Photo-National-Oceanic-and-Atmospheric-Administration-NOAA-National-Aeronautics-and-Space-Administration-NAS.jpg\"><img loading=\"lazy\" decoding=\"async\" class=\"wp-image-79915\" title=\"Satellite image shows smoke from wildfires covering most of South America. Photo: National Oceanic and Atmospheric Administration (NOAA)\/National Aeronautics and Space Administration (NASA).\" src=\"https:\/\/rioonwatch.org\/wp-content\/uploads\/2024\/10\/Satellite-image-shows-smoke-from-wildfires-covering-most-of-South-America-Photo-National-Oceanic-and-Atmospheric-Administration-NOAA-National-Aeronautics-and-Space-Administration-NAS-620x404.jpg\" alt=\"Satellite image shows smoke from wildfires covering most of South America. Photo: National Oceanic and Atmospheric Administration (NOAA)\/National Aeronautics and Space Administration (NASA).\" width=\"500\" height=\"325\" srcset=\"https:\/\/rioonwatch.org\/wp-content\/uploads\/2024\/10\/Satellite-image-shows-smoke-from-wildfires-covering-most-of-South-America-Photo-National-Oceanic-and-Atmospheric-Administration-NOAA-National-Aeronautics-and-Space-Administration-NAS-620x404.jpg 620w, https:\/\/rioonwatch.org\/wp-content\/uploads\/2024\/10\/Satellite-image-shows-smoke-from-wildfires-covering-most-of-South-America-Photo-National-Oceanic-and-Atmospheric-Administration-NOAA-National-Aeronautics-and-Space-Administration-NAS-768x500.jpg 768w, https:\/\/rioonwatch.org\/wp-content\/uploads\/2024\/10\/Satellite-image-shows-smoke-from-wildfires-covering-most-of-South-America-Photo-National-Oceanic-and-Atmospheric-Administration-NOAA-National-Aeronautics-and-Space-Administration-NAS.jpg 888w\" sizes=\"(max-width: 500px) 100vw, 500px\" \/><\/a><figcaption id=\"caption-attachment-79915\" class=\"wp-caption-text\">Satellite image shows smoke from wildfires covering most of South America. Photo: National Oceanic and Atmospheric Administration (NOAA)\/National Aeronautics and Space Administration (NASA).<\/figcaption><\/figure>\n<p>The <a href=\"https:\/\/bit.ly\/4dVnhMk\">toxic smoke from illegal fires<\/a> across different Brazilian biomes, including the Amazon, the <a href=\"https:\/\/bit.ly\/3Yf8iaz\">Cerrado<\/a>, and the <a href=\"https:\/\/bit.ly\/3BRMl9P\">Pantanal<\/a> regions, not only spread over the <a href=\"https:\/\/bit.ly\/2rCwt3q\">Central-West Region<\/a>, as it usually does this time of year, but also <a href=\"https:\/\/bit.ly\/4e17SKt\">covered the rest of the country<\/a>, forcing everyone to breathe polluted air.<\/p>\n<p>Similarly, parts of <a href=\"https:\/\/bit.ly\/4ePq0sj\">Bolivia<\/a>, <a href=\"https:\/\/bit.ly\/3Y8bPaw\">Peru<\/a>, <a href=\"https:\/\/bit.ly\/3NUDW8B\">Ecuador<\/a>, <a href=\"https:\/\/bit.ly\/409Zs0l\">Argentina<\/a>, <a href=\"https:\/\/bit.ly\/48kUq2X\">Paraguay<\/a>, and <a href=\"https:\/\/bit.ly\/3QFGmsi\">Uruguay<\/a> have also been exposed to poor air quality. Smoke from wildfires is being carried by air currents, commonly known as \u201c<a href=\"https:\/\/bit.ly\/40cYG2E\">flying rivers<\/a>,\u201d which typically establish the conditions for <a href=\"https:\/\/bit.ly\/4eU8YZo\">rain and humidity<\/a> in central South America, sustaining the floodplain forests of the Pantanal and the humid forests of the <a href=\"https:\/\/bit.ly\/32yISHr\">Atlantic Forest<\/a>.<\/p>\n<p>As it <a href=\"https:\/\/bit.ly\/483zGwI\">enters the \u201cflying rivers<\/a>\u201d and replaces the water vapor that would normally bring rain, smoke is first blown westward until it hits the <a href=\"https:\/\/bit.ly\/3ZV6OTi\">Andes Mountains<\/a>, then shifts south-southeast, contaminating the air of South America&#8217;s largest cities, such as <a href=\"https:\/\/bit.ly\/3YgxHk1\">S\u00e3o Paulo<\/a>, <a href=\"https:\/\/bit.ly\/40fs9ZS\">Buenos Aires, Bras\u00edlia<\/a>, <a href=\"https:\/\/bit.ly\/3YawpZ6\">Montevideo<\/a>, <a href=\"https:\/\/bit.ly\/3BHtWMJ\">Asunci\u00f3n<\/a>, <a href=\"https:\/\/bit.ly\/3ZUnPPp\">Santa Cruz de la Sierra<\/a>, and <a href=\"https:\/\/bit.ly\/40fs9ZS\">Rio de Janeiro<\/a>. In these areas, similar environmental conditions\u2014dry weather, drought, and above-average temperatures\u2014also trigger fires and increase air toxicity across most of the subcontinent.<\/p>\n<blockquote class=\"instagram-media\" style=\"background: #FFF; border: 0; border-radius: 3px; box-shadow: 0 0 1px 0 rgba(0,0,0,0.5),0 1px 10px 0 rgba(0,0,0,0.15); margin: 1px; max-width: 540px; min-width: 326px; padding: 0; width: calc(100% - 2px);\" data-instgrm-captioned=\"\" data-instgrm-permalink=\"https:\/\/www.instagram.com\/reel\/C__uXFLPNgH\/?utm_source=ig_embed&amp;utm_campaign=loading\" data-instgrm-version=\"14\">\n<div style=\"padding: 16px;\">\n<p>&nbsp;<\/p>\n<div style=\"display: flex; flex-direction: row; align-items: center;\">\n<div style=\"background-color: #f4f4f4; border-radius: 50%; flex-grow: 0; height: 40px; margin-right: 14px; width: 40px;\"><\/div>\n<div style=\"display: flex; flex-direction: column; flex-grow: 1; justify-content: center;\">\n<div style=\"background-color: #f4f4f4; border-radius: 4px; flex-grow: 0; height: 14px; margin-bottom: 6px; width: 100px;\"><\/div>\n<div style=\"background-color: #f4f4f4; border-radius: 4px; flex-grow: 0; height: 14px; width: 60px;\"><\/div>\n<\/div>\n<\/div>\n<div style=\"padding: 19% 0;\"><\/div>\n<div style=\"display: block; height: 50px; margin: 0 auto 12px; width: 50px;\"><\/div>\n<div style=\"padding-top: 8px;\">\n<div style=\"color: #3897f0; font-family: Arial,sans-serif; font-size: 14px; font-style: normal; font-weight: 550; line-height: 18px;\">Ver essa foto no Instagram<\/div>\n<\/div>\n<div style=\"padding: 12.5% 0;\"><\/div>\n<div style=\"display: flex; flex-direction: row; margin-bottom: 14px; align-items: center;\">\n<div>\n<div style=\"background-color: #f4f4f4; border-radius: 50%; height: 12.5px; width: 12.5px; transform: translateX(0px) translateY(7px);\"><\/div>\n<div style=\"background-color: #f4f4f4; height: 12.5px; transform: rotate(-45deg) translateX(3px) translateY(1px); width: 12.5px; flex-grow: 0; margin-right: 14px; margin-left: 2px;\"><\/div>\n<div style=\"background-color: #f4f4f4; border-radius: 50%; height: 12.5px; width: 12.5px; transform: translateX(9px) translateY(-18px);\"><\/div>\n<\/div>\n<div style=\"margin-left: 8px;\">\n<div style=\"background-color: #f4f4f4; border-radius: 50%; flex-grow: 0; height: 20px; width: 20px;\"><\/div>\n<div style=\"width: 0; height: 0; border-top: 2px solid transparent; border-left: 6px solid #f4f4f4; border-bottom: 2px solid transparent; transform: translateX(16px) translateY(-4px) rotate(30deg);\"><\/div>\n<\/div>\n<div style=\"margin-left: auto;\">\n<div style=\"width: 0px; border-top: 8px solid #F4F4F4; border-right: 8px solid transparent; transform: translateY(16px);\"><\/div>\n<div style=\"background-color: #f4f4f4; flex-grow: 0; height: 12px; width: 16px; transform: translateY(-4px);\"><\/div>\n<div style=\"width: 0; height: 0; border-top: 8px solid #F4F4F4; border-left: 8px solid transparent; transform: translateY(-4px) translateX(8px);\"><\/div>\n<\/div>\n<\/div>\n<div style=\"display: flex; flex-direction: column; flex-grow: 1; justify-content: center; margin-bottom: 24px;\">\n<div style=\"background-color: #f4f4f4; border-radius: 4px; flex-grow: 0; height: 14px; margin-bottom: 6px; width: 224px;\"><\/div>\n<div style=\"background-color: #f4f4f4; border-radius: 4px; flex-grow: 0; height: 14px; width: 144px;\"><\/div>\n<\/div>\n<p>&nbsp;<\/p>\n<p style=\"color: #c9c8cd; font-family: Arial,sans-serif; font-size: 14px; line-height: 17px; margin-bottom: 0; margin-top: 8px; overflow: hidden; padding: 8px 0 7px; text-align: center; text-overflow: ellipsis; white-space: nowrap;\"><a style=\"color: #c9c8cd; font-family: Arial,sans-serif; font-size: 14px; font-style: normal; font-weight: normal; line-height: 17px; text-decoration: none;\" href=\"https:\/\/www.instagram.com\/reel\/C__uXFLPNgH\/?utm_source=ig_embed&amp;utm_campaign=loading\" target=\"_blank\" rel=\"noopener\">Uma publica\u00e7\u00e3o compartilhada por Let\u00edcia Chagas (@leticiachagassp)<\/a><\/p>\n<\/div>\n<\/blockquote>\n<p><script async src=\"\/\/www.instagram.com\/embed.js\"><\/script><\/p>\n<h3>Rio de Janeiro in Flames<\/h3>\n<p>The population of the state of Rio de Janeiro has also witnessed fires devastate its landscapes. With a <a href=\"https:\/\/bit.ly\/3TXs1Kk\">red sun<\/a> glowing for weeks and deprived of the <a href=\"https:\/\/bit.ly\/3Y9crhf\">typical blue spring skies<\/a>, <a href=\"https:\/\/bit.ly\/2IqnU52\">Greater Rio<\/a> was the <a href=\"https:\/\/bit.ly\/3Yw1zKp\">most affected region<\/a> in the state. The cities of Rio de Janeiro, <a href=\"https:\/\/bit.ly\/2SVjMhr\">S\u00e3o Gon\u00e7alo<\/a>, and <a href=\"https:\/\/bit.ly\/2Zrt2vo\">Duque de Caxias<\/a> recorded the highest number of fires in the state. Municipalities in the rural area were also hit by wildfires and arson.<\/p>\n<p>The reporting platform <a href=\"https:\/\/bit.ly\/3YbbTHD\"><em>Portal Grande Tijuca<\/em><\/a> has been documenting a series of fires in the favelas of <a href=\"https:\/\/bit.ly\/2TRbJCw\">Tijuca<\/a>, located in Rio\u2019s <a href=\"https:\/\/bit.ly\/2IgR5qe\">North Zone<\/a>. On September 10, a fire broke out in the forested area of <a href=\"https:\/\/bit.ly\/2XUoe4I\">Morro dos Macacos<\/a>, in <a href=\"https:\/\/bit.ly\/2CS2JbX\">Vila Isabel<\/a>, but fortunately, no residents were injured.<\/p>\n<blockquote class=\"instagram-media\" style=\"background: #FFF; border: 0; border-radius: 3px; box-shadow: 0 0 1px 0 rgba(0,0,0,0.5),0 1px 10px 0 rgba(0,0,0,0.15); margin: 1px; max-width: 540px; min-width: 326px; padding: 0; width: calc(100% - 2px);\" data-instgrm-captioned=\"\" data-instgrm-permalink=\"https:\/\/www.instagram.com\/p\/C_wgAsKu3tm\/?utm_source=ig_embed&amp;utm_campaign=loading\" data-instgrm-version=\"14\">\n<div style=\"padding: 16px;\">\n<p>&nbsp;<\/p>\n<div style=\"display: flex; flex-direction: row; align-items: center;\">\n<div style=\"background-color: #f4f4f4; border-radius: 50%; flex-grow: 0; height: 40px; margin-right: 14px; width: 40px;\"><\/div>\n<div style=\"display: flex; flex-direction: column; flex-grow: 1; justify-content: center;\">\n<div style=\"background-color: #f4f4f4; border-radius: 4px; flex-grow: 0; height: 14px; margin-bottom: 6px; width: 100px;\"><\/div>\n<div style=\"background-color: #f4f4f4; border-radius: 4px; flex-grow: 0; height: 14px; width: 60px;\"><\/div>\n<\/div>\n<\/div>\n<div style=\"padding: 19% 0;\"><\/div>\n<div style=\"display: block; height: 50px; margin: 0 auto 12px; width: 50px;\"><\/div>\n<div style=\"padding-top: 8px;\">\n<div style=\"color: #3897f0; font-family: Arial,sans-serif; font-size: 14px; font-style: normal; font-weight: 550; line-height: 18px;\">Ver essa foto no Instagram<\/div>\n<\/div>\n<div style=\"padding: 12.5% 0;\"><\/div>\n<div style=\"display: flex; flex-direction: row; margin-bottom: 14px; align-items: center;\">\n<div>\n<div style=\"background-color: #f4f4f4; border-radius: 50%; height: 12.5px; width: 12.5px; transform: translateX(0px) translateY(7px);\"><\/div>\n<div style=\"background-color: #f4f4f4; height: 12.5px; transform: rotate(-45deg) translateX(3px) translateY(1px); width: 12.5px; flex-grow: 0; margin-right: 14px; margin-left: 2px;\"><\/div>\n<div style=\"background-color: #f4f4f4; border-radius: 50%; height: 12.5px; width: 12.5px; transform: translateX(9px) translateY(-18px);\"><\/div>\n<\/div>\n<div style=\"margin-left: 8px;\">\n<div style=\"background-color: #f4f4f4; border-radius: 50%; flex-grow: 0; height: 20px; width: 20px;\"><\/div>\n<div style=\"width: 0; height: 0; border-top: 2px solid transparent; border-left: 6px solid #f4f4f4; border-bottom: 2px solid transparent; transform: translateX(16px) translateY(-4px) rotate(30deg);\"><\/div>\n<\/div>\n<div style=\"margin-left: auto;\">\n<div style=\"width: 0px; border-top: 8px solid #F4F4F4; border-right: 8px solid transparent; transform: translateY(16px);\"><\/div>\n<div style=\"background-color: #f4f4f4; flex-grow: 0; height: 12px; width: 16px; transform: translateY(-4px);\"><\/div>\n<div style=\"width: 0; height: 0; border-top: 8px solid #F4F4F4; border-left: 8px solid transparent; transform: translateY(-4px) translateX(8px);\"><\/div>\n<\/div>\n<\/div>\n<div style=\"display: flex; flex-direction: column; flex-grow: 1; justify-content: center; margin-bottom: 24px;\">\n<div style=\"background-color: #f4f4f4; border-radius: 4px; flex-grow: 0; height: 14px; margin-bottom: 6px; width: 224px;\"><\/div>\n<div style=\"background-color: #f4f4f4; border-radius: 4px; flex-grow: 0; height: 14px; width: 144px;\"><\/div>\n<\/div>\n<p>&nbsp;<\/p>\n<p style=\"color: #c9c8cd; font-family: Arial,sans-serif; font-size: 14px; line-height: 17px; margin-bottom: 0; margin-top: 8px; overflow: hidden; padding: 8px 0 7px; text-align: center; text-overflow: ellipsis; white-space: nowrap;\"><a style=\"color: #c9c8cd; font-family: Arial,sans-serif; font-size: 14px; font-style: normal; font-weight: normal; line-height: 17px; text-decoration: none;\" href=\"https:\/\/www.instagram.com\/p\/C_wgAsKu3tm\/?utm_source=ig_embed&amp;utm_campaign=loading\" target=\"_blank\" rel=\"noopener\">Uma publica\u00e7\u00e3o compartilhada por Portal Grande Tijuca (@portalgrandetijuca)<\/a><\/p>\n<\/div>\n<\/blockquote>\n<p><script async src=\"\/\/www.instagram.com\/embed.js\"><\/script><\/p>\n<p>The same news platform reported another fire in Greater Tijuca in October, this time in <a href=\"https:\/\/bit.ly\/36CcCW0\">Morro da Formiga<\/a>. In one of the videos, a firefighter helicopter can be seen dropping water to contain the fire in the forested area of the favela.<\/p>\n<blockquote class=\"instagram-media\" style=\"background: #FFF; border: 0; border-radius: 3px; box-shadow: 0 0 1px 0 rgba(0,0,0,0.5),0 1px 10px 0 rgba(0,0,0,0.15); margin: 1px; max-width: 540px; min-width: 326px; padding: 0; width: calc(100% - 2px);\" data-instgrm-captioned=\"\" data-instgrm-permalink=\"https:\/\/www.instagram.com\/reel\/DAmKP6MSZOc\/?utm_source=ig_embed&amp;utm_campaign=loading\" data-instgrm-version=\"14\">\n<div style=\"padding: 16px;\">\n<p>&nbsp;<\/p>\n<div style=\"display: flex; flex-direction: row; align-items: center;\">\n<div style=\"background-color: #f4f4f4; border-radius: 50%; flex-grow: 0; height: 40px; margin-right: 14px; width: 40px;\"><\/div>\n<div style=\"display: flex; flex-direction: column; flex-grow: 1; justify-content: center;\">\n<div style=\"background-color: #f4f4f4; border-radius: 4px; flex-grow: 0; height: 14px; margin-bottom: 6px; width: 100px;\"><\/div>\n<div style=\"background-color: #f4f4f4; border-radius: 4px; flex-grow: 0; height: 14px; width: 60px;\"><\/div>\n<\/div>\n<\/div>\n<div style=\"padding: 19% 0;\"><\/div>\n<div style=\"display: block; height: 50px; margin: 0 auto 12px; width: 50px;\"><\/div>\n<div style=\"padding-top: 8px;\">\n<div style=\"color: #3897f0; font-family: Arial,sans-serif; font-size: 14px; font-style: normal; font-weight: 550; line-height: 18px;\">Ver essa foto no Instagram<\/div>\n<\/div>\n<div style=\"padding: 12.5% 0;\"><\/div>\n<div style=\"display: flex; flex-direction: row; margin-bottom: 14px; align-items: center;\">\n<div>\n<div style=\"background-color: #f4f4f4; border-radius: 50%; height: 12.5px; width: 12.5px; transform: translateX(0px) translateY(7px);\"><\/div>\n<div style=\"background-color: #f4f4f4; height: 12.5px; transform: rotate(-45deg) translateX(3px) translateY(1px); width: 12.5px; flex-grow: 0; margin-right: 14px; margin-left: 2px;\"><\/div>\n<div style=\"background-color: #f4f4f4; border-radius: 50%; height: 12.5px; width: 12.5px; transform: translateX(9px) translateY(-18px);\"><\/div>\n<\/div>\n<div style=\"margin-left: 8px;\">\n<div style=\"background-color: #f4f4f4; border-radius: 50%; flex-grow: 0; height: 20px; width: 20px;\"><\/div>\n<div style=\"width: 0; height: 0; border-top: 2px solid transparent; border-left: 6px solid #f4f4f4; border-bottom: 2px solid transparent; transform: translateX(16px) translateY(-4px) rotate(30deg);\"><\/div>\n<\/div>\n<div style=\"margin-left: auto;\">\n<div style=\"width: 0px; border-top: 8px solid #F4F4F4; border-right: 8px solid transparent; transform: translateY(16px);\"><\/div>\n<div style=\"background-color: #f4f4f4; flex-grow: 0; height: 12px; width: 16px; transform: translateY(-4px);\"><\/div>\n<div style=\"width: 0; height: 0; border-top: 8px solid #F4F4F4; border-left: 8px solid transparent; transform: translateY(-4px) translateX(8px);\"><\/div>\n<\/div>\n<\/div>\n<div style=\"display: flex; flex-direction: column; flex-grow: 1; justify-content: center; margin-bottom: 24px;\">\n<div style=\"background-color: #f4f4f4; border-radius: 4px; flex-grow: 0; height: 14px; margin-bottom: 6px; width: 224px;\"><\/div>\n<div style=\"background-color: #f4f4f4; border-radius: 4px; flex-grow: 0; height: 14px; width: 144px;\"><\/div>\n<\/div>\n<p>&nbsp;<\/p>\n<p style=\"color: #c9c8cd; font-family: Arial,sans-serif; font-size: 14px; line-height: 17px; margin-bottom: 0; margin-top: 8px; overflow: hidden; padding: 8px 0 7px; text-align: center; text-overflow: ellipsis; white-space: nowrap;\"><a style=\"color: #c9c8cd; font-family: Arial,sans-serif; font-size: 14px; font-style: normal; font-weight: normal; line-height: 17px; text-decoration: none;\" href=\"https:\/\/www.instagram.com\/reel\/DAmKP6MSZOc\/?utm_source=ig_embed&amp;utm_campaign=loading\" target=\"_blank\" rel=\"noopener\">Uma publica\u00e7\u00e3o compartilhada por Portal Grande Tijuca (@portalgrandetijuca)<\/a><\/p>\n<\/div>\n<\/blockquote>\n<p><script async src=\"\/\/www.instagram.com\/embed.js\"><\/script><\/p>\n<p><a href=\"https:\/\/bit.ly\/4exIRYG\">Sumar\u00e9 Hill<\/a>, also part of the <a href=\"https:\/\/bit.ly\/3A734FH\">Tijuca Massif<\/a> and located within <a href=\"https:\/\/bit.ly\/3q2pOPG\">Tijuca National Park<\/a>, the <a href=\"https:\/\/bit.ly\/47X7Phy\">largest urban forest in the world<\/a>, burned persistently, frightening residents in the region. For over 24 hours, the fire department tried to control the flames using all available resources, including helicopters. Toxic smoke spread across parts of Tijuca. As the wind carried the smoke southwest, it heavily impacted the health of residents in the favelas of <a href=\"https:\/\/bit.ly\/2NH50bN\">Salgueiro<\/a>, <a href=\"https:\/\/bit.ly\/2Za1dI8\">Borel<\/a>, and Formiga. Even <a href=\"http:\/\/bit.ly\/33Fp2Jx\">Turano<\/a>, located northeast of the fire and mostly in the opposing wind direction, experienced a decline in air quality.<\/p>\n<blockquote class=\"instagram-media\" style=\"background: #FFF; border: 0; border-radius: 3px; box-shadow: 0 0 1px 0 rgba(0,0,0,0.5),0 1px 10px 0 rgba(0,0,0,0.15); margin: 1px; max-width: 540px; min-width: 326px; padding: 0; width: calc(100% - 2px);\" data-instgrm-captioned=\"\" data-instgrm-permalink=\"https:\/\/www.instagram.com\/p\/DAoB-GmpsI5\/?utm_source=ig_embed&amp;utm_campaign=loading\" data-instgrm-version=\"14\">\n<div style=\"padding: 16px;\">\n<p>&nbsp;<\/p>\n<div style=\"display: flex; flex-direction: row; align-items: center;\">\n<div style=\"background-color: #f4f4f4; border-radius: 50%; flex-grow: 0; height: 40px; margin-right: 14px; width: 40px;\"><\/div>\n<div style=\"display: flex; flex-direction: column; flex-grow: 1; justify-content: center;\">\n<div style=\"background-color: #f4f4f4; border-radius: 4px; flex-grow: 0; height: 14px; margin-bottom: 6px; width: 100px;\"><\/div>\n<div style=\"background-color: #f4f4f4; border-radius: 4px; flex-grow: 0; height: 14px; width: 60px;\"><\/div>\n<\/div>\n<\/div>\n<div style=\"padding: 19% 0;\"><\/div>\n<div style=\"display: block; height: 50px; margin: 0 auto 12px; width: 50px;\"><\/div>\n<div style=\"padding-top: 8px;\">\n<div style=\"color: #3897f0; font-family: Arial,sans-serif; font-size: 14px; font-style: normal; font-weight: 550; line-height: 18px;\">Ver essa foto no Instagram<\/div>\n<\/div>\n<div style=\"padding: 12.5% 0;\"><\/div>\n<div style=\"display: flex; flex-direction: row; margin-bottom: 14px; align-items: center;\">\n<div>\n<div style=\"background-color: #f4f4f4; border-radius: 50%; height: 12.5px; width: 12.5px; transform: translateX(0px) translateY(7px);\"><\/div>\n<div style=\"background-color: #f4f4f4; height: 12.5px; transform: rotate(-45deg) translateX(3px) translateY(1px); width: 12.5px; flex-grow: 0; margin-right: 14px; margin-left: 2px;\"><\/div>\n<div style=\"background-color: #f4f4f4; border-radius: 50%; height: 12.5px; width: 12.5px; transform: translateX(9px) translateY(-18px);\"><\/div>\n<\/div>\n<div style=\"margin-left: 8px;\">\n<div style=\"background-color: #f4f4f4; border-radius: 50%; flex-grow: 0; height: 20px; width: 20px;\"><\/div>\n<div style=\"width: 0; height: 0; border-top: 2px solid transparent; border-left: 6px solid #f4f4f4; border-bottom: 2px solid transparent; transform: translateX(16px) translateY(-4px) rotate(30deg);\"><\/div>\n<\/div>\n<div style=\"margin-left: auto;\">\n<div style=\"width: 0px; border-top: 8px solid #F4F4F4; border-right: 8px solid transparent; transform: translateY(16px);\"><\/div>\n<div style=\"background-color: #f4f4f4; flex-grow: 0; height: 12px; width: 16px; transform: translateY(-4px);\"><\/div>\n<div style=\"width: 0; height: 0; border-top: 8px solid #F4F4F4; border-left: 8px solid transparent; transform: translateY(-4px) translateX(8px);\"><\/div>\n<\/div>\n<\/div>\n<div style=\"display: flex; flex-direction: column; flex-grow: 1; justify-content: center; margin-bottom: 24px;\">\n<div style=\"background-color: #f4f4f4; border-radius: 4px; flex-grow: 0; height: 14px; margin-bottom: 6px; width: 224px;\"><\/div>\n<div style=\"background-color: #f4f4f4; border-radius: 4px; flex-grow: 0; height: 14px; width: 144px;\"><\/div>\n<\/div>\n<p>&nbsp;<\/p>\n<p style=\"color: #c9c8cd; font-family: Arial,sans-serif; font-size: 14px; line-height: 17px; margin-bottom: 0; margin-top: 8px; overflow: hidden; padding: 8px 0 7px; text-align: center; text-overflow: ellipsis; white-space: nowrap;\"><a style=\"color: #c9c8cd; font-family: Arial,sans-serif; font-size: 14px; font-style: normal; font-weight: normal; line-height: 17px; text-decoration: none;\" href=\"https:\/\/www.instagram.com\/p\/DAoB-GmpsI5\/?utm_source=ig_embed&amp;utm_campaign=loading\" target=\"_blank\" rel=\"noopener\">Uma publica\u00e7\u00e3o compartilhada por Deputada Marina do MST (@marinadomst)<\/a><\/p>\n<\/div>\n<\/blockquote>\n<p><script async src=\"\/\/www.instagram.com\/embed.js\"><\/script><\/p>\n<figure id=\"attachment_79917\" aria-describedby=\"caption-attachment-79917\" style=\"width: 500px\" class=\"wp-caption alignright\"><a href=\"https:\/\/rioonwatch.org\/wp-content\/uploads\/2024\/10\/Residents-try-to-put-out-fires-in-Complexo-do-Alemao-Photo-A-Nova-Democracia-newspaper.jpg\"><img loading=\"lazy\" decoding=\"async\" class=\"wp-image-79917\" title=\"Residents try to put out a fire in Complexo do Alem\u00e3o. Photo: A Nova Democracia newspaper\" src=\"https:\/\/rioonwatch.org\/wp-content\/uploads\/2024\/10\/Residents-try-to-put-out-fires-in-Complexo-do-Alemao-Photo-A-Nova-Democracia-newspaper-620x413.jpg\" alt=\"Residents try to put out a fire in Complexo do Alem\u00e3o. Photo: A Nova Democracia newspaper\" width=\"500\" height=\"333\" srcset=\"https:\/\/rioonwatch.org\/wp-content\/uploads\/2024\/10\/Residents-try-to-put-out-fires-in-Complexo-do-Alemao-Photo-A-Nova-Democracia-newspaper-620x413.jpg 620w, https:\/\/rioonwatch.org\/wp-content\/uploads\/2024\/10\/Residents-try-to-put-out-fires-in-Complexo-do-Alemao-Photo-A-Nova-Democracia-newspaper-944x629.jpg 944w, https:\/\/rioonwatch.org\/wp-content\/uploads\/2024\/10\/Residents-try-to-put-out-fires-in-Complexo-do-Alemao-Photo-A-Nova-Democracia-newspaper-768x512.jpg 768w, https:\/\/rioonwatch.org\/wp-content\/uploads\/2024\/10\/Residents-try-to-put-out-fires-in-Complexo-do-Alemao-Photo-A-Nova-Democracia-newspaper.jpg 984w\" sizes=\"(max-width: 500px) 100vw, 500px\" \/><\/a><figcaption id=\"caption-attachment-79917\" class=\"wp-caption-text\">Residents try to put out a fire in Complexo do Alem\u00e3o. Photo: <em>A Nova Democracia<\/em> newspaper<\/figcaption><\/figure>\n<p>In the North Zone\u2019s <a href=\"https:\/\/bit.ly\/2ImAzVp\">Complexo do Alem\u00e3o<\/a>\u2014and in most of Rio\u2019s favelas\u2014<a href=\"https:\/\/bit.ly\/3WveOsI\">waste management<\/a>, which is the <a href=\"http:\/\/bit.ly\/3azFQHj\">city&#8217;s responsibility<\/a> through municipal garbage utility <a href=\"http:\/\/bit.ly\/2ZhUFLR\">Comlurb<\/a>, is a serious <a href=\"https:\/\/bit.ly\/3ySmJER\">public health issue<\/a>. Due to long-standing <a href=\"https:\/\/bit.ly\/2ORC5WL\">neglect by the State<\/a> and irregular collection services, <a href=\"http:\/\/bit.ly\/2VxMpRU\">residents are forced<\/a> to manage their garbage on their own. For some, especially those living in the higher parts of the favelas, burning waste seems like the only way to prevent it from piling up.<\/p>\n<p>In times of extreme drought and dry conditions, however, the destructive potential of this practice becomes immense due to the surrounding dry vegetation. This is what happened in <a href=\"https:\/\/bit.ly\/3NVlytr\">Pedra do Sapo<\/a> in <a href=\"https:\/\/bit.ly\/4dBcAOQ\">August<\/a>. In a tragic incident, Dona Altamira Louren\u00e7o da Silva, 65, saw her house completely destroyed by the fire. Fortunately, she escaped unharmed with the help of her neighbors.<\/p>\n<p>Another area of Complexo do Alem\u00e3o that faced fires in mid-September was <a href=\"https:\/\/bit.ly\/3U0IYn9\">Matinha<\/a>, located in the <a href=\"http:\/\/bit.ly\/2weRCol\">Serra da Miseric\u00f3rdia<\/a> region, a forested area that connects Complexo do Alem\u00e3o with <a href=\"https:\/\/bit.ly\/2CYrDGT\">Complexo da Penha<\/a>. The flames started in the morning and quickly spread, putting hundreds of residents and homes at risk. Despite the lack of water, with no supply from water utility <a href=\"https:\/\/bit.ly\/47XtCom\">\u00c1guas do Rio<\/a> for three days, residents decided to use all the water they had been saving to fight the fire\u2014a process that took hours.<\/p>\n<p><iframe style=\"border: none; overflow: hidden;\" src=\"https:\/\/www.facebook.com\/plugins\/post.php?href=https%3A%2F%2Fwww.facebook.com%2Fvozdascomunidades%2Fposts%2Fpfbid0WMbVe2CLjL3ePN91eASdKrH6J8CJU34WqeozYbtYw1U5gHNLdMVm75N6EEhEvC9ql&amp;show_text=true&amp;width=1030\" width=\"1030\" height=\"563\" frameborder=\"0\" scrolling=\"no\" allowfullscreen=\"allowfullscreen\"><\/iframe><\/p>\n<figure id=\"attachment_79937\" aria-describedby=\"caption-attachment-79937\" style=\"width: 500px\" class=\"wp-caption alignright\"><a href=\"https:\/\/rioonwatch.org\/wp-content\/uploads\/2024\/10\/Fire-hits-Morro-do-Fogueteiro-in-Santa-Teresa.png\"><img loading=\"lazy\" decoding=\"async\" class=\"wp-image-79937\" title=\"Fire breaks out at Morro do Fogueteiro. Photo: Portal Grande Tijuca\" src=\"https:\/\/rioonwatch.org\/wp-content\/uploads\/2024\/10\/Fire-hits-Morro-do-Fogueteiro-in-Santa-Teresa-620x347.png\" alt=\"Fire breaks out at Morro do Fogueteiro. Photo: Portal Grande Tijuca\" width=\"500\" height=\"280\" srcset=\"https:\/\/rioonwatch.org\/wp-content\/uploads\/2024\/10\/Fire-hits-Morro-do-Fogueteiro-in-Santa-Teresa-620x347.png 620w, https:\/\/rioonwatch.org\/wp-content\/uploads\/2024\/10\/Fire-hits-Morro-do-Fogueteiro-in-Santa-Teresa-678x381.png 678w, https:\/\/rioonwatch.org\/wp-content\/uploads\/2024\/10\/Fire-hits-Morro-do-Fogueteiro-in-Santa-Teresa.png 766w\" sizes=\"(max-width: 500px) 100vw, 500px\" \/><\/a><figcaption id=\"caption-attachment-79937\" class=\"wp-caption-text\">Fire breaks out at Morro do Fogueteiro. Photo: Portal Grande Tijuca<\/figcaption><\/figure>\n<p>In <a href=\"https:\/\/bit.ly\/2X5DZ4e\">downtown Rio<\/a>, a fire burned the forested area at the base of <a href=\"https:\/\/bit.ly\/1wSocaK\">Morro do Fogueteiro<\/a>, located in the neighborhood of <a href=\"https:\/\/bit.ly\/2OgGsGL\">Santa Teresa<\/a>, on September 25. There are no reports of fatalities, injuries, or houses damaged by the flames.<\/p>\n<p>On the following day, in the same area, another fire put residents&#8217; lives at risk. This time, it happened in <a href=\"https:\/\/bit.ly\/2SvC60b\">Morro do Querosene<\/a>, a community in <a href=\"https:\/\/bit.ly\/36wYNYx\">Complexo de S\u00e3o Carlos<\/a>, in the neighborhood of <a href=\"https:\/\/bit.ly\/3snL5qg\">Rio Comprido<\/a>. The fire hit the wooded area at the base of the hill, destroying two houses.<\/p>\n<p>The situation became so concerning that, in September, the State Environmental Institute (<a href=\"https:\/\/bit.ly\/2Prrlvf\">INEA<\/a>) <a href=\"https:\/\/bit.ly\/3NooqBh\">ordered the closure<\/a> of Rio de Janeiro\u2019s state parks and conservation areas as a safety measure. Municipal parks in the city of Rio de Janeiro also faced a real trial by fire. This was the case for <a href=\"https:\/\/bit.ly\/3zCKxB1\">Prainha Natural Municipal Park<\/a>, in <a href=\"https:\/\/bit.ly\/2ZQ0tet\">Recreio dos Bandeirantes<\/a>, in the <a href=\"https:\/\/bit.ly\/3FlkSL5\">West Zone<\/a>, which was threatened by advancing flames in the same month.<\/p>\n<blockquote class=\"instagram-media\" style=\"background: #FFF; border: 0; border-radius: 3px; box-shadow: 0 0 1px 0 rgba(0,0,0,0.5),0 1px 10px 0 rgba(0,0,0,0.15); margin: 1px; max-width: 540px; min-width: 326px; padding: 0; width: calc(100% - 2px);\" data-instgrm-captioned=\"\" data-instgrm-permalink=\"https:\/\/www.instagram.com\/reel\/C_gloTsSPab\/?utm_source=ig_embed&amp;utm_campaign=loading\" data-instgrm-version=\"14\">\n<div style=\"padding: 16px;\">\n<p>&nbsp;<\/p>\n<div style=\"display: flex; flex-direction: row; align-items: center;\">\n<div style=\"background-color: #f4f4f4; border-radius: 50%; flex-grow: 0; height: 40px; margin-right: 14px; width: 40px;\"><\/div>\n<div style=\"display: flex; flex-direction: column; flex-grow: 1; justify-content: center;\">\n<div style=\"background-color: #f4f4f4; border-radius: 4px; flex-grow: 0; height: 14px; margin-bottom: 6px; width: 100px;\"><\/div>\n<div style=\"background-color: #f4f4f4; border-radius: 4px; flex-grow: 0; height: 14px; width: 60px;\"><\/div>\n<\/div>\n<\/div>\n<div style=\"padding: 19% 0;\"><\/div>\n<div style=\"display: block; height: 50px; margin: 0 auto 12px; width: 50px;\"><\/div>\n<div style=\"padding-top: 8px;\">\n<div style=\"color: #3897f0; font-family: Arial,sans-serif; font-size: 14px; font-style: normal; font-weight: 550; line-height: 18px;\">Ver essa foto no Instagram<\/div>\n<\/div>\n<div style=\"padding: 12.5% 0;\"><\/div>\n<div style=\"display: flex; flex-direction: row; margin-bottom: 14px; align-items: center;\">\n<div>\n<div style=\"background-color: #f4f4f4; border-radius: 50%; height: 12.5px; width: 12.5px; transform: translateX(0px) translateY(7px);\"><\/div>\n<div style=\"background-color: #f4f4f4; height: 12.5px; transform: rotate(-45deg) translateX(3px) translateY(1px); width: 12.5px; flex-grow: 0; margin-right: 14px; margin-left: 2px;\"><\/div>\n<div style=\"background-color: #f4f4f4; border-radius: 50%; height: 12.5px; width: 12.5px; transform: translateX(9px) translateY(-18px);\"><\/div>\n<\/div>\n<div style=\"margin-left: 8px;\">\n<div style=\"background-color: #f4f4f4; border-radius: 50%; flex-grow: 0; height: 20px; width: 20px;\"><\/div>\n<div style=\"width: 0; height: 0; border-top: 2px solid transparent; border-left: 6px solid #f4f4f4; border-bottom: 2px solid transparent; transform: translateX(16px) translateY(-4px) rotate(30deg);\"><\/div>\n<\/div>\n<div style=\"margin-left: auto;\">\n<div style=\"width: 0px; border-top: 8px solid #F4F4F4; border-right: 8px solid transparent; transform: translateY(16px);\"><\/div>\n<div style=\"background-color: #f4f4f4; flex-grow: 0; height: 12px; width: 16px; transform: translateY(-4px);\"><\/div>\n<div style=\"width: 0; height: 0; border-top: 8px solid #F4F4F4; border-left: 8px solid transparent; transform: translateY(-4px) translateX(8px);\"><\/div>\n<\/div>\n<\/div>\n<div style=\"display: flex; flex-direction: column; flex-grow: 1; justify-content: center; margin-bottom: 24px;\">\n<div style=\"background-color: #f4f4f4; border-radius: 4px; flex-grow: 0; height: 14px; margin-bottom: 6px; width: 224px;\"><\/div>\n<div style=\"background-color: #f4f4f4; border-radius: 4px; flex-grow: 0; height: 14px; width: 144px;\"><\/div>\n<\/div>\n<p>&nbsp;<\/p>\n<p style=\"color: #c9c8cd; font-family: Arial,sans-serif; font-size: 14px; line-height: 17px; margin-bottom: 0; margin-top: 8px; overflow: hidden; padding: 8px 0 7px; text-align: center; text-overflow: ellipsis; white-space: nowrap;\"><a style=\"color: #c9c8cd; font-family: Arial,sans-serif; font-size: 14px; font-style: normal; font-weight: normal; line-height: 17px; text-decoration: none;\" href=\"https:\/\/www.instagram.com\/reel\/C_gloTsSPab\/?utm_source=ig_embed&amp;utm_campaign=loading\" target=\"_blank\" rel=\"noopener\">Uma publica\u00e7\u00e3o compartilhada por Gest\u00e3o do Parque Natural Municipal da Prainha (@gestao_pnm_prainha_rj)<\/a><\/p>\n<\/div>\n<\/blockquote>\n<p><script async src=\"\/\/www.instagram.com\/embed.js\"><\/script><\/p>\n<p>Also in the Prainha region, the platform <a href=\"https:\/\/bit.ly\/4h86vMR\"><em>Realengo TV<\/em><\/a> reported on a large-scale fire in the woods of <a href=\"https:\/\/bit.ly\/48f3bf2\">Grumari<\/a>.<\/p>\n<p><iframe style=\"border: none; overflow: hidden;\" src=\"https:\/\/www.facebook.com\/plugins\/video.php?height=476&amp;href=https%3A%2F%2Fwww.facebook.com%2FRealengoTV%2Fvideos%2F7580275712073528%2F&amp;show_text=false&amp;width=1030&amp;t=0\" width=\"1030\" height=\"563\" frameborder=\"0\" scrolling=\"no\" allowfullscreen=\"allowfullscreen\"><\/iframe><\/p>\n<p><a href=\"https:\/\/bit.ly\/2Fur1ae\">Niter\u00f3i<\/a> was yet another city that saw its parks burn. The <a href=\"https:\/\/bit.ly\/3TTJEeg\">City Forest Park<\/a> suffered fires that destroyed part of the <a href=\"https:\/\/bit.ly\/4h5OPBw\">forest on Morro das Andorinhas<\/a>. A joint effort by the fire departments of the Charitas and Itaipu neighborhoods was required to control the flames, which were only contained after 24 hours. Residents filmed potential suspects setting fire to the forest, and the Civil Police are still investigating the case.<\/p>\n<blockquote class=\"instagram-media\" style=\"background: #FFF; border: 0; border-radius: 3px; box-shadow: 0 0 1px 0 rgba(0,0,0,0.5),0 1px 10px 0 rgba(0,0,0,0.15); margin: 1px; max-width: 540px; min-width: 326px; padding: 0; width: calc(100% - 2px);\" data-instgrm-captioned=\"\" data-instgrm-permalink=\"https:\/\/www.instagram.com\/reel\/C_y5OklxJmZ\/?utm_source=ig_embed&amp;utm_campaign=loading\" data-instgrm-version=\"14\">\n<div style=\"padding: 16px;\">\n<p>&nbsp;<\/p>\n<div style=\"display: flex; flex-direction: row; align-items: center;\">\n<div style=\"background-color: #f4f4f4; border-radius: 50%; flex-grow: 0; height: 40px; margin-right: 14px; width: 40px;\"><\/div>\n<div style=\"display: flex; flex-direction: column; flex-grow: 1; justify-content: center;\">\n<div style=\"background-color: #f4f4f4; border-radius: 4px; flex-grow: 0; height: 14px; margin-bottom: 6px; width: 100px;\"><\/div>\n<div style=\"background-color: #f4f4f4; border-radius: 4px; flex-grow: 0; height: 14px; width: 60px;\"><\/div>\n<\/div>\n<\/div>\n<div style=\"padding: 19% 0;\"><\/div>\n<div style=\"display: block; height: 50px; margin: 0 auto 12px; width: 50px;\"><\/div>\n<div style=\"padding-top: 8px;\">\n<div style=\"color: #3897f0; font-family: Arial,sans-serif; font-size: 14px; font-style: normal; font-weight: 550; line-height: 18px;\">Ver essa foto no Instagram<\/div>\n<\/div>\n<div style=\"padding: 12.5% 0;\"><\/div>\n<div style=\"display: flex; flex-direction: row; margin-bottom: 14px; align-items: center;\">\n<div>\n<div style=\"background-color: #f4f4f4; border-radius: 50%; height: 12.5px; width: 12.5px; transform: translateX(0px) translateY(7px);\"><\/div>\n<div style=\"background-color: #f4f4f4; height: 12.5px; transform: rotate(-45deg) translateX(3px) translateY(1px); width: 12.5px; flex-grow: 0; margin-right: 14px; margin-left: 2px;\"><\/div>\n<div style=\"background-color: #f4f4f4; border-radius: 50%; height: 12.5px; width: 12.5px; transform: translateX(9px) translateY(-18px);\"><\/div>\n<\/div>\n<div style=\"margin-left: 8px;\">\n<div style=\"background-color: #f4f4f4; border-radius: 50%; flex-grow: 0; height: 20px; width: 20px;\"><\/div>\n<div style=\"width: 0; height: 0; border-top: 2px solid transparent; border-left: 6px solid #f4f4f4; border-bottom: 2px solid transparent; transform: translateX(16px) translateY(-4px) rotate(30deg);\"><\/div>\n<\/div>\n<div style=\"margin-left: auto;\">\n<div style=\"width: 0px; border-top: 8px solid #F4F4F4; border-right: 8px solid transparent; transform: translateY(16px);\"><\/div>\n<div style=\"background-color: #f4f4f4; flex-grow: 0; height: 12px; width: 16px; transform: translateY(-4px);\"><\/div>\n<div style=\"width: 0; height: 0; border-top: 8px solid #F4F4F4; border-left: 8px solid transparent; transform: translateY(-4px) translateX(8px);\"><\/div>\n<\/div>\n<\/div>\n<div style=\"display: flex; flex-direction: column; flex-grow: 1; justify-content: center; margin-bottom: 24px;\">\n<div style=\"background-color: #f4f4f4; border-radius: 4px; flex-grow: 0; height: 14px; margin-bottom: 6px; width: 224px;\"><\/div>\n<div style=\"background-color: #f4f4f4; border-radius: 4px; flex-grow: 0; height: 14px; width: 144px;\"><\/div>\n<\/div>\n<p>&nbsp;<\/p>\n<p style=\"color: #c9c8cd; font-family: Arial,sans-serif; font-size: 14px; line-height: 17px; margin-bottom: 0; margin-top: 8px; overflow: hidden; padding: 8px 0 7px; text-align: center; text-overflow: ellipsis; white-space: nowrap;\"><a style=\"color: #c9c8cd; font-family: Arial,sans-serif; font-size: 14px; font-style: normal; font-weight: normal; line-height: 17px; text-decoration: none;\" href=\"https:\/\/www.instagram.com\/reel\/C_y5OklxJmZ\/?utm_source=ig_embed&amp;utm_campaign=loading\" target=\"_blank\" rel=\"noopener\">Uma publica\u00e7\u00e3o compartilhada por A Tribuna (@atribunarj)<\/a><\/p>\n<\/div>\n<\/blockquote>\n<p><script async src=\"\/\/www.instagram.com\/embed.js\"><\/script><\/p>\n<p>One of the most haunting and impactful images from this devastating fire season in Rio de Janeiro came from the <a href=\"https:\/\/bit.ly\/3YvlBVz\">Tingu\u00e1 Biological Reserve<\/a>, in the city of <a href=\"https:\/\/bit.ly\/2XIp04O\">Nova Igua\u00e7u<\/a>, located in Greater Rio&#8217;s <a href=\"https:\/\/bit.ly\/2XQQdyV\">Baixada Fluminense<\/a> region. An INEA park guard shared a photograph of a completely charred sloth. In the same post, the account encouraged people to report anyone suspected of setting fire to the forests.<\/p>\n<blockquote class=\"instagram-media\" style=\"background: #FFF; border: 0; border-radius: 3px; box-shadow: 0 0 1px 0 rgba(0,0,0,0.5),0 1px 10px 0 rgba(0,0,0,0.15); margin: 1px; max-width: 540px; min-width: 326px; padding: 0; width: calc(100% - 2px);\" data-instgrm-captioned=\"\" data-instgrm-permalink=\"https:\/\/www.instagram.com\/reel\/C_87m6OpFwx\/?utm_source=ig_embed&amp;utm_campaign=loading\" data-instgrm-version=\"14\">\n<div style=\"padding: 16px;\">\n<p>&nbsp;<\/p>\n<div style=\"display: flex; flex-direction: row; align-items: center;\">\n<div style=\"background-color: #f4f4f4; border-radius: 50%; flex-grow: 0; height: 40px; margin-right: 14px; width: 40px;\"><\/div>\n<div style=\"display: flex; flex-direction: column; flex-grow: 1; justify-content: center;\">\n<div style=\"background-color: #f4f4f4; border-radius: 4px; flex-grow: 0; height: 14px; margin-bottom: 6px; width: 100px;\"><\/div>\n<div style=\"background-color: #f4f4f4; border-radius: 4px; flex-grow: 0; height: 14px; width: 60px;\"><\/div>\n<\/div>\n<\/div>\n<div style=\"padding: 19% 0;\"><\/div>\n<div style=\"display: block; height: 50px; margin: 0 auto 12px; width: 50px;\"><\/div>\n<div style=\"padding-top: 8px;\">\n<div style=\"color: #3897f0; font-family: Arial,sans-serif; font-size: 14px; font-style: normal; font-weight: 550; line-height: 18px;\">Ver essa foto no Instagram<\/div>\n<\/div>\n<div style=\"padding: 12.5% 0;\"><\/div>\n<div style=\"display: flex; flex-direction: row; margin-bottom: 14px; align-items: center;\">\n<div>\n<div style=\"background-color: #f4f4f4; border-radius: 50%; height: 12.5px; width: 12.5px; transform: translateX(0px) translateY(7px);\"><\/div>\n<div style=\"background-color: #f4f4f4; height: 12.5px; transform: rotate(-45deg) translateX(3px) translateY(1px); width: 12.5px; flex-grow: 0; margin-right: 14px; margin-left: 2px;\"><\/div>\n<div style=\"background-color: #f4f4f4; border-radius: 50%; height: 12.5px; width: 12.5px; transform: translateX(9px) translateY(-18px);\"><\/div>\n<\/div>\n<div style=\"margin-left: 8px;\">\n<div style=\"background-color: #f4f4f4; border-radius: 50%; flex-grow: 0; height: 20px; width: 20px;\"><\/div>\n<div style=\"width: 0; height: 0; border-top: 2px solid transparent; border-left: 6px solid #f4f4f4; border-bottom: 2px solid transparent; transform: translateX(16px) translateY(-4px) rotate(30deg);\"><\/div>\n<\/div>\n<div style=\"margin-left: auto;\">\n<div style=\"width: 0px; border-top: 8px solid #F4F4F4; border-right: 8px solid transparent; transform: translateY(16px);\"><\/div>\n<div style=\"background-color: #f4f4f4; flex-grow: 0; height: 12px; width: 16px; transform: translateY(-4px);\"><\/div>\n<div style=\"width: 0; height: 0; border-top: 8px solid #F4F4F4; border-left: 8px solid transparent; transform: translateY(-4px) translateX(8px);\"><\/div>\n<\/div>\n<\/div>\n<div style=\"display: flex; flex-direction: column; flex-grow: 1; justify-content: center; margin-bottom: 24px;\">\n<div style=\"background-color: #f4f4f4; border-radius: 4px; flex-grow: 0; height: 14px; margin-bottom: 6px; width: 224px;\"><\/div>\n<div style=\"background-color: #f4f4f4; border-radius: 4px; flex-grow: 0; height: 14px; width: 144px;\"><\/div>\n<\/div>\n<p>&nbsp;<\/p>\n<p style=\"color: #c9c8cd; font-family: Arial,sans-serif; font-size: 14px; line-height: 17px; margin-bottom: 0; margin-top: 8px; overflow: hidden; padding: 8px 0 7px; text-align: center; text-overflow: ellipsis; white-space: nowrap;\"><a style=\"color: #c9c8cd; font-family: Arial,sans-serif; font-size: 14px; font-style: normal; font-weight: normal; line-height: 17px; text-decoration: none;\" href=\"https:\/\/www.instagram.com\/reel\/C_87m6OpFwx\/?utm_source=ig_embed&amp;utm_campaign=loading\" target=\"_blank\" rel=\"noopener\">Uma publica\u00e7\u00e3o compartilhada por Guarda-Parques INEA (@guardaparquesinea)<\/a><\/p>\n<\/div>\n<\/blockquote>\n<p><script async src=\"\/\/www.instagram.com\/embed.js\"><\/script><\/p>\n<p>Similarly, fires have also devastated other areas of the state, with impacts no less severe. For example, Nova Friburgo\u2014a city known for attracting tourists with its cool temperatures\u2014was not spared from the above-average heat and fires. The Facebook page <a href=\"https:\/\/bit.ly\/3Uc70ff\">Nova Friburgo em Foco<\/a> highlighted the flames that spread across a hill in the city, with residents also posting about the incident.<\/p>\n<p><iframe style=\"border: none; overflow: hidden;\" src=\"https:\/\/www.facebook.com\/plugins\/post.php?href=https%3A%2F%2Fweb.facebook.com%2Fpbessa%2Fposts%2Fpfbid02haoxvC2NcS1R634DevoEg5HC51VE3psfFDXbCCySkneU88ZRK9igHuEySdAn1CGFl&amp;show_text=true&amp;width=500\" width=\"500\" height=\"665\" frameborder=\"0\" scrolling=\"no\" allowfullscreen=\"allowfullscreen\"><\/iframe><\/p>\n<p>As a whole, in 2024, the state of Rio has registered the <a href=\"https:\/\/bit.ly\/3Yw1zKp\">highest number of fires since 2017<\/a>, with most of them linked to arson. By September 20, the Civil Police had already identified <a href=\"https:\/\/bit.ly\/3Ntey9I\">34 perpetrators<\/a>, but much more remains to be investigated.<\/p>\n<h3>The Amazon, Pantanal, and other Biomes in Flames<\/h3>\n<p>At the end of August, a viral video showed the fire reaching the Ytu Aldeia in the <a href=\"https:\/\/bit.ly\/3YcfYLT\">Apiaka Kaiabi Munduruku Indigenous Territory<\/a>, in the Amazon region of Mato Grosso. One of the firefighters on-site filmed the tragic scenes of families fleeing the flames, carrying only the clothes on their backs and what they could hold in their hands. In his post, he criticized the precarious infrastructure available to the fire crews and the lack of personnel to fight the fires.<\/p>\n<blockquote class=\"instagram-media\" style=\"background: #FFF; border: 0; border-radius: 3px; box-shadow: 0 0 1px 0 rgba(0,0,0,0.5),0 1px 10px 0 rgba(0,0,0,0.15); margin: 1px; max-width: 540px; min-width: 326px; padding: 0; width: calc(100% - 2px);\" data-instgrm-captioned=\"\" data-instgrm-permalink=\"https:\/\/www.instagram.com\/p\/C_VQQNtODuA\/?utm_source=ig_embed&amp;utm_campaign=loading\" data-instgrm-version=\"14\">\n<div style=\"padding: 16px;\">\n<p>&nbsp;<\/p>\n<div style=\"display: flex; flex-direction: row; align-items: center;\">\n<div style=\"background-color: #f4f4f4; border-radius: 50%; flex-grow: 0; height: 40px; margin-right: 14px; width: 40px;\"><\/div>\n<div style=\"display: flex; flex-direction: column; flex-grow: 1; justify-content: center;\">\n<div style=\"background-color: #f4f4f4; border-radius: 4px; flex-grow: 0; height: 14px; margin-bottom: 6px; width: 100px;\"><\/div>\n<div style=\"background-color: #f4f4f4; border-radius: 4px; flex-grow: 0; height: 14px; width: 60px;\"><\/div>\n<\/div>\n<\/div>\n<div style=\"padding: 19% 0;\"><\/div>\n<div style=\"display: block; height: 50px; margin: 0 auto 12px; width: 50px;\"><\/div>\n<div style=\"padding-top: 8px;\">\n<div style=\"color: #3897f0; font-family: Arial,sans-serif; font-size: 14px; font-style: normal; font-weight: 550; line-height: 18px;\">Ver essa foto no Instagram<\/div>\n<\/div>\n<div style=\"padding: 12.5% 0;\"><\/div>\n<div style=\"display: flex; flex-direction: row; margin-bottom: 14px; align-items: center;\">\n<div>\n<div style=\"background-color: #f4f4f4; border-radius: 50%; height: 12.5px; width: 12.5px; transform: translateX(0px) translateY(7px);\"><\/div>\n<div style=\"background-color: #f4f4f4; height: 12.5px; transform: rotate(-45deg) translateX(3px) translateY(1px); width: 12.5px; flex-grow: 0; margin-right: 14px; margin-left: 2px;\"><\/div>\n<div style=\"background-color: #f4f4f4; border-radius: 50%; height: 12.5px; width: 12.5px; transform: translateX(9px) translateY(-18px);\"><\/div>\n<\/div>\n<div style=\"margin-left: 8px;\">\n<div style=\"background-color: #f4f4f4; border-radius: 50%; flex-grow: 0; height: 20px; width: 20px;\"><\/div>\n<div style=\"width: 0; height: 0; border-top: 2px solid transparent; border-left: 6px solid #f4f4f4; border-bottom: 2px solid transparent; transform: translateX(16px) translateY(-4px) rotate(30deg);\"><\/div>\n<\/div>\n<div style=\"margin-left: auto;\">\n<div style=\"width: 0px; border-top: 8px solid #F4F4F4; border-right: 8px solid transparent; transform: translateY(16px);\"><\/div>\n<div style=\"background-color: #f4f4f4; flex-grow: 0; height: 12px; width: 16px; transform: translateY(-4px);\"><\/div>\n<div style=\"width: 0; height: 0; border-top: 8px solid #F4F4F4; border-left: 8px solid transparent; transform: translateY(-4px) translateX(8px);\"><\/div>\n<\/div>\n<\/div>\n<div style=\"display: flex; flex-direction: column; flex-grow: 1; justify-content: center; margin-bottom: 24px;\">\n<div style=\"background-color: #f4f4f4; border-radius: 4px; flex-grow: 0; height: 14px; margin-bottom: 6px; width: 224px;\"><\/div>\n<div style=\"background-color: #f4f4f4; border-radius: 4px; flex-grow: 0; height: 14px; width: 144px;\"><\/div>\n<\/div>\n<p>&nbsp;<\/p>\n<p style=\"color: #c9c8cd; font-family: Arial,sans-serif; font-size: 14px; line-height: 17px; margin-bottom: 0; margin-top: 8px; overflow: hidden; padding: 8px 0 7px; text-align: center; text-overflow: ellipsis; white-space: nowrap;\"><a style=\"color: #c9c8cd; font-family: Arial,sans-serif; font-size: 14px; font-style: normal; font-weight: normal; line-height: 17px; text-decoration: none;\" href=\"https:\/\/www.instagram.com\/p\/C_VQQNtODuA\/?utm_source=ig_embed&amp;utm_campaign=loading\" target=\"_blank\" rel=\"noopener\">Uma publica\u00e7\u00e3o compartilhada por Paulo Andr\u00e9 Silva Barroso (@barrosoff_bombeiro)<\/a><\/p>\n<\/div>\n<\/blockquote>\n<p><script async src=\"\/\/www.instagram.com\/embed.js\"><\/script><\/p>\n<p>Concerned about the lives of indigenous Brazilians and the criminal use of fire as a tool for displacing communities and land grabbing, the Articulation of Indigenous Peoples of Brazil (<a href=\"https:\/\/bit.ly\/3ChUEZ7\">APIB<\/a>) <a href=\"https:\/\/bit.ly\/4eMsEz3\">reported agribusiness<\/a> for the fires. The indigenous movement demands an investigation, accountability for those responsible, and measures to mitigate the damages caused.<\/p>\n<blockquote class=\"instagram-media\" style=\"background: #FFF; border: 0; border-radius: 3px; box-shadow: 0 0 1px 0 rgba(0,0,0,0.5),0 1px 10px 0 rgba(0,0,0,0.15); margin: 1px; max-width: 540px; min-width: 326px; padding: 0; width: calc(100% - 2px);\" data-instgrm-captioned=\"\" data-instgrm-permalink=\"https:\/\/www.instagram.com\/p\/C_lxdnhvSLi\/?utm_source=ig_embed&amp;utm_campaign=loading\" data-instgrm-version=\"14\">\n<div style=\"padding: 16px;\">\n<p>&nbsp;<\/p>\n<div style=\"display: flex; flex-direction: row; align-items: center;\">\n<div style=\"background-color: #f4f4f4; border-radius: 50%; flex-grow: 0; height: 40px; margin-right: 14px; width: 40px;\"><\/div>\n<div style=\"display: flex; flex-direction: column; flex-grow: 1; justify-content: center;\">\n<div style=\"background-color: #f4f4f4; border-radius: 4px; flex-grow: 0; height: 14px; margin-bottom: 6px; width: 100px;\"><\/div>\n<div style=\"background-color: #f4f4f4; border-radius: 4px; flex-grow: 0; height: 14px; width: 60px;\"><\/div>\n<\/div>\n<\/div>\n<div style=\"padding: 19% 0;\"><\/div>\n<div style=\"display: block; height: 50px; margin: 0 auto 12px; width: 50px;\"><\/div>\n<div style=\"padding-top: 8px;\">\n<div style=\"color: #3897f0; font-family: Arial,sans-serif; font-size: 14px; font-style: normal; font-weight: 550; line-height: 18px;\">Ver essa foto no Instagram<\/div>\n<\/div>\n<div style=\"padding: 12.5% 0;\"><\/div>\n<div style=\"display: flex; flex-direction: row; margin-bottom: 14px; align-items: center;\">\n<div>\n<div style=\"background-color: #f4f4f4; border-radius: 50%; height: 12.5px; width: 12.5px; transform: translateX(0px) translateY(7px);\"><\/div>\n<div style=\"background-color: #f4f4f4; height: 12.5px; transform: rotate(-45deg) translateX(3px) translateY(1px); width: 12.5px; flex-grow: 0; margin-right: 14px; margin-left: 2px;\"><\/div>\n<div style=\"background-color: #f4f4f4; border-radius: 50%; height: 12.5px; width: 12.5px; transform: translateX(9px) translateY(-18px);\"><\/div>\n<\/div>\n<div style=\"margin-left: 8px;\">\n<div style=\"background-color: #f4f4f4; border-radius: 50%; flex-grow: 0; height: 20px; width: 20px;\"><\/div>\n<div style=\"width: 0; height: 0; border-top: 2px solid transparent; border-left: 6px solid #f4f4f4; border-bottom: 2px solid transparent; transform: translateX(16px) translateY(-4px) rotate(30deg);\"><\/div>\n<\/div>\n<div style=\"margin-left: auto;\">\n<div style=\"width: 0px; border-top: 8px solid #F4F4F4; border-right: 8px solid transparent; transform: translateY(16px);\"><\/div>\n<div style=\"background-color: #f4f4f4; flex-grow: 0; height: 12px; width: 16px; transform: translateY(-4px);\"><\/div>\n<div style=\"width: 0; height: 0; border-top: 8px solid #F4F4F4; border-left: 8px solid transparent; transform: translateY(-4px) translateX(8px);\"><\/div>\n<\/div>\n<\/div>\n<div style=\"display: flex; flex-direction: column; flex-grow: 1; justify-content: center; margin-bottom: 24px;\">\n<div style=\"background-color: #f4f4f4; border-radius: 4px; flex-grow: 0; height: 14px; margin-bottom: 6px; width: 224px;\"><\/div>\n<div style=\"background-color: #f4f4f4; border-radius: 4px; flex-grow: 0; height: 14px; width: 144px;\"><\/div>\n<\/div>\n<p>&nbsp;<\/p>\n<p style=\"color: #c9c8cd; font-family: Arial,sans-serif; font-size: 14px; line-height: 17px; margin-bottom: 0; margin-top: 8px; overflow: hidden; padding: 8px 0 7px; text-align: center; text-overflow: ellipsis; white-space: nowrap;\"><a style=\"color: #c9c8cd; font-family: Arial,sans-serif; font-size: 14px; font-style: normal; font-weight: normal; line-height: 17px; text-decoration: none;\" href=\"https:\/\/www.instagram.com\/p\/C_lxdnhvSLi\/?utm_source=ig_embed&amp;utm_campaign=loading\" target=\"_blank\" rel=\"noopener\">Uma publica\u00e7\u00e3o compartilhada por Apib (@apiboficial)<\/a><\/p>\n<\/div>\n<\/blockquote>\n<p><script async src=\"\/\/www.instagram.com\/embed.js\"><\/script><\/p>\n<p>Community media outlets reporting on Rio&#8217;s favelas, such as <a href=\"https:\/\/bit.ly\/2Iv4H5h\"><em>Voz das Comunidades<\/em><\/a>, have also denounced the role of agribusiness in the widespread fires that hit Brazil in recent months. Similarly subjected to the logic of <a href=\"https:\/\/bit.ly\/32aHwqF\">environmental racism<\/a>, just like Brazilians in the Northern region, grassroots communicators from Rio&#8217;s favelas also understand the importance of preserving the Amazon and keeping the forest standing.<\/p>\n<blockquote class=\"instagram-media\" style=\"background: #FFF; border: 0; border-radius: 3px; box-shadow: 0 0 1px 0 rgba(0,0,0,0.5),0 1px 10px 0 rgba(0,0,0,0.15); margin: 1px; max-width: 540px; min-width: 326px; padding: 0; width: calc(100% - 2px);\" data-instgrm-captioned=\"\" data-instgrm-permalink=\"https:\/\/www.instagram.com\/p\/DAWmDRsJqeV\/?utm_source=ig_embed&amp;utm_campaign=loading\" data-instgrm-version=\"14\">\n<div style=\"padding: 16px;\">\n<p>&nbsp;<\/p>\n<div style=\"display: flex; flex-direction: row; align-items: center;\">\n<div style=\"background-color: #f4f4f4; border-radius: 50%; flex-grow: 0; height: 40px; margin-right: 14px; width: 40px;\"><\/div>\n<div style=\"display: flex; flex-direction: column; flex-grow: 1; justify-content: center;\">\n<div style=\"background-color: #f4f4f4; border-radius: 4px; flex-grow: 0; height: 14px; margin-bottom: 6px; width: 100px;\"><\/div>\n<div style=\"background-color: #f4f4f4; border-radius: 4px; flex-grow: 0; height: 14px; width: 60px;\"><\/div>\n<\/div>\n<\/div>\n<div style=\"padding: 19% 0;\"><\/div>\n<div style=\"display: block; height: 50px; margin: 0 auto 12px; width: 50px;\"><\/div>\n<div style=\"padding-top: 8px;\">\n<div style=\"color: #3897f0; font-family: Arial,sans-serif; font-size: 14px; font-style: normal; font-weight: 550; line-height: 18px;\">Ver essa foto no Instagram<\/div>\n<\/div>\n<div style=\"padding: 12.5% 0;\"><\/div>\n<div style=\"display: flex; flex-direction: row; margin-bottom: 14px; align-items: center;\">\n<div>\n<div style=\"background-color: #f4f4f4; border-radius: 50%; height: 12.5px; width: 12.5px; transform: translateX(0px) translateY(7px);\"><\/div>\n<div style=\"background-color: #f4f4f4; height: 12.5px; transform: rotate(-45deg) translateX(3px) translateY(1px); width: 12.5px; flex-grow: 0; margin-right: 14px; margin-left: 2px;\"><\/div>\n<div style=\"background-color: #f4f4f4; border-radius: 50%; height: 12.5px; width: 12.5px; transform: translateX(9px) translateY(-18px);\"><\/div>\n<\/div>\n<div style=\"margin-left: 8px;\">\n<div style=\"background-color: #f4f4f4; border-radius: 50%; flex-grow: 0; height: 20px; width: 20px;\"><\/div>\n<div style=\"width: 0; height: 0; border-top: 2px solid transparent; border-left: 6px solid #f4f4f4; border-bottom: 2px solid transparent; transform: translateX(16px) translateY(-4px) rotate(30deg);\"><\/div>\n<\/div>\n<div style=\"margin-left: auto;\">\n<div style=\"width: 0px; border-top: 8px solid #F4F4F4; border-right: 8px solid transparent; transform: translateY(16px);\"><\/div>\n<div style=\"background-color: #f4f4f4; flex-grow: 0; height: 12px; width: 16px; transform: translateY(-4px);\"><\/div>\n<div style=\"width: 0; height: 0; border-top: 8px solid #F4F4F4; border-left: 8px solid transparent; transform: translateY(-4px) translateX(8px);\"><\/div>\n<\/div>\n<\/div>\n<div style=\"display: flex; flex-direction: column; flex-grow: 1; justify-content: center; margin-bottom: 24px;\">\n<div style=\"background-color: #f4f4f4; border-radius: 4px; flex-grow: 0; height: 14px; margin-bottom: 6px; width: 224px;\"><\/div>\n<div style=\"background-color: #f4f4f4; border-radius: 4px; flex-grow: 0; height: 14px; width: 144px;\"><\/div>\n<\/div>\n<p>&nbsp;<\/p>\n<p style=\"color: #c9c8cd; font-family: Arial,sans-serif; font-size: 14px; line-height: 17px; margin-bottom: 0; margin-top: 8px; overflow: hidden; padding: 8px 0 7px; text-align: center; text-overflow: ellipsis; white-space: nowrap;\"><a style=\"color: #c9c8cd; font-family: Arial,sans-serif; font-size: 14px; font-style: normal; font-weight: normal; line-height: 17px; text-decoration: none;\" href=\"https:\/\/www.instagram.com\/p\/DAWmDRsJqeV\/?utm_source=ig_embed&amp;utm_campaign=loading\" target=\"_blank\" rel=\"noopener\">Uma publica\u00e7\u00e3o compartilhada por Voz das Comunidades (@vozdascomunidades)<\/a><\/p>\n<\/div>\n<\/blockquote>\n<p><script async src=\"\/\/www.instagram.com\/embed.js\"><\/script><\/p>\n<p>It is important to highlight that indigenous peoples in Brazil are the <a href=\"https:\/\/bit.ly\/3NMFxxb\">primary caretakers<\/a> of the Amazon Rainforest, the Atlantic Forest, the Cerrado, the <a href=\"https:\/\/bit.ly\/3BRMl9P\">Pantanal<\/a>, and the <a href=\"https:\/\/bit.ly\/48fRGnE\">Caatinga<\/a>. Brazil is already experiencing temperatures above the predicted average, and it is no coincidence that the areas most affected by record temperatures, droughts, fires, and poor air quality are also those facing intense deforestation and growing interests in agribusiness expansion and illegal mining.<\/p>\n<blockquote class=\"instagram-media\" style=\"background: #FFF; border: 0; border-radius: 3px; box-shadow: 0 0 1px 0 rgba(0,0,0,0.5),0 1px 10px 0 rgba(0,0,0,0.15); margin: 1px; max-width: 540px; min-width: 326px; padding: 0; width: calc(100% - 2px);\" data-instgrm-captioned=\"\" data-instgrm-permalink=\"https:\/\/www.instagram.com\/p\/DAi_3-3vPR4\/?utm_source=ig_embed&amp;utm_campaign=loading\" data-instgrm-version=\"14\">\n<div style=\"padding: 16px;\">\n<p>&nbsp;<\/p>\n<div style=\"display: flex; flex-direction: row; align-items: center;\">\n<div style=\"background-color: #f4f4f4; border-radius: 50%; flex-grow: 0; height: 40px; margin-right: 14px; width: 40px;\"><\/div>\n<div style=\"display: flex; flex-direction: column; flex-grow: 1; justify-content: center;\">\n<div style=\"background-color: #f4f4f4; border-radius: 4px; flex-grow: 0; height: 14px; margin-bottom: 6px; width: 100px;\"><\/div>\n<div style=\"background-color: #f4f4f4; border-radius: 4px; flex-grow: 0; height: 14px; width: 60px;\"><\/div>\n<\/div>\n<\/div>\n<div style=\"padding: 19% 0;\"><\/div>\n<div style=\"display: block; height: 50px; margin: 0 auto 12px; width: 50px;\"><\/div>\n<div style=\"padding-top: 8px;\">\n<div style=\"color: #3897f0; font-family: Arial,sans-serif; font-size: 14px; font-style: normal; font-weight: 550; line-height: 18px;\">Ver essa foto no Instagram<\/div>\n<\/div>\n<div style=\"padding: 12.5% 0;\"><\/div>\n<div style=\"display: flex; flex-direction: row; margin-bottom: 14px; align-items: center;\">\n<div>\n<div style=\"background-color: #f4f4f4; border-radius: 50%; height: 12.5px; width: 12.5px; transform: translateX(0px) translateY(7px);\"><\/div>\n<div style=\"background-color: #f4f4f4; height: 12.5px; transform: rotate(-45deg) translateX(3px) translateY(1px); width: 12.5px; flex-grow: 0; margin-right: 14px; margin-left: 2px;\"><\/div>\n<div style=\"background-color: #f4f4f4; border-radius: 50%; height: 12.5px; width: 12.5px; transform: translateX(9px) translateY(-18px);\"><\/div>\n<\/div>\n<div style=\"margin-left: 8px;\">\n<div style=\"background-color: #f4f4f4; border-radius: 50%; flex-grow: 0; height: 20px; width: 20px;\"><\/div>\n<div style=\"width: 0; height: 0; border-top: 2px solid transparent; border-left: 6px solid #f4f4f4; border-bottom: 2px solid transparent; transform: translateX(16px) translateY(-4px) rotate(30deg);\"><\/div>\n<\/div>\n<div style=\"margin-left: auto;\">\n<div style=\"width: 0px; border-top: 8px solid #F4F4F4; border-right: 8px solid transparent; transform: translateY(16px);\"><\/div>\n<div style=\"background-color: #f4f4f4; flex-grow: 0; height: 12px; width: 16px; transform: translateY(-4px);\"><\/div>\n<div style=\"width: 0; height: 0; border-top: 8px solid #F4F4F4; border-left: 8px solid transparent; transform: translateY(-4px) translateX(8px);\"><\/div>\n<\/div>\n<\/div>\n<div style=\"display: flex; flex-direction: column; flex-grow: 1; justify-content: center; margin-bottom: 24px;\">\n<div style=\"background-color: #f4f4f4; border-radius: 4px; flex-grow: 0; height: 14px; margin-bottom: 6px; width: 224px;\"><\/div>\n<div style=\"background-color: #f4f4f4; border-radius: 4px; flex-grow: 0; height: 14px; width: 144px;\"><\/div>\n<\/div>\n<p>&nbsp;<\/p>\n<p style=\"color: #c9c8cd; font-family: Arial,sans-serif; font-size: 14px; line-height: 17px; margin-bottom: 0; margin-top: 8px; overflow: hidden; padding: 8px 0 7px; text-align: center; text-overflow: ellipsis; white-space: nowrap;\"><a style=\"color: #c9c8cd; font-family: Arial,sans-serif; font-size: 14px; font-style: normal; font-weight: normal; line-height: 17px; text-decoration: none;\" href=\"https:\/\/www.instagram.com\/p\/DAi_3-3vPR4\/?utm_source=ig_embed&amp;utm_campaign=loading\" target=\"_blank\" rel=\"noopener\">Uma publica\u00e7\u00e3o compartilhada por Apib (@apiboficial)<\/a><\/p>\n<\/div>\n<\/blockquote>\n<p><script async src=\"\/\/www.instagram.com\/embed.js\"><\/script><\/p>\n<p>This undeniable correlation between agribusiness, rising temperatures, recurring droughts, and forest fires led Judge <a href=\"https:\/\/bit.ly\/4f59FPA\">Fl\u00e1vio Dino<\/a>, of the Brazilian Supreme Court (<a href=\"https:\/\/bit.ly\/3g8Bslu\">STF<\/a>), to raise the <a href=\"https:\/\/bit.ly\/4gXi2yL\">discussion about expropriating lands<\/a> affected by deforestation and arson. According to the supreme court judge, there should be a broader interpretation of <a href=\"https:\/\/bit.ly\/3BMgR57\">Article 243<\/a> of the Brazilian Federal Constitution. The article states that rural and urban properties where &#8220;illegal crops&#8221; or slave labor exploitation are found must be expropriated and allocated to agrarian reform and social housing programs. Dino argues that enforcing Article 243 in the fight against fires could be an effective tool, as it removes land from the hands of those responsible for the fires and places it under the care of agrarian reform, family farming, and social housing programs\u2014options that tend to foster much healthier relationships with natural resources and the land.<\/p>\n<p><em><i>About the author:\u00a0<\/i><a href=\"https:\/\/bit.ly\/37hnLN2\" target=\"_blank\" rel=\"noopener\">Euro Mascarenhas Filho<\/a>\u00a0is a grassroots journalist, contributor to the\u00a0<a href=\"http:\/\/bit.ly\/2bEKDZS\" target=\"_blank\" rel=\"noopener\">Paratininga Communications Center<\/a>, and creator of the <a href=\"https:\/\/spoti.fi\/2WvGpyG\" target=\"_blank\" rel=\"noopener\">Antena Aberta<\/a>\u00a0podcast.<\/em><\/p>\n<hr \/>\n<h4><b data-stringify-type=\"bold\">Support\u00a0<\/b><b data-stringify-type=\"bold\"><i data-stringify-type=\"italic\">RioOnWatch<\/i><\/b><b data-stringify-type=\"bold\">\u2019s tireless, critical and cutting-edge hyperlocal journalism, online community organizing meetings, and direct support to favelas\u00a0<\/b><b data-stringify-type=\"bold\"><a class=\"c-link\" href=\"http:\/\/bit.ly\/DonateToRioOnWatch\" target=\"_blank\" rel=\"noopener noreferrer\" data-stringify-link=\"http:\/\/bit.ly\/DonateToRioOnWatch\" data-sk=\"tooltip_parent\">by clicking here.<\/a><\/b><\/h4>\n","protected":false},"excerpt":{"rendered":"<div class=\"mh-excerpt\"><p>Clique aqui para Portugu\u00eas This article is part of a\u00a0series\u00a0created in partnership with the\u00a0Behner Stiefel Center for Brazilian Studies\u00a0at San Diego State University, to produce articles for the\u00a0Digital Brazil Project on environmental justice in the <a class=\"mh-excerpt-more\" href=\"https:\/\/rioonwatch.org\/?p=79909\" title=\"Brazil on Fire\u2014From Forests to Cities, Including Rio de Janeiro: A 104% Dry Season Surge in Fires Since 2023 Marks a Clear Climate Crisis Tipping Point Say #VoicesFromSocialMedia\">[&#8230;]<\/a><\/p>\n<\/div>","protected":false},"author":245,"featured_media":79910,"comment_status":"closed","ping_status":"closed","sticky":false,"template":"template-full.php","format":"standard","meta":{"_monsterinsights_skip_tracking":false,"_monsterinsights_sitenote_active":false,"_monsterinsights_sitenote_note":"","_monsterinsights_sitenote_category":0,"footnotes":""},"categories":[1288,1328,3477,452,336],"tags":[1087,2367,2353,804,3149,32,694,2436,886,715,728,288,116,117,2731,387,551,37,122,1580,3493,73,906,172,120,3011,243,471,1350,489,2745,795,2357,1843,1140],"writer":[3411],"translator":[3507],"illustrator":[],"photographer":[],"class_list":{"0":"post-79909","1":"post","2":"type-post","3":"status-publish","4":"format-standard","5":"has-post-thumbnail","7":"category-highlight","8":"category-by-community-contributors","9":"category-climate-justice","10":"category-rio20","11":"category-violations","12":"tag-voicesfromsocialmedia","13":"tag-amazon","14":"tag-bolivia","15":"tag-borel","16":"tag-complexo-da-penha","17":"tag-complexo-do-alemao","18":"tag-duque-de-caxias","19":"tag-environmental-justice","20":"tag-fire","21":"tag-indigenous","22":"tag-inea","23":"tag-mata-atlantica","24":"tag-morro-da-formiga","25":"tag-morro-do-fogueteiro","26":"tag-morro-do-querosene","27":"tag-morro-dos-macacos","28":"tag-niteroi","29":"tag-north-zone","30":"tag-nova-iguacu","31":"tag-pedra-do-sapo","32":"tag-peru","33":"tag-recreio","34":"tag-salgueiro","35":"tag-santa-teresa","36":"tag-sao-goncalo","37":"tag-series-human-rights-with-support-from-the-behner-stiefel-center-at-sdsu","38":"tag-serra-da-misericordia","39":"tag-sustainability","40":"tag-tijuca","41":"tag-tijuca-forest","42":"tag-tingua","43":"tag-turano","44":"tag-uruguay","45":"tag-voz-das-comunidades","46":"tag-waste-management","47":"writer-euro-mascarenhas-filho","48":"translator-yasmin-quaife"},"_links":{"self":[{"href":"https:\/\/rioonwatch.org\/index.php?rest_route=\/wp\/v2\/posts\/79909","targetHints":{"allow":["GET"]}}],"collection":[{"href":"https:\/\/rioonwatch.org\/index.php?rest_route=\/wp\/v2\/posts"}],"about":[{"href":"https:\/\/rioonwatch.org\/index.php?rest_route=\/wp\/v2\/types\/post"}],"author":[{"embeddable":true,"href":"https:\/\/rioonwatch.org\/index.php?rest_route=\/wp\/v2\/users\/245"}],"replies":[{"embeddable":true,"href":"https:\/\/rioonwatch.org\/index.php?rest_route=%2Fwp%2Fv2%2Fcomments&post=79909"}],"version-history":[{"count":4,"href":"https:\/\/rioonwatch.org\/index.php?rest_route=\/wp\/v2\/posts\/79909\/revisions"}],"predecessor-version":[{"id":79953,"href":"https:\/\/rioonwatch.org\/index.php?rest_route=\/wp\/v2\/posts\/79909\/revisions\/79953"}],"wp:featuredmedia":[{"embeddable":true,"href":"https:\/\/rioonwatch.org\/index.php?rest_route=\/wp\/v2\/media\/79910"}],"wp:attachment":[{"href":"https:\/\/rioonwatch.org\/index.php?rest_route=%2Fwp%2Fv2%2Fmedia&parent=79909"}],"wp:term":[{"taxonomy":"category","embeddable":true,"href":"https:\/\/rioonwatch.org\/index.php?rest_route=%2Fwp%2Fv2%2Fcategories&post=79909"},{"taxonomy":"post_tag","embeddable":true,"href":"https:\/\/rioonwatch.org\/index.php?rest_route=%2Fwp%2Fv2%2Ftags&post=79909"},{"taxonomy":"writer","embeddable":true,"href":"https:\/\/rioonwatch.org\/index.php?rest_route=%2Fwp%2Fv2%2Fwriter&post=79909"},{"taxonomy":"translator","embeddable":true,"href":"https:\/\/rioonwatch.org\/index.php?rest_route=%2Fwp%2Fv2%2Ftranslator&post=79909"},{"taxonomy":"illustrator","embeddable":true,"href":"https:\/\/rioonwatch.org\/index.php?rest_route=%2Fwp%2Fv2%2Fillustrator&post=79909"},{"taxonomy":"photographer","embeddable":true,"href":"https:\/\/rioonwatch.org\/index.php?rest_route=%2Fwp%2Fv2%2Fphotographer&post=79909"}],"curies":[{"name":"wp","href":"https:\/\/api.w.org\/{rel}","templated":true}]}}