{"id":80241,"date":"2024-12-22T15:42:07","date_gmt":"2024-12-22T18:42:07","guid":{"rendered":"https:\/\/rioonwatch.org\/?p=80241"},"modified":"2024-12-29T14:27:43","modified_gmt":"2024-12-29T17:27:43","slug":"in-rio-de-janeiro-of-two-favelas-at-risk-of-landslides-in-the-same-environmental-protection-area-only-one-receives-preventative-measures-from-the-city","status":"publish","type":"post","link":"https:\/\/rioonwatch.org\/?p=80241","title":{"rendered":"In Rio de Janeiro, of Two Favelas at Risk of Landslides in the Same Environmental Protection Area, Only One Receives Preventative Measures From the City"},"content":{"rendered":"<figure id=\"attachment_80242\" aria-describedby=\"caption-attachment-80242\" style=\"width: 2546px\" class=\"wp-caption aligncenter\"><a href=\"https:\/\/rioonwatch.org\/wp-content\/uploads\/2024\/12\/City-Hall-does-maintenance-on-the-sirens.png\"><img fetchpriority=\"high\" decoding=\"async\" class=\"wp-image-80242 size-full\" title=\"Repair work on the Complexo do Lins sirens, 2022. Photo: Rio de Janeiro City Hall\" src=\"https:\/\/rioonwatch.org\/wp-content\/uploads\/2024\/12\/City-Hall-does-maintenance-on-the-sirens.png\" alt=\"Repair work on the Complexo do Lins sirens, 2022. Photo: Rio de Janeiro City Hall\" width=\"2546\" height=\"1501\" srcset=\"https:\/\/rioonwatch.org\/wp-content\/uploads\/2024\/12\/City-Hall-does-maintenance-on-the-sirens.png 2546w, https:\/\/rioonwatch.org\/wp-content\/uploads\/2024\/12\/City-Hall-does-maintenance-on-the-sirens-620x366.png 620w, https:\/\/rioonwatch.org\/wp-content\/uploads\/2024\/12\/City-Hall-does-maintenance-on-the-sirens-1067x629.png 1067w, https:\/\/rioonwatch.org\/wp-content\/uploads\/2024\/12\/City-Hall-does-maintenance-on-the-sirens-768x453.png 768w, https:\/\/rioonwatch.org\/wp-content\/uploads\/2024\/12\/City-Hall-does-maintenance-on-the-sirens-1536x906.png 1536w, https:\/\/rioonwatch.org\/wp-content\/uploads\/2024\/12\/City-Hall-does-maintenance-on-the-sirens-2048x1207.png 2048w\" sizes=\"(max-width: 2546px) 100vw, 2546px\" \/><\/a><figcaption id=\"caption-attachment-80242\" class=\"wp-caption-text\">Repair work on the Complexo do Lins sirens, 2022. Photo: Rio de Janeiro City Hall<\/figcaption><\/figure>\n<p style=\"text-align: right;\"><a href=\"https:\/\/bit.ly\/3BD5xZ4\" target=\"_blank\" rel=\"noopener\"><strong><em>Clique aqui para Portugu\u00eas<\/em><\/strong><img decoding=\"async\" class=\"alignright wp-image-23766 size-full\" src=\"https:\/\/www.rioonwatch.org\/wp-content\/uploads\/2012\/08\/PT-e1439583827971.png\" width=\"20\" height=\"20\" \/><\/a><\/p>\n<p><a href=\"https:\/\/rioonwatch.org\/wp-content\/uploads\/2023\/08\/BehnerStiefel-300x102-1.png\" target=\"_blank\" rel=\"noopener\"><img decoding=\"async\" class=\"alignright wp-image-75697\" src=\"https:\/\/rioonwatch.org\/wp-content\/uploads\/2023\/08\/BehnerStiefel-300x102-1.png\" alt=\"\" width=\"200\" height=\"68\" \/><\/a><em>This article is part of a\u00a0<a href=\"https:\/\/rioonwatch.org\/?tag=series-human-rights-with-support-from-the-behner-stiefel-center-at-sdsu\" target=\"_blank\" rel=\"noopener\">series<\/a>\u00a0created in partnership with the\u00a0<a href=\"https:\/\/brazil.sdsu.edu\/\" target=\"_blank\" rel=\"noopener\">Behner Stiefel Center for Brazilian Studies<\/a>\u00a0at San Diego State University, to produce articles for the\u00a0<a href=\"https:\/\/www.digitalbrazilproject.com\/community-reporting\" target=\"_blank\" rel=\"noopener\">Digital Brazil Project<\/a>\u00a0on environmental justice in the favelas for\u00a0RioOnWatch.\u00a0<\/em><\/p>\n<p>In recent years, <a href=\"https:\/\/bit.ly\/2p3Xk6X\">climate change<\/a> has intensified <a href=\"https:\/\/bit.ly\/1fiEBGj\">landslides<\/a> in the city of Rio de Janeiro, with far reaching impacts on thousands of people, including residents in the favelas of <a href=\"https:\/\/bit.ly\/1zIMejs\">Complexo do Lins<\/a> and <a href=\"https:\/\/bit.ly\/3QPS4C2\">Complexo do 18<\/a> in Rio de Janeiro\u2019s <a href=\"https:\/\/bit.ly\/2IgR5qe\">North Zone<\/a>. <a href=\"http:\/\/bit.ly\/2KMosCw\">Increased rainfall<\/a> has saturated hillside soils, making them more susceptible to landslides.<\/p>\n<p><a href=\"https:\/\/bit.ly\/3BiEaUb\">Deforestation and asphalt-based urbanization<\/a> exacerbate the <a href=\"https:\/\/bit.ly\/NBSFavelas\">impacts of heavy rains by creating impermeable surfaces<\/a>, while the removal of vegetation reduces the ground\u2019s ability to absorb water. Among other areas, the <a href=\"https:\/\/bit.ly\/3A734FH\">Tijuca Massif<\/a>\u2014one of Rio de Janeiro\u2019s most important geological and ecological formations\u2014is directly impacted. Home to some of the city\u2019s most iconic landscapes, like <a href=\"https:\/\/bit.ly\/41EysGV\">Corcovado<\/a> and <a href=\"https:\/\/bit.ly\/41Em6Pd\">Pedra da G\u00e1vea<\/a>, the massif extends into the city&#8217;s outskirts. It serves as a biodiversity refuge, sheltering a rich variety of flora and fauna from the <a href=\"https:\/\/bit.ly\/2AUaXOm\">Atlantic Rainforest<\/a>, and is part of <a href=\"https:\/\/bit.ly\/3q2pOPG\">Tijuca National Park<\/a>, which offers a wide range of activities for nature and sports lovers.<\/p>\n<figure id=\"attachment_80243\" aria-describedby=\"caption-attachment-80243\" style=\"width: 1998px\" class=\"wp-caption aligncenter\"><a href=\"https:\/\/rioonwatch.org\/wp-content\/uploads\/2024\/12\/Serra-dos-Pretos-Forros-part-of-the-Tijuca-Massif-with-the-North-Zone-in-the-background-Photo-Veronica-Beck.jpg\"><img loading=\"lazy\" decoding=\"async\" class=\"wp-image-80243 size-full\" title=\"Serra dos Pretos Forros, part of the Tijuca Massif, with Rio\u2019s North Zone in the background. Photo: Veronica Beck\" src=\"https:\/\/rioonwatch.org\/wp-content\/uploads\/2024\/12\/Serra-dos-Pretos-Forros-part-of-the-Tijuca-Massif-with-the-North-Zone-in-the-background-Photo-Veronica-Beck.jpg\" alt=\"Serra dos Pretos Forros, part of the Tijuca Massif, with Rio\u2019s North Zone in the background. Photo: Veronica Beck\" width=\"1998\" height=\"900\" srcset=\"https:\/\/rioonwatch.org\/wp-content\/uploads\/2024\/12\/Serra-dos-Pretos-Forros-part-of-the-Tijuca-Massif-with-the-North-Zone-in-the-background-Photo-Veronica-Beck.jpg 1998w, https:\/\/rioonwatch.org\/wp-content\/uploads\/2024\/12\/Serra-dos-Pretos-Forros-part-of-the-Tijuca-Massif-with-the-North-Zone-in-the-background-Photo-Veronica-Beck-620x279.jpg 620w, https:\/\/rioonwatch.org\/wp-content\/uploads\/2024\/12\/Serra-dos-Pretos-Forros-part-of-the-Tijuca-Massif-with-the-North-Zone-in-the-background-Photo-Veronica-Beck-1396x629.jpg 1396w, https:\/\/rioonwatch.org\/wp-content\/uploads\/2024\/12\/Serra-dos-Pretos-Forros-part-of-the-Tijuca-Massif-with-the-North-Zone-in-the-background-Photo-Veronica-Beck-768x346.jpg 768w, https:\/\/rioonwatch.org\/wp-content\/uploads\/2024\/12\/Serra-dos-Pretos-Forros-part-of-the-Tijuca-Massif-with-the-North-Zone-in-the-background-Photo-Veronica-Beck-1536x692.jpg 1536w\" sizes=\"(max-width: 1998px) 100vw, 1998px\" \/><\/a><figcaption id=\"caption-attachment-80243\" class=\"wp-caption-text\">Serra dos Pretos Forros, part of the Tijuca Massif, with Rio\u2019s North Zone in the background. Photo: Veronica Beck<\/figcaption><\/figure>\n<p>The Tijuca Massif is also home to the lesser-known <a href=\"https:\/\/bit.ly\/3eCrHvj\">Serra dos Pretos Forros<\/a> Environmental Protection Area (<a href=\"https:\/\/bit.ly\/1VkNIPj\">APA<\/a>), located between the <a href=\"https:\/\/bit.ly\/41Gd1FA\">\u00c1gua Santa<\/a> and <a href=\"https:\/\/bit.ly\/4g8kUbc\">Lins de Vasconcelos<\/a> neighborhoods. It serves as a natural divide between <a href=\"https:\/\/bit.ly\/1jfeZUX\">Jacarepagu\u00e1<\/a> and <a href=\"https:\/\/bit.ly\/3D9krGZ\">Grande M\u00e9ier<\/a>, in Rio\u2019s <a href=\"https:\/\/bit.ly\/2KVA7k7\">West<\/a> and North Zones, respectively. Created in 2000, the APA protects a region spanning 2,645.7 hectares. The name Serra dos Pretos Forros originated from the time when enslaved Black people sought refuge there, forming <a href=\"https:\/\/bit.ly\/30LSPQn\">quilombos<\/a>\u2014territories of anti-slavery and anti-colonial resistance led by Black men and women. Later, this same area became home to favelas such as Complexo do Lins and Complexo do 18.<\/p>\n<figure id=\"attachment_80246\" aria-describedby=\"caption-attachment-80246\" style=\"width: 1067px\" class=\"wp-caption aligncenter\"><a href=\"https:\/\/rioonwatch.org\/wp-content\/uploads\/2024\/12\/The-Serra-dos-Pretos-Forros-APA-and-its-boundaries-Map-Google-Earth.jpg\"><img loading=\"lazy\" decoding=\"async\" class=\"wp-image-80246 size-full\" title=\"The Serra dos Pretos Forros APA, with its boundaries marked on the map, is located in the heart of Rio de Janeiro, serving as a natural divide between the North and West Zone suburbs. The Linha Amarela highway, also shown on the map, cuts through this section of the Tijuca Massif via a tunnel. Map: Google Earth\" src=\"https:\/\/rioonwatch.org\/wp-content\/uploads\/2024\/12\/The-Serra-dos-Pretos-Forros-APA-and-its-boundaries-Map-Google-Earth.jpg\" alt=\"The Serra dos Pretos Forros APA, with its boundaries marked on the map, is located in the heart of Rio de Janeiro, serving as a natural divide between the North and West Zone suburbs. The Linha Amarela highway, also shown on the map, cuts through this section of the Tijuca Massif via a tunnel. Map: Google Earth\" width=\"1067\" height=\"624\" srcset=\"https:\/\/rioonwatch.org\/wp-content\/uploads\/2024\/12\/The-Serra-dos-Pretos-Forros-APA-and-its-boundaries-Map-Google-Earth.jpg 1067w, https:\/\/rioonwatch.org\/wp-content\/uploads\/2024\/12\/The-Serra-dos-Pretos-Forros-APA-and-its-boundaries-Map-Google-Earth-620x363.jpg 620w, https:\/\/rioonwatch.org\/wp-content\/uploads\/2024\/12\/The-Serra-dos-Pretos-Forros-APA-and-its-boundaries-Map-Google-Earth-768x449.jpg 768w\" sizes=\"(max-width: 1067px) 100vw, 1067px\" \/><\/a><figcaption id=\"caption-attachment-80246\" class=\"wp-caption-text\">The Serra dos Pretos Forros APA, with its boundaries marked on the map, is located in the heart of Rio de Janeiro, serving as a natural divide between the North and West Zone suburbs. The Linha Amarela highway, also shown on the map, cuts through this section of the Tijuca Massif via a tunnel. Map: Google Earth<\/figcaption><\/figure>\n<p>Complexo do Lins is made up of several favelas, including Outero, <a href=\"https:\/\/bit.ly\/1Dxm5py\">Camarista M\u00e9ier<\/a>, Ouro Preto, Pretos Forros, Morro do C\u00e9u, Morro Nossa Senhora da Guia, Santa Terezinha, Morro da Cachoeira Grande, Morro da Cotia, Cachoeirinha, Dona Francisca, Morro do Amor, Barro Preto, Vila Cabu\u00e7u, Barro Vermelho, Morro da Bacia, and Morro do Encontro.<\/p>\n<p>Complexo do 18 is made up of Morro do 18, <a href=\"https:\/\/bit.ly\/3ZZH5L9\">Morro do Gamb\u00e1<\/a>, Morro do Encontro, Lemos de Brito, and Sa\u00e7u. The populations of both complexes have been heavily impacted by extreme rains and landslides in recent years.<\/p>\n<h3>Far From Ideal: Neighboring Communities, Different Realities<\/h3>\n<p>Despite being located within the same APA and neighboring each other, the reality for one complex is vastly different from the other when it comes to <a href=\"http:\/\/bit.ly\/31mpz29\">public interventions for mitigating climate emergencies<\/a>. While Complexo do Lins benefits from sirens, shelter points, slope containment works on the <a href=\"https:\/\/bit.ly\/4g1Fmdk\">Graja\u00fa-Jacarepagu\u00e1 Road<\/a>, and emergency training for residents, none of these measures exist in Complexo do 18.<\/p>\n<p>A teacher, resident of Complexo do 18, and president of the <a href=\"https:\/\/bit.ly\/4g70kHG\">18 Family Social Project<\/a>, Lucas Prates explains that in addition to the absence of sirens, no preventative training or drills have ever been conducted for residents, despite numerous requests from the community.<\/p>\n<blockquote><p>\u201cThe community has a history of houses being vacated by the Civil Defense due to landslides. In the last five years, four major landslides have occurred, resulting in falling barriers and access to four houses being either totally or partially prohibited.\u201d \u2014 Lucas Prates<\/p><\/blockquote>\n<p>According to Prates, the unimaginable happened: the ravine gave way, carrying with it rocks and the walls of an old house that had been previously demolished by the Civil Defense. The debris struck another house, destroying it in the process.<\/p>\n<figure id=\"attachment_80269\" aria-describedby=\"caption-attachment-80269\" style=\"width: 1040px\" class=\"wp-caption aligncenter\"><a href=\"https:\/\/rioonwatch.org\/wp-content\/uploads\/2024\/12\/The-ravina-gave-way-photo-Lucas-Prates.png\"><img loading=\"lazy\" decoding=\"async\" class=\"wp-image-80269 size-full\" title=\"According to Prates, the ravine gave way, carrying with it rocks and the walls of an old house that had been previously demolished by the Civil Defense, which this time hit another house. Photo: Lucas Prates\/18 Family Social Project\" src=\"https:\/\/rioonwatch.org\/wp-content\/uploads\/2024\/12\/The-ravina-gave-way-photo-Lucas-Prates.png\" alt=\"According to Prates, the ravine gave way, carrying with it rocks and the walls of an old house that had been previously demolished by the Civil Defense, which this time hit another house. Photo: Lucas Prates\/18 Family Social Project\" width=\"1040\" height=\"536\" srcset=\"https:\/\/rioonwatch.org\/wp-content\/uploads\/2024\/12\/The-ravina-gave-way-photo-Lucas-Prates.png 1040w, https:\/\/rioonwatch.org\/wp-content\/uploads\/2024\/12\/The-ravina-gave-way-photo-Lucas-Prates-620x320.png 620w, https:\/\/rioonwatch.org\/wp-content\/uploads\/2024\/12\/The-ravina-gave-way-photo-Lucas-Prates-768x396.png 768w\" sizes=\"(max-width: 1040px) 100vw, 1040px\" \/><\/a><figcaption id=\"caption-attachment-80269\" class=\"wp-caption-text\">According to Prates, the ravine gave way, carrying with it rocks and the walls of an old house that had been previously demolished by the Civil Defense, which this time hit another house. Photo: Lucas Prates\/18 Family Social Project<\/figcaption><\/figure>\n<p>Raised in Cachoeira Grande\u2014one of the favelas in Complexo do Lins\u2014the social worker Rafael Sousa says that most favelas in the Complex have sirens. Sousa, who is also the founder of the community news page <a href=\"https:\/\/bit.ly\/4ieusTe\"><em>Voz do Lins<\/em><\/a>, explains that some of these sirens needed maintenance, but have since been repaired. According to him, over the past six years, there has only been one evacuation drill to the support centers in the favela.<\/p>\n<blockquote><p>\u201cGenerally speaking, several landslides have occurred, both with rocks that have blocked off large areas and debris from ravines that actually buried people in the past, though without fatal victims. As for the number of homes impacted, I cannot provide an exact figure. Over the last 30 years, many houses have been affected, and sometimes a landslide might block a path or close a road. Houses are not always directly impacted, but in many cases, they have been.\u201d \u2014 Rafael Sousa<\/p><\/blockquote>\n<p>In <a href=\"https:\/\/bit.ly\/4iqaJQD\">May 2023<\/a>, a landslide occurred in Morro da Cotia, Complexo do Lins, leaving eight people injured and one dead. Of those injured, seven were minors, including four young children. All belonged to the same family, whose house was completely destroyed, while two other houses were condemned. According to the <a href=\"https:\/\/bit.ly\/3CMHqYq\">Casa Fluminense Climate Dashboard<\/a>, Complexo do Lins and Complexo do 18 together have a total of 328 homes in landslide risk areas.<\/p>\n<p>The <a href=\"https:\/\/bit.ly\/3OxRXcm\">Flood and Landslide High Risk Map<\/a>, produced by <a href=\"https:\/\/bit.ly\/31cgD0U\">Casa Fluminense<\/a>, indicates that Complexo do 18 has 81 houses located in landslide risk areas, over half of which are in the Lemos de Brito favela, in <a href=\"https:\/\/bit.ly\/3l6LoC5\">Quintino Bocai\u00fava<\/a>, where 42 homes are in risk zones. Overall, the map shows that 70% of people impacted by extreme climate events, such as heavy rains and landslides, reside in high-risk areas. It also reveals that 60% of those hospitalized for waterborne diseases are Black, highlighting the intersection of <a href=\"https:\/\/bit.ly\/32aHwqF\">environmental racism<\/a> and <a href=\"https:\/\/bit.ly\/ClimateJustFavelas\">climate injustice<\/a>.<\/p>\n<figure id=\"attachment_80270\" aria-describedby=\"caption-attachment-80270\" style=\"width: 852px\" class=\"wp-caption aligncenter\"><a href=\"https:\/\/rioonwatch.org\/wp-content\/uploads\/2024\/12\/screenshot-Complexo-dos-18.png\"><img loading=\"lazy\" decoding=\"async\" class=\"wp-image-80270 size-full\" title=\"Screenshot of the map highlighting houses located in high-risk landslide zones in Complexo do 18. Source: Casa Fluminense\" src=\"https:\/\/rioonwatch.org\/wp-content\/uploads\/2024\/12\/screenshot-Complexo-dos-18.png\" alt=\"Screenshot of the map highlighting houses located in high-risk landslide zones in Complexo do 18. Source: Casa Fluminense\" width=\"852\" height=\"504\" srcset=\"https:\/\/rioonwatch.org\/wp-content\/uploads\/2024\/12\/screenshot-Complexo-dos-18.png 852w, https:\/\/rioonwatch.org\/wp-content\/uploads\/2024\/12\/screenshot-Complexo-dos-18-620x367.png 620w, https:\/\/rioonwatch.org\/wp-content\/uploads\/2024\/12\/screenshot-Complexo-dos-18-768x454.png 768w\" sizes=\"(max-width: 852px) 100vw, 852px\" \/><\/a><figcaption id=\"caption-attachment-80270\" class=\"wp-caption-text\">Screenshot of the map highlighting houses located in high-risk landslide zones in Complexo do 18. Source: Casa Fluminense<\/figcaption><\/figure>\n<p>In Complexo do Lins, there are 411 houses in landslide risk areas, 247 of which are in the favelas Dona Franciscana, Barro Preto, and Cabu\u00e7u, in Lins de Vasconcelos. Combined, both complexes have <span style=\"color: #ff00ff;\">492<\/span> houses located in landslide risk areas.<\/p>\n<figure id=\"attachment_80271\" aria-describedby=\"caption-attachment-80271\" style=\"width: 852px\" class=\"wp-caption aligncenter\"><a href=\"https:\/\/rioonwatch.org\/wp-content\/uploads\/2024\/12\/Screenshot-Complexo-do-Lins-of-the-Map-of-Homes-located-in-landslide-risk-areas-created-by-Casa-Fluminense.jpg\"><img loading=\"lazy\" decoding=\"async\" class=\"wp-image-80271\" title=\"Screenshot of the map highlighting houses located in high-risk landslide zones in Complexo do Lins. Source: Casa Fluminense\" src=\"https:\/\/rioonwatch.org\/wp-content\/uploads\/2024\/12\/Screenshot-Complexo-do-Lins-of-the-Map-of-Homes-located-in-landslide-risk-areas-created-by-Casa-Fluminense.jpg\" alt=\"Screenshot of the map highlighting houses located in high-risk landslide zones in Complexo do Lins. Source: Casa Fluminense\" width=\"852\" height=\"389\" srcset=\"https:\/\/rioonwatch.org\/wp-content\/uploads\/2024\/12\/Screenshot-Complexo-do-Lins-of-the-Map-of-Homes-located-in-landslide-risk-areas-created-by-Casa-Fluminense.jpg 1031w, https:\/\/rioonwatch.org\/wp-content\/uploads\/2024\/12\/Screenshot-Complexo-do-Lins-of-the-Map-of-Homes-located-in-landslide-risk-areas-created-by-Casa-Fluminense-620x283.jpg 620w, https:\/\/rioonwatch.org\/wp-content\/uploads\/2024\/12\/Screenshot-Complexo-do-Lins-of-the-Map-of-Homes-located-in-landslide-risk-areas-created-by-Casa-Fluminense-768x351.jpg 768w\" sizes=\"(max-width: 852px) 100vw, 852px\" \/><\/a><figcaption id=\"caption-attachment-80271\" class=\"wp-caption-text\">Screenshot of the map highlighting houses located in high-risk landslide zones in Complexo do Lins. Source: Casa Fluminense<\/figcaption><\/figure>\n<p>The map used the addresses registered by the <a href=\"https:\/\/bit.ly\/3WlbsZr\">2022 Census<\/a>, conducted by the Brazilian Institute of Geography and Statistics (<a href=\"https:\/\/bit.ly\/2N99RSB\">IBGE<\/a>), in Rio de Janeiro\u2019s metropolitan region, and their relationship with the susceptibility to gravitational mass movements and flooding, made available on a municipal scale by the Brazilian Geological Service (<a href=\"https:\/\/bit.ly\/3CPcWVL\">SGB<\/a>).<\/p>\n<p>It is estimated that the damage caused by landslides and flooding in the Rio de Janeiro Metropolitan Region over the last five years amounts to over R$500 million (~US$81 million). The dashboard also shows that one in five households in Rio are located in high flood risk areas, one in 100 households are in high landslide risk areas, and 3 million people are affected by extreme rain events.<\/p>\n<p>Sousa reported that a landslide occurred about two years ago, but it was not naturally caused. It was due to water seepage in a geotechnically risky area in Morro da Cotia and resulted in one fatality.<\/p>\n<blockquote><p>\u201cThe residents&#8217; situation really depends on the community. Some areas are much more susceptible to landslides, such as Boca do Mato, Morro do C\u00e9u, Morro da Cotia, Encontro, Cachoeira Grande, part of Cachoeirinha, Barro Preto, and Vila Cabu\u00e7u. These areas are steeper and have many watercourses, which increases the risk of such events. In these communities, people are more concerned about the possibility of landslides.\u201d \u2014 Rafael Sousa<\/p><\/blockquote>\n<figure id=\"attachment_80273\" aria-describedby=\"caption-attachment-80273\" style=\"width: 300px\" class=\"wp-caption alignright\"><a href=\"https:\/\/rioonwatch.org\/wp-content\/uploads\/2024\/12\/Lucas-reported-that-the-ravine-at-the-foot-of-a-home-gave-way-and-hit-the-house-below.jpeg\"><img loading=\"lazy\" decoding=\"async\" class=\"wp-image-80273\" title=\"Prates described how the ravine at the base of a house collapsed, hit the house below, and blocked the path for months. He pointed out that the white house below has a mark on the wall indicating how high the mud reached during the last landslide. Photo: Lucas Prates\/18 Family Social Project\" src=\"https:\/\/rioonwatch.org\/wp-content\/uploads\/2024\/12\/Lucas-reported-that-the-ravine-at-the-foot-of-a-home-gave-way-and-hit-the-house-below-465x620.jpeg\" alt=\"Prates described how the ravine at the base of a house collapsed, hit the house below, and blocked the path for months. He pointed out that the white house below has a mark on the wall indicating how high the mud reached during the last landslide. Photo: Lucas Prates\/18 Family Social Project\" width=\"300\" height=\"400\" srcset=\"https:\/\/rioonwatch.org\/wp-content\/uploads\/2024\/12\/Lucas-reported-that-the-ravine-at-the-foot-of-a-home-gave-way-and-hit-the-house-below-465x620.jpeg 465w, https:\/\/rioonwatch.org\/wp-content\/uploads\/2024\/12\/Lucas-reported-that-the-ravine-at-the-foot-of-a-home-gave-way-and-hit-the-house-below-472x629.jpeg 472w, https:\/\/rioonwatch.org\/wp-content\/uploads\/2024\/12\/Lucas-reported-that-the-ravine-at-the-foot-of-a-home-gave-way-and-hit-the-house-below-768x1024.jpeg 768w, https:\/\/rioonwatch.org\/wp-content\/uploads\/2024\/12\/Lucas-reported-that-the-ravine-at-the-foot-of-a-home-gave-way-and-hit-the-house-below.jpeg 780w\" sizes=\"(max-width: 300px) 100vw, 300px\" \/><\/a><figcaption id=\"caption-attachment-80273\" class=\"wp-caption-text\">Prates described how the ravine at the base of a house collapsed, hit the house below, and blocked the path for months. He pointed out that the white house below has a mark on the wall indicating how high the mud reached during the last landslide. Photo: Lucas Prates\/18 Family Social Project<\/figcaption><\/figure>\n<p>Prates said that three families were forced out of their homes and lost most of their furnishings. He highlighted that incidents of falling trees are common and often completely or partially destroy houses. Some people seek shelter with relatives during periods of heavy rain, lightning, and strong winds, which contribute to <a href=\"https:\/\/bit.ly\/4bFTV4Z\">climate anxiety<\/a>.<\/p>\n<blockquote><p>\u201cThe most recent one happened this summer. A large landslide on Rua La\u00eds Areda put several houses in the favela at risk, and during the same period, another large landslide in the forest region disrupted the community\u2019s water supply for days.\u201d \u2014 Lucas Prates<\/p><\/blockquote>\n<p>Prates described how the ravine at the base of a house collapsed, hit the house below, and blocked the path for months. He pointed out that the white house below has a mark on the wall indicating how high the mud reached during the last landslide.<\/p>\n<h3>No Sirens Installed During the Current Municipal Administration (2021-2024)<\/h3>\n<p>When questioned through the <a href=\"https:\/\/bit.ly\/3QN9b6o\">Freedom of Information Act<\/a>, Rio\u2019s City Hall <a href=\"https:\/\/bit.ly\/3BpJy7Q\">reported<\/a> that the Sound Alarm System consists of 164 fully operational sound stations. In its response, City Hall stated that no requests for new siren installations had been received, and no new installations had been carried out during the current municipal administration, only maintenance work on existing sirens and training sessions.<\/p>\n<blockquote><p>\u201cThe installation of Sound Alarm System stations began in 2011, following the heavy rains of April 2010, and was fully completed in 2012. The first station was inaugurated on January 21, 2011, in Morro do Borel, Tijuca, with three speaker systems directed toward high-risk areas.\u201d \u2014 Rio de Janeiro City Hall<\/p><\/blockquote>\n<p>City Hall explained that the maintenance contract for the Sound Alarm System also includes preventative services, with scheduled technical visits to the stations and corrective repairs when operational faults are identified. The company responsible for this work is <a href=\"https:\/\/bit.ly\/4gvyPrq\">Gridlab System and Services Ltda.<\/a>, with a total contract value of R$7,899,000.13 (approximately $1,278,155.36 USD) and an initial contractual term of 720 days.<\/p>\n<blockquote><p>\u201cAll stations of the Sound Alarm System undergo preventative maintenance every 30 days. Corrective repairs are carried out whenever operational faults are identified at any station.\u201d \u2014 Rio de Janeiro City Hall<\/p><\/blockquote>\n<p>City Hall also reported that studies are underway to update the city\u2019s geological risk map. Once the studies are concluded, it will be possible to mitigate high-risk areas in some communities, which could lead to the identification of the need for new sirens in additional areas. However, no timeline for the conclusion of these studies was provided.<\/p>\n<figure id=\"attachment_80274\" aria-describedby=\"caption-attachment-80274\" style=\"width: 300px\" class=\"wp-caption alignright\"><a href=\"https:\/\/rioonwatch.org\/wp-content\/uploads\/2024\/12\/Lucas-reported-that-another-house-was-hit-and-that-very-little-of-it-remains-standing.jpeg\"><img loading=\"lazy\" decoding=\"async\" class=\"wp-image-80274\" title=\"Lucas described another house that was struck, leaving only a small part of its structure standing. A family of three used to live there. Photo: Lucas Prates\/18 Family Social Project\" src=\"https:\/\/rioonwatch.org\/wp-content\/uploads\/2024\/12\/Lucas-reported-that-another-house-was-hit-and-that-very-little-of-it-remains-standing-465x620.jpeg\" alt=\"Lucas described another house that was struck, leaving only a small part of its structure standing. A family of three used to live there. Photo: Lucas Prates\/18 Family Social Project\" width=\"300\" height=\"400\" srcset=\"https:\/\/rioonwatch.org\/wp-content\/uploads\/2024\/12\/Lucas-reported-that-another-house-was-hit-and-that-very-little-of-it-remains-standing-465x620.jpeg 465w, https:\/\/rioonwatch.org\/wp-content\/uploads\/2024\/12\/Lucas-reported-that-another-house-was-hit-and-that-very-little-of-it-remains-standing-472x629.jpeg 472w, https:\/\/rioonwatch.org\/wp-content\/uploads\/2024\/12\/Lucas-reported-that-another-house-was-hit-and-that-very-little-of-it-remains-standing-768x1024.jpeg 768w, https:\/\/rioonwatch.org\/wp-content\/uploads\/2024\/12\/Lucas-reported-that-another-house-was-hit-and-that-very-little-of-it-remains-standing.jpeg 780w\" sizes=\"(max-width: 300px) 100vw, 300px\" \/><\/a><figcaption id=\"caption-attachment-80274\" class=\"wp-caption-text\">Lucas described another house that was struck, leaving only a small part of its structure standing. A family of three used to live there. Photo: Lucas Prates\/18 Family Social Project<\/figcaption><\/figure>\n<p>Regarding the installation of new sirens, City Hall also reported that studies are underway to update the city\u2019s geological risk map. Once the studies are concluded, it will be possible to mitigate high-risk areas in some communities, which could lead to the identification of the need for new sirens in additional areas. However, no timeline for the conclusion of these studies was provided.<\/p>\n<h3>No Sirens, No Training, No Evacuation Exercises in Complexo do 18<\/h3>\n<p>Lucas Prates stated that despite himself and other local leaders requesting, through various channels, sirens and training for Complexo do 18, nothing has been done so far. Without sirens, drills, or training, the population is left to face climate emergencies on their own.<\/p>\n<blockquote><p>\u201cWe have already reached out to the Civil Defense for sirens to be installed and a plan of action for strong rains to be created. Many emails were sent, with no response. On the occasions when the Civil Defense came here at the request of residents, we once again asked for this alert and support infrastructure. And still, nothing.\u201d \u2014 Lucas Prates<\/p><\/blockquote>\n<p>Training and drills have never been conducted in Complexo do 18. In contrast, they have taken place in Complexo do Lins, with the most recent exercise occurring in September 2023.<\/p>\n<p>In a response obtained via the Freedom of Information Act, Rio\u2019s City Hall clarified that training in civil defense, first aid, fire prevention, and firefighting is conducted as part of setting up Civil Defense and Protection Centers (NUPDEC). Additionally, Evacuation Drills are carried out. Setting up NUPDECs and conducting drills are duties of the municipality\u2019s Civil Defense and Protection Subsecretariat.<\/p>\n<blockquote><p>\u201cThe Evacuation Drills in areas of high geological risk are part of the set of strategies implemented by the Civil Defense and Protection Subsecretariat to prevent and prepare for the critical periods associated with heavy rains.\u201d \u2014 Rio de Janeiro City Hall<\/p><\/blockquote>\n<p>According to City Hall, when evacuation drills are conducted in areas of high geological risk, they adhere to the following timetable:<\/p>\n<table>\n<tbody>\n<tr>\n<td><b>Time<\/b><\/td>\n<td><b>Activity<\/b><\/td>\n<\/tr>\n<tr>\n<td>9:00<\/td>\n<td>Activities begin with the mobilization of the community network composed of volunteers, residents, and municipal bodies. The Civil Defense opens the event and presents the strategy to the participants. The Support Centers are opened and prepared to accommodate residents from high-risk areas.<\/td>\n<\/tr>\n<tr>\n<td>9:30<\/td>\n<td>Teams are positioned at the Support Centers \/ Meeting Points, prepared to receive residents. The Disaster Monitoring and Alerts Management team from SUBPDEC, operating out of Rio\u2019s Control Center, activates the sirens with a sound alert informing residents of the possibility of heavy rain in the coming hours.<\/td>\n<\/tr>\n<tr>\n<td>10:00<\/td>\n<td>The sirens are activated through <a href=\"https:\/\/bit.ly\/3CW6BHP\">Rio\u2019s Control Center<\/a> to issue the evacuation warning, notifying residents of the need to move to the Support Centers or other safe locations. The community network assists residents during the evacuation process and welcomes them, using the opportunity to present the strategy, provide information on emergency services (Fire Department 193, Civil Defense 199), address questions, and respond to service requests.<\/td>\n<\/tr>\n<tr>\n<td>11:00<\/td>\n<td>The final siren is sounded with a message signaling a return to normality. At this point, residents are informed that conditions have improved, allowing them to safely return to their homes.<\/td>\n<\/tr>\n<\/tbody>\n<\/table>\n<p>City Hall also <a href=\"https:\/\/bit.ly\/4iBAb63\">reported<\/a> that from January to August 2024, \u201cone Civil Defense and Protection Center was established, and 15 Evacuation Drills were conducted,\u201d none of which took place in Complexo do Lins or Complexo do 18. Under the current municipal administration (2021\u20132024), 17 evacuation drills were carried out in risk areas, 14 of which addressed geological risks and 3 targeted flooding risks. City Hall further stated that 24 neighborhoods and communities have already received some form of activity or support.<\/p>\n<p>Under the current municipal administration (2021\u20132024), 14 geological risk preparation exercises were carried out. In Complexo do Lins, these took place on July 4, 2021, September 1, 2023, and May 17, 2024. Of the 15 favelas that make up Complexo do Lins, only five received preparation exercises: Morro do C\u00e9u and Pretos Forros (twice each), and Matriz, Ouro Preto, and S\u00e3o Jo\u00e3o (once each). No activities were conducted in the favelas of Complexo do 18. In total, City Hall estimates that 456 people participated in at least one of the 17 training sessions held by NUPDEC.<\/p>\n<p>Sousa says there is constant dialogue between the Civil Defense and the Residents&#8217; Association, and that Voz do Lins maintains direct contact with the North Zone\u2019s Civil Defense manager, regularly sharing information.<\/p>\n<blockquote><p>\u201cThere is a group that advises the residents&#8217; associations in Complexo do Lins, keeping an open line of communication with the Civil Defense, especially during periods of heavy rain. We support communication and dialogue. We also have direct contact with the North Zone\u2019s Civil Defense manager to address these concerns. Together with community leaders, we identify problems and share this information.\u201d \u2014 Rafael Sousa<\/p><\/blockquote>\n<h3>18 Family Social Project and <em>Voz do Lins<\/em> Join Forces to Reduce Environmental Impacts<\/h3>\n<p><a href=\"https:\/\/bit.ly\/3VoUkSL\">Mitigating landslides<\/a> involves a combination of preventative measures, continuous monitoring, and emergency actions. Reforestation should also be embedded in public policy to maintain vegetation with deep root systems on hills, anchoring the soil even when drenched.<\/p>\n<p>Implementing <a href=\"https:\/\/bit.ly\/4gp9Bv8\">drainage systems<\/a> is an important way to direct rainwater away from the hillsides and avoid oversaturation of the soil. Projects such as educational campaigns to inform the population about risks and preventative measures are key to raising awareness and educating residents. The 18 Family Social Project and <em>Voz do Lins<\/em> work on initiatives to reduce environmental impacts in their communities.<\/p>\n<p>Lucas Prates says there are four projects currently active in the favelas of Complexo do 18: Reforestation Collective Action, <a href=\"https:\/\/bit.ly\/41krxmc\">Hiking through the 18<\/a>, <a href=\"https:\/\/bit.ly\/4ifRnhj\">Pretos Forros Collective<\/a>, and 18 Family Social Project, all aiming to raise awareness and restore vegetation in deforested areas of the Pretos Forros APA.<\/p>\n<p>Rafael Sousa explains that <em>Voz do Lins<\/em>, founded in 2013, participates in the development of the <a href=\"https:\/\/bit.ly\/41ykhmG\">Grande M\u00e9ier 2030 Agenda<\/a> and collaborated with the Oswaldo Cruz Foundation (<a href=\"https:\/\/bit.ly\/2WRi6JK\">Fiocruz<\/a>) on a research project addressing environmental, sanitation, and health issues in their community.<\/p>\n<blockquote><p>\u201cIt\u2019s more of a territorial study than a research project, addressing issues related to the environment, basic sanitation, and health. It\u2019s like taking an X-ray, so we can examine how the environment is affecting people\u2019s lives, climate change, and the scarcity of treated water. Based on this plan, we will install filters to provide access to treated and drinking water. We will also implement evapotranspiration basins to prevent sewage from being discharged into the rivers.\u201d \u2014 Rafael Sousa<\/p><\/blockquote>\n<figure id=\"attachment_80278\" aria-describedby=\"caption-attachment-80278\" style=\"width: 1438px\" class=\"wp-caption aligncenter\"><a href=\"https:\/\/rioonwatch.org\/wp-content\/uploads\/2024\/12\/Meeting-in-Complexo-do-Lins-to-discuss-the-Grande-Meier-2030-agenda-Photo-Voz-do-Lins.png\"><img loading=\"lazy\" decoding=\"async\" class=\"wp-image-80278 size-full\" title=\"Meeting in Complexo do Lins to discuss the Grande M\u00e9ier 2030 Agenda. Photo: Rede Voz do Lins\" src=\"https:\/\/rioonwatch.org\/wp-content\/uploads\/2024\/12\/Meeting-in-Complexo-do-Lins-to-discuss-the-Grande-Meier-2030-agenda-Photo-Voz-do-Lins.png\" alt=\"Meeting in Complexo do Lins to discuss the Grande M\u00e9ier 2030 Agenda. Photo: Rede Voz do Lins\" width=\"1438\" height=\"761\" srcset=\"https:\/\/rioonwatch.org\/wp-content\/uploads\/2024\/12\/Meeting-in-Complexo-do-Lins-to-discuss-the-Grande-Meier-2030-agenda-Photo-Voz-do-Lins.png 1438w, https:\/\/rioonwatch.org\/wp-content\/uploads\/2024\/12\/Meeting-in-Complexo-do-Lins-to-discuss-the-Grande-Meier-2030-agenda-Photo-Voz-do-Lins-620x328.png 620w, https:\/\/rioonwatch.org\/wp-content\/uploads\/2024\/12\/Meeting-in-Complexo-do-Lins-to-discuss-the-Grande-Meier-2030-agenda-Photo-Voz-do-Lins-1189x629.png 1189w, https:\/\/rioonwatch.org\/wp-content\/uploads\/2024\/12\/Meeting-in-Complexo-do-Lins-to-discuss-the-Grande-Meier-2030-agenda-Photo-Voz-do-Lins-768x406.png 768w\" sizes=\"(max-width: 1438px) 100vw, 1438px\" \/><\/a><figcaption id=\"caption-attachment-80278\" class=\"wp-caption-text\">Meeting in Complexo do Lins to discuss the Grande M\u00e9ier 2030 Agenda. Photo: Rede <em>Voz do Lins<\/em><\/figcaption><\/figure>\n<h3>How Does the Alert System Work: What to Do During Extreme Rain and Landslides?<\/h3>\n<p>When questioned via the Freedom of Information Act, City Hall <a href=\"https:\/\/bit.ly\/4iBAb63\">explained<\/a> that the Community Alarm and Alert System for Heavy Rain monitors 103 favelas with high geological risk, which is actioned when rain levels reach a defined limit set for preventative evacuation.<\/p>\n<blockquote><p>\u201cThe Alarm System is based on monitoring critical rain indicators set by meteorologists at Alerta Rio, situated in COR [Rio\u2019s Control Center], where Municipal Civil Defense workers work in an integrated way, 24 hours a day in the Disaster Monitoring and Alert Management Department. Community leaders and volunteers from favelas support this work alongside predetermined support centers in case evacuations are necessary. The system integrates 83 rain gauges, 164 sirens, and 194 support centers.\u201d \u2014 Rio de Janeiro City Hall<\/p><\/blockquote>\n<p>The <a href=\"https:\/\/bit.ly\/2tXt8AK\">Alerta Rio<\/a> system is a crucial tool for warning residents about heavy rains and landslide risks. For this reason, it is essential to stay alert, monitor meteorological warnings, and pay attention to emergency sirens. Above all, the siren system must be expanded to all areas in Rio that are vulnerable to landslides. Once the system is installed, residents must be trained, as hearing a siren in the middle of a climate emergency and wanting to evacuate an area under threat is not enough. People need to know evacuation routes, nearby temporary shelters, and what actions to take\u2014or avoid. For this to be effective, City Hall and the State Government must offer training sessions and drills for favela populations.<\/p>\n<p>Here&#8217;s <a href=\"https:\/\/bit.ly\/3VoUkSL\">what to do<\/a> before, during, and after a landslide:<\/p>\n<ul>\n<li><strong>Before the Landslide<\/strong>\n<ol>\n<li style=\"list-style-type: none;\">\n<ol>\n<li>Stay Alert to Warnings: Monitor meteorological alerts and emergency sirens. The Alerta Rio system is a vital resource for predicting heavy rains and landslide risks.<\/li>\n<li>Plan Your Escape Routes: Get familiar with the nearest evacuation routes and temporary shelters.<\/li>\n<\/ol>\n<\/li>\n<\/ol>\n<\/li>\n<\/ul>\n<ul>\n<li><strong>During the Landslide<\/strong>\n<ol>\n<li style=\"list-style-type: none;\">\n<ol>\n<li>Evacuate Immediately: If you hear the sirens or notice signs of a landslide\u2014such as cracks in the soil or rumbling noises\u2014leave the area without delay.<\/li>\n<li>Avoid Risk Areas: Do not attempt to cross areas where a landslide is in progress. Seek a safe location, away from slopes and valleys.<\/li>\n<li>Help Your Neighbors: If possible, assist elderly individuals, children, and those with mobility challenges in evacuating.<\/li>\n<\/ol>\n<\/li>\n<\/ol>\n<\/li>\n<\/ul>\n<ul>\n<li><strong>After the Landslide<\/strong>\n<ol>\n<li style=\"list-style-type: none;\">\n<ol>\n<li>Avoid Returning Immediately: Do not go back to the affected area until authorities confirm it is safe.<\/li>\n<li>Inform the Authorities: If you are safe, notify authorities about the landslide and any individuals who might be in danger.<\/li>\n<li>Seek Shelter: Go to a temporary shelter if your home has been damaged or if authorities recommend it.<\/li>\n<\/ol>\n<\/li>\n<\/ol>\n<\/li>\n<\/ul>\n<ul>\n<li><strong>Additional Safety Measures<\/strong>\n<ol>\n<li style=\"list-style-type: none;\">\n<ol>\n<li>Keep an Emergency Kit: Maintain a kit with essential supplies, such as water, non-perishable food, medications, flashlights, and batteries.<\/li>\n<li>Educate Yourself and Participate in Training Sessions: Join training programs and awareness campaigns to learn how to respond during natural disasters.<\/li>\n<\/ol>\n<\/li>\n<\/ol>\n<\/li>\n<\/ul>\n<p>Remember to always keep the following numbers handy: <a href=\"https:\/\/bit.ly\/4fGuHoB\">State Civil Defense<\/a> (199), <a href=\"https:\/\/bit.ly\/3OxPfDI\">Municipal Civil Defense<\/a> (1746), <a href=\"https:\/\/bit.ly\/4eSbSxx\">Fire Department<\/a> (193), and <a href=\"https:\/\/bit.ly\/2WQxnqh\">Military Police<\/a> (190). Also, make sure to access additional information on the websites of civil defense institutions and the Center for Weather Forecast and Climatic Studies (<a href=\"https:\/\/bit.ly\/4gdcoHh\">Cepen<\/a>).<\/p>\n<div class=\"entry-content clearfix\">\n<p><em>About the author:<\/em>\u00a0<a href=\"https:\/\/bit.ly\/3BY8eCD\" target=\"_blank\" rel=\"noopener\"><i>Felipe Migliani<\/i><\/a><i> has a degree in journalism from Unicarioca with a focus on investigative journalism. Working as an independent freelance reporter at Meia Hora and Estad\u00e3o newspapers, he also collaborates with the <\/i><a href=\"https:\/\/bit.ly\/3BJ3Tmu\" target=\"_blank\" rel=\"noopener\"><i>Coletivo Engenhos de Hist\u00f3rias<\/i><\/a><i>, which investigates and recovers history and memories from the Grande M\u00e9ier region, and with\u00a0<\/i><a href=\"https:\/\/bit.ly\/3vHDkdv\" target=\"_blank\" rel=\"noopener\"><i>PerifaConnection<\/i><\/a><i>.<br \/>\n<\/i><\/p>\n<hr \/>\n<h4>Support\u00a0RioOnWatch\u2019s tireless, critical and cutting-edge hyperlocal journalism, online community organizing meetings, and direct support to favelas\u00a0<a href=\"http:\/\/bit.ly\/FavelaCovidResponse\" target=\"_blank\" rel=\"noopener\">by clicking here<\/a>.<\/h4>\n<\/div>\n","protected":false},"excerpt":{"rendered":"<div class=\"mh-excerpt\"><p>Clique aqui para Portugu\u00eas This article is part of a\u00a0series\u00a0created in partnership with the\u00a0Behner Stiefel Center for Brazilian Studies\u00a0at San Diego State University, to produce articles for the\u00a0Digital Brazil Project\u00a0on environmental justice in the favelas <a class=\"mh-excerpt-more\" href=\"https:\/\/rioonwatch.org\/?p=80241\" title=\"In Rio de Janeiro, of Two Favelas at Risk of Landslides in the Same Environmental Protection Area, Only One Receives Preventative Measures From the City\">[&#8230;]<\/a><\/p>\n<\/div>","protected":false},"author":245,"featured_media":80242,"comment_status":"closed","ping_status":"closed","sticky":false,"template":"template-full.php","format":"standard","meta":{"_monsterinsights_skip_tracking":false,"_monsterinsights_sitenote_active":false,"_monsterinsights_sitenote_note":"","_monsterinsights_sitenote_category":0,"footnotes":""},"categories":[1277,1288,1328,3477,1282,329,452],"tags":[3710,3753,3765,1059,1713,2006,472,3406,1653,794,3764,1395,803,182,151,3762,3754,3747,3748,3758,3751,2058,3755,1622,3746,37,3744,3743,3761,3745,450,3759,13,2400,3763,535,1931,3011,3760,373,471,489,3752,365],"writer":[3512],"translator":[3507],"illustrator":[],"photographer":[],"class_list":{"0":"post-80241","1":"post","2":"type-post","3":"status-publish","4":"format-standard","5":"has-post-thumbnail","7":"category-uppwatch","8":"category-highlight","9":"category-by-community-contributors","10":"category-climate-justice","11":"category-research-analysis","12":"category-solutions","13":"category-rio20","14":"tag-barro-preto","15":"tag-barro-vermelho","16":"tag-cachoeirinha","17":"tag-camarista-meier","18":"tag-casa-fluminense","19":"tag-civil-defense","20":"tag-climate-change","21":"tag-climate-justice","22":"tag-community-media","23":"tag-complexo-do-lins","24":"tag-dona-francisca","25":"tag-environmental-protection-area-apa","26":"tag-flood-risk","27":"tag-government-neglect","28":"tag-landslide-risk","29":"tag-lemos-de-brito","30":"tag-morro-da-bacia","31":"tag-morro-da-cachoeira-grande","32":"tag-morro-da-cotia","33":"tag-morro-do-18","34":"tag-morro-do-amor","35":"tag-morro-do-ceu","36":"tag-morro-do-encontro","37":"tag-morro-do-gamba","38":"tag-morro-nossa-senhora-da-guia","39":"tag-north-zone","40":"tag-ouro-preto","41":"tag-outero","42":"tag-pedra-da-gavea","43":"tag-pretos-forros","44":"tag-quilombo","45":"tag-quintino","46":"tag-rain","47":"tag-resilience","48":"tag-sacu","49":"tag-sanitation","50":"tag-santa-terezinha","51":"tag-series-human-rights-with-support-from-the-behner-stiefel-center-at-sdsu","52":"tag-serra-dos-pretos-forros","53":"tag-sewerage","54":"tag-sustainability","55":"tag-tijuca-forest","56":"tag-vila-cabucu","57":"tag-zero-participation","58":"writer-felipe-migliani","59":"translator-yasmin-quaife"},"_links":{"self":[{"href":"https:\/\/rioonwatch.org\/index.php?rest_route=\/wp\/v2\/posts\/80241","targetHints":{"allow":["GET"]}}],"collection":[{"href":"https:\/\/rioonwatch.org\/index.php?rest_route=\/wp\/v2\/posts"}],"about":[{"href":"https:\/\/rioonwatch.org\/index.php?rest_route=\/wp\/v2\/types\/post"}],"author":[{"embeddable":true,"href":"https:\/\/rioonwatch.org\/index.php?rest_route=\/wp\/v2\/users\/245"}],"replies":[{"embeddable":true,"href":"https:\/\/rioonwatch.org\/index.php?rest_route=%2Fwp%2Fv2%2Fcomments&post=80241"}],"version-history":[{"count":4,"href":"https:\/\/rioonwatch.org\/index.php?rest_route=\/wp\/v2\/posts\/80241\/revisions"}],"predecessor-version":[{"id":80299,"href":"https:\/\/rioonwatch.org\/index.php?rest_route=\/wp\/v2\/posts\/80241\/revisions\/80299"}],"wp:featuredmedia":[{"embeddable":true,"href":"https:\/\/rioonwatch.org\/index.php?rest_route=\/wp\/v2\/media\/80242"}],"wp:attachment":[{"href":"https:\/\/rioonwatch.org\/index.php?rest_route=%2Fwp%2Fv2%2Fmedia&parent=80241"}],"wp:term":[{"taxonomy":"category","embeddable":true,"href":"https:\/\/rioonwatch.org\/index.php?rest_route=%2Fwp%2Fv2%2Fcategories&post=80241"},{"taxonomy":"post_tag","embeddable":true,"href":"https:\/\/rioonwatch.org\/index.php?rest_route=%2Fwp%2Fv2%2Ftags&post=80241"},{"taxonomy":"writer","embeddable":true,"href":"https:\/\/rioonwatch.org\/index.php?rest_route=%2Fwp%2Fv2%2Fwriter&post=80241"},{"taxonomy":"translator","embeddable":true,"href":"https:\/\/rioonwatch.org\/index.php?rest_route=%2Fwp%2Fv2%2Ftranslator&post=80241"},{"taxonomy":"illustrator","embeddable":true,"href":"https:\/\/rioonwatch.org\/index.php?rest_route=%2Fwp%2Fv2%2Fillustrator&post=80241"},{"taxonomy":"photographer","embeddable":true,"href":"https:\/\/rioonwatch.org\/index.php?rest_route=%2Fwp%2Fv2%2Fphotographer&post=80241"}],"curies":[{"name":"wp","href":"https:\/\/api.w.org\/{rel}","templated":true}]}}