{"id":80411,"date":"2025-01-31T21:57:24","date_gmt":"2025-02-01T00:57:24","guid":{"rendered":"https:\/\/rioonwatch.org\/?p=80411"},"modified":"2025-02-23T13:47:48","modified_gmt":"2025-02-23T16:47:48","slug":"launch-of-the-salgueiro-quilombo-social-museum-recovers-the-ancestral-history-of-one-of-rio-de-janeiros-oldest-favelas","status":"publish","type":"post","link":"https:\/\/rioonwatch.org\/?p=80411","title":{"rendered":"Launch of the Salgueiro Quilombo Social Museum Recovers the Ancestral History of One of Rio de Janeiro\u2019s Oldest Favelas"},"content":{"rendered":"<figure id=\"attachment_80412\" aria-describedby=\"caption-attachment-80412\" style=\"width: 2048px\" class=\"wp-caption aligncenter\"><a href=\"https:\/\/rioonwatch.org\/wp-content\/uploads\/2025\/01\/Salgueiro-Quilombo-Social-Museum-inaugurations-participants-Photo-Barbara-Dias.jpg\"><img fetchpriority=\"high\" decoding=\"async\" class=\"wp-image-80412 size-full\" title=\"Salgueiro Quilombo Social Museum inauguration\u2019s participants. Photo: B\u00e1rbara Dias\" src=\"https:\/\/rioonwatch.org\/wp-content\/uploads\/2025\/01\/Salgueiro-Quilombo-Social-Museum-inaugurations-participants-Photo-Barbara-Dias.jpg\" alt=\"Salgueiro Quilombo Social Museum inauguration\u2019s participants. Photo: B\u00e1rbara Dias\" width=\"2048\" height=\"1367\" srcset=\"https:\/\/rioonwatch.org\/wp-content\/uploads\/2025\/01\/Salgueiro-Quilombo-Social-Museum-inaugurations-participants-Photo-Barbara-Dias.jpg 2048w, https:\/\/rioonwatch.org\/wp-content\/uploads\/2025\/01\/Salgueiro-Quilombo-Social-Museum-inaugurations-participants-Photo-Barbara-Dias-620x414.jpg 620w, https:\/\/rioonwatch.org\/wp-content\/uploads\/2025\/01\/Salgueiro-Quilombo-Social-Museum-inaugurations-participants-Photo-Barbara-Dias-942x629.jpg 942w, https:\/\/rioonwatch.org\/wp-content\/uploads\/2025\/01\/Salgueiro-Quilombo-Social-Museum-inaugurations-participants-Photo-Barbara-Dias-768x513.jpg 768w, https:\/\/rioonwatch.org\/wp-content\/uploads\/2025\/01\/Salgueiro-Quilombo-Social-Museum-inaugurations-participants-Photo-Barbara-Dias-1536x1025.jpg 1536w\" sizes=\"(max-width: 2048px) 100vw, 2048px\" \/><\/a><figcaption id=\"caption-attachment-80412\" class=\"wp-caption-text\">Salgueiro Quilombo Social Museum launch participants. Photo: B\u00e1rbara Dias<\/figcaption><\/figure>\n<p style=\"text-align: right;\"><a href=\"https:\/\/bit.ly\/MuseuSalgueiroROW\" target=\"_blank\" rel=\"noopener noreferrer\"><strong><em>Clique aqui para Portugu\u00eas<img decoding=\"async\" class=\"alignright size-full wp-image-23766\" src=\"https:\/\/www.rioonwatch.org\/wp-content\/uploads\/2012\/08\/PT-e1439583827971.png\" width=\"20\" height=\"20\" \/><\/em><\/strong><\/a><\/p>\n<p>On January 18, 2025, <a href=\"https:\/\/bit.ly\/2Mb4X7C\">Morro do Salgueiro<\/a>, <a href=\"https:\/\/bit.ly\/40R9pje\">one of Rio de Janeiro\u2019s oldest favelas<\/a> and a true urban quilombo [territories of Afro-Brazilian resistance that date back to slavery], located in the neighborhood of <a href=\"https:\/\/rioonwatch.org\/?tag=tijuca\">Tijuca<\/a>, in the city&#8217;s <a href=\"http:\/\/bit.ly\/2IgR5qe\">North Zone<\/a>, inaugurated the <a href=\"https:\/\/bit.ly\/40OsSky\">Salgueiro Quilombo Social Museum<\/a> at the <a href=\"https:\/\/bit.ly\/3CnsCj3\">Sal-Lage Institute<\/a> headquarters. The museum\u2019s mission is to shed light on the territory\u2019s history, with its strong relation to <em>quilombola<\/em> struggle and community life, focusing on preserving the region\u2019s tangible and intangible heritage.<\/p>\n<p>Many groups active in the community attended the event, including the cultural group <a href=\"https:\/\/bit.ly\/4gy9ywF\">Caxambu do Salgueiro<\/a>, the <a href=\"https:\/\/bit.ly\/3CnoNdy\">Morro do Salgueiro Residents\u2019 Association<\/a>, the <a href=\"https:\/\/bit.ly\/3YJD1Oh\">Salgueiro Herb Growers Collective<\/a>, and the community radio station <a href=\"https:\/\/bit.ly\/40x2z0J\">Se Liga Salgueiro<\/a>, among other local collectives. In addition, during the founding ceremony of the Quilombo do Salgueiro Museum, the <a href=\"https:\/\/bit.ly\/3XS5uyj\">Rio de Janeiro Social Museology Network<\/a> (<a href=\"https:\/\/bit.ly\/3WrPNiL\">REMUS-RJ<\/a>) held its 2025 inaugural meeting, bringing together other network members as well as representatives from <a href=\"https:\/\/bit.ly\/33HYfiK\">social museums and favela museums<\/a> across Rio de Janeiro.<\/p>\n<p>The day\u2019s program was extensive and began at 10am with breakfast at <a href=\"https:\/\/bit.ly\/3PMyJk7\">Caliel<\/a>, an artisanal bakery that follows <a href=\"https:\/\/bit.ly\/2VvBCbM\">agroecological<\/a> and <a href=\"https:\/\/bit.ly\/3DuN2Et\">solidarity kitchen<\/a> principles. During this initial moment, participants gathered to enjoy a quality breakfast and share a space for connection, exchange, and reunion.<\/p>\n<figure id=\"attachment_80424\" aria-describedby=\"caption-attachment-80424\" style=\"width: 2048px\" class=\"wp-caption aligncenter\"><a href=\"https:\/\/rioonwatch.org\/wp-content\/uploads\/2025\/02\/Approximately-70-people-attended-the-inauguration-of-the-Salgueiro-Quilombo-Museum-Photo-Barbara-Dias.jpg\"><img decoding=\"async\" class=\"wp-image-80424 size-full\" title=\"Approximately 70 people attended the inauguration of the Salgueiro Quilombo Museum. Photo: B\u00e1rbara Dias\" src=\"https:\/\/rioonwatch.org\/wp-content\/uploads\/2025\/02\/Approximately-70-people-attended-the-inauguration-of-the-Salgueiro-Quilombo-Museum-Photo-Barbara-Dias.jpg\" alt=\"Approximately 70 people attended the inauguration of the Salgueiro Quilombo Museum. Photo: B\u00e1rbara Dias\" width=\"2048\" height=\"1367\" srcset=\"https:\/\/rioonwatch.org\/wp-content\/uploads\/2025\/02\/Approximately-70-people-attended-the-inauguration-of-the-Salgueiro-Quilombo-Museum-Photo-Barbara-Dias.jpg 2048w, https:\/\/rioonwatch.org\/wp-content\/uploads\/2025\/02\/Approximately-70-people-attended-the-inauguration-of-the-Salgueiro-Quilombo-Museum-Photo-Barbara-Dias-620x414.jpg 620w, https:\/\/rioonwatch.org\/wp-content\/uploads\/2025\/02\/Approximately-70-people-attended-the-inauguration-of-the-Salgueiro-Quilombo-Museum-Photo-Barbara-Dias-942x629.jpg 942w, https:\/\/rioonwatch.org\/wp-content\/uploads\/2025\/02\/Approximately-70-people-attended-the-inauguration-of-the-Salgueiro-Quilombo-Museum-Photo-Barbara-Dias-768x513.jpg 768w, https:\/\/rioonwatch.org\/wp-content\/uploads\/2025\/02\/Approximately-70-people-attended-the-inauguration-of-the-Salgueiro-Quilombo-Museum-Photo-Barbara-Dias-1536x1025.jpg 1536w\" sizes=\"(max-width: 2048px) 100vw, 2048px\" \/><\/a><figcaption id=\"caption-attachment-80424\" class=\"wp-caption-text\">Approximately 70 people attended the inauguration of the Salgueiro Quilombo Museum. Photo: B\u00e1rbara Dias<\/figcaption><\/figure>\n<p>After breakfast, participants were invited to head to the Salgueiro Quilombo Social Museum for its inauguration and the REMUS-RJ meeting. Following an initial greeting, all 70 or so attendees introduced themselves, sharing where they were from and which favela or organization they represented. This organically showcased the diversity of people present, including attendees from Greater Rio\u2019s <a href=\"https:\/\/bit.ly\/2XQQdyV\">Baixada Fluminense<\/a> region, the city&#8217;s North, South, and West Zones, and the municipalities of <a href=\"https:\/\/bit.ly\/2SVjMhr\">S\u00e3o Gon\u00e7alo<\/a> and <a href=\"https:\/\/bit.ly\/2Fur1ae\">Niter\u00f3i<\/a>.<\/p>\n<p>Following this initial moment, <a href=\"https:\/\/bit.ly\/40OEtjo\">Marcelo Paz Olajinmina<\/a>, chef, <em>quilombola<\/em>, born and raised in Morro do Salgueiro, and vice-president of the community\u2019s <a href=\"http:\/\/bit.ly\/1QFM0Yd\">Caxambu<\/a> group, thanked everyone for their presence and spoke about the importance of launching the museum in Salgueiro.<\/p>\n<blockquote><p>\u201cI am deeply grateful for everyone\u2019s presence here. We, from Morro do Salgueiro and its collectives, are very moved by everything that is happening. It&#8217;s been a dream of ours\u2014to be part of a network that strengthens what Morro do Salgueiro already does and also allows our community to empower others, because this favela is a predominantly Black favela. Well, my name is Marcelo Paz Olajinmina. I was born and raised in Morro do Salgueiro in a traditionally quilombola family. I\u2019m a chef and the current vice-president of <a href=\"https:\/\/bit.ly\/41azIBb\">Caxambu do Salgueiro<\/a>. I\u2019m also part of the herb growers&#8217; collective here in Morro do Salgueiro, which is connected to the Ewe Ancestral Knowledge collective, focused on medicinal herbs, but in a liturgical sense&#8230; I\u2019m very grateful for all of you being here. Right now, I\u2019m here with you, but I\u2019m also in the kitchen, preparing chicken with Ora-pro-nobis, a leaf that was picked right here in Morro do Salgueiro. This favela has a deep ancestral connection to medicinal herbs, to the knowledge that flows through plants and centenary trees. This is a quilombo\u2014it existed as a quilombo even before the abolition of slavery, and many of the families who descend from those first inhabitants still live here today. We carry this tradition on to this day.\u201d \u2014 Marcelo Paz Olajinmina<\/p><\/blockquote>\n<figure id=\"attachment_80425\" aria-describedby=\"caption-attachment-80425\" style=\"width: 2048px\" class=\"wp-caption aligncenter\"><a href=\"https:\/\/rioonwatch.org\/wp-content\/uploads\/2025\/02\/Marcelo-Paz-Olajinmina-welcomes-participants-of-the-launch-of-the-Salgueiro-Quilombo-Social-Museum-Photo-Barbara-Dias.jpg\"><img loading=\"lazy\" decoding=\"async\" class=\"wp-image-80425 size-full\" title=\"Marcelo Paz Olajinmina welcomes the participants at the inauguration of the Salgueiro Quilombo Social Museum. Photo: B\u00e1rbara Dias\" src=\"https:\/\/rioonwatch.org\/wp-content\/uploads\/2025\/02\/Marcelo-Paz-Olajinmina-welcomes-participants-of-the-launch-of-the-Salgueiro-Quilombo-Social-Museum-Photo-Barbara-Dias.jpg\" alt=\"Marcelo Paz Olajinmina welcomes the participants at the inauguration of the Salgueiro Quilombo Social Museum. Photo: B\u00e1rbara Dias\" width=\"2048\" height=\"1367\" srcset=\"https:\/\/rioonwatch.org\/wp-content\/uploads\/2025\/02\/Marcelo-Paz-Olajinmina-welcomes-participants-of-the-launch-of-the-Salgueiro-Quilombo-Social-Museum-Photo-Barbara-Dias.jpg 2048w, https:\/\/rioonwatch.org\/wp-content\/uploads\/2025\/02\/Marcelo-Paz-Olajinmina-welcomes-participants-of-the-launch-of-the-Salgueiro-Quilombo-Social-Museum-Photo-Barbara-Dias-620x414.jpg 620w, https:\/\/rioonwatch.org\/wp-content\/uploads\/2025\/02\/Marcelo-Paz-Olajinmina-welcomes-participants-of-the-launch-of-the-Salgueiro-Quilombo-Social-Museum-Photo-Barbara-Dias-942x629.jpg 942w, https:\/\/rioonwatch.org\/wp-content\/uploads\/2025\/02\/Marcelo-Paz-Olajinmina-welcomes-participants-of-the-launch-of-the-Salgueiro-Quilombo-Social-Museum-Photo-Barbara-Dias-768x513.jpg 768w, https:\/\/rioonwatch.org\/wp-content\/uploads\/2025\/02\/Marcelo-Paz-Olajinmina-welcomes-participants-of-the-launch-of-the-Salgueiro-Quilombo-Social-Museum-Photo-Barbara-Dias-1536x1025.jpg 1536w\" sizes=\"(max-width: 2048px) 100vw, 2048px\" \/><\/a><figcaption id=\"caption-attachment-80425\" class=\"wp-caption-text\">Marcelo Paz Olajinmina welcomes participants at the inauguration of the Salgueiro Quilombo Social Museum. Photo: B\u00e1rbara Dias<\/figcaption><\/figure>\n<p>Following Olajinmina\u2019s opening words, <a href=\"https:\/\/bit.ly\/3WC2rvS\">Emerson Menezes<\/a>, a member of the Sal-Lage Institute and Caxambu do Salgueiro, gave a presentation contextualizing the historical process of the favela\u2019s emergence and occupation. He also introduced the many collectives, movements, institutions, and organizations active in the community, all of which carry Salgueiro\u2019s living memory.<\/p>\n<blockquote><p>\u201cMorro do Salgueiro\u2026 in the late 19th century, was first settled by enslaved people who had escaped from the coffee farms of [nearby] <a href=\"https:\/\/bit.ly\/2iZKaZJ\">Alto da Boa Vista<\/a>. Initially, it was named Morro dos Trapicheiros [after the <a href=\"https:\/\/bit.ly\/3WLiwzz\">Trapicheiros River<\/a>], becoming one of the city\u2019s first urban quilombos. So, these origins date back to before the end of slavery, even before the arrival of <a href=\"https:\/\/bit.ly\/3PVHN6i\">Domingos Alves Salgueiro<\/a>, who would later give the favela its name. Another significant wave of settlement took place in the early 20th century with the arrival of people from the interior of Rio de Janeiro state and other regions of Brazil&#8217;s Southeast, such as Minas Gerais. This century-old favela cultivates a rich cultural diversity\u2026 beyond samba and funk. It is home to traditions such as Catholic litanies, spiritual healers, Afro-Brazilian religious sites,<em> folia de reis<\/em> [a Catholic celebration where groups go door to door between Christmas and Epiphany, blessing homes in exchange for food or money as they reenact the journey of the Three Wise Men], <em>maculel\u00ea<\/em> [a traditional Afro-Brazilian dance and martial art], and charme dance parties [heavily influenced by American soul and R&amp;B]. Not to mention the <em>rodas<\/em> [dancing and singing circles] that celebrate our Brazilian intangible cultural heritage: the Caxambu do Salgueiro. Even a brief history reveals the magnitude of this community, whose story is deeply intertwined with the country&#8217;s Afro-diasporic origins.\u201d \u2014 Emerson Menezes<\/p><\/blockquote>\n<figure id=\"attachment_80426\" aria-describedby=\"caption-attachment-80426\" style=\"width: 2048px\" class=\"wp-caption aligncenter\"><a href=\"https:\/\/rioonwatch.org\/wp-content\/uploads\/2025\/02\/Emerson-Menezes-gives-a-historical-context-to-the-occupation-of-Salgueiro-to-the-participants-of-the-launch-of-the-Salgueiro-Quilombo-Social-Museum-Photo-Barbara-Dias.jpg\"><img loading=\"lazy\" decoding=\"async\" class=\"wp-image-80426 size-full\" title=\"Emerson Menezes provided historical context on Salgueiro\u2019s occupation to participants at the Salgueiro Quilombo Social Museum inauguration. Photo: B\u00e1rbara Dias\" src=\"https:\/\/rioonwatch.org\/wp-content\/uploads\/2025\/02\/Emerson-Menezes-gives-a-historical-context-to-the-occupation-of-Salgueiro-to-the-participants-of-the-launch-of-the-Salgueiro-Quilombo-Social-Museum-Photo-Barbara-Dias.jpg\" alt=\"Emerson Menezes provided historical context on Salgueiro\u2019s occupation to participants at the Salgueiro Quilombo Social Museum inauguration. Photo: B\u00e1rbara Dias\" width=\"2048\" height=\"1365\" srcset=\"https:\/\/rioonwatch.org\/wp-content\/uploads\/2025\/02\/Emerson-Menezes-gives-a-historical-context-to-the-occupation-of-Salgueiro-to-the-participants-of-the-launch-of-the-Salgueiro-Quilombo-Social-Museum-Photo-Barbara-Dias.jpg 2048w, https:\/\/rioonwatch.org\/wp-content\/uploads\/2025\/02\/Emerson-Menezes-gives-a-historical-context-to-the-occupation-of-Salgueiro-to-the-participants-of-the-launch-of-the-Salgueiro-Quilombo-Social-Museum-Photo-Barbara-Dias-620x413.jpg 620w, https:\/\/rioonwatch.org\/wp-content\/uploads\/2025\/02\/Emerson-Menezes-gives-a-historical-context-to-the-occupation-of-Salgueiro-to-the-participants-of-the-launch-of-the-Salgueiro-Quilombo-Social-Museum-Photo-Barbara-Dias-944x629.jpg 944w, https:\/\/rioonwatch.org\/wp-content\/uploads\/2025\/02\/Emerson-Menezes-gives-a-historical-context-to-the-occupation-of-Salgueiro-to-the-participants-of-the-launch-of-the-Salgueiro-Quilombo-Social-Museum-Photo-Barbara-Dias-768x512.jpg 768w, https:\/\/rioonwatch.org\/wp-content\/uploads\/2025\/02\/Emerson-Menezes-gives-a-historical-context-to-the-occupation-of-Salgueiro-to-the-participants-of-the-launch-of-the-Salgueiro-Quilombo-Social-Museum-Photo-Barbara-Dias-1536x1024.jpg 1536w\" sizes=\"(max-width: 2048px) 100vw, 2048px\" \/><\/a><figcaption id=\"caption-attachment-80426\" class=\"wp-caption-text\">Emerson Menezes provided historical context on Salgueiro\u2019s occupation to participants at the Salgueiro Quilombo Social Museum inauguration. Photo: B\u00e1rbara Dias<\/figcaption><\/figure>\n<p>Among the examples of collectives, cultural groups, social enterprises, and public institutions in the area, Emerson cited the Caxambu do Salgueiro Cultural Group, the Residents&#8217; Association, Firefighter Geraldo Dias Municipal School, Roots of Salgueiro Daycare, the Salgueiro Herb Growers Collective, the Hortas Cariocas (a City-managed community gardening program), the <a href=\"https:\/\/bit.ly\/3W6KWT1\">Jurema Batista Community Library<\/a>, <em>Se Liga Salgueiro<\/em> Community Radio, the Roots of Tijuca Carnival Parade, Caliel Bakery, St. Sebastian Chapel, various Folia de Reis reception groups, and Afro-Brazilian religious sites, as well as community-based tourism initiatives.<\/p>\n<p>After the hosts spoke, professor <a href=\"http:\/\/bit.ly\/3VngIsK\">Mario Chagas<\/a>, director of the <a href=\"https:\/\/bit.ly\/3BVleb4\">Museum of the Republic<\/a> and the Brazilian Institute of Museums (<a href=\"https:\/\/bit.ly\/3EaRriP\">IBRAM<\/a>), spoke about the importance of founding the Salgueiro Quilombo Museum.<\/p>\n<blockquote><p>\u201cWe are here today, on January 18, 2025, for the first meeting of the Rio de Janeiro Social Museology Network this year, and to our great joy, we are also taking part in the launch of the Salgueiro Quilombo Social Museum. It\u2019s extraordinary news and a great achievement, really, to start our network\u2019s meetings with this launch and this Social Museum. The museum is a recognition of a tradition, a heritage, a preexisting memory here in Morro do Salgueiro. It serves to consolidate, strengthen, and systematize all of this. Emerson\u2019s presentation today was remarkable, extraordinary, showcasing the full power and cultural depth of Morro do Salgueiro, and this is very important. I am convinced that the launch of this museum in Morro do Salgueiro will make an important contribution to the area and the community, but it also plays a key role in strengthening the Social Museology Network itself. In fact, this is a movement that is growing stronger. I like to think of this museum as a seed museum\u2014rooted in ancestrality, yet now bursting forth toward the future. And with that, it is also a museum that will bear new fruit, new seeds.\u201d \u2014 Mario Chagas<\/p><\/blockquote>\n<figure id=\"attachment_80428\" aria-describedby=\"caption-attachment-80428\" style=\"width: 2048px\" class=\"wp-caption aligncenter\"><a href=\"https:\/\/rioonwatch.org\/wp-content\/uploads\/2025\/02\/Professor-Mario-Chagas-speaks-about-the-importance-of-the-Salgueiro-museums-founding-to-the-events-participants-Photo-Barbara-Dias.jpg\"><img loading=\"lazy\" decoding=\"async\" class=\"wp-image-80428 size-full\" title=\"Professor Dr. Mario Chagas highlighted the importance of founding the Salgueiro museum during his speech at the Salgueiro Quilombo Social Museum launch. Photo: B\u00e1rbara Dias\" src=\"https:\/\/rioonwatch.org\/wp-content\/uploads\/2025\/02\/Professor-Mario-Chagas-speaks-about-the-importance-of-the-Salgueiro-museums-founding-to-the-events-participants-Photo-Barbara-Dias.jpg\" alt=\"Professor Dr. Mario Chagas highlighted the importance of founding the Salgueiro museum during his speech at the Salgueiro Quilombo Social Museum launch. Photo: B\u00e1rbara Dias\" width=\"2048\" height=\"1365\" srcset=\"https:\/\/rioonwatch.org\/wp-content\/uploads\/2025\/02\/Professor-Mario-Chagas-speaks-about-the-importance-of-the-Salgueiro-museums-founding-to-the-events-participants-Photo-Barbara-Dias.jpg 2048w, https:\/\/rioonwatch.org\/wp-content\/uploads\/2025\/02\/Professor-Mario-Chagas-speaks-about-the-importance-of-the-Salgueiro-museums-founding-to-the-events-participants-Photo-Barbara-Dias-620x413.jpg 620w, https:\/\/rioonwatch.org\/wp-content\/uploads\/2025\/02\/Professor-Mario-Chagas-speaks-about-the-importance-of-the-Salgueiro-museums-founding-to-the-events-participants-Photo-Barbara-Dias-944x629.jpg 944w, https:\/\/rioonwatch.org\/wp-content\/uploads\/2025\/02\/Professor-Mario-Chagas-speaks-about-the-importance-of-the-Salgueiro-museums-founding-to-the-events-participants-Photo-Barbara-Dias-768x512.jpg 768w, https:\/\/rioonwatch.org\/wp-content\/uploads\/2025\/02\/Professor-Mario-Chagas-speaks-about-the-importance-of-the-Salgueiro-museums-founding-to-the-events-participants-Photo-Barbara-Dias-1536x1024.jpg 1536w\" sizes=\"(max-width: 2048px) 100vw, 2048px\" \/><\/a><figcaption id=\"caption-attachment-80428\" class=\"wp-caption-text\">Dr. Mario Chagas highlighted the importance of founding the Salgueiro museum during his speech at the Salgueiro Quilombo Social Museum launch. Photo: B\u00e1rbara Dias<\/figcaption><\/figure>\n<p>The inaugural REMUS-RJ meeting took place after the museum\u2019s launch, marking the beginning of the group\u2019s activities in 2025. The meeting brought together professionals and representatives from various museums and social projects across the city. Among the highlights of this first annual gathering were: the announcement of Rio\u2019s <a href=\"https:\/\/bit.ly\/42xkEhP\">2nd Social Museology Festival<\/a>, set to begin on February 8 at the Rio Art Museum, the presentation of certificates to museums newly joining the network, and the reading of REMUS-RJ\u2019s <a href=\"https:\/\/bit.ly\/4hABtN4\">Letter of Principles<\/a>.<\/p>\n<p>In the middle of the day, the Caliel Bakery prepared and served a meal rooted in ancestral cuisine, featuring dishes such as free-range chicken with Ora-pro-nobis, one of many Unconventional Food Plants (<a href=\"https:\/\/www.sciencedirect.com\/science\/article\/pii\/S2666833522000120\">UFPs<\/a>) that are abundant in Salgueiro. The meal provided an immersive experience of the traditional flavors of Morro do Salgueiro\u2019s <em>quilombola<\/em> culture. Born and raised in Morro do Salgueiro, Denise Santos\u2014a member and second treasurer of Caxambu do Salgueiro, as well as an active participant in the Jurema Batista Library and the Salgueiro Herb Growers Collective\u2014spoke about the importance of founding this social museum.<\/p>\n<blockquote><p>\u201cIt\u2019s fundamental for us, as residents and as people working in the social field\u2014whether in tourism or in preserving our local heritage. The Salgueiro Quilombo Social Museum will also play a key role in reclaiming our history. Many young people born and raised in Salgueiro don\u2019t know the history of our community. There are many places in the community that are no longer as they were when we were kids. Today, they\u2019ve changed, but we can still talk about what used to happen in those spaces. So being part of this network, which was created for open-air community museums, is very important to us. The memory is already there\u2014the museum simply helps structure what already exists in the favela.\u201d \u2014 Denise Santos<\/p><\/blockquote>\n<figure id=\"attachment_80430\" aria-describedby=\"caption-attachment-80430\" style=\"width: 2048px\" class=\"wp-caption aligncenter\"><a href=\"https:\/\/rioonwatch.org\/wp-content\/uploads\/2025\/02\/Denise-Santos-a-Salgueiro-resident-spoke-to-us-about-the-importance-of-the-Museums-founding-and-of-Caxambu-do-Salgueiro-Photo-Barbara-Dias.jpg\"><img loading=\"lazy\" decoding=\"async\" class=\"wp-image-80430 size-full\" title=\"Denise Santos, a Salgueiro resident, spoke about the importance of founding the Salgueiro Quilombo Social Museum and the community\u2019s Caxambu. Photo: B\u00e1rbara Dias\" src=\"https:\/\/rioonwatch.org\/wp-content\/uploads\/2025\/02\/Denise-Santos-a-Salgueiro-resident-spoke-to-us-about-the-importance-of-the-Museums-founding-and-of-Caxambu-do-Salgueiro-Photo-Barbara-Dias.jpg\" alt=\"Denise Santos, a Salgueiro resident, spoke about the importance of founding the Salgueiro Quilombo Social Museum and the community\u2019s Caxambu. Photo: B\u00e1rbara Dias\" width=\"2048\" height=\"1367\" srcset=\"https:\/\/rioonwatch.org\/wp-content\/uploads\/2025\/02\/Denise-Santos-a-Salgueiro-resident-spoke-to-us-about-the-importance-of-the-Museums-founding-and-of-Caxambu-do-Salgueiro-Photo-Barbara-Dias.jpg 2048w, https:\/\/rioonwatch.org\/wp-content\/uploads\/2025\/02\/Denise-Santos-a-Salgueiro-resident-spoke-to-us-about-the-importance-of-the-Museums-founding-and-of-Caxambu-do-Salgueiro-Photo-Barbara-Dias-620x414.jpg 620w, https:\/\/rioonwatch.org\/wp-content\/uploads\/2025\/02\/Denise-Santos-a-Salgueiro-resident-spoke-to-us-about-the-importance-of-the-Museums-founding-and-of-Caxambu-do-Salgueiro-Photo-Barbara-Dias-942x629.jpg 942w, https:\/\/rioonwatch.org\/wp-content\/uploads\/2025\/02\/Denise-Santos-a-Salgueiro-resident-spoke-to-us-about-the-importance-of-the-Museums-founding-and-of-Caxambu-do-Salgueiro-Photo-Barbara-Dias-768x513.jpg 768w, https:\/\/rioonwatch.org\/wp-content\/uploads\/2025\/02\/Denise-Santos-a-Salgueiro-resident-spoke-to-us-about-the-importance-of-the-Museums-founding-and-of-Caxambu-do-Salgueiro-Photo-Barbara-Dias-1536x1025.jpg 1536w\" sizes=\"(max-width: 2048px) 100vw, 2048px\" \/><\/a><figcaption id=\"caption-attachment-80430\" class=\"wp-caption-text\">Denise Santos, a Salgueiro resident, spoke about the importance of founding the Salgueiro Quilombo Social Museum and the community\u2019s Caxambu. Photo: B\u00e1rbara Dias<\/figcaption><\/figure>\n<p>Denise Santos also touched on the importance of Caxambu as <a href=\"https:\/\/bit.ly\/3VmUTtw\">Brazilian intangible heritage<\/a>, recognized by the National Institute of Historic and Artistic Heritage (<a href=\"https:\/\/bit.ly\/40Dv50T\">IPHAN<\/a>):<\/p>\n<blockquote><p>\u201cIt\u2019s important to talk about our Caxambu because we\u2019ve worked to revive it. In the past, children weren\u2019t allowed to participate\u2014it was said that only adults could take part. With this revival, this reencounter, this new interpretation of Caxambu, we were able to include children and teenagers. Our Caxambu also didn\u2019t have a fixed location. Today, it\u2019s based at the Sal-Lage Cultural Space, but before, it took place in many different parts of the community. Many important figures shaped our Caxambu\u2014people like Seu Geraldo and Aunt Guida. Our repertoire included many things that were happening in the community at the time\u2026 This is important to share with visitors, so that when they talk about Caxambu, they can understand its context within our community. That it wasn\u2019t tied to just one place\u2014it was diverse, happening throughout the community, whether during the [traditional] <a href=\"https:\/\/bit.ly\/3upEAEw\">June Festivals<\/a> or after Afro-Brazilian religious ceremonies. And after that, the joy of dancing with the Caxambu would begin.\u201d<\/p><\/blockquote>\n<p>The afternoon continued with an enriching lesson on ancestrality, featuring two of Morro do Salgueiro\u2019s cultural heritage treasures: a workshop with the Salgueiro Herb Growers Collective and a session with Caxambu do Salgueiro.<\/p>\n<figure id=\"attachment_80431\" aria-describedby=\"caption-attachment-80431\" style=\"width: 2048px\" class=\"wp-caption aligncenter\"><a href=\"https:\/\/rioonwatch.org\/wp-content\/uploads\/2025\/02\/Silvania-da-Silva-from-the-Herb-Growers-collective-spoke-of-the-importance-of-preserving-ancestral-knowledge-about-herbs-Photo-Barbara-Dias.jpg\"><img loading=\"lazy\" decoding=\"async\" class=\"wp-image-80431 size-full\" title=\"Silvania da Silva, from the Salgueiro Herb Growers Collective, speaks about the importance of preserving the ancestral knowledge of herbs. Photo: B\u00e1rbara Dias\" src=\"https:\/\/rioonwatch.org\/wp-content\/uploads\/2025\/02\/Silvania-da-Silva-from-the-Herb-Growers-collective-spoke-of-the-importance-of-preserving-ancestral-knowledge-about-herbs-Photo-Barbara-Dias.jpg\" alt=\"Silvania da Silva, from the Salgueiro Herb Growers Collective, speaks about the importance of preserving the ancestral knowledge of herbs. Photo: B\u00e1rbara Dias\" width=\"2048\" height=\"1365\" srcset=\"https:\/\/rioonwatch.org\/wp-content\/uploads\/2025\/02\/Silvania-da-Silva-from-the-Herb-Growers-collective-spoke-of-the-importance-of-preserving-ancestral-knowledge-about-herbs-Photo-Barbara-Dias.jpg 2048w, https:\/\/rioonwatch.org\/wp-content\/uploads\/2025\/02\/Silvania-da-Silva-from-the-Herb-Growers-collective-spoke-of-the-importance-of-preserving-ancestral-knowledge-about-herbs-Photo-Barbara-Dias-620x413.jpg 620w, https:\/\/rioonwatch.org\/wp-content\/uploads\/2025\/02\/Silvania-da-Silva-from-the-Herb-Growers-collective-spoke-of-the-importance-of-preserving-ancestral-knowledge-about-herbs-Photo-Barbara-Dias-944x629.jpg 944w, https:\/\/rioonwatch.org\/wp-content\/uploads\/2025\/02\/Silvania-da-Silva-from-the-Herb-Growers-collective-spoke-of-the-importance-of-preserving-ancestral-knowledge-about-herbs-Photo-Barbara-Dias-768x512.jpg 768w, https:\/\/rioonwatch.org\/wp-content\/uploads\/2025\/02\/Silvania-da-Silva-from-the-Herb-Growers-collective-spoke-of-the-importance-of-preserving-ancestral-knowledge-about-herbs-Photo-Barbara-Dias-1536x1024.jpg 1536w\" sizes=\"(max-width: 2048px) 100vw, 2048px\" \/><\/a><figcaption id=\"caption-attachment-80431\" class=\"wp-caption-text\">Silvania da Silva, from the Salgueiro Herb Growers Collective, speaks about the importance of preserving the ancestral knowledge of herbs. Photo: B\u00e1rbara Dias<\/figcaption><\/figure>\n<p>The <a href=\"https:\/\/bit.ly\/31VLzqt\">Salgueiro Herb Growers Collective<\/a> led a workshop where participants shared knowledge about the use of herbs in traditional and folk medicine. Silvania da Silva, who was raised in Morro do Salgueiro and is the granddaughter of herb growers, spoke about the collective\u2019s importance.<\/p>\n<blockquote><p>\u201cI was raised here in Morro do Salgueiro. As we\u2019ve been discussing for some time now, the Salgueiro Herb Growers Collective is 100% ancestral. Here, we are heirs, grandchildren, children\u2026 I\u2019m very proud to have been raised here, with my grandfather who sang Catholic litanies. Today, I am here to remind everyone: emotional memory is very important to me. Being raised by my grandmother, with the values she passed down to me, and now reclaiming that memory, working to keep our tradition alive. So, I congratulate all of us, because our group is carrying on and growing stronger. It\u2019s an honor to be a part of this. It\u2019s an honor to be here with all of you. It\u2019s an honor to carry our banner forward, helping it evolve and flourish.\u201d \u2014 Silvania da Silva<\/p><\/blockquote>\n<figure id=\"attachment_80433\" aria-describedby=\"caption-attachment-80433\" style=\"width: 2048px\" class=\"wp-caption aligncenter\"><a href=\"https:\/\/rioonwatch.org\/wp-content\/uploads\/2025\/02\/Performance-by-Caxambu-do-Salgueiro-during-the-launch-event-of-the-Salgueiro-Social-Museum-Photo-Barbara-Dias.jpg\"><img loading=\"lazy\" decoding=\"async\" class=\"wp-image-80433 size-full\" title=\"Caxambu do Salgueiro performing at the inauguration of the Salgueiro Quilombo Social Museum. Photo: B\u00e1rbara Dias\" src=\"https:\/\/rioonwatch.org\/wp-content\/uploads\/2025\/02\/Performance-by-Caxambu-do-Salgueiro-during-the-launch-event-of-the-Salgueiro-Social-Museum-Photo-Barbara-Dias.jpg\" alt=\"Caxambu do Salgueiro performing at the inauguration of the Salgueiro Quilombo Social Museum. Photo: B\u00e1rbara Dias\" width=\"2048\" height=\"1367\" srcset=\"https:\/\/rioonwatch.org\/wp-content\/uploads\/2025\/02\/Performance-by-Caxambu-do-Salgueiro-during-the-launch-event-of-the-Salgueiro-Social-Museum-Photo-Barbara-Dias.jpg 2048w, https:\/\/rioonwatch.org\/wp-content\/uploads\/2025\/02\/Performance-by-Caxambu-do-Salgueiro-during-the-launch-event-of-the-Salgueiro-Social-Museum-Photo-Barbara-Dias-620x414.jpg 620w, https:\/\/rioonwatch.org\/wp-content\/uploads\/2025\/02\/Performance-by-Caxambu-do-Salgueiro-during-the-launch-event-of-the-Salgueiro-Social-Museum-Photo-Barbara-Dias-942x629.jpg 942w, https:\/\/rioonwatch.org\/wp-content\/uploads\/2025\/02\/Performance-by-Caxambu-do-Salgueiro-during-the-launch-event-of-the-Salgueiro-Social-Museum-Photo-Barbara-Dias-768x513.jpg 768w, https:\/\/rioonwatch.org\/wp-content\/uploads\/2025\/02\/Performance-by-Caxambu-do-Salgueiro-during-the-launch-event-of-the-Salgueiro-Social-Museum-Photo-Barbara-Dias-1536x1025.jpg 1536w\" sizes=\"(max-width: 2048px) 100vw, 2048px\" \/><\/a><figcaption id=\"caption-attachment-80433\" class=\"wp-caption-text\">Caxambu do Salgueiro performing at the inauguration of the Salgueiro Quilombo Social Museum. Photo: B\u00e1rbara Dias<\/figcaption><\/figure>\n<p>Caxambu do Salgueiro brought a <a href=\"https:\/\/bit.ly\/3zj9QYI\">Jongo<\/a> performance, showcasing a major Afro-diasporic cultural heritage of Brazil and the Salgueiro community. The presentation included an explanation of how the drums &#8220;talk&#8221; to each other, the <a href=\"https:\/\/bit.ly\/4aGVPCj\"><em>umbigada<\/em><\/a> dance steps, and the salutations to the drums that mark the beginning and end of a Caxambu circle. At the end, everyone was invited to join the circle and experience the ancestrality of Salgueiro\u2019s cultural resistance.<\/p>\n<figure id=\"attachment_80434\" aria-describedby=\"caption-attachment-80434\" style=\"width: 2048px\" class=\"wp-caption aligncenter\"><a href=\"https:\/\/rioonwatch.org\/wp-content\/uploads\/2025\/02\/Marcelo-Paz-Olajinmina-speaks-to-attendees-during-walk-through-Salgueiro-Photo-Barbara-Dias.jpg\"><img loading=\"lazy\" decoding=\"async\" class=\"wp-image-80434 size-full\" title=\"Marcelo Paz Olajinmina speaks to attendees during a walk through Salgueiro. Photo: B\u00e1rbara Dias \" src=\"https:\/\/rioonwatch.org\/wp-content\/uploads\/2025\/02\/Marcelo-Paz-Olajinmina-speaks-to-attendees-during-walk-through-Salgueiro-Photo-Barbara-Dias.jpg\" alt=\"Marcelo Paz Olajinmina speaks to attendees during a walk through Salgueiro. Photo: B\u00e1rbara Dias \" width=\"2048\" height=\"1367\" srcset=\"https:\/\/rioonwatch.org\/wp-content\/uploads\/2025\/02\/Marcelo-Paz-Olajinmina-speaks-to-attendees-during-walk-through-Salgueiro-Photo-Barbara-Dias.jpg 2048w, https:\/\/rioonwatch.org\/wp-content\/uploads\/2025\/02\/Marcelo-Paz-Olajinmina-speaks-to-attendees-during-walk-through-Salgueiro-Photo-Barbara-Dias-620x414.jpg 620w, https:\/\/rioonwatch.org\/wp-content\/uploads\/2025\/02\/Marcelo-Paz-Olajinmina-speaks-to-attendees-during-walk-through-Salgueiro-Photo-Barbara-Dias-942x629.jpg 942w, https:\/\/rioonwatch.org\/wp-content\/uploads\/2025\/02\/Marcelo-Paz-Olajinmina-speaks-to-attendees-during-walk-through-Salgueiro-Photo-Barbara-Dias-768x513.jpg 768w, https:\/\/rioonwatch.org\/wp-content\/uploads\/2025\/02\/Marcelo-Paz-Olajinmina-speaks-to-attendees-during-walk-through-Salgueiro-Photo-Barbara-Dias-1536x1025.jpg 1536w\" sizes=\"(max-width: 2048px) 100vw, 2048px\" \/><\/a><figcaption id=\"caption-attachment-80434\" class=\"wp-caption-text\">Marcelo Paz Olajinmina speaks to attendees during a walk through Salgueiro. Photo: B\u00e1rbara Dias<\/figcaption><\/figure>\n<p>The day\u2019s activities concluded with a walk through Salgueiro, allowing participants to experience the area\u2019s cultural, social, and historical spaces up close. Some of these were mentioned in Emerson Menezes\u2019 presentation, such as the <a href=\"https:\/\/bit.ly\/40saigs\">St. Sebastian Chapel<\/a>, from which the traditional procession honoring the patron saint of both Rio de Janeiro and Morro do Salgueiro departs.<\/p>\n<p>The walk also highlighted historical structures, such as the plantation containment walls built by enslaved people and several century-old buildings, including the Firefighter Geraldo Dias Municipal School, founded in 1919, and the Goulart stone mansion, one of Salgueiro\u2019s oldest constructions. The Salgueiro Quilombo Social Museum aims to have it recognized as historic heritage and hopes that, in the future, it can be revitalized and transformed into a space for all the favela\u2019s groups and collectives.<\/p>\n<h3>Check out the photo album by B\u00e1rbara Dias <a href=\"https:\/\/bit.ly\/MuseuSalgueiroFotos\" rel=\"noopener\">on Flickr<\/a>:<\/h3>\n<p><a title=\"Funda\u00e7\u00e3o do Museu Social Quilombo do Salgueiro, 18 de janeiro de 2025\" href=\"https:\/\/www.flickr.com\/photos\/catcomm\/albums\/72177720323338587\" data-flickr-embed=\"true\"><img loading=\"lazy\" decoding=\"async\" src=\"https:\/\/live.staticflickr.com\/65535\/54281875099_58ea80271d_h.jpg\" alt=\"Funda\u00e7\u00e3o do Museu Social Quilombo do Salgueiro, 18 de janeiro de 2025\" width=\"1600\" height=\"1200\" \/><\/a><script async src=\"\/\/embedr.flickr.com\/assets\/client-code.js\" charset=\"utf-8\"><\/script><\/p>\n<p><em>About the author:\u00a0<a href=\"https:\/\/bit.ly\/3Gc3OJU\" target=\"_blank\" rel=\"noopener\">B\u00e1rbara Dias<\/a>\u00a0was born and raised in Bangu, in Rio\u2019s West Zone. She has a degree in Biological Sciences, a master\u2019s in Environmental Education, and has been a public school teacher since 2006. She is a photojournalist and also works with documentary photography. She is a popular communicator for N\u00facleo Piratininga de Comunica\u00e7\u00e3o (<a href=\"https:\/\/bit.ly\/3i2GcdN\" target=\"_blank\" rel=\"noopener\">NPC<\/a>) and co-founder of\u00a0<a href=\"https:\/\/bit.ly\/3vfY8bj\" target=\"_blank\" rel=\"noopener\">Coletivo Fotoguerrilha<\/a>.<\/em><\/p>\n<hr \/>\n<h4><b data-stringify-type=\"bold\">Support\u00a0<\/b><b data-stringify-type=\"bold\"><i data-stringify-type=\"italic\">RioOnWatch<\/i><\/b><b data-stringify-type=\"bold\">\u2019s tireless, critical and cutting-edge hyperlocal journalism, online community organizing meetings, and direct support to favelas\u00a0<\/b><b data-stringify-type=\"bold\"><a class=\"c-link\" href=\"http:\/\/bit.ly\/DonateToRioOnWatch\" target=\"_blank\" rel=\"noopener noreferrer\" data-stringify-link=\"http:\/\/bit.ly\/DonateToRioOnWatch\" data-sk=\"tooltip_parent\">by clicking here.<\/a><\/b><\/h4>\n","protected":false},"excerpt":{"rendered":"<div class=\"mh-excerpt\"><p>Clique aqui para Portugu\u00eas On January 18, 2025, Morro do Salgueiro, one of Rio de Janeiro\u2019s oldest favelas and a true urban quilombo [territories of Afro-Brazilian resistance that date back to slavery], located in the <a class=\"mh-excerpt-more\" href=\"https:\/\/rioonwatch.org\/?p=80411\" title=\"Launch of the Salgueiro Quilombo Social Museum Recovers the Ancestral History of One of Rio de Janeiro\u2019s Oldest Favelas\">[&#8230;]<\/a><\/p>\n<\/div>","protected":false},"author":245,"featured_media":80412,"comment_status":"closed","ping_status":"closed","sticky":false,"template":"template-full.php","format":"standard","meta":{"_monsterinsights_skip_tracking":false,"_monsterinsights_sitenote_active":false,"_monsterinsights_sitenote_note":"","_monsterinsights_sitenote_category":0,"footnotes":""},"categories":[1288,1328,1290,1333,1268,1332,329,452],"tags":[662,2109,910,674,3624,170,716,37,450,3393,906,2463,1350,489],"writer":[3542],"translator":[3560],"illustrator":[],"photographer":[3548],"class_list":{"0":"post-80411","1":"post","2":"type-post","3":"status-publish","4":"format-standard","5":"has-post-thumbnail","7":"category-highlight","8":"category-by-community-contributors","9":"category-civilsociety","10":"category-event-reports","11":"category-favelaculture","12":"category-photo-essays","13":"category-solutions","14":"category-rio20","15":"tag-afro-brazilian-culture","16":"tag-community-museum","17":"tag-creative-organizing","18":"tag-memory","19":"tag-favela-rivers","20":"tag-historic-preservation","21":"tag-museum","22":"tag-north-zone","23":"tag-quilombo","24":"tag-representation","25":"tag-salgueiro","26":"tag-social-museology","27":"tag-tijuca","28":"tag-tijuca-forest","29":"writer-barbara-dias","30":"translator-kay-alvito","31":"photographer-barbara-dias"},"_links":{"self":[{"href":"https:\/\/rioonwatch.org\/index.php?rest_route=\/wp\/v2\/posts\/80411","targetHints":{"allow":["GET"]}}],"collection":[{"href":"https:\/\/rioonwatch.org\/index.php?rest_route=\/wp\/v2\/posts"}],"about":[{"href":"https:\/\/rioonwatch.org\/index.php?rest_route=\/wp\/v2\/types\/post"}],"author":[{"embeddable":true,"href":"https:\/\/rioonwatch.org\/index.php?rest_route=\/wp\/v2\/users\/245"}],"replies":[{"embeddable":true,"href":"https:\/\/rioonwatch.org\/index.php?rest_route=%2Fwp%2Fv2%2Fcomments&post=80411"}],"version-history":[{"count":3,"href":"https:\/\/rioonwatch.org\/index.php?rest_route=\/wp\/v2\/posts\/80411\/revisions"}],"predecessor-version":[{"id":80439,"href":"https:\/\/rioonwatch.org\/index.php?rest_route=\/wp\/v2\/posts\/80411\/revisions\/80439"}],"wp:featuredmedia":[{"embeddable":true,"href":"https:\/\/rioonwatch.org\/index.php?rest_route=\/wp\/v2\/media\/80412"}],"wp:attachment":[{"href":"https:\/\/rioonwatch.org\/index.php?rest_route=%2Fwp%2Fv2%2Fmedia&parent=80411"}],"wp:term":[{"taxonomy":"category","embeddable":true,"href":"https:\/\/rioonwatch.org\/index.php?rest_route=%2Fwp%2Fv2%2Fcategories&post=80411"},{"taxonomy":"post_tag","embeddable":true,"href":"https:\/\/rioonwatch.org\/index.php?rest_route=%2Fwp%2Fv2%2Ftags&post=80411"},{"taxonomy":"writer","embeddable":true,"href":"https:\/\/rioonwatch.org\/index.php?rest_route=%2Fwp%2Fv2%2Fwriter&post=80411"},{"taxonomy":"translator","embeddable":true,"href":"https:\/\/rioonwatch.org\/index.php?rest_route=%2Fwp%2Fv2%2Ftranslator&post=80411"},{"taxonomy":"illustrator","embeddable":true,"href":"https:\/\/rioonwatch.org\/index.php?rest_route=%2Fwp%2Fv2%2Fillustrator&post=80411"},{"taxonomy":"photographer","embeddable":true,"href":"https:\/\/rioonwatch.org\/index.php?rest_route=%2Fwp%2Fv2%2Fphotographer&post=80411"}],"curies":[{"name":"wp","href":"https:\/\/api.w.org\/{rel}","templated":true}]}}