{"id":80489,"date":"2025-02-22T13:09:24","date_gmt":"2025-02-22T16:09:24","guid":{"rendered":"https:\/\/rioonwatch.org\/?p=80489"},"modified":"2025-02-28T10:39:34","modified_gmt":"2025-02-28T13:39:34","slug":"the-multiethnic-indigenous-university-of-aldeia-maracana-indigenous-knowledge-and-forest-education-in-the-heart-of-rio-de-janeiro","status":"publish","type":"post","link":"https:\/\/rioonwatch.org\/?p=80489","title":{"rendered":"The Multiethnic Indigenous University of Aldeia Maracan\u00e3: Indigenous Knowledge and Forest Education in the Heart of Rio de Janeiro"},"content":{"rendered":"<figure id=\"attachment_80492\" aria-describedby=\"caption-attachment-80492\" style=\"width: 1080px\" class=\"wp-caption aligncenter\"><a href=\"https:\/\/rioonwatch.org\/wp-content\/uploads\/2025\/02\/representatives-of-maracana-village-at-the-anama-sapopemba-festival-where-they-showcased-their-rich-ancestral-traditions-of-singing-dancing-and-culture-photo-sophia-vie.jpg\"><img fetchpriority=\"high\" decoding=\"async\" class=\"wp-image-80492 size-full\" title=\"Representatives of Maracan\u00e3 Village at the Anama Sapopemba Festival, where they showcased their rich ancestral traditions of singing, dancing, and culture. Photo: Sophia Vie\" src=\"https:\/\/rioonwatch.org\/wp-content\/uploads\/2025\/02\/representatives-of-maracana-village-at-the-anama-sapopemba-festival-where-they-showcased-their-rich-ancestral-traditions-of-singing-dancing-and-culture-photo-sophia-vie.jpg\" alt=\"Representatives of Maracan\u00e3 Village at the Anama Sapopemba Festival, where they showcased their rich ancestral traditions of singing, dancing, and culture. Photo: Sophia Vie\" width=\"1080\" height=\"720\" srcset=\"https:\/\/rioonwatch.org\/wp-content\/uploads\/2025\/02\/representatives-of-maracana-village-at-the-anama-sapopemba-festival-where-they-showcased-their-rich-ancestral-traditions-of-singing-dancing-and-culture-photo-sophia-vie.jpg 1080w, https:\/\/rioonwatch.org\/wp-content\/uploads\/2025\/02\/representatives-of-maracana-village-at-the-anama-sapopemba-festival-where-they-showcased-their-rich-ancestral-traditions-of-singing-dancing-and-culture-photo-sophia-vie-620x413.jpg 620w, https:\/\/rioonwatch.org\/wp-content\/uploads\/2025\/02\/representatives-of-maracana-village-at-the-anama-sapopemba-festival-where-they-showcased-their-rich-ancestral-traditions-of-singing-dancing-and-culture-photo-sophia-vie-944x629.jpg 944w, https:\/\/rioonwatch.org\/wp-content\/uploads\/2025\/02\/representatives-of-maracana-village-at-the-anama-sapopemba-festival-where-they-showcased-their-rich-ancestral-traditions-of-singing-dancing-and-culture-photo-sophia-vie-768x512.jpg 768w\" sizes=\"(max-width: 1080px) 100vw, 1080px\" \/><\/a><figcaption id=\"caption-attachment-80492\" class=\"wp-caption-text\">Representatives of Maracan\u00e3 Village at the Anama Sapopemba Festival, where they showcased their rich ancestral traditions through singing, dancing, and culture. Photo: Sophia Vie<\/figcaption><\/figure>\n<p style=\"text-align: right;\"><a href=\"https:\/\/bit.ly\/416EJJr\" target=\"_blank\" rel=\"noopener\"><strong><em>Clique aqui para Portugu\u00eas<\/em><\/strong><img decoding=\"async\" class=\"alignright wp-image-23766 size-full\" src=\"https:\/\/www.rioonwatch.org\/wp-content\/uploads\/2012\/08\/PT-e1439583827971.png\" width=\"20\" height=\"20\" \/><\/a><\/p>\n<p><a href=\"https:\/\/rioonwatch.org\/wp-content\/uploads\/2023\/08\/BehnerStiefel-300x102-1.png\" target=\"_blank\" rel=\"noopener\"><img decoding=\"async\" class=\"alignright wp-image-75697\" src=\"https:\/\/rioonwatch.org\/wp-content\/uploads\/2023\/08\/BehnerStiefel-300x102-1.png\" alt=\"\" width=\"200\" height=\"68\" \/><\/a><em>This article, the result of an interview with M\u00f4nica Lima Mura Mana\u00fa Arawak, Brazil&#8217;s only university professor of its Mura indigenous people, is part of a <a href=\"https:\/\/rioonwatch.org\/?tag=series-human-rights-with-support-from-the-behner-stiefel-center-at-sdsu\" target=\"_blank\" rel=\"noopener\">series<\/a>\u00a0created in partnership with the\u00a0<a href=\"https:\/\/brazil.sdsu.edu\/\" target=\"_blank\" rel=\"noopener\">Behner Stiefel Center for Brazilian Studies<\/a>\u00a0at San Diego State University, to produce articles for the\u00a0<a href=\"https:\/\/www.digitalbrazilproject.com\/community-reporting\" target=\"_blank\" rel=\"noopener\">Digital Brazil Project<\/a>\u00a0on environmental justice in the favelas for\u00a0RioOnWatch.\u00a0<\/em><\/p>\n<blockquote><p>\u201cOur biggest challenges, beyond lack of resources and official recognition by the State, are the frequent attacks from that very State, alongside developers, who insist on expelling us from our ancestral territory to carry out their projects. We recently received an eviction order, but we mobilized important political forces nationally and internationally for the demarcation of our lands, the official recognition of our Maracan\u00e3 Village Multiethnic Indigenous University \u00a0[UIPAM], and the restoration of the building that once housed the <a href=\"http:\/\/bit.ly\/2aQ8g2Y\">Indigenous Museum<\/a> to honor its history in support of the struggles of indigenous peoples. In addition to honoring the memory of indigenous peoples, [UIPAM] also serves as a safe space, since we are already a living museum. Its preservation should be treated as urgent by a city that invaded the forest!\u201d \u2014 M\u00f4nica Lima Mura Mana\u00fa Arawak<\/p><\/blockquote>\n<h3>The Only Mura University Professor Reflects on the Importance of UIPAM<\/h3>\n<p>Raised in the city of Rio de Janeiro, M\u00f4nica Lima Mura Mana\u00fa Arawak, PhD, a professor at the Maracan\u00e3 Village Multiethnic Indigenous University (<a href=\"https:\/\/bit.ly\/3QhJwCU\">UIPAM<\/a>), belongs to the <a href=\"https:\/\/bit.ly\/4364gFx\">Mura people<\/a> and speaks <a href=\"https:\/\/bit.ly\/4gRhxVu\">Arawak<\/a> as her first language. Founder of the <a href=\"https:\/\/bit.ly\/3Qguyxd\">Ancestral Matriarchal Collective<\/a>, she states that forest education can be the solution to the problems generated by <a href=\"https:\/\/bit.ly\/4bdCdFT\">coloniality<\/a> and modernity. She describes the importance of the Maracan\u00e3 Village Multiethnic Indigenous University for the city, but above all for those who live and resist in <a href=\"https:\/\/bit.ly\/39s1xH1\">Aldeia Maracan\u00e3<\/a> (Maracan\u00e3 Village), an indigenous village in the heart of Rio de Janeiro, which has been <a href=\"http:\/\/bit.ly\/2HaibC9\">rebuilding<\/a> and <a href=\"https:\/\/rioonwatch.org\/?p=50361\">growing since<\/a> pre-2016 Olympic <a href=\"http:\/\/bit.ly\/2aNFNeX\">forced evictions<\/a>.<\/p>\n<blockquote><p>\u201cWe continue to resist and defend our <a href=\"https:\/\/bit.ly\/4hD5yMB\">body-territory<\/a>. In Maracan\u00e3 Village, life, autonomy, self-management, and forest education are part of the daily routine, and everything is being shared at the Maracan\u00e3 Village Multiethnic Indigenous University (UIPAM). Every day, we welcome students and teachers from state, municipal, and federal schools and universities. Life unfolds at the Multiethnic University, as we are a multiethnic village, and each ethnic group is a university: a territory that generates <a href=\"https:\/\/bit.ly\/4i2fUFH\">ethnoknowledge<\/a> [knowledge systems of traditional peoples, deeply rooted in their cosmologies, ways of life, and resistance to colonial structures]. We created the Maracan\u00e3 Village Multiethnic Indigenous University without important resources and structure; the autonomy of our university was built by indigenous people themselves. We face daily challenges, yet we generate our own knowledge through practice and manage our own territory. UIPAM has influenced and redefined the perception of indigenous cultures in the urban landscape of Rio de Janeiro. Every day, it welcomes universities, schools, and other national and international institutions for debates, collective action, classes, workshops, and immersive experiences, promoting critical intercultural education. Many of our professors teach at other universities and schools, spreading knowledge and challenging dominant narratives.\u201d \u2014 M\u00f4nica Lima Mura Mana\u00fa Arawak<\/p><\/blockquote>\n<p><iframe src=\"https:\/\/drive.google.com\/file\/d\/1XiLSAahsZh7XdZWQf81GoA42fZT9tqpX\/preview\" width=\"1030\" height=\"563\"><\/iframe><\/p>\n<p>According to Professor Arawak, the solution to the environmental and climate crisis is ancestral. The only path to the future is to move beyond the supposed &#8220;discovery of America.&#8221; It is by overcoming European coloniality worldwide and laying new foundations rooted in respect for the body-territory that humanity can survive itself. Indigenous, original, and ancestral technologies are required to save the world from the legacy of destruction left by white-European technologies.<\/p>\n<blockquote><p>\u201c(Our) cultural and political resistance\u2026 includes transitioning beyond the ecological emergency and environmental crisis, through indigenous practices as technological alternatives that tackle environmental challenges and counter commercial development that destroys life and nature, generating scarcity and violence. The UIPAM project lays out the foundations and principles of indigenous land stewardship to be recognized by and partner with educational and public institutions. The Maracan\u00e3 Village Multiethnic Indigenous University is a space for gathering, knowledge-sharing, coordinating actions, (re)producing collective knowledge, communication, social struggle, (re)defining strategies, joint action, and strengthening the resistance of indigenous peoples and traditional communities\u2014including quilombola, Afro-descendant, fishing, artisanal, rural and favela communities\u2014resistance groups from communities impacted by capitalist mega-projects and mega-events, people living in urban peripheries, as well as students and researchers who are engaged and recognized for their commitment to resistance movements and insurgencies.\u201d \u2014 M\u00f4nica Lima Mura Mana\u00fa Arawak<\/p><\/blockquote>\n<figure id=\"attachment_80497\" aria-describedby=\"caption-attachment-80497\" style=\"width: 500px\" class=\"wp-caption alignright\"><a href=\"https:\/\/rioonwatch.org\/wp-content\/uploads\/2025\/02\/Maracana-Village-Multiethnic-Indigenous-University-UIPAM.png\"><img loading=\"lazy\" decoding=\"async\" class=\"wp-image-80497\" title=\"Maracan\u00e3 Village Multiethnic Indigenous University (UIPAM). Photo: Social Media\" src=\"https:\/\/rioonwatch.org\/wp-content\/uploads\/2025\/02\/Maracana-Village-Multiethnic-Indigenous-University-UIPAM-496x620.png\" alt=\"Maracan\u00e3 Village Multiethnic Indigenous University (UIPAM). Photo: Social Media\" width=\"500\" height=\"625\" srcset=\"https:\/\/rioonwatch.org\/wp-content\/uploads\/2025\/02\/Maracana-Village-Multiethnic-Indigenous-University-UIPAM-496x620.png 496w, https:\/\/rioonwatch.org\/wp-content\/uploads\/2025\/02\/Maracana-Village-Multiethnic-Indigenous-University-UIPAM-504x629.png 504w, https:\/\/rioonwatch.org\/wp-content\/uploads\/2025\/02\/Maracana-Village-Multiethnic-Indigenous-University-UIPAM.png 614w\" sizes=\"(max-width: 500px) 100vw, 500px\" \/><\/a><figcaption id=\"caption-attachment-80497\" class=\"wp-caption-text\">Maracan\u00e3 Village Multiethnic Indigenous University (UIPAM). Photo: Social Media<\/figcaption><\/figure>\n<p>In addition to its technological contribution to society, the indigenous university also acts as a center for training and political advocacy. Especially in a period of <a href=\"https:\/\/bit.ly\/3iHbomI\">democratic fragility<\/a>, UIPAM plays a key role in strengthening Brazilian democracy.<\/p>\n<blockquote><p>\u201cThe university also serves as a space for critical political education on the dominant socioeconomic and cultural development model, proposing perspectives and strategies to overcome it within the geopolitical context of the globalized capitalist model city [host of the 2014 World Cup, the 2016 Olympics, and the 2024 G20]\u2026 This space also works to reclaim perspectives of action, the political-pedagogical project, and the principles of community governance within the resistance movements and the university-village of the Maracan\u00e3 peoples, promoting research, education, and the recognition of the wisdom and science of traditional peoples, in addition to higher education. UIPAM&#8217;s objective is to amplify and strengthen indigenous struggles, both for those in villages and in urban areas. It engages in national and international debates on public policies for indigenous peoples, including official conferences. It is a pioneer in discussions on the erasure of indigenous peoples in the city, having debated for over two decades the presence of indigenous people in urban contexts and the recovery of those who have lost awareness of their indigenous identity. UIPAM is a laboratory for political mobilization and education through the lens of indigenous culture, presenting alternative worldviews\u2026, while also functioning as a refuge for both national and international indigenous peoples. With Rio de Janeiro having the largest proportion of non-village-residing indigenous people [in Brazil], UIPAM has been essential for the recognition and strengthening of indigenous identity.\u201d \u2014 M\u00f4nica Lima Mura Mana\u00fa Arawak<\/p><\/blockquote>\n<h3>A University That Teaches How to Overcome Today\u2019s Challenges Through Ancestral Knowledge<\/h3>\n<p>Since 2006, UIPAM has addressed the challenges and aspirations of urban indigenous communities in Brazil by providing a space for gathering, knowledge-sharing, collective organization, collective knowledge production, communication, social struggle, and strengthening the resistance of indigenous peoples and traditional communities. This space fosters critical political education on the dominant socio-political and economic development model and proposes perspectives and strategies to overcome it, particularly in the urban context of Rio de Janeiro.<\/p>\n<p>Professor Lima believes that the restoration of the old Indigenous Museum building should be urgently carried out by the State, as a safe space that welcomes indigenous people as they travel outside villages to Rio de Janeiro, allowing them to be themselves in the heart of the city.<\/p>\n<blockquote><p>\u201cWe are already an \u2018Indigenous Reference and Welcome Center,\u2019 as indigenous people from Brazil and around the world find refuge at Maracan\u00e3 Village. When indigenous people arrive in Rio de Janeiro, they seek out Maracan\u00e3 Village. The Indigenous Museum building should be designated a material heritage site and landmark of collective memory, and we, the indigenous people who are part of the movement and the indigenous university, should be recognized as living and intangible heritage.\u201d \u2014 M\u00f4nica Lima Mura Mana\u00fa Arawak<\/p><\/blockquote>\n<p>Once renovated, the building that once housed the Indigenous Museum should become headquarters to the Maracan\u00e3 Village Multiethnic Indigenous University. This living museum would establish partnerships, agreements, and exchanges with the <a href=\"https:\/\/bit.ly\/3QoTqTa\">Federal Intercultural Indigenous University<\/a>, which Brazil&#8217;s Ministry of Education (<a href=\"https:\/\/bit.ly\/3l8ua3t\">MEC<\/a>) and Ministry of Indigenous Peoples (<a href=\"https:\/\/bit.ly\/4b3BebB\">MPI<\/a>) are in the process of creating.<\/p>\n<figure id=\"attachment_80498\" aria-describedby=\"caption-attachment-80498\" style=\"width: 2560px\" class=\"wp-caption aligncenter\"><a href=\"https:\/\/rioonwatch.org\/wp-content\/uploads\/2025\/02\/Former-Museu-do-Indio-building.-Photo-Tania-Rego-Agencia-Brasil-scaled-1.jpg\"><img loading=\"lazy\" decoding=\"async\" class=\"wp-image-80498 size-full\" title=\"The building that once housed the Museu do \u00cdndio needs renovations and, according to the indigenous people of Maracan\u00e3 Village, it should become a multiethnic center to welcome indigenous peoples. Photo: T\u00e2nia R\u00eago\/Ag\u00eancia Brasil\" src=\"https:\/\/rioonwatch.org\/wp-content\/uploads\/2025\/02\/Former-Museu-do-Indio-building.-Photo-Tania-Rego-Agencia-Brasil-scaled-1.jpg\" alt=\"The building that once housed the Museu do \u00cdndio needs renovations and, according to the indigenous people of Maracan\u00e3 Village, it should become a multiethnic center to welcome indigenous peoples. Photo: T\u00e2nia R\u00eago\/Ag\u00eancia Brasil\" width=\"2560\" height=\"1704\" srcset=\"https:\/\/rioonwatch.org\/wp-content\/uploads\/2025\/02\/Former-Museu-do-Indio-building.-Photo-Tania-Rego-Agencia-Brasil-scaled-1.jpg 2560w, https:\/\/rioonwatch.org\/wp-content\/uploads\/2025\/02\/Former-Museu-do-Indio-building.-Photo-Tania-Rego-Agencia-Brasil-scaled-1-620x413.jpg 620w, https:\/\/rioonwatch.org\/wp-content\/uploads\/2025\/02\/Former-Museu-do-Indio-building.-Photo-Tania-Rego-Agencia-Brasil-scaled-1-945x629.jpg 945w, https:\/\/rioonwatch.org\/wp-content\/uploads\/2025\/02\/Former-Museu-do-Indio-building.-Photo-Tania-Rego-Agencia-Brasil-scaled-1-768x511.jpg 768w, https:\/\/rioonwatch.org\/wp-content\/uploads\/2025\/02\/Former-Museu-do-Indio-building.-Photo-Tania-Rego-Agencia-Brasil-scaled-1-1536x1022.jpg 1536w, https:\/\/rioonwatch.org\/wp-content\/uploads\/2025\/02\/Former-Museu-do-Indio-building.-Photo-Tania-Rego-Agencia-Brasil-scaled-1-2048x1363.jpg 2048w\" sizes=\"(max-width: 2560px) 100vw, 2560px\" \/><\/a><figcaption id=\"caption-attachment-80498\" class=\"wp-caption-text\">The building that once housed the Indigenous Museum needs renovations and, according to the indigenous people of Maracan\u00e3 Village, should become a multiethnic center to welcome indigenous peoples. Photo: T\u00e2nia R\u00eago\/Ag\u00eancia Brasil<\/figcaption><\/figure>\n<p>UIPAM has been training teachers and students daily through free-thinking, decolonial political education. Due to its unique nature, many national and international partnerships and exchanges have emerged, growing networks and strengthening Maracan\u00e3 Village as a whole.<\/p>\n<p>In 2024, the Ancestral Matriarchal Collective, active in the resistance and development of UIPAM, was awarded a grant from Brazil&#8217;s National Arts Foundation (FUNARTE) and is building more shelter spaces and improving the village&#8217;s infrastructure, including its kitchen.<\/p>\n<p>When asked what message she would leave for those who are still unfamiliar with what is happening in Maracan\u00e3 Village and with the knowledge produced by the Maracan\u00e3 Village Multiethnic Indigenous University, the professor extends an invitation to the public to visit the university and take part in building alternatives to the climate and environmental crisis. The knowledge that will save the world is ancestral: everyone must put it into practice to reverse the damage caused by modernity.<\/p>\n<blockquote><p>\u201cCome meet us, get to know our projects and actions so that you can feel the pulse of ancestral memory and experience our practices. I would also like to say that everyone in Brazil has an Indigenous or Black ancestor in their family tree, so they should not deny this legacy, which holds the knowledge and technology capable of solving the climate crisis.\u201d \u2014 M\u00f4nica Lima Mura Mana\u00fa Arawak<\/p><\/blockquote>\n<p>Tekohaw Marak\u00e0\u2019n\u00e3, the Maracan\u00e3 Multiethnic Village, located on what had been a parking lot next to Maracan\u00e3 stadium in the heart of Rio de Janeiro, represents the resistance of indigenous ancestry\u2014even beneath the asphalt brought by colonization, which it has been literally breaking up through agroecological actions. A Latin American epicenter for the reclaiming of territories by indigenous people in an urban context, Tekohaw Marak\u00e0\u2019n\u00e3 is also a gateway to the forest in the middle of the city. UIPAM is the result of generations of indigenous resistance, of those who fight for their epistemologies to underpin teaching, research, and outreach, to receive investment, and to become public and educational policies.<\/p>\n<p><em>About the Author: <a href=\"https:\/\/bit.ly\/3WIhnYG\">Dayse Alves<\/a> is a teacher and a grassroots communicator trained by the N\u00facleo Piratininga de Comunica\u00e7\u00e3o (NPC), born and raised in Duque de Caxias.<\/em><\/p>\n<hr \/>\n<h4><b data-stringify-type=\"bold\">Support\u00a0<\/b><b data-stringify-type=\"bold\"><i data-stringify-type=\"italic\">RioOnWatch<\/i><\/b><b data-stringify-type=\"bold\">\u2019s tireless, critical and cutting-edge hyperlocal journalism, online community organizing meetings, and direct support to favelas\u00a0<\/b><b data-stringify-type=\"bold\"><a class=\"c-link\" href=\"http:\/\/bit.ly\/DonateToRioOnWatch\" target=\"_blank\" rel=\"noopener noreferrer\" data-stringify-link=\"http:\/\/bit.ly\/DonateToRioOnWatch\" data-sk=\"tooltip_parent\">by clicking here.<\/a><\/b><\/h4>\n","protected":false},"excerpt":{"rendered":"<div class=\"mh-excerpt\"><p>Clique aqui para Portugu\u00eas This article, the result of an interview with M\u00f4nica Lima Mura Mana\u00fa Arawak, Brazil&#8217;s only university professor of its Mura indigenous people, is part of a series\u00a0created in partnership with the\u00a0Behner <a class=\"mh-excerpt-more\" href=\"https:\/\/rioonwatch.org\/?p=80489\" title=\"The Multiethnic Indigenous University of Aldeia Maracan\u00e3: Indigenous Knowledge and Forest Education in the Heart of Rio de Janeiro\">[&#8230;]<\/a><\/p>\n<\/div>","protected":false},"author":245,"featured_media":80492,"comment_status":"closed","ping_status":"closed","sticky":false,"template":"template-full.php","format":"standard","meta":{"_monsterinsights_skip_tracking":false,"_monsterinsights_sitenote_active":false,"_monsterinsights_sitenote_note":"","_monsterinsights_sitenote_category":0,"footnotes":""},"categories":[1288,1328,3477,1284,329,452],"tags":[244,646,2362,910,715,1033,165,37,1402,3011,1350,398],"writer":[3770],"translator":[3658],"illustrator":[],"photographer":[],"class_list":{"0":"post-80489","1":"post","2":"type-post","3":"status-publish","4":"format-standard","5":"has-post-thumbnail","7":"category-highlight","8":"category-by-community-contributors","9":"category-climate-justice","10":"category-interviews-profiles","11":"category-solutions","12":"category-rio20","13":"tag-agroecology","14":"tag-aldeia-maracana","15":"tag-asphalt-obsession","16":"tag-creative-organizing","17":"tag-indigenous","18":"tag-land-rights","19":"tag-maracana","20":"tag-north-zone","21":"tag-legacy","22":"tag-series-human-rights-with-support-from-the-behner-stiefel-center-at-sdsu","23":"tag-tijuca","24":"tag-university","25":"writer-dayse-alves","26":"translator-hannah-mckenzie"},"_links":{"self":[{"href":"https:\/\/rioonwatch.org\/index.php?rest_route=\/wp\/v2\/posts\/80489","targetHints":{"allow":["GET"]}}],"collection":[{"href":"https:\/\/rioonwatch.org\/index.php?rest_route=\/wp\/v2\/posts"}],"about":[{"href":"https:\/\/rioonwatch.org\/index.php?rest_route=\/wp\/v2\/types\/post"}],"author":[{"embeddable":true,"href":"https:\/\/rioonwatch.org\/index.php?rest_route=\/wp\/v2\/users\/245"}],"replies":[{"embeddable":true,"href":"https:\/\/rioonwatch.org\/index.php?rest_route=%2Fwp%2Fv2%2Fcomments&post=80489"}],"version-history":[{"count":4,"href":"https:\/\/rioonwatch.org\/index.php?rest_route=\/wp\/v2\/posts\/80489\/revisions"}],"predecessor-version":[{"id":80508,"href":"https:\/\/rioonwatch.org\/index.php?rest_route=\/wp\/v2\/posts\/80489\/revisions\/80508"}],"wp:featuredmedia":[{"embeddable":true,"href":"https:\/\/rioonwatch.org\/index.php?rest_route=\/wp\/v2\/media\/80492"}],"wp:attachment":[{"href":"https:\/\/rioonwatch.org\/index.php?rest_route=%2Fwp%2Fv2%2Fmedia&parent=80489"}],"wp:term":[{"taxonomy":"category","embeddable":true,"href":"https:\/\/rioonwatch.org\/index.php?rest_route=%2Fwp%2Fv2%2Fcategories&post=80489"},{"taxonomy":"post_tag","embeddable":true,"href":"https:\/\/rioonwatch.org\/index.php?rest_route=%2Fwp%2Fv2%2Ftags&post=80489"},{"taxonomy":"writer","embeddable":true,"href":"https:\/\/rioonwatch.org\/index.php?rest_route=%2Fwp%2Fv2%2Fwriter&post=80489"},{"taxonomy":"translator","embeddable":true,"href":"https:\/\/rioonwatch.org\/index.php?rest_route=%2Fwp%2Fv2%2Ftranslator&post=80489"},{"taxonomy":"illustrator","embeddable":true,"href":"https:\/\/rioonwatch.org\/index.php?rest_route=%2Fwp%2Fv2%2Fillustrator&post=80489"},{"taxonomy":"photographer","embeddable":true,"href":"https:\/\/rioonwatch.org\/index.php?rest_route=%2Fwp%2Fv2%2Fphotographer&post=80489"}],"curies":[{"name":"wp","href":"https:\/\/api.w.org\/{rel}","templated":true}]}}