{"id":80609,"date":"2025-03-18T16:42:11","date_gmt":"2025-03-18T19:42:11","guid":{"rendered":"https:\/\/rioonwatch.org\/?p=80609"},"modified":"2025-03-22T14:21:51","modified_gmt":"2025-03-22T17:21:51","slug":"in-greater-rio-de-janeiro-divas-group-honors-marielle-francos-legacy-by-empowering-women-in-public-housing","status":"publish","type":"post","link":"https:\/\/rioonwatch.org\/?p=80609","title":{"rendered":"In Greater Rio de Janeiro, &#8216;Divas Group&#8217; Honors Marielle Franco\u2019s Legacy by Empowering Women in Public Housing"},"content":{"rendered":"<figure id=\"attachment_80612\" aria-describedby=\"caption-attachment-80612\" style=\"width: 1197px\" class=\"wp-caption aligncenter\"><a href=\"https:\/\/rioonwatch.org\/wp-content\/uploads\/2025\/03\/Divas-unite-and-join-forces-Andreia-Araujo-Nizia-Felix-Vanessa-Malaquias-Ana-Claudia-Francisco-Aline-Leite-Valentim-Claudinha-Moreira-and-Neide-Felix-Photo-Personal-Archive.png\"><img fetchpriority=\"high\" decoding=\"async\" class=\"wp-image-80612 size-full\" title=\"Divas unite and join forces. Andreia Araujo, N\u00edzia Felix de Souza, Vanessa Malaquias, Ana Claudia Francisco Moreira, Aline Leite Valentim, Claudinha Moreira, and Neide Felix da Silva. Photo: Personal Archive\" src=\"https:\/\/rioonwatch.org\/wp-content\/uploads\/2025\/03\/Divas-unite-and-join-forces-Andreia-Araujo-Nizia-Felix-Vanessa-Malaquias-Ana-Claudia-Francisco-Aline-Leite-Valentim-Claudinha-Moreira-and-Neide-Felix-Photo-Personal-Archive.png\" alt=\"Divas unite and join forces. Andreia Araujo, N\u00edzia Felix de Souza, Vanessa Malaquias, Ana Claudia Francisco Moreira, Aline Leite Valentim, Claudinha Moreira, and Neide Felix da Silva. Photo: Personal Archive\" width=\"1197\" height=\"764\" srcset=\"https:\/\/rioonwatch.org\/wp-content\/uploads\/2025\/03\/Divas-unite-and-join-forces-Andreia-Araujo-Nizia-Felix-Vanessa-Malaquias-Ana-Claudia-Francisco-Aline-Leite-Valentim-Claudinha-Moreira-and-Neide-Felix-Photo-Personal-Archive.png 1197w, https:\/\/rioonwatch.org\/wp-content\/uploads\/2025\/03\/Divas-unite-and-join-forces-Andreia-Araujo-Nizia-Felix-Vanessa-Malaquias-Ana-Claudia-Francisco-Aline-Leite-Valentim-Claudinha-Moreira-and-Neide-Felix-Photo-Personal-Archive-620x396.png 620w, https:\/\/rioonwatch.org\/wp-content\/uploads\/2025\/03\/Divas-unite-and-join-forces-Andreia-Araujo-Nizia-Felix-Vanessa-Malaquias-Ana-Claudia-Francisco-Aline-Leite-Valentim-Claudinha-Moreira-and-Neide-Felix-Photo-Personal-Archive-985x629.png 985w, https:\/\/rioonwatch.org\/wp-content\/uploads\/2025\/03\/Divas-unite-and-join-forces-Andreia-Araujo-Nizia-Felix-Vanessa-Malaquias-Ana-Claudia-Francisco-Aline-Leite-Valentim-Claudinha-Moreira-and-Neide-Felix-Photo-Personal-Archive-768x490.png 768w\" sizes=\"(max-width: 1197px) 100vw, 1197px\" \/><\/a><figcaption id=\"caption-attachment-80612\" class=\"wp-caption-text\">Divas unite and join forces. Andreia Araujo, N\u00edzia Felix de Souza, Vanessa Malaquias, Ana Claudia Francisco Moreira, Aline Leite Valentim, Claudinha Moreira, and Neide Felix da Silva. Photo: Personal Archive<\/figcaption><\/figure>\n<p style=\"text-align: right;\"><a href=\"https:\/\/bit.ly\/4bz8R5d\" target=\"_blank\" rel=\"noopener\"><strong><em>Clique aqui para Portugu\u00eas<\/em><\/strong><img decoding=\"async\" class=\"alignright wp-image-23766 size-full\" src=\"https:\/\/www.rioonwatch.org\/wp-content\/uploads\/2012\/08\/PT-e1439583827971.png\" width=\"20\" height=\"20\" \/><\/a><\/p>\n<blockquote><p>\u201cA mantra for our lives, in the midst of this crisis: may we live with respect for all\u2014each with her own body, each in her own way, each in her own form of daily resistance!\u2026 We must always ask ourselves: what does it mean to be a woman? What has each of us not done, or done with some level of difficulty, because we are identified with our gender, because we are women? The question is not rhetorical; it is concrete. It is meant to be reflected upon throughout our daily lives, with each step taken by all women, who make up the majority of the population and, unfortunately, remain underrepresented.\u201d \u2014 Marielle Franco<\/p><\/blockquote>\n<p>In her final speech at the Rio de Janeiro City Council on March 8, 2018, before her political assassination, City Councillor <a href=\"https:\/\/bit.ly\/2XZZwQE\">Marielle Franco<\/a> could never have imagined that her words would <a href=\"http:\/\/bit.ly\/2PYbBmR\">spark a revolution<\/a>\u2014above all, a women\u2019s revolution among Black women from favelas and peripheral areas. Alongside her speeches, the legacy of <a href=\"https:\/\/bit.ly\/4bTS6BH\">her political platform<\/a> continues to inspire women far beyond Rio. In the municipality of <a href=\"https:\/\/bit.ly\/36gSLei\">Maric\u00e1<\/a>, in Greater Rio\u2019s <a href=\"https:\/\/bit.ly\/3FEu2XC\">Leste Fluminense<\/a> Region, to the east of Guanabara Bay, <a href=\"https:\/\/bit.ly\/4a9ReHc\">yet another initiative<\/a> inspired by <a href=\"https:\/\/bit.ly\/2Epo0VC\">Marielle&#8217;s legacy<\/a> has been transforming lives: the Divas Group, which empowers women living in the federally-funded public housing complexes of the <a href=\"https:\/\/rioonwatch.org\/?p=14887\">My House, My Life<\/a>\u00a0(<a href=\"https:\/\/bit.ly\/1lTMw0y\">MCMV<\/a> by its Portuguese acronym) program, and in the neighborhoods of Ino\u00e3 and Itaipua\u00e7u.<\/p>\n<blockquote><p>\u201cMarielle\u2019s death brought on a boom. It was only after she was killed that we started seeing female deputies, city councilors, and <a href=\"https:\/\/bit.ly\/3qxYAzU\">women from favelas in the City Council<\/a>. As a Black woman from the favela, <a href=\"https:\/\/bit.ly\/3Yc6Pmq\">I hadn\u2019t seen this before\u2014us being able to enter certain spaces<\/a>. And it was only after Marielle\u2019s death that we started seeing this happen. For me, this was one of the greatest legacies she left behind: us being able to be in certain spaces.\u201d \u2014 Vanessa Malaquias, founder of the Divas Group<\/p><\/blockquote>\n<p>Created on May 14, 2023, the <a href=\"https:\/\/bit.ly\/3FvknTe\">Divas Group<\/a> celebrated its founding on Mother&#8217;s Day, serving <em>mocot\u00f3<\/em>, a Brazilian stew made from cow\u2019s feet, to the communities of the Ino\u00e3 and Itaipua\u00e7u housing complexes. To learn more about the project, <em>RioOnWatch<\/em> spoke with the founders and members about their life stories, perspectives, dreams and what it is and what it means to be a \u201cDiva.\u201d<\/p>\n<figure id=\"attachment_80611\" aria-describedby=\"caption-attachment-80611\" style=\"width: 1419px\" class=\"wp-caption aligncenter\"><a href=\"https:\/\/rioonwatch.org\/wp-content\/uploads\/2025\/03\/Marica-Divas-get-together-for-Mothers-Day.png\"><img decoding=\"async\" class=\"wp-image-80611 size-full\" title=\"Maric\u00e1 Divas gathered for Mother\u2019s Day. Photo: Personal Archive\" src=\"https:\/\/rioonwatch.org\/wp-content\/uploads\/2025\/03\/Marica-Divas-get-together-for-Mothers-Day.png\" alt=\"Maric\u00e1 Divas gathered for Mother\u2019s Day. Photo: Personal Archive\" width=\"1419\" height=\"543\" srcset=\"https:\/\/rioonwatch.org\/wp-content\/uploads\/2025\/03\/Marica-Divas-get-together-for-Mothers-Day.png 1419w, https:\/\/rioonwatch.org\/wp-content\/uploads\/2025\/03\/Marica-Divas-get-together-for-Mothers-Day-620x237.png 620w, https:\/\/rioonwatch.org\/wp-content\/uploads\/2025\/03\/Marica-Divas-get-together-for-Mothers-Day-768x294.png 768w\" sizes=\"(max-width: 1419px) 100vw, 1419px\" \/><\/a><figcaption id=\"caption-attachment-80611\" class=\"wp-caption-text\">Maric\u00e1 Divas gathered for Mother\u2019s Day. Photo: Personal Archive<\/figcaption><\/figure>\n<p>Vanessa Malaquias shares that her struggle began in 2017, when a flood hit the Itaipua\u00e7u public housing complex where she lived at the time. In a desperate rush, she left her home to help her most vulnerable neighbors. Among those she assisted were many mothers carrying babies\u2014some with disabilities and atypical features\u2014as well as elderly residents. For Malaquias, the project\u2019s founder, that moment awakened in her the need to take action and create something that would positively impact the community.<\/p>\n<figure id=\"attachment_80613\" aria-describedby=\"caption-attachment-80613\" style=\"width: 500px\" class=\"wp-caption alignright\"><a href=\"https:\/\/rioonwatch.org\/wp-content\/uploads\/2025\/03\/Vanessa-Malaquias-during-the-Pink-October-event-Photo-Personal-Archive.jpeg\"><img loading=\"lazy\" decoding=\"async\" class=\"wp-image-80613\" title=\"Vanessa Malaquias during the Pink October event. Photo: Personal Archive\" src=\"https:\/\/rioonwatch.org\/wp-content\/uploads\/2025\/03\/Vanessa-Malaquias-during-the-Pink-October-event-Photo-Personal-Archive-620x349.jpeg\" alt=\"Vanessa Malaquias during the Pink October event. Photo: Personal Archive\" width=\"500\" height=\"281\" srcset=\"https:\/\/rioonwatch.org\/wp-content\/uploads\/2025\/03\/Vanessa-Malaquias-during-the-Pink-October-event-Photo-Personal-Archive-620x349.jpeg 620w, https:\/\/rioonwatch.org\/wp-content\/uploads\/2025\/03\/Vanessa-Malaquias-during-the-Pink-October-event-Photo-Personal-Archive-1118x629.jpeg 1118w, https:\/\/rioonwatch.org\/wp-content\/uploads\/2025\/03\/Vanessa-Malaquias-during-the-Pink-October-event-Photo-Personal-Archive-768x432.jpeg 768w, https:\/\/rioonwatch.org\/wp-content\/uploads\/2025\/03\/Vanessa-Malaquias-during-the-Pink-October-event-Photo-Personal-Archive-1536x864.jpeg 1536w, https:\/\/rioonwatch.org\/wp-content\/uploads\/2025\/03\/Vanessa-Malaquias-during-the-Pink-October-event-Photo-Personal-Archive-678x381.jpeg 678w, https:\/\/rioonwatch.org\/wp-content\/uploads\/2025\/03\/Vanessa-Malaquias-during-the-Pink-October-event-Photo-Personal-Archive.jpeg 1600w\" sizes=\"(max-width: 500px) 100vw, 500px\" \/><\/a><figcaption id=\"caption-attachment-80613\" class=\"wp-caption-text\">Vanessa Malaquias during the Pink October event. Photo: Personal Archive<\/figcaption><\/figure>\n<blockquote><p>\u201cThe creation of the Divas Group came about when we needed to help each other because of a flood. There was a flood here at the public housing complex and after that, we women realized that we needed to support one another. I started cooking food at home to distribute. Food came from the church, from City Hall, from people who donated out of solidarity, from various institutions. Then, I started bringing together a group of women. Without having to ask for anything, one woman would show up with a container of food, another would tell me about someone in need. I&#8217;ve always wanted to take social action, to work with this kind of thing, and we were doing it without realizing, because of the flood. Then, I was able to expand our activities due to demand. People would come up to me asking who we were doing it for, which councilman was behind it. And it wasn\u2019t [for any politician]. It was a group of women who wanted to take action, independent of City Hall, independent of any other institution.\u201d \u2014 Vanessa Malaquias<\/p><\/blockquote>\n<p>Until it became official in May 2023, the group had already been actively working at the MCMV public housing complex in Itaipua\u00e7u. According to Andreia Araujo, entrepreneur and vice-president of the Divas Group, to meet the great demand of the community until May 2023, they shared and bartered food, a practice typical of the <a href=\"https:\/\/bit.ly\/2ry5BoR\">solidarity economy<\/a>.<\/p>\n<blockquote><p>\u201cAt that time, she (Vanessa) gave me the idea: \u2018Andreia, what are you doing with the donations?\u2019 And we took the idea and started trading [goods] in Maric\u00e1 and Itaipua\u00e7u, a general exchange. Here, in Itabora\u00ed, Maric\u00e1, and Itaipua\u00e7u, we would trade with businesses and schools. We\u2019d find out where donations were happening, and we\u2019d take the opportunity to share and trade food. We\u2019d trade sugar for flour\u2014\u2018Oh, there\u2019s a flour donation over here!\u2019 If we had a lot of sugar, we\u2019d go there and swap it [for something else]\u2026 It was really great. And that\u2019s how we\u2019ve been doing things ever since.\u201d \u2014 Andreia Araujo<\/p><\/blockquote>\n<p>Malaquias and the group continued their activities with the intention of expanding to another public housing complex, MCMV Ino\u00e3. In 2023, the group grew, as did demand, as more and more women joined the project. Today, the Maric\u00e1 Divas have over 100 participants and collaborators. The group\u2019s expansion has prompted reflection within the movement\u2014members realized that the project should go beyond food distribution.<\/p>\n<p>From then onwards, the goal was to transform perceptions of the housing complexes\u2014to change how people from outside see them and, above all, how residents view their own community. To show one another that living with dignity is possible, regardless of where one lives. Additionally, to demonstrate that they can occupy spaces they once thought were out of reach, and to highlight the achievements and victories they can attain by gaining knowledge through courses, lectures, discussion circles, cultural events, and more. Finally, to empower the women in the community, helping them recognize their potential to become entrepreneurs and achieve financial autonomy.<\/p>\n<p>Malaquias says she cannot remain indifferent to people in need. She spoke of her sorrow upon witnessing a young Black man die inside the housing complex. Seeing his mother in tears and a pastor praying next to his body, Malaquias says she was overcome with despair but did what she could to help. She was deeply saddened to see that no one spoke up or took action, as if the event were something ordinary.<\/p>\n<blockquote><p>\u201cI didn\u2019t feel removed from that reality, from that family. It wasn\u2019t my son, but I was there in that moment, watching a young man lose his life. A young Black man. And no one said anything, no one was disturbed. There was only a pastor there, praying over his body, you know? These things weigh on me, especially when we talk about violence in the favela. Those of us who live in these communities have to make others understand what we are going through, what we are doing\u2026 If I resist, it\u2019s to make others understand that these women need to come together, that they need new ways to put food on the table, new ways to earn a living.\u201d \u2014 Vanessa Malaquias<\/p><\/blockquote>\n<p>Malaquias gets emotional when talking about the transformations in the lives of the women in the group. She highlights the importance of seeing them start their own businesses alongside other vendors and notes that they value and prioritize each other\u2019s work. This has created a network economy, where everyone prospers together.<\/p>\n<figure id=\"attachment_80614\" aria-describedby=\"caption-attachment-80614\" style=\"width: 987px\" class=\"wp-caption aligncenter\"><a href=\"https:\/\/rioonwatch.org\/wp-content\/uploads\/2025\/03\/Wrapping-up-the-chat-with-the-Divas-Photo-Personal-Archive.png\"><img loading=\"lazy\" decoding=\"async\" class=\"wp-image-80614 size-full\" title=\"Wrapping up the chat with the Divas. Photo: Personal Archive\" src=\"https:\/\/rioonwatch.org\/wp-content\/uploads\/2025\/03\/Wrapping-up-the-chat-with-the-Divas-Photo-Personal-Archive.png\" alt=\"Wrapping up the chat with the Divas. Photo: Personal Archive\" width=\"987\" height=\"452\" srcset=\"https:\/\/rioonwatch.org\/wp-content\/uploads\/2025\/03\/Wrapping-up-the-chat-with-the-Divas-Photo-Personal-Archive.png 987w, https:\/\/rioonwatch.org\/wp-content\/uploads\/2025\/03\/Wrapping-up-the-chat-with-the-Divas-Photo-Personal-Archive-620x284.png 620w, https:\/\/rioonwatch.org\/wp-content\/uploads\/2025\/03\/Wrapping-up-the-chat-with-the-Divas-Photo-Personal-Archive-768x352.png 768w\" sizes=\"(max-width: 987px) 100vw, 987px\" \/><\/a><figcaption id=\"caption-attachment-80614\" class=\"wp-caption-text\">Wrapping up the chat with the Divas. Photo: Personal Archive<\/figcaption><\/figure>\n<p>Aline Leite Valentim is one of the women impacted by the Divas Group. As the mother of an autistic child, she lived in Rio de Janeiro but moved to Maric\u00e1 to escape a cycle of domestic violence. She shares that she fled from her ex-husband with her baby son and secured a home in the MCMV housing complex in Itaipua\u00e7u. She faced many challenges before securing public benefits for her son. She took cooking, baking and confectionery classes, which have become one of her sources of income. After joining the Divas Group, she took on the role of coordinator for the group of mothers of children with disabilities. Beyond encouraging members to share their experiences, Valentim advises other mothers on the rights of children on the autism spectrum and, more broadly, the rights of people with disabilities.<\/p>\n<p>Valentim laments the prejudice faced by public housing residents when they seek employment or promote their businesses. She herself shares that she once lost a cake order after telling a customer where she lived.<\/p>\n<blockquote><p>\u201cI was finalizing the order, and everything was fine until the customer asked where I lived. As soon as I told her, she ended the conversation, saying, \u2018Oh, never mind, then.\u2019 I didn\u2019t understand and even tried to reason with her, saying I could deliver the order. But she hung up and didn\u2019t want to hear anything else, as if my work had no value whatsoever. Even getting a job is difficult. When you say where you\u2019re from, when you say you live here, they stop listening.\u201d \u2014 Aline Leite Valentim<\/p><\/blockquote>\n<figure id=\"attachment_80615\" aria-describedby=\"caption-attachment-80615\" style=\"width: 300px\" class=\"wp-caption alignright\"><a href=\"https:\/\/rioonwatch.org\/wp-content\/uploads\/2025\/03\/Ana-Claudia-Francisco-Moreira-Aline-Leite-Valentim-and-Claudinha-Moreira-Photo-Personal-Archive.png\"><img loading=\"lazy\" decoding=\"async\" class=\"wp-image-80615\" title=\"Ana Claudia Francisco Moreira, Aline Leite Valentim, and Claudinha Moreira. Photo: Personal Archive\" src=\"https:\/\/rioonwatch.org\/wp-content\/uploads\/2025\/03\/Ana-Claudia-Francisco-Moreira-Aline-Leite-Valentim-and-Claudinha-Moreira-Photo-Personal-Archive-620x447.png\" alt=\"Ana Claudia Francisco Moreira, Aline Leite Valentim, and Claudinha Moreira. Photo: Personal Archive\" width=\"300\" height=\"216\" srcset=\"https:\/\/rioonwatch.org\/wp-content\/uploads\/2025\/03\/Ana-Claudia-Francisco-Moreira-Aline-Leite-Valentim-and-Claudinha-Moreira-Photo-Personal-Archive-620x447.png 620w, https:\/\/rioonwatch.org\/wp-content\/uploads\/2025\/03\/Ana-Claudia-Francisco-Moreira-Aline-Leite-Valentim-and-Claudinha-Moreira-Photo-Personal-Archive-873x629.png 873w, https:\/\/rioonwatch.org\/wp-content\/uploads\/2025\/03\/Ana-Claudia-Francisco-Moreira-Aline-Leite-Valentim-and-Claudinha-Moreira-Photo-Personal-Archive-768x553.png 768w, https:\/\/rioonwatch.org\/wp-content\/uploads\/2025\/03\/Ana-Claudia-Francisco-Moreira-Aline-Leite-Valentim-and-Claudinha-Moreira-Photo-Personal-Archive.png 1192w\" sizes=\"(max-width: 300px) 100vw, 300px\" \/><\/a><figcaption id=\"caption-attachment-80615\" class=\"wp-caption-text\">Ana Claudia Francisco Moreira, Aline Leite Valentim, and Claudinha Moreira. Photo: Personal Archive<\/figcaption><\/figure>\n<p>Ana Claudia Francisco Moreira is another mother of a child with disabilities in the Divas Group. She is the mother of Claudia Moreira, affectionately known as Claudinha or little Claudia. Moreira moved from Teres\u00f3polis to Maric\u00e1 in search of a quieter life with her daughter. Having recently joined the group, she says that when she learned about the support network for children with disabilities, she began to connect with the Divas Group. She tells us that, as a single mother, she receives strong emotional support from the other Divas, which has been incredibly important to her. To supplement her income, Moreira shares that her daughter Claudinha makes bracelets and necklaces to sell within the housing complex, which helps cover expenses for her daughter or household essentials.<\/p>\n<blockquote><p>\u201cIt\u2019s just me and her. I don\u2019t earn much from my work, and I don\u2019t receive any benefits. She started making these bracelets just for fun, until we ran out of milk for her and couldn\u2019t afford more supplies for her bracelets. That\u2019s when I had the idea to buy more materials and make them to sell. What we managed to sell today was enough to buy milk and bread. It\u2019s not much, but it helps a lot.\u201d \u2014 Ana Claudia Francisco Moreira<\/p><\/blockquote>\n<p>Like Valentim, Moreira reflects on the external prejudice faced by residents of the MCMV housing complex in Itaipua\u00e7u, where she currently lives. She tells us that rideshare drivers refuse to enter the complex to pick up or drop off passengers, and that, at times, elderly residents and wheelchair users who live far from the entrance are forced to walk a considerable distance. Due to such incidents, Moreira highlights the lack of respect toward residents, especially those with disabilities.<\/p>\n<p>In the face of adversity, the women of the Divas Group resist. Beyond the support they offer one another, the group hosts courses for adults, such as entrepreneurship and handicrafts, and classes for children, including capoeira, martial arts, and academic tutoring. According to Millene Torres, director and coordinator of the Divas, the inclusion of children with disabilities and their mothers is a priority.<\/p>\n<blockquote><p>\u201cWe&#8217;ve already organized several events here in the complex. For example, we hosted a Pink October lecture, where we served a community lunch and talked about the importance of vaccinations and breast cancer prevention. We held a Children&#8217;s Day event with 100 children. We also held a Christmas celebration for children with disabilities, where we hosted 25 children and sponsored them. Additionally, we organized our Solidarity Christmas, serving lunch for nearly 200 people. We even had our very own Santa Claus.\u201d \u2014 Millene Torres<\/p><\/blockquote>\n<p>At the heart of the Divas Group are women supporting women and making a difference in the community where they live\u2014lifting each other up and leaving no one behind. To organize events or celebrations, each woman donates what she can, including her time. Janaina Torres, Millene&#8217;s mother, says she prefers working in the kitchen, where she feels most comfortable, preparing dishes for the events. There, she works alongside the mother-and-daughter duo, Dona Nizia F\u00e9lix de Souza and Neide F\u00e9lix da Silva. They all speak of the deep satisfaction of being able to do something for those in need.<\/p>\n<figure id=\"attachment_80616\" aria-describedby=\"caption-attachment-80616\" style=\"width: 1575px\" class=\"wp-caption aligncenter\"><a href=\"https:\/\/rioonwatch.org\/wp-content\/uploads\/2025\/03\/Divas-de-Marica-gathered-Photo-Personal-Archive.png\"><img loading=\"lazy\" decoding=\"async\" class=\"wp-image-80616 size-full\" title=\"Maric\u00e1 Divas gathered. Photo: Personal Archive\" src=\"https:\/\/rioonwatch.org\/wp-content\/uploads\/2025\/03\/Divas-de-Marica-gathered-Photo-Personal-Archive.png\" alt=\"Maric\u00e1 Divas gathered. Photo: Personal Archive\" width=\"1575\" height=\"717\" srcset=\"https:\/\/rioonwatch.org\/wp-content\/uploads\/2025\/03\/Divas-de-Marica-gathered-Photo-Personal-Archive.png 1575w, https:\/\/rioonwatch.org\/wp-content\/uploads\/2025\/03\/Divas-de-Marica-gathered-Photo-Personal-Archive-620x282.png 620w, https:\/\/rioonwatch.org\/wp-content\/uploads\/2025\/03\/Divas-de-Marica-gathered-Photo-Personal-Archive-1382x629.png 1382w, https:\/\/rioonwatch.org\/wp-content\/uploads\/2025\/03\/Divas-de-Marica-gathered-Photo-Personal-Archive-768x350.png 768w, https:\/\/rioonwatch.org\/wp-content\/uploads\/2025\/03\/Divas-de-Marica-gathered-Photo-Personal-Archive-1536x699.png 1536w\" sizes=\"(max-width: 1575px) 100vw, 1575px\" \/><\/a><figcaption id=\"caption-attachment-80616\" class=\"wp-caption-text\">Maric\u00e1 Divas gathered. Photo: Personal Archive<\/figcaption><\/figure>\n<p>Since its official launch in May 2023, the Divas Group has continued to expand. In addition to operating in the MCMV Itaipua\u00e7u and MCMV Ino\u00e3 housing complexes, the Divas have already reached other areas of Maric\u00e1, such as Retiro, Marine, and the Risca Faca Favela, where their activities take place inside evangelical churches.<\/p>\n<p>In her last speech, Councilwoman Marielle Franco asked, \u201cWhat does it mean to be a woman?\u201d To this question, the Divas Group responds with acts of civic engagement and solidarity within the communities and favelas of Maric\u00e1.<\/p>\n<p>Reflecting on the time she lived near the Rio de Janeiro City Council, Valentim, the Divas coordinator for the group of mothers of children with disabilities, says: \u201cWhat I witnessed in several of [Marielle Franco\u2019s conversation circles] with Black women from the favelas, I try to bring here, to the mothers of children with disabilities. Because this is where we open our hearts and share our experiences.\u201d<\/p>\n<p>For the Maric\u00e1 Divas, Marielle Franco\u2019s legacy encourages and motivates women not to be indifferent to the issues facing other women. It is a legacy of daily struggle for improvements within their communities.<\/p>\n<p><em>About the author:\u00a0<a href=\"https:\/\/bit.ly\/3AR0ce3\" target=\"_blank\" rel=\"noopener\">Carla Regina Aguiar dos Santos<\/a>\u00a0was born and raised in Morro do Turano. Her work as a community journalist has always prioritized the day-to-day happenings in the favelas. Reporting what goes on beyond the view of traditional media, she has contributed to the Favela News Agency (<a href=\"https:\/\/bit.ly\/2UEpzKH\" target=\"_blank\" rel=\"noopener\">ANF<\/a>),\u00a0<a href=\"https:\/\/bit.ly\/3Q1Za3G\" target=\"_blank\" rel=\"noopener\">A P\u00fablica<\/a>,\u00a0<a href=\"https:\/\/bit.ly\/3aHMa3N\" target=\"_blank\" rel=\"noopener\">Eu, Rio!<\/a>\u00a0and Terra. She received the ANF Award for journalism in the culture category and the Neuza Maria Award for Journalism.<\/em><\/p>\n<hr \/>\n<h4><b data-stringify-type=\"bold\">Support\u00a0<\/b><b data-stringify-type=\"bold\"><i data-stringify-type=\"italic\">RioOnWatch<\/i><\/b><b data-stringify-type=\"bold\">\u2019s tireless, critical and cutting-edge hyperlocal journalism, online community organizing meetings, and direct support to favelas\u00a0<\/b><b data-stringify-type=\"bold\"><a class=\"c-link\" href=\"http:\/\/bit.ly\/DonateToRioOnWatch\" target=\"_blank\" rel=\"noopener noreferrer\" data-stringify-link=\"http:\/\/bit.ly\/DonateToRioOnWatch\" data-sk=\"tooltip_parent\">by clicking here.<\/a><\/b><\/h4>\n","protected":false},"excerpt":{"rendered":"<div class=\"mh-excerpt\"><p>Clique aqui para Portugu\u00eas \u201cA mantra for our lives, in the midst of this crisis: may we live with respect for all\u2014each with her own body, each in her own way, each in her own <a class=\"mh-excerpt-more\" href=\"https:\/\/rioonwatch.org\/?p=80609\" title=\"In Greater Rio de Janeiro, &#8216;Divas Group&#8217; Honors Marielle Franco\u2019s Legacy by Empowering Women in Public Housing\">[&#8230;]<\/a><\/p>\n<\/div>","protected":false},"author":245,"featured_media":80612,"comment_status":"closed","ping_status":"closed","sticky":false,"template":"template-full.php","format":"standard","meta":{"_monsterinsights_skip_tracking":false,"_monsterinsights_sitenote_active":false,"_monsterinsights_sitenote_note":"","_monsterinsights_sitenote_category":0,"footnotes":""},"categories":[1288,1328,1290,1284,329],"tags":[1361,258,910,2205,427,812,445,436,1197,1963,3682,1703,2449,3318,157,2679,558,210,2248,2076],"writer":[3040],"translator":[3485],"illustrator":[],"photographer":[],"class_list":{"0":"post-80609","1":"post","2":"type-post","3":"status-publish","4":"format-standard","5":"has-post-thumbnail","7":"category-highlight","8":"category-by-community-contributors","9":"category-civilsociety","10":"category-interviews-profiles","11":"category-solutions","12":"tag-endfavelastigma","13":"tag-community-solution","14":"tag-creative-organizing","15":"tag-disability","16":"tag-economy","17":"tag-empowerment","18":"tag-entrepreneurship","19":"tag-gender","20":"tag-greater-rio","21":"tag-international-womens-day","22":"tag-leste-fluminense","23":"tag-marica","24":"tag-marielle-franco","25":"tag-marielle-legacy","26":"tag-minha-casa-minha-vida","27":"tag-narrative-shifting","28":"tag-prejudice","29":"tag-public-housing","30":"tag-solidarity-economy","31":"tag-violence-against-women","32":"writer-carla-regina","33":"translator-ujwala-murthy"},"_links":{"self":[{"href":"https:\/\/rioonwatch.org\/index.php?rest_route=\/wp\/v2\/posts\/80609","targetHints":{"allow":["GET"]}}],"collection":[{"href":"https:\/\/rioonwatch.org\/index.php?rest_route=\/wp\/v2\/posts"}],"about":[{"href":"https:\/\/rioonwatch.org\/index.php?rest_route=\/wp\/v2\/types\/post"}],"author":[{"embeddable":true,"href":"https:\/\/rioonwatch.org\/index.php?rest_route=\/wp\/v2\/users\/245"}],"replies":[{"embeddable":true,"href":"https:\/\/rioonwatch.org\/index.php?rest_route=%2Fwp%2Fv2%2Fcomments&post=80609"}],"version-history":[{"count":3,"href":"https:\/\/rioonwatch.org\/index.php?rest_route=\/wp\/v2\/posts\/80609\/revisions"}],"predecessor-version":[{"id":80637,"href":"https:\/\/rioonwatch.org\/index.php?rest_route=\/wp\/v2\/posts\/80609\/revisions\/80637"}],"wp:featuredmedia":[{"embeddable":true,"href":"https:\/\/rioonwatch.org\/index.php?rest_route=\/wp\/v2\/media\/80612"}],"wp:attachment":[{"href":"https:\/\/rioonwatch.org\/index.php?rest_route=%2Fwp%2Fv2%2Fmedia&parent=80609"}],"wp:term":[{"taxonomy":"category","embeddable":true,"href":"https:\/\/rioonwatch.org\/index.php?rest_route=%2Fwp%2Fv2%2Fcategories&post=80609"},{"taxonomy":"post_tag","embeddable":true,"href":"https:\/\/rioonwatch.org\/index.php?rest_route=%2Fwp%2Fv2%2Ftags&post=80609"},{"taxonomy":"writer","embeddable":true,"href":"https:\/\/rioonwatch.org\/index.php?rest_route=%2Fwp%2Fv2%2Fwriter&post=80609"},{"taxonomy":"translator","embeddable":true,"href":"https:\/\/rioonwatch.org\/index.php?rest_route=%2Fwp%2Fv2%2Ftranslator&post=80609"},{"taxonomy":"illustrator","embeddable":true,"href":"https:\/\/rioonwatch.org\/index.php?rest_route=%2Fwp%2Fv2%2Fillustrator&post=80609"},{"taxonomy":"photographer","embeddable":true,"href":"https:\/\/rioonwatch.org\/index.php?rest_route=%2Fwp%2Fv2%2Fphotographer&post=80609"}],"curies":[{"name":"wp","href":"https:\/\/api.w.org\/{rel}","templated":true}]}}