{"id":8109,"date":"2013-04-05T10:04:24","date_gmt":"2013-04-05T13:04:24","guid":{"rendered":"http:\/\/rioonwatch.org\/?p=8109"},"modified":"2017-12-22T14:22:00","modified_gmt":"2017-12-22T17:22:00","slug":"colonia-juliano-moreira-in-the-dark-over-transolimpica-public-works-compulsory-crack-treatment","status":"publish","type":"post","link":"https:\/\/rioonwatch.org\/?p=8109","title":{"rendered":"Col\u00f4nia Juliano Moreira in the Dark Over TransOl\u00edmpica, Public Works &#038; Compulsory Crack Treatment"},"content":{"rendered":"<p style=\"text-align: right;\"><em><a href=\"http:\/\/bit.ly\/153tSzO\" target=\"_blank\" rel=\"noopener\"><strong>Clique aqui para Portugu\u00eas<\/strong><strong><img decoding=\"async\" width=\"20\" height=\"20\" class=\"alignright size-full wp-image-23766\" src=\"http:\/\/www.rioonwatch.org\/wp-content\/uploads\/2012\/08\/PT-e1439583827971.png\" \/><\/strong><\/a><\/em><\/p>\n<p>&#8220;There&#8217;s a total lack of transparency on the part of the authorities with Col\u00f4nia and its residents. We want answers,&#8221; asserts Juliana Moura Marques, resident of <a href=\"http:\/\/bit.ly\/ZzGfvh\">Col\u00f4nia Juliano Moreira<\/a> in Jacarepagu\u00e1 and member of the community&#8217;s <a href=\"http:\/\/bit.ly\/Wcuvic\">E-Col\u00f4nia<\/a> movement.<\/p>\n<p>For the last few months, the group has been calling for explanations from the City government over the change in route of the TransOl\u00edmpica BRT highway to pass through the neighborhood,\u00a0abandoned public works and the proposed use of the community&#8217;s historic psychiatric hospital for the compulsory treatment of crack addicts. They organized a meeting for this purpose on Friday March 22nd, yet no one from the City attended or informed to say they wouldn&#8217;t attend, leaving the 150 frustrated residents in attendance still without answers.<\/p>\n<p>Above all, residents want to know definitively whether rumors of dramatic government interventions in their community are really what the future holds for this hidden and little understood corner of the city.<\/p>\n<h3><strong>History of Col\u00f4nia Juliano Moreira<\/strong><\/h3>\n<p><a href=\"http:\/\/www.rioonwatch.org\/?attachment_id=8205\" rel=\"attachment wp-att-8205\"><img fetchpriority=\"high\" decoding=\"async\" class=\"size-full wp-image-8205 alignright\" title=\"The historic center of Col\u00f4nia Juliano Moreira has 19th century structures\" src=\"http:\/\/www.rioonwatch.org\/wp-content\/uploads\/2013\/04\/colonia2.jpg\" alt=\"\" width=\"302\" height=\"227\" srcset=\"https:\/\/rioonwatch.org\/wp-content\/uploads\/2013\/04\/colonia2.jpg 800w, https:\/\/rioonwatch.org\/wp-content\/uploads\/2013\/04\/colonia2-300x225.jpg 300w, https:\/\/rioonwatch.org\/wp-content\/uploads\/2013\/04\/colonia2-174x131.jpg 174w, https:\/\/rioonwatch.org\/wp-content\/uploads\/2013\/04\/colonia2-70x53.jpg 70w, https:\/\/rioonwatch.org\/wp-content\/uploads\/2013\/04\/colonia2-326x245.jpg 326w\" sizes=\"(max-width: 302px) 100vw, 302px\" \/><\/a>Col\u00f4nia Juliano Moreira is a unique place. Set on the fringes of the <a href=\"http:\/\/bit.ly\/10x048S\">Pedra Branca State Park<\/a>, the vast 78km2 area is most famous for the psychiatric hospital around which the neighborhood has grown (see map below). Formerly a sugar mill, the area was disappropriated by the federal government in 1912 and the psychiatric insitition established in the following decade to which patients from the existing facility in Ilha do Governador were transferred. The West Zone location was chosen for it&#8217;s isolation from Rio&#8217;s urban center and lush forest and green areas, as the medical thinking of the time was that psychiatric patients should have contact with nature. The institution built houses for workers on the enormous grounds, which was renamed Col\u00f4nia Juliano Moreira in 1935 after the recently deceased doctor known for his humanized treatment of patients.<\/p>\n<p>Famed throughout the mid-20th century for its mental health facilities, the institution then went into decline. In the 1980s, communities started growing around the traditional workers&#8217; houses and the area&#8217;s first favelas were established. Today, Col\u00f4nia Juliano Moreira is home to 11 communities, around 30,000 people, and the institution&#8211;which along with the land, was handed over to the City to manage in 1996&#8211;operates in a significantly reduced capacity.<\/p>\n<p>Recent years have brought a series of confusing government interventions to the area. Though federal\u00a0<a href=\"http:\/\/bit.ly\/ozFSxL\">Growth Acceleration Program (PAC)<\/a> works were programmed for 2007-2010 with a budget of over R$105 million, they were stalled and have now been assigned as part of the municipal <a href=\"http:\/\/bit.ly\/TH73qF\">Morar Carioca<\/a> favela upgrading program. Mayor Eduardo Paes declared the area officially a neighborhood in 2011, dividing it into four &#8220;sectors.&#8221; These divisions have been repeatedly revised and updated, the latest in January this year dividing the region into ten &#8220;areas.&#8221; E-Col\u00f4nia members believe the divisions are to impose specific policies in specific areas, for example construction rules, and fragment the collective mobilization of the neighborhood.<\/p>\n<h3><strong>TransOl\u00edmpica to pass through Col\u00f4nia<\/strong><\/h3>\n<p><a href=\"http:\/\/www.rioonwatch.org\/?attachment_id=8210\" rel=\"attachment wp-att-8210\"><img decoding=\"async\" class=\"alignright size-full wp-image-8210\" title=\"Where the TranOl\u00edmpica is now planned to pass\" src=\"http:\/\/www.rioonwatch.org\/wp-content\/uploads\/2013\/04\/colonia3.jpg\" alt=\"\" width=\"336\" height=\"252\" srcset=\"https:\/\/rioonwatch.org\/wp-content\/uploads\/2013\/04\/colonia3.jpg 800w, https:\/\/rioonwatch.org\/wp-content\/uploads\/2013\/04\/colonia3-300x225.jpg 300w, https:\/\/rioonwatch.org\/wp-content\/uploads\/2013\/04\/colonia3-174x131.jpg 174w, https:\/\/rioonwatch.org\/wp-content\/uploads\/2013\/04\/colonia3-70x53.jpg 70w, https:\/\/rioonwatch.org\/wp-content\/uploads\/2013\/04\/colonia3-326x245.jpg 326w\" sizes=\"(max-width: 336px) 100vw, 336px\" \/><\/a>E-Col\u00f4nia is primarily concerned with preserving the Col\u00f4nia&#8217;s Atlantic Forest environmental characteristics. They have however become a spokespeople for the neighborhood&#8217;s broader concerns since discovering the planned change in the <a href=\"http:\/\/bit.ly\/YPrEvp\">TranOl\u00edmpica<\/a> BRT highway&#8217;s route. They found out that it is now to pass through Col\u00f4nia from topographers conducting research in the area. The highway will pass through Jacarepagu\u00e1 to connect the Olympic Park in Barra da Tijuca with another Olympic site in Deodoro, North Zone. The change in route is supposedly to reduce the number of evictions necessary. However, it is set to pass over communities in Col\u00f4nia and the area&#8217;s semi-protected forest areas. The projected new route also passes 100 meters away from the new Elderly Village of public sheltered accommodation for elderly psychiatric patients.<\/p>\n<p>Residents, many of which can trace their families back to the psychiatric institution&#8217;s beginnings, are concerned for their history and homes, but principally for the ecological damage the expressway would cause. Catia Loreira, 33, born and raised in Col\u00f4nia, says: &#8220;We want to tell people about the environmental area we have here and the damage the highway would cause.&#8221;<\/p>\n<h3><strong>Abandoned Public Works<br \/>\n<\/strong><\/h3>\n<p><a href=\"http:\/\/www.rioonwatch.org\/?attachment_id=8213\" rel=\"attachment wp-att-8213\"><img loading=\"lazy\" decoding=\"async\" class=\"alignright size-full wp-image-8213\" title=\"Child Development Space, announced as PAC, inaugurated as Morar Carioca\" src=\"http:\/\/www.rioonwatch.org\/wp-content\/uploads\/2013\/04\/espaco-infantil-colonia.jpg\" alt=\"\" width=\"336\" height=\"223\" srcset=\"https:\/\/rioonwatch.org\/wp-content\/uploads\/2013\/04\/espaco-infantil-colonia.jpg 800w, https:\/\/rioonwatch.org\/wp-content\/uploads\/2013\/04\/espaco-infantil-colonia-300x199.jpg 300w\" sizes=\"(max-width: 336px) 100vw, 336px\" \/><\/a>On January 25th, 2010, then President Lula, Rio&#8217;s state Governer S\u00e9rgio Cabral and Mayor Eduardo Paes inaugurated the first completed works of the PAC in Col\u00f4nia Juliano Moreira. These included paved streets, playground and football pitch, plus the announcement of a Child Development Space to be built. The City&#8217;s\u00a0<a href=\"http:\/\/bit.ly\/14C76yB\">official announcement<\/a> outlined the continuation of the project in Col\u00f4nia to include the upgrading of all the favelas, paving of roads, drainage of rivers, construction of an Elderly Village, restoration of the historic area, new museum, land titling, social projects and the construction of 600 public housing units: &#8220;These interventions aim to transform Col\u00f4nia Juliano Moreira into a new neighborhood, preserving its green space.&#8221;<\/p>\n<p>The Child Development Space was inaugurated on November 7th, 2011 by Mayor Eduardo Paes alongside the Municipal secretaries of education, housing, civil office and chief of staff. Paes highlighted how the family education and activity center for 250 children and other works in Col\u00f4nia were being made possible through the municipal favela upgrading program Morar Carioca. He said: &#8220;With this work in Col\u00f4nia Juliano Moreira, we are recovering and preserving this fantastic historic heritage of the city and at the same time bringing dignity to people with well done, quality and sustainable works.&#8221;<\/p>\n<p><a href=\"http:\/\/www.rioonwatch.org\/?attachment_id=8218\" rel=\"attachment wp-att-8218\"><img loading=\"lazy\" decoding=\"async\" class=\"alignright size-full wp-image-8218\" title=\"Residents complain of abandoned works\" src=\"http:\/\/www.rioonwatch.org\/wp-content\/uploads\/2013\/04\/colonia4.jpg\" alt=\"\" width=\"336\" height=\"252\" srcset=\"https:\/\/rioonwatch.org\/wp-content\/uploads\/2013\/04\/colonia4.jpg 800w, https:\/\/rioonwatch.org\/wp-content\/uploads\/2013\/04\/colonia4-300x225.jpg 300w, https:\/\/rioonwatch.org\/wp-content\/uploads\/2013\/04\/colonia4-174x131.jpg 174w, https:\/\/rioonwatch.org\/wp-content\/uploads\/2013\/04\/colonia4-70x53.jpg 70w, https:\/\/rioonwatch.org\/wp-content\/uploads\/2013\/04\/colonia4-326x245.jpg 326w\" sizes=\"(max-width: 336px) 100vw, 336px\" \/><\/a>In Col\u00f4nia, people refer to the PAC, not Morar Carioca, which in design is a program based on community participation, <a href=\"http:\/\/bit.ly\/Xbgg0K\">yet is being used as a catch-all term for municipality-administrated works in favelas<\/a>.<\/p>\n<p>Residents complain of abandoned and poor quality works. Juliana says: &#8220;Waste, garbage, insects and Dengue mosquitos are accumulating in all the locations where the City has done work or set up a building site. The streets are full of holes that they&#8217;ve made. For example, they throw rubbish in an area destined to be garden. What was supposed to be a garden project, they now leave waste and stagnant water.&#8221; She also cites works on the drains system from Rua Sampaia Correo and the year-old Elderly Village directs sewage into the Col\u00f4nia river.<\/p>\n<p>Paes claims that the works are sustainable and bring dignity to Col\u00f4nia residents can most clearly, and sadly, be refuted with the case of <a href=\"http:\/\/bit.ly\/OlKY59\">Dona Rita Maria Barbosa<\/a>, a 57-year-old community agro-ecologist who was forcibly evicted by City representatives and her home and organic fruit and vegetable garden destroyed in August of last year. Today the site is boarded up.<\/p>\n<h3><strong>Compulsory Treatment of Crack Addicts in Col\u00f4nia \u00a0<\/strong><\/h3>\n<p>In March 2011, the Paes administration passed a statute allowing the forced internment of children and teenagers for drug treatment. The <a href=\"http:\/\/lat.ms\/14CBjxl\">controversial program<\/a>, an attempt to deal with Rio&#8217;s growing crack and child homelessness problems, introduced operations rounding up young addicts in the city&#8217;s <em>cracol\u00e2ndias<\/em> (areas occupied by crack users) and taking them to drug treatment centers.<\/p>\n<p>Then, in October of last year, Mayor Eduardo Paes revealed the planned extension of the policy to include <a href=\"http:\/\/bit.ly\/YBUeA1\">forced internment of adult drug addicts<\/a>, and plans to create a further 600 drug treatment spaces at a yet-to-be decided location. The first operation took place on February 19th on the edge of Avenida Brasil in <a href=\"http:\/\/bit.ly\/MYOrly\" target=\"_blank\" rel=\"noopener\">Complexo da Mar\u00e9<\/a> with 29 addicts involuntarily hospitalized for treatment.<\/p>\n<p><a href=\"http:\/\/www.rioonwatch.org\/?attachment_id=8221\" rel=\"attachment wp-att-8221\"><img loading=\"lazy\" decoding=\"async\" class=\"alignright size-full wp-image-8221\" title=\"The old psychiatric institution area, where patients roam freely\" src=\"http:\/\/www.rioonwatch.org\/wp-content\/uploads\/2013\/04\/colonia5.jpg\" alt=\"\" width=\"336\" height=\"252\" srcset=\"https:\/\/rioonwatch.org\/wp-content\/uploads\/2013\/04\/colonia5.jpg 600w, https:\/\/rioonwatch.org\/wp-content\/uploads\/2013\/04\/colonia5-300x225.jpg 300w, https:\/\/rioonwatch.org\/wp-content\/uploads\/2013\/04\/colonia5-174x131.jpg 174w, https:\/\/rioonwatch.org\/wp-content\/uploads\/2013\/04\/colonia5-70x53.jpg 70w, https:\/\/rioonwatch.org\/wp-content\/uploads\/2013\/04\/colonia5-326x245.jpg 326w\" sizes=\"(max-width: 336px) 100vw, 336px\" \/><\/a>Meanwhile in Col\u00f4nia, residents report that the City has ordered the suspension of three of the psychiatric insitution&#8217;s clinics&#8217; activities, leaving patients without service or explanation. Workers at the clinics report that they&#8217;ve been told to stop services, relaying that the locale will be used to incorporate the compulsory treatment of drug addicts.<\/p>\n<p>Residents argue that with crumbling, open plan buildings at the old heart of neighborhood, the psychiatric institution doesn&#8217;t have the necessary structure to provide secure treatment for drug addicts who have been brought against their will.<\/p>\n<p>Speaking at the public debate on compulsory internment of drug addicts held by councilman Renato Cinco, who is pushing for a parlimentary inquiry into the policy, E-Col\u00f4nia leader and Col\u00f4nia resident of 22 years, Aline Santos called for an investigation into the situation. &#8220;When we push, when the media pushes, for an answer, he denies it. There&#8217;s a lack of transparency. It reinforces the idea that they are removing drug users from Avenida Brasil ahead of the mega-events and putting them in areas hidden from society. Col\u00f4nia really is an area that&#8217;s hidden from society.&#8221;<\/p>\n<h3><strong>The Future of Col\u00f4nia Juliano Moreira<\/strong><\/h3>\n<p>&#8220;This place is very beautiful, close the Pedra Branca forest,&#8221; enthused then Municipal Housing Secretary, Jorge Bittar, at the 2011 inauguration of the Child Development Space in Col\u00f4nia. Speaking of future works in the community, he said, &#8220;We will value the historic and environmental aspects and above all, the quality of life of all that reside in or visit Col\u00f4nia.&#8221;<\/p>\n<p><a href=\"http:\/\/www.rioonwatch.org\/?attachment_id=8224\" rel=\"attachment wp-att-8224\"><img loading=\"lazy\" decoding=\"async\" class=\"alignright size-full wp-image-8224\" title=\"Aline (left) and Juliana (right) of E-Col\u00f4nia\" src=\"http:\/\/www.rioonwatch.org\/wp-content\/uploads\/2013\/04\/colonia6.jpg\" alt=\"\" width=\"336\" height=\"252\" srcset=\"https:\/\/rioonwatch.org\/wp-content\/uploads\/2013\/04\/colonia6.jpg 800w, https:\/\/rioonwatch.org\/wp-content\/uploads\/2013\/04\/colonia6-300x225.jpg 300w, https:\/\/rioonwatch.org\/wp-content\/uploads\/2013\/04\/colonia6-174x131.jpg 174w, https:\/\/rioonwatch.org\/wp-content\/uploads\/2013\/04\/colonia6-70x53.jpg 70w, https:\/\/rioonwatch.org\/wp-content\/uploads\/2013\/04\/colonia6-326x245.jpg 326w\" sizes=\"(max-width: 336px) 100vw, 336px\" \/><\/a>This is not how the authorities&#8217; intentions in Col\u00f4nia are currently being interpreted on the ground. Juliana, who cannot finish the already constructed second floor of her home because of a construction ban, says: &#8220;It&#8217;s as if [Col\u00f4nia] is a big hole and they&#8217;re chucking everything in to hide it from the city.&#8221;<\/p>\n<p>As well as organizing the meeting on March 22nd, E-Col\u00f4nia has been active holding a protest march in the community, have called on local media, and forged solidarity partnerships with other social movements. Their demands are quite simply information and the opportunity to participate in decisions about their unique neighborhood.<\/p>\n<p>Aline, the most vocal and impassioned member of the group, says: &#8220;The community has to be informed and what we are demanding is in the law: share the information before it&#8217;s implemented. At the moment they&#8217;re planning something, they need to take this information and share it with not just the community but society as a whole.&#8221;<\/p>\n<p style=\"text-align: center;\"><img loading=\"lazy\" decoding=\"async\" class=\"aligncenter size-full wp-image-8284\" title=\"Col\u00f4nia Juliano Moreira, located in Rio's West Zone, sits on the edge of the Pedra Branca State Park\" src=\"http:\/\/www.rioonwatch.org\/wp-content\/uploads\/2013\/04\/ColoniaJM_mapa.jpg\" alt=\"Col\u00f4nia Juliano Moreira, located in Rio's West Zone, sits on the edge of the Pedra Branca State Park\" width=\"710\" height=\"364\" srcset=\"https:\/\/rioonwatch.org\/wp-content\/uploads\/2013\/04\/ColoniaJM_mapa.jpg 1014w, https:\/\/rioonwatch.org\/wp-content\/uploads\/2013\/04\/ColoniaJM_mapa-300x153.jpg 300w\" sizes=\"(max-width: 710px) 100vw, 710px\" \/><\/p>\n","protected":false},"excerpt":{"rendered":"<div class=\"mh-excerpt\"><p>Clique aqui para Portugu\u00eas &#8220;There&#8217;s a total lack of transparency on the part of the authorities with Col\u00f4nia and its residents. We want answers,&#8221; asserts Juliana Moura Marques, resident of Col\u00f4nia Juliano Moreira in Jacarepagu\u00e1 <a class=\"mh-excerpt-more\" href=\"https:\/\/rioonwatch.org\/?p=8109\" title=\"Col\u00f4nia Juliano Moreira in the Dark Over TransOl\u00edmpica, Public Works &#038; Compulsory Crack Treatment\">[&#8230;]<\/a><\/p>\n<\/div>","protected":false},"author":17,"featured_media":8227,"comment_status":"closed","ping_status":"closed","sticky":false,"template":"","format":"standard","meta":{"_monsterinsights_skip_tracking":false,"_monsterinsights_sitenote_active":false,"_monsterinsights_sitenote_note":"","_monsterinsights_sitenote_category":0,"footnotes":""},"categories":[1736,335,336,1329],"tags":[9,606,609,831,832,11,205,1259,147,5,730,591,21,365],"writer":[444],"translator":[],"illustrator":[],"photographer":[],"class_list":{"0":"post-8109","1":"post","2":"type-post","3":"status-publish","4":"format-standard","5":"has-post-thumbnail","7":"category-1736","8":"category-policies","9":"category-violations","10":"category-by-international-observers","11":"tag-9","12":"tag-brt","13":"tag-colonia-juliano-moreira","14":"tag-compulsory-drug-treatment","15":"tag-crack","16":"tag-forced-evictions","17":"tag-growth-acceleration-program-pac","18":"tag-mega-events","19":"tag-morar-carioca","20":"tag-olympics","21":"tag-pedra-branca-state-park","22":"tag-transolimpica","23":"tag-west-zone","24":"tag-zero-participation","25":"writer-felicity-clarke"},"_links":{"self":[{"href":"https:\/\/rioonwatch.org\/index.php?rest_route=\/wp\/v2\/posts\/8109","targetHints":{"allow":["GET"]}}],"collection":[{"href":"https:\/\/rioonwatch.org\/index.php?rest_route=\/wp\/v2\/posts"}],"about":[{"href":"https:\/\/rioonwatch.org\/index.php?rest_route=\/wp\/v2\/types\/post"}],"author":[{"embeddable":true,"href":"https:\/\/rioonwatch.org\/index.php?rest_route=\/wp\/v2\/users\/17"}],"replies":[{"embeddable":true,"href":"https:\/\/rioonwatch.org\/index.php?rest_route=%2Fwp%2Fv2%2Fcomments&post=8109"}],"version-history":[{"count":0,"href":"https:\/\/rioonwatch.org\/index.php?rest_route=\/wp\/v2\/posts\/8109\/revisions"}],"wp:featuredmedia":[{"embeddable":true,"href":"https:\/\/rioonwatch.org\/index.php?rest_route=\/wp\/v2\/media\/8227"}],"wp:attachment":[{"href":"https:\/\/rioonwatch.org\/index.php?rest_route=%2Fwp%2Fv2%2Fmedia&parent=8109"}],"wp:term":[{"taxonomy":"category","embeddable":true,"href":"https:\/\/rioonwatch.org\/index.php?rest_route=%2Fwp%2Fv2%2Fcategories&post=8109"},{"taxonomy":"post_tag","embeddable":true,"href":"https:\/\/rioonwatch.org\/index.php?rest_route=%2Fwp%2Fv2%2Ftags&post=8109"},{"taxonomy":"writer","embeddable":true,"href":"https:\/\/rioonwatch.org\/index.php?rest_route=%2Fwp%2Fv2%2Fwriter&post=8109"},{"taxonomy":"translator","embeddable":true,"href":"https:\/\/rioonwatch.org\/index.php?rest_route=%2Fwp%2Fv2%2Ftranslator&post=8109"},{"taxonomy":"illustrator","embeddable":true,"href":"https:\/\/rioonwatch.org\/index.php?rest_route=%2Fwp%2Fv2%2Fillustrator&post=8109"},{"taxonomy":"photographer","embeddable":true,"href":"https:\/\/rioonwatch.org\/index.php?rest_route=%2Fwp%2Fv2%2Fphotographer&post=8109"}],"curies":[{"name":"wp","href":"https:\/\/api.w.org\/{rel}","templated":true}]}}