{"id":81423,"date":"2025-08-25T15:18:45","date_gmt":"2025-08-25T18:18:45","guid":{"rendered":"https:\/\/rioonwatch.org\/?p=81423"},"modified":"2025-09-13T14:10:59","modified_gmt":"2025-09-13T17:10:59","slug":"turning-affection-into-film-the-legacy-of-cadu-barcellos-a-mare-native-who-brought-dignity-to-the-favela-in-brazilian-films-review","status":"publish","type":"post","link":"https:\/\/rioonwatch.org\/?p=81423","title":{"rendered":"Turning Affection Into Film: The Legacy of Cadu Barcellos, a Mar\u00e9 Native Who Brought Dignity to the Favela in Brazilian Film"},"content":{"rendered":"<figure id=\"attachment_81424\" aria-describedby=\"caption-attachment-81424\" style=\"width: 1168px\" class=\"wp-caption aligncenter\"><a href=\"https:\/\/rioonwatch.org\/wp-content\/uploads\/2025\/08\/From-training-to-teaching-Cadu-between-workshops-and-meetings-at-ESPOCC-where-he-trained-and-later-returned-as-a-teacher-and-inspiration.jpg\"><img fetchpriority=\"high\" decoding=\"async\" class=\"wp-image-81424 size-full\" title=\"Behind the Camera: Cadu, between workshops, learning, and gatherings at the Popular School of Critical Communication, where the filmmaker graduated and later returned as a teacher, inspiring a new generation of dreamers. Photo: Press release\" src=\"https:\/\/rioonwatch.org\/wp-content\/uploads\/2025\/08\/From-training-to-teaching-Cadu-between-workshops-and-meetings-at-ESPOCC-where-he-trained-and-later-returned-as-a-teacher-and-inspiration.jpg\" alt=\"Behind the Camera: Cadu, between workshops, learning, and gatherings at the Popular School of Critical Communication, where the filmmaker graduated and later returned as a teacher, inspiring a new generation of dreamers. Photo: Press release\" width=\"1168\" height=\"688\" srcset=\"https:\/\/rioonwatch.org\/wp-content\/uploads\/2025\/08\/From-training-to-teaching-Cadu-between-workshops-and-meetings-at-ESPOCC-where-he-trained-and-later-returned-as-a-teacher-and-inspiration.jpg 1168w, https:\/\/rioonwatch.org\/wp-content\/uploads\/2025\/08\/From-training-to-teaching-Cadu-between-workshops-and-meetings-at-ESPOCC-where-he-trained-and-later-returned-as-a-teacher-and-inspiration-620x365.jpg 620w, https:\/\/rioonwatch.org\/wp-content\/uploads\/2025\/08\/From-training-to-teaching-Cadu-between-workshops-and-meetings-at-ESPOCC-where-he-trained-and-later-returned-as-a-teacher-and-inspiration-1068x629.jpg 1068w, https:\/\/rioonwatch.org\/wp-content\/uploads\/2025\/08\/From-training-to-teaching-Cadu-between-workshops-and-meetings-at-ESPOCC-where-he-trained-and-later-returned-as-a-teacher-and-inspiration-768x452.jpg 768w\" sizes=\"(max-width: 1168px) 100vw, 1168px\" \/><\/a><figcaption id=\"caption-attachment-81424\" class=\"wp-caption-text\">Behind the camera: Cadu, between workshops, lessons and gatherings at the Popular School of Critical Communication, where the filmmaker graduated and later returned as a teacher, inspiring a new generation of dreamers. Photo: Press release<\/figcaption><\/figure>\n<p style=\"text-align: right;\"><a href=\"https:\/\/bit.ly\/47dz9tx\" target=\"_blank\" rel=\"noopener\"><strong><em>Clique aqui para Portugu\u00eas<img decoding=\"async\" class=\"size-full wp-image-23766 alignright\" src=\"https:\/\/www.rioonwatch.org\/wp-content\/uploads\/2012\/08\/PT-e1439583827971.png\" width=\"20\" height=\"20\" \/><\/em><\/strong><\/a><\/p>\n<figure id=\"attachment_81426\" aria-describedby=\"caption-attachment-81426\" style=\"width: 300px\" class=\"wp-caption alignright\"><a href=\"https:\/\/rioonwatch.org\/wp-content\/uploads\/2025\/08\/Cadu-Barcellos-still-a-child-with-his-mother-Neilde-and-his-stepfather-Willian-who-always-cultivated-affection-and-resistance-in-Mare-scaled-1.jpg\"><img decoding=\"async\" class=\"wp-image-81426\" title=\"With his mother, Neilde, and stepfather, Willian, Barcellos grew up learning about affection and resistance. Photo: Family archive\" src=\"https:\/\/rioonwatch.org\/wp-content\/uploads\/2025\/08\/Cadu-Barcellos-still-a-child-with-his-mother-Neilde-and-his-stepfather-Willian-who-always-cultivated-affection-and-resistance-in-Mare-scaled-1-349x620.jpg\" alt=\"With his mother, Neilde, and stepfather, Willian, Barcellos grew up learning about affection and resistance. Photo: Family archive\" width=\"300\" height=\"533\" srcset=\"https:\/\/rioonwatch.org\/wp-content\/uploads\/2025\/08\/Cadu-Barcellos-still-a-child-with-his-mother-Neilde-and-his-stepfather-Willian-who-always-cultivated-affection-and-resistance-in-Mare-scaled-1-349x620.jpg 349w, https:\/\/rioonwatch.org\/wp-content\/uploads\/2025\/08\/Cadu-Barcellos-still-a-child-with-his-mother-Neilde-and-his-stepfather-Willian-who-always-cultivated-affection-and-resistance-in-Mare-scaled-1-354x629.jpg 354w, https:\/\/rioonwatch.org\/wp-content\/uploads\/2025\/08\/Cadu-Barcellos-still-a-child-with-his-mother-Neilde-and-his-stepfather-Willian-who-always-cultivated-affection-and-resistance-in-Mare-scaled-1-768x1364.jpg 768w, https:\/\/rioonwatch.org\/wp-content\/uploads\/2025\/08\/Cadu-Barcellos-still-a-child-with-his-mother-Neilde-and-his-stepfather-Willian-who-always-cultivated-affection-and-resistance-in-Mare-scaled-1-865x1536.jpg 865w, https:\/\/rioonwatch.org\/wp-content\/uploads\/2025\/08\/Cadu-Barcellos-still-a-child-with-his-mother-Neilde-and-his-stepfather-Willian-who-always-cultivated-affection-and-resistance-in-Mare-scaled-1-1153x2048.jpg 1153w, https:\/\/rioonwatch.org\/wp-content\/uploads\/2025\/08\/Cadu-Barcellos-still-a-child-with-his-mother-Neilde-and-his-stepfather-Willian-who-always-cultivated-affection-and-resistance-in-Mare-scaled-1.jpg 1441w\" sizes=\"(max-width: 300px) 100vw, 300px\" \/><\/a><figcaption id=\"caption-attachment-81426\" class=\"wp-caption-text\">With his mother, Neilde, and stepfather, Willian, Barcellos grew up learning about affection and resistance. Photo: Family archive<\/figcaption><\/figure>\n<p>In the <a href=\"https:\/\/bit.ly\/2IgR5qe\">North Zone<\/a> of Rio de Janeiro, in the group of favelas that make up <a href=\"https:\/\/bit.ly\/2IgZ9Y4\">Complexo da Mar\u00e9<\/a>\u2014more precisely, in the <a href=\"https:\/\/bit.ly\/3fMPxFy\">Pinheiro favela<\/a>, Block 7, apartment 502: that&#8217;s where <a href=\"https:\/\/bit.ly\/4lioqC5\">Cadu Barcellos<\/a> grew up alongside his mother, Neilde, his sister, Leth\u00edcia, and his stepfather, Willian, in a home that overflowed with affection, resistance and art. Although the family no longer lives there, the place remains alive in <a href=\"https:\/\/bit.ly\/3T15efJ\">Mar\u00e9\u2019s collective memory<\/a>: it was the birthplace of a <em>cria<\/em>\u2014born and raised in the community\u2014whose career turned the favela into cinematic language. In 2025, marking five years without Cadu Barcellos, <em>RioOnWatch<\/em> celebrates the legacy of this Mar\u00e9 artist who dignified the favela in Brazilian cinema.<\/p>\n<p>Cadu was born in 1986 in Complexo da Mar\u00e9, now home to about <a href=\"https:\/\/bit.ly\/4kMiz8d\">125,000 residents<\/a> across 16 favelas marked by <a href=\"https:\/\/bit.ly\/4kNjW6B\">rich cultural diversity<\/a>, <a href=\"https:\/\/bit.ly\/4dUKHCj\">stories of resistance<\/a>\u00a0and <a href=\"https:\/\/bit.ly\/3T15efJ\">community organizing<\/a>. As a boy, from his window in <a href=\"https:\/\/bit.ly\/2dDSC8W\">Conjunto Pinheiro<\/a>, Cadu observed daily life in Mar\u00e9: alleys, narrow lanes, colors, and sounds that would later become the raw material of his art.<\/p>\n<blockquote><p>\u201cI feel a sense of recognition, pride for having raised my son in Mar\u00e9, in the favela, and seeing him become an artist who is an inspiration. An artist who is a source of pride not just for me, but for our family and all other residents of the favela.\u201d \u2014 Neilde Barcelos<\/p><\/blockquote>\n<p>Cadu&#8217;s family history in Mar\u00e9 begins with Neilde\u2019s mother, Dona Irene\u2014his maternal grandmother. Coming from S\u00e3o Fid\u00e9lis, a city in northern Rio de Janeiro state, Dona Irene was brought to the favela with the promise\u2014made by then-Governor <a href=\"https:\/\/bit.ly\/2DZMad1\">Carlos Lacerda<\/a> in the 1960s\u2014that her stay <a href=\"https:\/\/bit.ly\/3G1fD8u\">would be temporary<\/a>.<\/p>\n<p>However, the stay became permanent, and Neilde grew up and built her story in <a href=\"https:\/\/bit.ly\/2HSVQHk\">Nova Holanda<\/a>, one of Mar\u00e9\u2019s favelas. As an adult, she moved to Conjunto Pinheiro, in the Pinheiro Favela, where Cadu was born and raised, and where his life was shaped by both resistance and contradictions.<\/p>\n<p>In the 1990s, while drug trafficking and violence worsened in Mar\u00e9, Neilde\u2014a social activist since the 1980s\u2014fought to ensure that her son would have a dignified childhood. In spite of the challenges of favela daily life, this affectionate family foundation was crucial to the development of the artist and activist that Cadu would become.<\/p>\n<h3>A Master of the Seventh Art for a New Generation of Dreamers<\/h3>\n<p>Cadu Barcellos\u2019 artistic soul never needed a label to express itself. His creative, vibrant, and free essence found its first stage in <a href=\"https:\/\/bit.ly\/3UK00Gs\">dance<\/a>. At 15, he joined the <a href=\"https:\/\/bit.ly\/3J9Oykt\">Mar\u00e9 Dance Corps<\/a>, a project that introduced him to the world of physical expression. With it, he discovered the power of movement as a way to tell stories and connect with his Afro-Brazilian roots.<\/p>\n<figure id=\"attachment_81436\" aria-describedby=\"caption-attachment-81436\" style=\"width: 300px\" class=\"wp-caption alignright\"><a href=\"https:\/\/rioonwatch.org\/wp-content\/uploads\/2025\/08\/Still-a-teenager-on-stage-and-in-rehearsals-with-the-Mare-Dance-Corps-Cadu-experienced-art-as-expression-Photo-archive-Monique-Ribeiro.jpeg\"><img loading=\"lazy\" decoding=\"async\" class=\"wp-image-81436\" title=\"Still a teenager, on stage and in rehearsals for Mar\u00e9 Dance Corps, Cadu experimented with telling stories through body movement. Photo: Monique Ribeiro Archive\" src=\"https:\/\/rioonwatch.org\/wp-content\/uploads\/2025\/08\/Still-a-teenager-on-stage-and-in-rehearsals-with-the-Mare-Dance-Corps-Cadu-experienced-art-as-expression-Photo-archive-Monique-Ribeiro-465x620.jpeg\" alt=\"Still a teenager, on stage and in rehearsals for Mar\u00e9 Dance Corps, Cadu experimented with telling stories through body movement. Photo: Monique Ribeiro Archive\" width=\"300\" height=\"400\" srcset=\"https:\/\/rioonwatch.org\/wp-content\/uploads\/2025\/08\/Still-a-teenager-on-stage-and-in-rehearsals-with-the-Mare-Dance-Corps-Cadu-experienced-art-as-expression-Photo-archive-Monique-Ribeiro-465x620.jpeg 465w, https:\/\/rioonwatch.org\/wp-content\/uploads\/2025\/08\/Still-a-teenager-on-stage-and-in-rehearsals-with-the-Mare-Dance-Corps-Cadu-experienced-art-as-expression-Photo-archive-Monique-Ribeiro-472x629.jpeg 472w, https:\/\/rioonwatch.org\/wp-content\/uploads\/2025\/08\/Still-a-teenager-on-stage-and-in-rehearsals-with-the-Mare-Dance-Corps-Cadu-experienced-art-as-expression-Photo-archive-Monique-Ribeiro-768x1024.jpeg 768w, https:\/\/rioonwatch.org\/wp-content\/uploads\/2025\/08\/Still-a-teenager-on-stage-and-in-rehearsals-with-the-Mare-Dance-Corps-Cadu-experienced-art-as-expression-Photo-archive-Monique-Ribeiro-1152x1536.jpeg 1152w, https:\/\/rioonwatch.org\/wp-content\/uploads\/2025\/08\/Still-a-teenager-on-stage-and-in-rehearsals-with-the-Mare-Dance-Corps-Cadu-experienced-art-as-expression-Photo-archive-Monique-Ribeiro.jpeg 1200w\" sizes=\"(max-width: 300px) 100vw, 300px\" \/><\/a><figcaption id=\"caption-attachment-81436\" class=\"wp-caption-text\">Still a teenager, on stage and in rehearsals with Mar\u00e9 Dance Corps, Cadu experimented telling stories through corporal movement. Photo: Monique Ribeiro Archive<\/figcaption><\/figure>\n<p>\u201cCan you imagine? We were 14 or 16, traveling alone\u2014taking buses and planes without our parents\u2026 it was truly magical. There was so much courage and so much emotion. The Mar\u00e9 Dance Corps opened the world to us,\u201d recalls Vitor Santiago, Cadu\u2019s childhood friend and artistic partner. Another of Cadu\u2019s friends, photographer J\u00e9ferson Vasconcelos, also born and raised in Mar\u00e9, remembers and highlights the filmmaker\u2019s artistic inventiveness.<\/p>\n<blockquote><p>\u201cThere was this one scene I\u2019ll never forget: Cadu grabbed some PVC tubes that were part of the set and, right there on the spot, created a percussive sequence, improvising with the dance group. It was so him\u2014creativity pulsing, art born from improvisation. That gesture said everything about who Cadu was.\u201d \u2014 J\u00e9ferson Vasconcelos<\/p><\/blockquote>\n<p>At 17, in an interview for a <em>TV Globo<\/em> program, Cadu explained\u2014already in the most matter-of-fact tone\u2014that his painted nails \u201c<a href=\"https:\/\/bit.ly\/3G2kZQM\">were an artist thing<\/a>,\u201d an early sign of an identity he embraced with pride. That same expressive urgency would gradually find a new way to live on. It wasn\u2019t long before the artist who had learned to tell stories with his body became a master of the seventh art for a new generation of dreamers.<\/p>\n<p>Cadu Barcellos began his audiovisual career in the very place where he grew up. In 2006, he studied at the <a href=\"https:\/\/bit.ly\/4nsAm6b\">Darcy Ribeiro Film School<\/a> and at the Popular School of Critical Communication (<a href=\"https:\/\/bit.ly\/45LCzmP\">ESPOCC<\/a>)\u2014the latter linked to <a href=\"https:\/\/bit.ly\/1uuY5Uc\">Favelas Observatory<\/a>, a nonprofit that brings together education, art and activism in many favelas, from its headquarters in Mar\u00e9. While at ESPOCC, Cadu made his first attempts at filmmaking and, years later, returned to teach, passing on and multiplying knowledge at the same school that had shaped him, as recalled by <a href=\"https:\/\/bit.ly\/3Jb1tCV\">Jailson de Souza e Silva<\/a>, founder of the Favelas Observatory.<\/p>\n<p>The starting point for Cadu\u2019s professional film career was a short film that brought together training and location: <a href=\"https:\/\/bit.ly\/4k4P40b\"><em>Teixeira&#8217;s Open-air Market<\/em><\/a>, made in 2006. The film was his final project at ESPOCC, a collective audiovisual exercise immersed in a setting he had known since childhood. More than a student project, the short already carried Cadu\u2019s trademark: a keen eye for the <a href=\"https:\/\/bit.ly\/45qJi5f\">cultural and economic power<\/a> of the favela, capturing the life, trade and lively exchanges of a traditional open-air market in Mar\u00e9.<\/p>\n<p><iframe title=\"Feira da Teixeira\" src=\"https:\/\/www.youtube.com\/embed\/BSCU5SeX12g\" width=\"1030\" height=\"563\" frameborder=\"0\" allowfullscreen=\"allowfullscreen\"><\/iframe><\/p>\n<figure id=\"attachment_81432\" aria-describedby=\"caption-attachment-81432\" style=\"width: 300px\" class=\"wp-caption alignright\"><a href=\"https:\/\/rioonwatch.org\/wp-content\/uploads\/2025\/08\/Cadu-5X-favela-Cannes.jpg\"><img loading=\"lazy\" decoding=\"async\" class=\"wp-image-81432\" title=\"In 2010, Cadu represented his short film Let It Fly, from 5X Favela: Now By Ourselves, at the renowned Cannes Film Festival in France. Photo: Press release.\" src=\"https:\/\/rioonwatch.org\/wp-content\/uploads\/2025\/08\/Cadu-5X-favela-Cannes-465x620.jpg\" alt=\"In 2010, Cadu represented his short film Let It Fly, from 5X Favela: Now By Ourselves, at the renowned Cannes Film Festival in France. Photo: Press release.\" width=\"300\" height=\"400\" srcset=\"https:\/\/rioonwatch.org\/wp-content\/uploads\/2025\/08\/Cadu-5X-favela-Cannes-465x620.jpg 465w, https:\/\/rioonwatch.org\/wp-content\/uploads\/2025\/08\/Cadu-5X-favela-Cannes-472x629.jpg 472w, https:\/\/rioonwatch.org\/wp-content\/uploads\/2025\/08\/Cadu-5X-favela-Cannes-768x1024.jpg 768w, https:\/\/rioonwatch.org\/wp-content\/uploads\/2025\/08\/Cadu-5X-favela-Cannes.jpg 960w\" sizes=\"(max-width: 300px) 100vw, 300px\" \/><\/a><figcaption id=\"caption-attachment-81432\" class=\"wp-caption-text\">In 2010, Cadu represented his short film <em>Let It Fly<\/em>, in <em>5X Favela: Now By Ourselves<\/em>, at the renowned Cannes Film Festival in France. Photo: Press release<\/figcaption><\/figure>\n<p>In 2007, Cadu Barcellos directed <a href=\"https:\/\/bit.ly\/4fyd378\"><em>City Chronicles<\/em><\/a>, a series of six 30-minute episodes shown on <em>Canal Futura<\/em>. The project had national reach, delving into the daily life of the urban peripheries of six Brazilian cities: Rio de Janeiro, S\u00e3o Paulo, Belo Horizonte, Florian\u00f3polis, Recife and Fortaleza. The format\u2019s genius, however, lay in its collaborative process: through workshops held in each city, chronicles written by residents were transformed into fictional scripts. In a role reversal that defined Cadu\u2019s work, the authors themselves became part of the technical crew and, in many cases, also acted in their own films. This was Cadu at his core: not only putting favela communities on screen but also giving them tools to tell their own stories.<\/p>\n<p>The turning point in his career came in 2010 when he directed the short film <em>Let It Fly<\/em>, one of the five episodes that make up the acclaimed feature film <a href=\"https:\/\/bit.ly\/3G4iqxF\"><em>5x Favela: Now by Ourselves<\/em><\/a>. Produced by celebrated filmmaker <a href=\"https:\/\/bit.ly\/47sboxR\">Cac\u00e1 Diegues<\/a>, the film was a landmark in Brazilian cinema, achieving <a href=\"https:\/\/www.hollywoodreporter.com\/movies\/movie-reviews\/5-x-favela-now-ourselves-29634\">international recognition<\/a> with its selection for the <em>Un Certain Regard<\/em> section of the Cannes Film Festival in 2010. Within this successful project, Cadu\u2019s particular genius was evident. For Cac\u00e1 Diegues, <em>Let It Fly<\/em> was \u201ca very personal film, full of [Cadu&#8217;s] inventions. More than inspiration, it was a premonition of what needed to be done. He didn\u2019t wait for permission. He just did it,\u201d as Diegues said in the documentary <em>Cadu Barcellos: A Child of the Favela Doesn\u2019t Die, He Becomes a Legend<\/em>.<\/p>\n<p>In 2011, Cadu premiered <em>One More in the Crowd<\/em>, a documentary that showcased the hallmark of his work both aesthetically and politically.<\/p>\n<blockquote><p>\u201cI started out with a short film about the forced demolition of the first square built by residents of the <a href=\"https:\/\/bit.ly\/2JpV3OV\">Provid\u00eancia<\/a> favela. From there, I kept working on themes primarily related to representation and the construction of image surrounding Rio&#8217;s Black, favela, and peripheral populations.\u201d \u2014 Cadu Barcellos<\/p><\/blockquote>\n<p>At 25, his artistic identity, established in film, had caught the attention of mainstream media. Newspaper <em>O Globo<\/em> published an article about the release of <em>5x Pacification<\/em>, of which Cadu was screenwriter. He was described as a social activist whose ambition matched the scale of his dream: \u201cWhat I want for myself is for people to one day be able to go to the cinema and choose whether they want to see <em>Shrek<\/em>, <em>Twilight 8,<\/em> or Cadu\u2019s film,\u201d the filmmaker said in the interview. With the success of projects like <em>5x Favela: Now by Ourselves<\/em>, which enjoyed Cac\u00e1 Diegues&#8217; blessing, Cadu proved that the young man from Mar\u00e9 not only told stories, but was ready to compete for the biggest box offices.<\/p>\n<figure id=\"attachment_81433\" aria-describedby=\"caption-attachment-81433\" style=\"width: 2560px\" class=\"wp-caption aligncenter\"><a href=\"https:\/\/rioonwatch.org\/wp-content\/uploads\/2025\/08\/O-Globo-article-Goal-The-Red-Carpet-Photo-O-Globo-scaled-1.jpg\"><img loading=\"lazy\" decoding=\"async\" class=\"wp-image-81433 size-full\" title=\"The article Goal: The Red Carpet portrayed Cadu Barcellos\u2019s power and international notoriety in his quest to cinematically represent the local vision of favelas and their residents. Image source: O Globo newspaper\" src=\"https:\/\/rioonwatch.org\/wp-content\/uploads\/2025\/08\/O-Globo-article-Goal-The-Red-Carpet-Photo-O-Globo-scaled-1.jpg\" alt=\"The article Goal: The Red Carpet portrayed Cadu Barcellos\u2019s power and international notoriety in his quest to cinematically represent the local vision of favelas and their residents. Image source: O Globo newspaper\" width=\"2560\" height=\"1391\" srcset=\"https:\/\/rioonwatch.org\/wp-content\/uploads\/2025\/08\/O-Globo-article-Goal-The-Red-Carpet-Photo-O-Globo-scaled-1.jpg 2560w, https:\/\/rioonwatch.org\/wp-content\/uploads\/2025\/08\/O-Globo-article-Goal-The-Red-Carpet-Photo-O-Globo-scaled-1-620x337.jpg 620w, https:\/\/rioonwatch.org\/wp-content\/uploads\/2025\/08\/O-Globo-article-Goal-The-Red-Carpet-Photo-O-Globo-scaled-1-1158x629.jpg 1158w, https:\/\/rioonwatch.org\/wp-content\/uploads\/2025\/08\/O-Globo-article-Goal-The-Red-Carpet-Photo-O-Globo-scaled-1-768x417.jpg 768w, https:\/\/rioonwatch.org\/wp-content\/uploads\/2025\/08\/O-Globo-article-Goal-The-Red-Carpet-Photo-O-Globo-scaled-1-1536x835.jpg 1536w, https:\/\/rioonwatch.org\/wp-content\/uploads\/2025\/08\/O-Globo-article-Goal-The-Red-Carpet-Photo-O-Globo-scaled-1-2048x1113.jpg 2048w\" sizes=\"(max-width: 2560px) 100vw, 2560px\" \/><\/a><figcaption id=\"caption-attachment-81433\" class=\"wp-caption-text\">The article <em>Goal: The Red Carpet<\/em> portrayed Cadu Barcellos\u2019 power and international notoriety in his quest to cinematically represent the local vision of favelas and their residents. Image source: <em>O Globo<\/em><\/figcaption><\/figure>\n<p>Cadu also worked for the comedy TV program <em><a href=\"https:\/\/bit.ly\/3GcIhDw\">Porta dos Fundos<\/a><\/em> (Back Door), and as assistant director for the program <a href=\"https:\/\/bit.ly\/43RvwHH\"><em>Greg News<\/em><\/a>\u00a0hosted by <a href=\"https:\/\/bit.ly\/4kKdsVX\">Greg\u00f3rio Duvivier<\/a>. His work in critical humor and advocacy for Black representation in traditional media was a significant milestone in his career. In his work for <em>Greg News<\/em>, Cadu distinguished himself as a great creative mind. He was a writer and news director for the program, strategically using critical humor to dismantle stereotypes and bring racial and social debates to the forefront with an authenticity and sharpness rarely seen on television.<\/p>\n<p>His importance was constantly highlighted by his colleagues. In the <em>Greg News<\/em> episode <a href=\"https:\/\/bit.ly\/44l8Wr2\"><em>Good Evening, Family<\/em><\/a>\u2014a tribute to Cadu\u2014they celebrated the affectionate way in which Cadu had worked and the closeness with which he addressed his co-workers (\u201cTalk to me, Fam\u201d and \u201cGood evening, Fam\u201d). In the episode, host Greg\u00f3rio Duvivier said that Cadu \u201ctaught the team with each story,\u201d bringing a perspective on the reality of the favelas and racism that the rest of the mostly white, middle-class team could not access. A notable example of his work was a segment on police violence, in which Cadu crafted a narrative that exposed the absurdity and perverse logic behind the so-called <a href=\"https:\/\/bit.ly\/2XtUbO2\">war on drugs<\/a>. He did not merely act but commanded the narrative, proving that sharp humor could be the most effective weapon for social criticism.<\/p>\n<p><iframe title=\"GREG NEWS | BOA NOITE, FAM\u00cdLIA\" src=\"https:\/\/www.youtube.com\/embed\/ghQ9Oa9fR3w\" width=\"1030\" height=\"563\" frameborder=\"0\" allowfullscreen=\"allowfullscreen\"><\/iframe><\/p>\n<h3>Lived Experience as Raw Material for Art<\/h3>\n<p>Known for his charisma, generosity, and easy laughter, Cadu is a role model for many young people in Mar\u00e9 and other Rio favelas. One of them is social entrepreneur <a href=\"https:\/\/bit.ly\/44n6JLQ\">Raull Santiago<\/a>, from the <a href=\"https:\/\/bit.ly\/3Y5i4gj\">Straight Talk Institute<\/a>: \u201cMan, I have thousands of stories [about] Cadu, but the most important is remembering that he was my teacher before anything else. He was a wonderful friend, but first and foremost, he was a role model for me.\u201d<\/p>\n<p><iframe title=\"#NaM\u00eddia - Lan\u00e7amento do curta &quot;Cadu Barcellos: cria n\u00e3o morre, vira lenda&quot; filme de Wagner Novais\" src=\"https:\/\/www.youtube.com\/embed\/DENXwruTdcc\" width=\"1030\" height=\"563\" frameborder=\"0\" allowfullscreen=\"allowfullscreen\"><\/iframe><\/p>\n<p>With a camera in hand, Cadu proved it was possible to build powerful, truthful narratives from the inside out, without waiting for permission from traditional media. The greatest lesson Cadu\u2019s cinema left was not technical, but existential: that lived experience itself is raw material for art and, above all, a tool for social change.<\/p>\n<p>Photographer, audiovisual producer and Mar\u00e9 native, Mayara Don\u00e1ria, was a student of Cadu\u2019s in his film course at ESPOCC. She carries with her the impact he had on her training: \u201cI learned how to make films with him. Cadu gave me the tools and the confidence to tell our stories.\u201d<\/p>\n<p>The story of artist, philosopher, and environmental activist Emerson Matos is further living proof of Cadu\u2019s legacy. The two crossed paths at a film festival in Rio in 2014. On one side was Matos, a native of Lagoa do Dion\u00edsio\u2014a small town in the countryside of Bahia state\u2014and a student who feared the audiovisual world was not for him, since he did not come from a wealthy family. On the other was Cadu, who already had his name on a poster for a film about <a href=\"http:\/\/bit.ly\/2bq77PT\"><em>passinho<\/em> dance battles<\/a>. When Matos confessed his fear, Cadu pointed to the poster and, according to Matos, said: \u201cMan, just keep going. Look what I\u2019m doing here.\u201d<\/p>\n<p>That was, in Matos\u2019 words, his \u201cfirst breath of courage to confront an elitist market.\u201d Fate, with its cutting irony, would have it so that the news of Cadu\u2019s murder came on the very day Matos won his first film grant, through the <a href=\"https:\/\/bit.ly\/3HyykB1\">Aldir Blanc Law<\/a> for cultural support during the coronavirus pandemic. The dream of reuniting with his mentor to say \u201cthank you, it all worked out\u201d was cut short. But gratitude became a driving force: the prize money also became a <a href=\"https:\/\/bit.ly\/4kLudQx\">video tribute<\/a>, ensuring that Cadu\u2019s courage would continue to inspire other dreamers to keep going.<\/p>\n<blockquote class=\"instagram-media\" style=\"background: #FFF; border: 0; border-radius: 3px; box-shadow: 0 0 1px 0 rgba(0,0,0,0.5),0 1px 10px 0 rgba(0,0,0,0.15); margin: 1px; max-width: 540px; min-width: 326px; padding: 0; width: calc(100% - 2px);\" data-instgrm-captioned=\"\" data-instgrm-permalink=\"https:\/\/www.instagram.com\/tv\/CWHd6SRvUg2\/?utm_source=ig_embed&amp;utm_campaign=loading\" data-instgrm-version=\"14\">\n<div style=\"padding: 16px;\">\n<p>&nbsp;<\/p>\n<div style=\"display: flex; flex-direction: row; align-items: center;\">\n<div style=\"background-color: #f4f4f4; border-radius: 50%; flex-grow: 0; height: 40px; margin-right: 14px; width: 40px;\"><\/div>\n<div style=\"display: flex; flex-direction: column; flex-grow: 1; justify-content: center;\">\n<div style=\"background-color: #f4f4f4; border-radius: 4px; flex-grow: 0; height: 14px; margin-bottom: 6px; width: 100px;\"><\/div>\n<div style=\"background-color: #f4f4f4; border-radius: 4px; flex-grow: 0; height: 14px; width: 60px;\"><\/div>\n<\/div>\n<\/div>\n<div style=\"padding: 19% 0;\"><\/div>\n<div style=\"display: block; height: 50px; margin: 0 auto 12px; width: 50px;\"><\/div>\n<div style=\"padding-top: 8px;\">\n<div style=\"color: #3897f0; font-family: Arial,sans-serif; font-size: 14px; font-style: normal; font-weight: 550; line-height: 18px;\">Ver essa foto no Instagram<\/div>\n<\/div>\n<div style=\"padding: 12.5% 0;\"><\/div>\n<div style=\"display: flex; flex-direction: row; margin-bottom: 14px; align-items: center;\">\n<div>\n<div style=\"background-color: #f4f4f4; border-radius: 50%; height: 12.5px; width: 12.5px; transform: translateX(0px) translateY(7px);\"><\/div>\n<div style=\"background-color: #f4f4f4; height: 12.5px; transform: rotate(-45deg) translateX(3px) translateY(1px); width: 12.5px; flex-grow: 0; margin-right: 14px; margin-left: 2px;\"><\/div>\n<div style=\"background-color: #f4f4f4; border-radius: 50%; height: 12.5px; width: 12.5px; transform: translateX(9px) translateY(-18px);\"><\/div>\n<\/div>\n<div style=\"margin-left: 8px;\">\n<div style=\"background-color: #f4f4f4; border-radius: 50%; flex-grow: 0; height: 20px; width: 20px;\"><\/div>\n<div style=\"width: 0; height: 0; border-top: 2px solid transparent; border-left: 6px solid #f4f4f4; border-bottom: 2px solid transparent; transform: translateX(16px) translateY(-4px) rotate(30deg);\"><\/div>\n<\/div>\n<div style=\"margin-left: auto;\">\n<div style=\"width: 0px; border-top: 8px solid #F4F4F4; border-right: 8px solid transparent; transform: translateY(16px);\"><\/div>\n<div style=\"background-color: #f4f4f4; flex-grow: 0; height: 12px; width: 16px; transform: translateY(-4px);\"><\/div>\n<div style=\"width: 0; height: 0; border-top: 8px solid #F4F4F4; border-left: 8px solid transparent; transform: translateY(-4px) translateX(8px);\"><\/div>\n<\/div>\n<\/div>\n<div style=\"display: flex; flex-direction: column; flex-grow: 1; justify-content: center; margin-bottom: 24px;\">\n<div style=\"background-color: #f4f4f4; border-radius: 4px; flex-grow: 0; height: 14px; margin-bottom: 6px; width: 224px;\"><\/div>\n<div style=\"background-color: #f4f4f4; border-radius: 4px; flex-grow: 0; height: 14px; width: 144px;\"><\/div>\n<\/div>\n<p>&nbsp;<\/p>\n<p style=\"color: #c9c8cd; font-family: Arial,sans-serif; font-size: 14px; line-height: 17px; margin-bottom: 0; margin-top: 8px; overflow: hidden; padding: 8px 0 7px; text-align: center; text-overflow: ellipsis; white-space: nowrap;\"><a style=\"color: #c9c8cd; font-family: Arial,sans-serif; font-size: 14px; font-style: normal; font-weight: normal; line-height: 17px; text-decoration: none;\" href=\"https:\/\/www.instagram.com\/tv\/CWHd6SRvUg2\/?utm_source=ig_embed&amp;utm_campaign=loading\" target=\"_blank\" rel=\"noopener\">Uma publica\u00e7\u00e3o compartilhada por Emerson Matos (@o.pensadista)<\/a><\/p>\n<\/div>\n<\/blockquote>\n<p><script async src=\"\/\/www.instagram.com\/embed.js\"><\/script><\/p>\n<h3>\u2018He Taught Us to Turn Affection Into Film\u2019<\/h3>\n<p>In November 2020, Cadu Barcellos <a href=\"https:\/\/bit.ly\/3SSDjih\">was murdered<\/a>, at 34 years of age, during an attempted robbery in downtown Rio de Janeiro. His death sparked outrage in Mar\u00e9 and across the city\u2019s cultural scene.<\/p>\n<p>In 2025, <a href=\"https:\/\/bit.ly\/43R670W\">Iroko Productions<\/a> launched the documentary <em data-start=\"177\" data-end=\"249\">Cadu Barcellos: A Child of the Favela Doesn\u2019t Die, He Becomes a Legend<\/em> and held an advance screening at <a href=\"https:\/\/bit.ly\/4n6PmGj\">CineBela Mar\u00e9<\/a> in February. The film, produced by Cadu\u2019s friends and partners, pays tribute to his career and celebrates his life and work.<\/p>\n<blockquote><p>\u201cIt was moving to see my son\u2019s story told, to see his work shown. How important it was for him to leave the dance group and become a filmmaker, which was something he really wanted. We would love to be telling his story with him here, but, unfortunately, that can\u2019t be. But the good work he did remains in our memories. It\u2019s good to remember what he left behind for the young people of Mar\u00e9 and many other favelas.\u201d \u2014 Neilde Barcelos<\/p><\/blockquote>\n<figure id=\"attachment_81438\" aria-describedby=\"caption-attachment-81438\" style=\"width: 2560px\" class=\"wp-caption aligncenter\"><a href=\"https:\/\/rioonwatch.org\/wp-content\/uploads\/2025\/08\/Behind-the-scenes-of-the-documentary-on-Cadus-memory-and-the-legacy-of-his-work-Photo-Press-release-scaled-1.jpg\"><img loading=\"lazy\" decoding=\"async\" class=\"wp-image-81438 size-full\" title=\"Behind the scenes of the documentary about Cadu\u2019s life and work, made by the filmmaker\u2019s colleagues and friends. Photo: Press release\" src=\"https:\/\/rioonwatch.org\/wp-content\/uploads\/2025\/08\/Behind-the-scenes-of-the-documentary-on-Cadus-memory-and-the-legacy-of-his-work-Photo-Press-release-scaled-1.jpg\" alt=\"Behind the scenes of the documentary about Cadu\u2019s life and work, made by the filmmaker\u2019s colleagues and friends. Photo: Press release\" width=\"2560\" height=\"1707\" srcset=\"https:\/\/rioonwatch.org\/wp-content\/uploads\/2025\/08\/Behind-the-scenes-of-the-documentary-on-Cadus-memory-and-the-legacy-of-his-work-Photo-Press-release-scaled-1.jpg 2560w, https:\/\/rioonwatch.org\/wp-content\/uploads\/2025\/08\/Behind-the-scenes-of-the-documentary-on-Cadus-memory-and-the-legacy-of-his-work-Photo-Press-release-scaled-1-620x413.jpg 620w, https:\/\/rioonwatch.org\/wp-content\/uploads\/2025\/08\/Behind-the-scenes-of-the-documentary-on-Cadus-memory-and-the-legacy-of-his-work-Photo-Press-release-scaled-1-943x629.jpg 943w, https:\/\/rioonwatch.org\/wp-content\/uploads\/2025\/08\/Behind-the-scenes-of-the-documentary-on-Cadus-memory-and-the-legacy-of-his-work-Photo-Press-release-scaled-1-768x512.jpg 768w, https:\/\/rioonwatch.org\/wp-content\/uploads\/2025\/08\/Behind-the-scenes-of-the-documentary-on-Cadus-memory-and-the-legacy-of-his-work-Photo-Press-release-scaled-1-1536x1024.jpg 1536w, https:\/\/rioonwatch.org\/wp-content\/uploads\/2025\/08\/Behind-the-scenes-of-the-documentary-on-Cadus-memory-and-the-legacy-of-his-work-Photo-Press-release-scaled-1-2048x1366.jpg 2048w\" sizes=\"(max-width: 2560px) 100vw, 2560px\" \/><\/a><figcaption id=\"caption-attachment-81438\" class=\"wp-caption-text\">Behind the scenes of the documentary about Cadu\u2019s life and work, made by the filmmaker\u2019s colleagues and friends. Photo: Press release<\/figcaption><\/figure>\n<p>\u201cEveryone was a friend of Cadu\u2019s\u2014from the cameraman to the producer. He brought people together, brought affections together, made human films,\u201d said screenwriter and director Wagner Novais. For him, the decision to direct a film about Cadu came from a sense of urgency: to defend the memory of his friend and great <em>carioca<\/em> filmmaker. He explains that, after Cadu\u2019s tragic death, online searches for his name were <a href=\"https:\/\/bit.ly\/2xFmEVx\">dominated by narratives of violence<\/a>, overshadowing the legacy of his life&#8217;s work. The film, therefore, became a tool to reverse this logic and create positive content about his story\u2014just like this article, which joins this movement to honor and reclaim the memory and legacy of Cadu Barcellos.<\/p>\n<blockquote><p>\u201cWe needed to make a sunny film that celebrated his power in life. The film was born from the desire to create another memory, to leave a gift. A gift for Bernardo [Cadu\u2019s son], so he knows the magnitude of the father he had. And a gift for future filmmakers, so they see Cadu as an inspiration. After all, this is what art does, right? It creates collective memory. And the memory we want to [see] remain of Cadu is of his light, his affection, and a legacy that inspires. Documenting Cadu\u2019s legacy is a mission, because his filmmaking was special\u2014he didn\u2019t film a subject, he filmed life. His legacy is this: proof that our lived experiences are the most powerful raw material there is. He taught us to turn affection into film, and this is a lesson that cannot be forgotten; it needs to be documented to inspire, always.\u201d \u2014 Wagner Novais<\/p><\/blockquote>\n<p>Beyond all that Cadu built, shared, and left as a legacy through his art and ideas, the filmmaker\u2019s memory lives on through the Cadu Barcellos Ecological Park. A public green space\u2014known by many as \u201cMar\u00e9&#8217;s forest\u201d\u2014the park was renamed in his honor as part of a <a href=\"https:\/\/bit.ly\/35ma8i5\">Black Awareness Month<\/a> initiative, through municipal <a href=\"https:\/\/bit.ly\/4lAcGeu\">bill 866<\/a>, enacted on November 10, 2021, one year after Cadu\u2019s brutal murder.<\/p>\n<p>With a biodiverse area of approximately 44,000 m\u00b2, the Cadu Barcellos Ecological Park is considered Mar\u00e9\u2019s \u201cgreen lung\u201d providing some respite from the community\u2019s intense urbanization. Furthermore, under the management of the <a href=\"https:\/\/bit.ly\/4nT7KD0\">Mar\u00e9 Ecological Park Residents\u2019 Association<\/a>, it is a focal point for initiatives essential to the development and well-being of residents, such as <a href=\"https:\/\/bit.ly\/4momGaY\">socio-educational, cultural<\/a>, and <a href=\"https:\/\/bit.ly\/40HZLyQ\">environmental<\/a> activities, as well as the <a href=\"https:\/\/bit.ly\/3U9bmmS\">donation of organic food<\/a>.<\/p>\n<p>Cadu Barcellos remains alive in collective memory, on screens and in the hearts of all who believe in the transformative power of art born in favelas. Just as Cadu dreamed and fought, his story lives on, inspiring new generations to create, resist and change the world.<\/p>\n<h3><strong>Discover Cadu Barcellos&#8217;s Filmography Here:<\/strong><\/h3>\n<ul>\n<li aria-level=\"1\"><b>2006 \u2013\u00a0<a href=\"https:\/\/bit.ly\/4k4P40b\" rel=\"noopener\"><em>Teixeira\u2019s Open-air Market<\/em><\/a> (short film)<\/b>\n<ul>\n<li aria-level=\"2\">Cadu\u2019s first work, completed as his final project at the Popular School of Critical Communication (ESPOCC). The film is a documentary and affectionate portrait of Mar\u00e9\u2019s traditional open-air market, exploring its cultural and economic importance for the community.<\/li>\n<\/ul>\n<\/li>\n<\/ul>\n<ul>\n<li aria-level=\"1\"><b>2007 \u2013\u00a0<em>City Chronicles<\/em> (TV series \u2013 <em>Canal Futura<\/em>)<\/b>\n<ul>\n<li aria-level=\"2\">Cadu spearheaded this six-part series, which turned chronicles by residents of favela communities across Brazil into fictional scripts. The project was collaborative, with the authors themselves joining the technical crew and, in many cases, acting in the productions.<\/li>\n<\/ul>\n<\/li>\n<\/ul>\n<ul>\n<li aria-level=\"1\"><b>2010 \u2013\u00a0<em>5x Favela: Now by Ourselves <\/em>(feature film)<\/b>\n<ul>\n<li aria-level=\"2\">Cadu directed the episode <em>Let It Fly<\/em>, one of five segments of the acclaimed feature produced by Cac\u00e1 Diegues. The film was a landmark in Brazilian cinema and received international recognition when it was selected for the Cannes Film Festival.<\/li>\n<\/ul>\n<\/li>\n<\/ul>\n<ul>\n<li aria-level=\"1\"><b>2011 \u2013 <em>One More in the Crowd<\/em> (short film)<\/b>\n<ul>\n<li aria-level=\"2\">A documentary that explores the eviction of residents from the Morro da Provid\u00eancia favela to make way for the <a href=\"https:\/\/bit.ly\/36moOZP\">Morar Carioca<\/a> Project. This work marked his formal debut in filmmaking, his gaze set on issues of favela life and human rights.<\/li>\n<\/ul>\n<\/li>\n<\/ul>\n<ul>\n<li aria-level=\"1\"><b>2012 \u2013\u00a0<em>5x Pacification <\/em>(feature film)<\/b>\n<ul>\n<li aria-level=\"2\">Cadu was one of the directors of this documentary, which investigates the impacts and contradictions of the Pacifying Police Units (<a href=\"https:\/\/bit.ly\/3SvvGM1\">UPP<\/a>s) in five Rio favelas.<\/li>\n<\/ul>\n<\/li>\n<\/ul>\n<ul>\n<li aria-level=\"1\"><b>2013 \u2013 <em>Passinho Battle: The Film <\/em>(feature film)<\/b>\n<ul>\n<li aria-level=\"2\">A documentary directed by Cadu, chronicling the cultural explosion of <em>passinho<\/em>, a dance style that originated in Rio&#8217;s favelas and became a global phenomenon. The film celebrates the creativity and resilience of favela youth.<\/li>\n<\/ul>\n<\/li>\n<\/ul>\n<ul>\n<li aria-level=\"1\"><b>2016 \u2013\u00a0<em>Guti<\/em> (documentary)<\/b>\n<ul>\n<li aria-level=\"2\">A sensitive documentary co-directed by Cadu that follows the journey of Guti, a young trans man, in his search for identity, acceptance and freedom amid social challenges.<\/li>\n<\/ul>\n<\/li>\n<\/ul>\n<ul>\n<li aria-level=\"1\"><b>2017 a 2020 \u2013\u00a0<a href=\"https:\/\/bit.ly\/4eckoc0\" rel=\"noopener\"><em>Greg News with Greg\u00f3rio Duvivier<\/em><\/a> (HBO TV program)<\/b>\n<ul>\n<li aria-level=\"1\">As a writer and director of segments, Cadu was a key voice on the program, bringing his critical perspective and sharp humor to address issues such as racism, police violence and social inequality on prime-time cable TV.<\/li>\n<\/ul>\n<\/li>\n<\/ul>\n<p><em>About the author: Juliana Portella is a journalist with a degree from the Federal Rural University of Rio de Janeiro (UFRRJ) and holds a master\u2019s in dducation from the Education, Culture, and Communication in Urban Peripheries Program (FEBF\/UERJ). She is a founding partner of Iroko Production and Consultancy.<\/em><\/p>\n<hr \/>\n<h4><b>Support RioOnWatch\u2019s tireless, critical and cutting-edge hyperlocal journalism, online community organizing meetings, and direct support to favelas\u00a0<\/b><a href=\"http:\/\/bit.ly\/FavelaCovidResponse\" target=\"_blank\" rel=\"noopener\">by clicking here<\/a><b>.<\/b><\/h4>\n","protected":false},"excerpt":{"rendered":"<div class=\"mh-excerpt\"><p>Clique aqui para Portugu\u00eas In the North Zone of Rio de Janeiro, in the group of favelas that make up Complexo da Mar\u00e9\u2014more precisely, in the Pinheiro favela, Block 7, apartment 502: that&#8217;s where Cadu <a class=\"mh-excerpt-more\" href=\"https:\/\/rioonwatch.org\/?p=81423\" title=\"Turning Affection Into Film: The Legacy of Cadu Barcellos, a Mar\u00e9 Native Who Brought Dignity to the Favela in Brazilian Film\">[&#8230;]<\/a><\/p>\n<\/div>","protected":false},"author":245,"featured_media":81424,"comment_status":"closed","ping_status":"closed","sticky":false,"template":"template-full.php","format":"standard","meta":{"_monsterinsights_skip_tracking":false,"_monsterinsights_sitenote_active":false,"_monsterinsights_sitenote_note":"","_monsterinsights_sitenote_category":0,"footnotes":""},"categories":[1288,1328,1268,1271,1284,3527],"tags":[1361,396,1102,280,2264,221,674,602,3140,1900,147,2679,281,523,144,3393,3030,3703,1321],"writer":[1481],"translator":[3795],"illustrator":[],"photographer":[],"class_list":{"0":"post-81423","1":"post","2":"type-post","3":"status-publish","4":"format-standard","5":"has-post-thumbnail","7":"category-highlight","8":"category-by-community-contributors","9":"category-favelaculture","10":"category-favelaqualities","11":"category-interviews-profiles","12":"category-representation","13":"tag-endfavelastigma","14":"tag-art","15":"tag-community-leader-profile","16":"tag-complexo-da-mare","17":"tag-conjunto-pinheiro","18":"tag-favela-culture","19":"tag-memory","20":"tag-film","21":"tag-obituary","22":"tag-media-narrative","23":"tag-morar-carioca","24":"tag-narrative-shifting","25":"tag-nova-holanda","26":"tag-observatorio-de-favelas","27":"tag-morro-da-providencia","28":"tag-representation","29":"tag-sense-of-belonging","30":"tag-series-memories-of-favela-power","31":"tag-vila-do-pinheiro","32":"writer-juliana-portella","33":"translator-marina-devine-guzman"},"_links":{"self":[{"href":"https:\/\/rioonwatch.org\/index.php?rest_route=\/wp\/v2\/posts\/81423","targetHints":{"allow":["GET"]}}],"collection":[{"href":"https:\/\/rioonwatch.org\/index.php?rest_route=\/wp\/v2\/posts"}],"about":[{"href":"https:\/\/rioonwatch.org\/index.php?rest_route=\/wp\/v2\/types\/post"}],"author":[{"embeddable":true,"href":"https:\/\/rioonwatch.org\/index.php?rest_route=\/wp\/v2\/users\/245"}],"replies":[{"embeddable":true,"href":"https:\/\/rioonwatch.org\/index.php?rest_route=%2Fwp%2Fv2%2Fcomments&post=81423"}],"version-history":[{"count":4,"href":"https:\/\/rioonwatch.org\/index.php?rest_route=\/wp\/v2\/posts\/81423\/revisions"}],"predecessor-version":[{"id":81501,"href":"https:\/\/rioonwatch.org\/index.php?rest_route=\/wp\/v2\/posts\/81423\/revisions\/81501"}],"wp:featuredmedia":[{"embeddable":true,"href":"https:\/\/rioonwatch.org\/index.php?rest_route=\/wp\/v2\/media\/81424"}],"wp:attachment":[{"href":"https:\/\/rioonwatch.org\/index.php?rest_route=%2Fwp%2Fv2%2Fmedia&parent=81423"}],"wp:term":[{"taxonomy":"category","embeddable":true,"href":"https:\/\/rioonwatch.org\/index.php?rest_route=%2Fwp%2Fv2%2Fcategories&post=81423"},{"taxonomy":"post_tag","embeddable":true,"href":"https:\/\/rioonwatch.org\/index.php?rest_route=%2Fwp%2Fv2%2Ftags&post=81423"},{"taxonomy":"writer","embeddable":true,"href":"https:\/\/rioonwatch.org\/index.php?rest_route=%2Fwp%2Fv2%2Fwriter&post=81423"},{"taxonomy":"translator","embeddable":true,"href":"https:\/\/rioonwatch.org\/index.php?rest_route=%2Fwp%2Fv2%2Ftranslator&post=81423"},{"taxonomy":"illustrator","embeddable":true,"href":"https:\/\/rioonwatch.org\/index.php?rest_route=%2Fwp%2Fv2%2Fillustrator&post=81423"},{"taxonomy":"photographer","embeddable":true,"href":"https:\/\/rioonwatch.org\/index.php?rest_route=%2Fwp%2Fv2%2Fphotographer&post=81423"}],"curies":[{"name":"wp","href":"https:\/\/api.w.org\/{rel}","templated":true}]}}