{"id":81510,"date":"2025-08-29T21:52:36","date_gmt":"2025-08-30T00:52:36","guid":{"rendered":"https:\/\/rioonwatch.org\/?p=81510"},"modified":"2025-09-05T22:48:28","modified_gmt":"2025-09-06T01:48:28","slug":"pedala-queimados-brings-social-change-through-cycling-in-rio-de-janeiros-most-distant-periphery-profile","status":"publish","type":"post","link":"https:\/\/rioonwatch.org\/?p=81510","title":{"rendered":"&#8216;Pedala Queimados&#8217; Brings Social Change Through Cycling in Rio de Janeiro&#8217;s Most Distant Periphery [PROFILE]"},"content":{"rendered":"<figure id=\"attachment_81511\" aria-describedby=\"caption-attachment-81511\" style=\"width: 2048px\" class=\"wp-caption aligncenter\"><a href=\"https:\/\/rioonwatch.org\/wp-content\/uploads\/2025\/08\/Pedala-Queimados-Project-activity-Pedala-Queimados-Archive.jpg\"><img fetchpriority=\"high\" decoding=\"async\" class=\"wp-image-81511 size-full\" title=\"As atividades oferecidas pelo Pedala Queimados incluem excurs\u00f5es de bicicleta pela \u00e1rea rural do munic\u00edpio. Acervo: Pedala Queimados The activities offered by Pedala Queimados include bike tours through rural areas of the municipality. Source: Pedala Queimados\" src=\"https:\/\/rioonwatch.org\/wp-content\/uploads\/2025\/08\/Pedala-Queimados-Project-activity-Pedala-Queimados-Archive.jpg\" alt=\"As atividades oferecidas pelo Pedala Queimados incluem excurs\u00f5es de bicicleta pela \u00e1rea rural do munic\u00edpio. Acervo: Pedala QueimadosThe activities offered by Pedala Queimados include bike tours through rural areas of the municipality. Source: Pedala Queimados \" width=\"2048\" height=\"1152\" srcset=\"https:\/\/rioonwatch.org\/wp-content\/uploads\/2025\/08\/Pedala-Queimados-Project-activity-Pedala-Queimados-Archive.jpg 2048w, https:\/\/rioonwatch.org\/wp-content\/uploads\/2025\/08\/Pedala-Queimados-Project-activity-Pedala-Queimados-Archive-620x349.jpg 620w, https:\/\/rioonwatch.org\/wp-content\/uploads\/2025\/08\/Pedala-Queimados-Project-activity-Pedala-Queimados-Archive-1118x629.jpg 1118w, https:\/\/rioonwatch.org\/wp-content\/uploads\/2025\/08\/Pedala-Queimados-Project-activity-Pedala-Queimados-Archive-768x432.jpg 768w, https:\/\/rioonwatch.org\/wp-content\/uploads\/2025\/08\/Pedala-Queimados-Project-activity-Pedala-Queimados-Archive-1536x864.jpg 1536w, https:\/\/rioonwatch.org\/wp-content\/uploads\/2025\/08\/Pedala-Queimados-Project-activity-Pedala-Queimados-Archive-678x381.jpg 678w\" sizes=\"(max-width: 2048px) 100vw, 2048px\" \/><\/a><figcaption id=\"caption-attachment-81511\" class=\"wp-caption-text\">The activities offered by Pedala Queimados include bike tours through rural areas of the municipality. Source: Pedala Queimados<\/figcaption><\/figure>\n<p style=\"text-align: right;\"><a href=\"https:\/\/bit.ly\/4fNkxn1\" target=\"_blank\" rel=\"noopener\"><strong><em>Clique aqui para Portugu\u00eas<\/em><\/strong><img decoding=\"async\" class=\"alignright wp-image-23766 size-full\" src=\"https:\/\/www.rioonwatch.org\/wp-content\/uploads\/2012\/08\/PT-e1439583827971.png\" width=\"20\" height=\"20\" \/><\/a><\/p>\n<p><img decoding=\"async\" class=\"wp-image-75697 alignright\" src=\"https:\/\/rioonwatch.org\/wp-content\/uploads\/2023\/08\/BehnerStiefel-300x102-1.png\" alt=\"\" width=\"200\" height=\"68\" \/><em> <i data-stringify-type=\"italic\">This article is part of a\u00a0<\/i><i data-stringify-type=\"italic\"><a class=\"c-link\" href=\"http:\/\/bit.ly\/SustainableFavelas\" target=\"_blank\" rel=\"noopener noreferrer\" aria-describedby=\"slack-kit-tooltip\">series of profiles of initiatives in Rio de Janeiro\u2019s Sustainable Favela Network<\/a>\u00a0and of <\/i>a\u00a0<a href=\"https:\/\/rioonwatch.org\/?tag=series-human-rights-with-support-from-the-behner-stiefel-center-at-sdsu\" target=\"_blank\" rel=\"noopener\">series<\/a>\u00a0created in partnership with the\u00a0<a href=\"https:\/\/brazil.sdsu.edu\/\" target=\"_blank\" rel=\"noopener\">Behner Stiefel Center for Brazilian Studies<\/a>\u00a0at San Diego State University, to produce articles for the\u00a0<a href=\"https:\/\/www.digitalbrazilproject.com\/community-reporting\" target=\"_blank\" rel=\"noopener\">Digital Brazil Project<\/a> on environmental justice in the favelas through RioOnWatch.<\/em><\/p>\n<blockquote><p><strong><span style=\"text-decoration: underline;\">Initiative<\/span>:<\/strong> Pedala Queimados (Cycle Queimados)<br \/>\n<strong><span style=\"text-decoration: underline;\">Contact<\/span>: \u00a0<a href=\"https:\/\/bit.ly\/2Xy5Puw\" rel=\"noopener\">Facebook<\/a>;\u00a0<a href=\"https:\/\/bit.ly\/2J7sUea\" rel=\"noopener\">Instagram<\/a>; <\/strong>WhatsApp: +5521965508094<br \/>\n<strong><span style=\"text-decoration: underline;\">Year Founded<\/span>:<\/strong> 2015<br \/>\n<strong><span style=\"text-decoration: underline;\">Municipality<\/span>:<\/strong> Queimados (in Greater Rio de Janeiro&#8217;s Baixada Fluminense region )<br \/>\n<strong><span style=\"text-decoration: underline;\">Mission<\/span>:<\/strong> Promote social change through cycling, focusing on creating opportunities\u2014especially for employment and income\u2014while also encouraging citizenship and reducing inequality.<br \/>\n<strong><span style=\"text-decoration: underline;\">Public Events<\/span>:<\/strong> Pedala Queimados holds frequent activities for children and their families in the Nossa Senhora de F\u00e1tima neighborhood (known as S\u00e3o Miguel) in Queimados, such as teaching children how to ride bicycles. In addition, special events are open to the public, including the <a href=\"https:\/\/bit.ly\/454YseO\">Bike de Cria Festival<\/a>, and group walks and bike rides through the region\u2019s rural areas, such as the <a href=\"https:\/\/bit.ly\/4m6ok0y\">Walk Queimados<\/a>. Check out their social media pages for more information about upcoming events.<br \/>\n<strong><span style=\"text-decoration: underline;\">Get Involved<\/span>:<\/strong> Participate in events, help promote the tours offered by the project, volunteer by sharing your skills, or support through donations or ongoing sponsorships.<\/p><\/blockquote>\n<p><em>What began in 2015 as an initiative to encourage the <a href=\"https:\/\/bit.ly\/41ostFg\">use of bicycles<\/a> as an economical and sustainable means of transportation soon developed into an association that integrates various demands of residents in <a href=\"https:\/\/bit.ly\/2IQNMHE\">Queimados<\/a>, a municipality in <a href=\"https:\/\/bit.ly\/2IqnU52\">Greater Rio de Janeiro<\/a>\u2019s <a href=\"https:\/\/bit.ly\/2XQQdyV\">Baixada Fluminense<\/a> region. Officially registered in 2019, <a href=\"https:\/\/bit.ly\/2J7sUea\">Pedala Queimados<\/a> promotes the use of bicycles in the city in order to strengthen <a href=\"https:\/\/bit.ly\/3UN9Mra\">sustainable mobility<\/a> and foster social change through active transport.\u00a0<\/em><\/p>\n<h3>\u2018I Realized I Didn\u2019t Have to Be Held Hostage by Public Transportation\u2019<\/h3>\n<p>When Carlos Leandro de Oliveira, founder of Pedala Queimados, found himself cycling 55 km (~34 miles) to work every day, he began to rethink how he moved around the city and his relationship with different modes of transport.<\/p>\n<blockquote><p>\u201cI grab my bike and start heading toward Rio, and I realize I don\u2019t have to be held hostage by public transport if I don\u2019t have the money to get around. The bike could take me many places, anywhere. And after two bike trips\u2014one to S\u00e3o Paulo and another between Minas and Esp\u00edrito Santo\u2014I began to see that if I could bike across Brazil, then people could bike in Queimados, which is flat and theoretically comfortable for cycling. Actually, not really, because there\u2019s no infrastructure. But people are already biking here, right? So I began mobilizing around the bicycle, [to encourage] people to bike here.\u201d \u2014 Carlos Leandro de Oliveira<\/p><\/blockquote>\n<p>The daily bike ride covered the stretch from Queimados to <a href=\"https:\/\/bit.ly\/2X5DZ4e\">downtown<\/a> Rio, and was a consequence of Oliveira&#8217;s delayed salary at a time when he was still an intern. This event encouraged him, in 2015, to create Pedala Queimados and promote greater awareness of the issue in the region, in addition to leading important projects in the field.<\/p>\n<p><iframe style=\"border: none; overflow: hidden;\" src=\"https:\/\/www.facebook.com\/plugins\/video.php?height=476&amp;href=https%3A%2F%2Fwww.facebook.com%2Freel%2F2066828243788725%2F&amp;show_text=true&amp;width=1030&amp;t=0\" width=\"1030\" height=\"650\" frameborder=\"0\" scrolling=\"no\" allowfullscreen=\"allowfullscreen\"><span data-mce-type=\"bookmark\" style=\"display: inline-block; width: 0px; overflow: hidden; line-height: 0;\" class=\"mce_SELRES_start\">\ufeff<\/span><span data-mce-type=\"bookmark\" style=\"display: inline-block; width: 0px; overflow: hidden; line-height: 0;\" class=\"mce_SELRES_start\">\ufeff<\/span><span data-mce-type=\"bookmark\" style=\"display: inline-block; width: 0px; overflow: hidden; line-height: 0;\" class=\"mce_SELRES_start\">\ufeff<\/span><\/iframe><\/p>\n<p>One of Pedala Queimados&#8217; first activities was a seminar held in partnership with <a href=\"https:\/\/bit.ly\/45bkDzZ\">Teto Brasil<\/a>, an organization that implements housing and habitat initiatives in precarious favelas. The meeting, which took place about a year after Pedala Queimados was created, aimed to discuss the challenges of implementing a cycling policy in the city.<\/p>\n<p>During this same period, between 2016 and 2018, the city of Queimados recorded violence rates higher than those of other Brazilian cities. <a href=\"https:\/\/bit.ly\/454XhMq\">Data collected by the Atlas of Violence<\/a> identified Queimados as the most violent city in the country at that time. Motivated to change this reality, Oliveira began to give Pedala Queimados an increasingly professional approach.<\/p>\n<blockquote><p>&#8220;How was I going to fight for mobility if people were barely surviving? Either I would keep fighting alone, or I could shift the focus and use the bicycle as a tool [for transformation] to help people survive. I began to understand what led people to such violence, even death&#8230; Some would steal, many turned to robbery, [used] drugs [here in the region]&#8230; and if the reason was this (many robbed because they had no work, because they had little schooling), [I thought about proposing] the bicycle as a tool for training, employment, and income. From there we came up with the idea for the project \u2018<a href=\"https:\/\/bit.ly\/45txIWC\">Queimados Cycling for the Future: Toward a More Humane City<\/a>.\u2019&#8221; \u2014 Carlos Leandro de Oliveira<\/p><\/blockquote>\n<figure id=\"attachment_81527\" aria-describedby=\"caption-attachment-81527\" style=\"width: 2048px\" class=\"wp-caption aligncenter\"><a href=\"https:\/\/rioonwatch.org\/wp-content\/uploads\/2025\/08\/Carlos-started-fair-mobility-project-in-Queimados-to-democratize-commuting-in-the-city.-Photo-Canal-Off.jpg\"><img loading=\"lazy\" decoding=\"async\" class=\"wp-image-81527 size-full\" title=\"Oliveira started a fair mobility project in Queimados to democratize transportation in the city. Photo: Canal Off\" src=\"https:\/\/rioonwatch.org\/wp-content\/uploads\/2025\/08\/Carlos-started-fair-mobility-project-in-Queimados-to-democratize-commuting-in-the-city.-Photo-Canal-Off.jpg\" alt=\"Oliveira started a fair mobility project in Queimados to democratize transportation in the city. Photo: Canal Off\" width=\"2048\" height=\"1152\" srcset=\"https:\/\/rioonwatch.org\/wp-content\/uploads\/2025\/08\/Carlos-started-fair-mobility-project-in-Queimados-to-democratize-commuting-in-the-city.-Photo-Canal-Off.jpg 2048w, https:\/\/rioonwatch.org\/wp-content\/uploads\/2025\/08\/Carlos-started-fair-mobility-project-in-Queimados-to-democratize-commuting-in-the-city.-Photo-Canal-Off-620x349.jpg 620w, https:\/\/rioonwatch.org\/wp-content\/uploads\/2025\/08\/Carlos-started-fair-mobility-project-in-Queimados-to-democratize-commuting-in-the-city.-Photo-Canal-Off-1118x629.jpg 1118w, https:\/\/rioonwatch.org\/wp-content\/uploads\/2025\/08\/Carlos-started-fair-mobility-project-in-Queimados-to-democratize-commuting-in-the-city.-Photo-Canal-Off-768x432.jpg 768w, https:\/\/rioonwatch.org\/wp-content\/uploads\/2025\/08\/Carlos-started-fair-mobility-project-in-Queimados-to-democratize-commuting-in-the-city.-Photo-Canal-Off-1536x864.jpg 1536w, https:\/\/rioonwatch.org\/wp-content\/uploads\/2025\/08\/Carlos-started-fair-mobility-project-in-Queimados-to-democratize-commuting-in-the-city.-Photo-Canal-Off-678x381.jpg 678w\" sizes=\"(max-width: 2048px) 100vw, 2048px\" \/><\/a><figcaption id=\"caption-attachment-81527\" class=\"wp-caption-text\">Oliveira started a fair mobility project in Queimados to democratize transportation in the city. Photo: <em>Canal Off<\/em><\/figcaption><\/figure>\n<p>Based on this mission, Pedala Queimados held its first bicycle assembly training in 2018, facilitated by craftsman <a href=\"https:\/\/bit.ly\/45O4eTw\">Klaus Wolkmann<\/a> of <a href=\"https:\/\/bit.ly\/3Uukh2r\">Art Bike Bamboo<\/a>. At the former Portal Cultural space in downtown Queimados, he taught 25 people to build bicycle frames using bamboo. The training included women, seniors, youth and some formerly incarcerated people, among others, generating opportunity and visibility. Ten bicycles were built at that time and the knowledge of how to construct bamboo bicycles stayed in Queimados. The funds for this specific project were raised through a crowdfunding campaign.<\/p>\n<blockquote class=\"instagram-media\" style=\"background: #FFF; border: 0; border-radius: 3px; box-shadow: 0 0 1px 0 rgba(0,0,0,0.5),0 1px 10px 0 rgba(0,0,0,0.15); margin: 1px; max-width: 540px; min-width: 326px; padding: 0; width: calc(100% - 2px);\" data-instgrm-captioned=\"\" data-instgrm-permalink=\"https:\/\/www.instagram.com\/p\/DKSL-fSNXBv\/?utm_source=ig_embed&amp;utm_campaign=loading\" data-instgrm-version=\"14\">\n<div style=\"padding: 16px;\">\n<p>&nbsp;<\/p>\n<div style=\"display: flex; flex-direction: row; align-items: center;\">\n<div style=\"background-color: #f4f4f4; border-radius: 50%; flex-grow: 0; height: 40px; margin-right: 14px; width: 40px;\"><\/div>\n<div style=\"display: flex; flex-direction: column; flex-grow: 1; justify-content: center;\">\n<div style=\"background-color: #f4f4f4; border-radius: 4px; flex-grow: 0; height: 14px; margin-bottom: 6px; width: 100px;\"><\/div>\n<div style=\"background-color: #f4f4f4; border-radius: 4px; flex-grow: 0; height: 14px; width: 60px;\"><\/div>\n<\/div>\n<\/div>\n<div style=\"padding: 19% 0;\"><\/div>\n<div style=\"display: block; height: 50px; margin: 0 auto 12px; width: 50px;\"><\/div>\n<div style=\"padding-top: 8px;\">\n<div style=\"color: #3897f0; font-family: Arial,sans-serif; font-size: 14px; font-style: normal; font-weight: 550; line-height: 18px;\">Ver essa foto no Instagram<\/div>\n<\/div>\n<div style=\"padding: 12.5% 0;\"><\/div>\n<div style=\"display: flex; flex-direction: row; margin-bottom: 14px; align-items: center;\">\n<div>\n<div style=\"background-color: #f4f4f4; border-radius: 50%; height: 12.5px; width: 12.5px; transform: translateX(0px) translateY(7px);\"><\/div>\n<div style=\"background-color: #f4f4f4; height: 12.5px; transform: rotate(-45deg) translateX(3px) translateY(1px); width: 12.5px; flex-grow: 0; margin-right: 14px; margin-left: 2px;\"><\/div>\n<div style=\"background-color: #f4f4f4; border-radius: 50%; height: 12.5px; width: 12.5px; transform: translateX(9px) translateY(-18px);\"><\/div>\n<\/div>\n<div style=\"margin-left: 8px;\">\n<div style=\"background-color: #f4f4f4; border-radius: 50%; flex-grow: 0; height: 20px; width: 20px;\"><\/div>\n<div style=\"width: 0; height: 0; border-top: 2px solid transparent; border-left: 6px solid #f4f4f4; border-bottom: 2px solid transparent; transform: translateX(16px) translateY(-4px) rotate(30deg);\"><\/div>\n<\/div>\n<div style=\"margin-left: auto;\">\n<div style=\"width: 0px; border-top: 8px solid #F4F4F4; border-right: 8px solid transparent; transform: translateY(16px);\"><\/div>\n<div style=\"background-color: #f4f4f4; flex-grow: 0; height: 12px; width: 16px; transform: translateY(-4px);\"><\/div>\n<div style=\"width: 0; height: 0; border-top: 8px solid #F4F4F4; border-left: 8px solid transparent; transform: translateY(-4px) translateX(8px);\"><\/div>\n<\/div>\n<\/div>\n<div style=\"display: flex; flex-direction: column; flex-grow: 1; justify-content: center; margin-bottom: 24px;\">\n<div style=\"background-color: #f4f4f4; border-radius: 4px; flex-grow: 0; height: 14px; margin-bottom: 6px; width: 224px;\"><\/div>\n<div style=\"background-color: #f4f4f4; border-radius: 4px; flex-grow: 0; height: 14px; width: 144px;\"><\/div>\n<\/div>\n<p>&nbsp;<\/p>\n<p style=\"color: #c9c8cd; font-family: Arial,sans-serif; font-size: 14px; line-height: 17px; margin-bottom: 0; margin-top: 8px; overflow: hidden; padding: 8px 0 7px; text-align: center; text-overflow: ellipsis; white-space: nowrap;\"><a style=\"color: #c9c8cd; font-family: Arial,sans-serif; font-size: 14px; font-style: normal; font-weight: normal; line-height: 17px; text-decoration: none;\" href=\"https:\/\/www.instagram.com\/p\/DKSL-fSNXBv\/?utm_source=ig_embed&amp;utm_campaign=loading\" target=\"_blank\" rel=\"noopener\">Uma publica\u00e7\u00e3o compartilhada por Pedala Queimados (@pedalaqueimados)<\/a><\/p>\n<\/div>\n<\/blockquote>\n<h3><script async src=\"\/\/www.instagram.com\/embed.js\"><\/script><br \/>\nLack of Funding Challenges Project Sustainability<\/h3>\n<p>Despite its potential, the high production costs made it hard to keep the initiative going, which sought precisely to democratize access to bicycles in Queimados. Financial constraints are among the greatest barriers faced by community projects promoting active and sustainable mobility.<\/p>\n<figure id=\"attachment_81528\" aria-describedby=\"caption-attachment-81528\" style=\"width: 1200px\" class=\"wp-caption aligncenter\"><a href=\"https:\/\/rioonwatch.org\/wp-content\/uploads\/2025\/08\/Bamboo-bikes-Photo-Pedala-Queimados-Archive.jpg\"><img loading=\"lazy\" decoding=\"async\" class=\"wp-image-81528 size-full\" title=\"Bamboo bike assembly training, offered by Pedala Queimados with the aim of democratizing access to bicycles in the region. Photo: Pedala Queimados Archive\" src=\"https:\/\/rioonwatch.org\/wp-content\/uploads\/2025\/08\/Bamboo-bikes-Photo-Pedala-Queimados-Archive.jpg\" alt=\"Bamboo bike assembly training, offered by Pedala Queimados with the aim of democratizing access to bicycles in the region. Photo: Pedala Queimados Archive\" width=\"1200\" height=\"1600\" srcset=\"https:\/\/rioonwatch.org\/wp-content\/uploads\/2025\/08\/Bamboo-bikes-Photo-Pedala-Queimados-Archive.jpg 1200w, https:\/\/rioonwatch.org\/wp-content\/uploads\/2025\/08\/Bamboo-bikes-Photo-Pedala-Queimados-Archive-465x620.jpg 465w, https:\/\/rioonwatch.org\/wp-content\/uploads\/2025\/08\/Bamboo-bikes-Photo-Pedala-Queimados-Archive-472x629.jpg 472w, https:\/\/rioonwatch.org\/wp-content\/uploads\/2025\/08\/Bamboo-bikes-Photo-Pedala-Queimados-Archive-768x1024.jpg 768w, https:\/\/rioonwatch.org\/wp-content\/uploads\/2025\/08\/Bamboo-bikes-Photo-Pedala-Queimados-Archive-1152x1536.jpg 1152w\" sizes=\"(max-width: 1200px) 100vw, 1200px\" \/><\/a><figcaption id=\"caption-attachment-81528\" class=\"wp-caption-text\">Bamboo bike assembly training, offered by Pedala Queimados with the aim of democratizing access to bicycles in the region. Photo: Pedala Queimados Archive<\/figcaption><\/figure>\n<p>In 2018, besides the bamboo bike workshops, Pedala Queimados also replicated a project by the organization <a href=\"https:\/\/bit.ly\/45n9Tzy\">Ameciclo<\/a>, first launched in Recife, a city in Northeast Brazil. Called the Abandoned Bicycle Capital Proposal, this initiative targeted residential complexes from the federally-funded public housing program <a href=\"https:\/\/bit.ly\/1lTMw0y\">My House My Life<\/a>. It was carried out as part of Pedala Queimados\u2019 \u201cCycling for the Future\u201d program.<\/p>\n<p>The project collected abandoned bicycles in various parts of Rio de Janeiro to be repaired and donated for collective use by residents of My House My Life housing complexes in Queimados. The project aimed to provide access to a <a href=\"https:\/\/bit.ly\/44YIbt3\">shared bicycle system<\/a>, as well as train residents in mechanics, bike repair, and conscious use of bicycles as a means of mobility.<\/p>\n<blockquote><p>\u201cUnderstanding what led these people to suffer violence, to die, to steal, to rob&#8230; If the reason was because they didn\u2019t have jobs, [because they had] little schooling and a number of [other] issues\u2026 then let\u2019s use bicycles as a tool for training, <a href=\"https:\/\/bit.ly\/2gHYbJt\">employment<\/a>, and <a href=\"https:\/\/bit.ly\/3N0xk8S\">income generation<\/a>.\u201d \u2014 Carlos Leandro de Oliveira<\/p><\/blockquote>\n<figure id=\"attachment_81529\" aria-describedby=\"caption-attachment-81529\" style=\"width: 1153px\" class=\"wp-caption aligncenter\"><a href=\"https:\/\/rioonwatch.org\/wp-content\/uploads\/2025\/08\/Bicycles-were-collected-in-condominiums-in-Rio-de-Janeiros-affluent-areas-to-be-refurbished-and-given-to-low-income-residents.-Photo-Personal-archive.jpg\"><img loading=\"lazy\" decoding=\"async\" class=\"wp-image-81529 size-full\" title=\"Bicycles were collected from gated communities in upscale areas of Rio de Janeiro to be refurbished and delivered to low-income residents of Queimados. Photo: Personal archive\" src=\"https:\/\/rioonwatch.org\/wp-content\/uploads\/2025\/08\/Bicycles-were-collected-in-condominiums-in-Rio-de-Janeiros-affluent-areas-to-be-refurbished-and-given-to-low-income-residents.-Photo-Personal-archive.jpg\" alt=\"Bicycles were collected from gated communities in upscale areas of Rio de Janeiro to be refurbished and delivered to low-income residents of Queimados. Photo: Personal archive\" width=\"1153\" height=\"2048\" srcset=\"https:\/\/rioonwatch.org\/wp-content\/uploads\/2025\/08\/Bicycles-were-collected-in-condominiums-in-Rio-de-Janeiros-affluent-areas-to-be-refurbished-and-given-to-low-income-residents.-Photo-Personal-archive.jpg 1153w, https:\/\/rioonwatch.org\/wp-content\/uploads\/2025\/08\/Bicycles-were-collected-in-condominiums-in-Rio-de-Janeiros-affluent-areas-to-be-refurbished-and-given-to-low-income-residents.-Photo-Personal-archive-349x620.jpg 349w, https:\/\/rioonwatch.org\/wp-content\/uploads\/2025\/08\/Bicycles-were-collected-in-condominiums-in-Rio-de-Janeiros-affluent-areas-to-be-refurbished-and-given-to-low-income-residents.-Photo-Personal-archive-354x629.jpg 354w, https:\/\/rioonwatch.org\/wp-content\/uploads\/2025\/08\/Bicycles-were-collected-in-condominiums-in-Rio-de-Janeiros-affluent-areas-to-be-refurbished-and-given-to-low-income-residents.-Photo-Personal-archive-768x1364.jpg 768w, https:\/\/rioonwatch.org\/wp-content\/uploads\/2025\/08\/Bicycles-were-collected-in-condominiums-in-Rio-de-Janeiros-affluent-areas-to-be-refurbished-and-given-to-low-income-residents.-Photo-Personal-archive-865x1536.jpg 865w\" sizes=\"(max-width: 1153px) 100vw, 1153px\" \/><\/a><figcaption id=\"caption-attachment-81529\" class=\"wp-caption-text\">Bicycles were collected from gated communities in upscale areas of Rio de Janeiro to be refurbished and delivered to low-income residents of Queimados. Photo: Personal archive<\/figcaption><\/figure>\n<p>However, the <a href=\"https:\/\/bit.ly\/2RD5IJR\">pandemic<\/a> impacted the completion of the project, which was put on hold until health restrictions were loosened. Some of the bicycles that had already been collected were stolen during this period. The remaining material was donated to <a href=\"https:\/\/bit.ly\/4mcpqIg\">Golfinhos da Baixada<\/a>, a swimming project for children, or stored in Pedala Queimados\u2019 warehouse. Despite the obstacles, Oliveira and his companions persevered.<\/p>\n<blockquote>\n<figure id=\"attachment_81539\" aria-describedby=\"caption-attachment-81539\" style=\"width: 500px\" class=\"wp-caption alignright\"><a href=\"https:\/\/rioonwatch.org\/wp-content\/uploads\/2025\/08\/In-the-photo-Carlos-Leandro-during-one-of-the-workshops-held-in-2022-Photo-Personal-Archive.jpg\"><img loading=\"lazy\" decoding=\"async\" class=\"wp-image-81539\" title=\"The project offered a course on bamboo bicycle assembly, an initiative supported through crowdfunding. In the photo, Oliveira during one of the workshops held in 2022. Photo: Personal archive\" src=\"https:\/\/rioonwatch.org\/wp-content\/uploads\/2025\/08\/In-the-photo-Carlos-Leandro-during-one-of-the-workshops-held-in-2022-Photo-Personal-Archive-620x620.jpg\" alt=\"The project offered a course on bamboo bicycle assembly, an initiative supported through crowdfunding. In the photo, Oliveira during one of the workshops held in 2022. Photo: Personal archive\" width=\"500\" height=\"500\" srcset=\"https:\/\/rioonwatch.org\/wp-content\/uploads\/2025\/08\/In-the-photo-Carlos-Leandro-during-one-of-the-workshops-held-in-2022-Photo-Personal-Archive-620x620.jpg 620w, https:\/\/rioonwatch.org\/wp-content\/uploads\/2025\/08\/In-the-photo-Carlos-Leandro-during-one-of-the-workshops-held-in-2022-Photo-Personal-Archive-629x629.jpg 629w, https:\/\/rioonwatch.org\/wp-content\/uploads\/2025\/08\/In-the-photo-Carlos-Leandro-during-one-of-the-workshops-held-in-2022-Photo-Personal-Archive.jpg 720w\" sizes=\"(max-width: 500px) 100vw, 500px\" \/><\/a><figcaption id=\"caption-attachment-81539\" class=\"wp-caption-text\">The project offered a course on bamboo bicycle assembly, an initiative supported through crowdfunding. In the photo, Oliveira during one of the workshops held in 2022. Photo: Personal archive<\/figcaption><\/figure>\n<p>&#8220;We weren\u2019t able to follow through with the project. That\u2019s also tough because, when we got there, we mobilized a lot of people\u2014especially children and teenagers\u2014and in the end, we couldn\u2019t deliver. That messes with their expectations, you know? Right now, we\u2019re applying for a grant to try to restart this project in another area. This year, we applied to <a href=\"https:\/\/bit.ly\/3UBCb3g\">Bicicleta Brasil<\/a> [a Ministry of Cities program] and received the seal, but didn\u2019t get the prize [in cash or the final approval], which would have made it possible. Our CNPJ [number with the National Registry of Legal Entities] was denied because we didn&#8217;t file the right papers. You need funding for all that, right? You have to pay the accountant\u2014and if you don\u2019t have funding, how can you afford that? We\u2019re trying to sort that out.&#8221; \u2014 Carlos Leandro de Oliveira<\/p><\/blockquote>\n<p>Along with the challenges already faced, factors such as economic sustainability affect the continuity of the initiative.<\/p>\n<blockquote><p>&#8220;No bike-sharing model in Brazil or anywhere else in the world can sustain itself solely on user fees [charges for use]. Without a sponsor behind it, the bikes won\u2019t run. It\u2019s the same here [in Queimados], because you need maintenance\u2014the streets are in very poor condition. It&#8217;s not fair to put all the costs on the user, since [transportation] fares are already high and the idea is to reduce costs. It\u2019s an [extremely challenging] issue. Calls for proposals and funding were paths we had in mind, and that pushed us to think of other ways to sustain ourselves, because the pandemic laid bare a huge reality: how to sustain ourselves through what we do.&#8221; \u2014 Carlos Leandro de Oliveira<\/p><\/blockquote>\n<p>During the pandemic, Pedala Queimados reinvented itself, and the bicycle proved to be a key factor in overcoming the challenges posed by the health crisis. Community groups such as <a href=\"https:\/\/bit.ly\/4fBipOX\">Golfinhos da Baixada<\/a>, <a href=\"https:\/\/bit.ly\/45KC9wl\">Better World Collective<\/a>, Friends of Para\u00edso Association (<a href=\"https:\/\/bit.ly\/4oqW0bc\">AMPARA<\/a>), <a href=\"https:\/\/bit.ly\/3JfeM5e\">Vis\u00e3o Coop<\/a>, and Professora Marli Esteves Institute, among others, joined forces in the <a href=\"https:\/\/bit.ly\/3ISo72R\">Uni\u00e3o Rio Movement<\/a> to deliver baskets of basic foodstuffs and hygiene items through bike deliveries. The initiative focused on serving municipalities in the Baixada Fluminense region, such as Queimados, Japeri, Nova Igua\u00e7u, S\u00e3o Jo\u00e3o de Meriti, and others.<\/p>\n<p>Although it managed to get through the pandemic, Pedala Queimados still feels its effects. Few of the bicycles collected actually reached new users, mainly due to the lack of space, lack of resources to refurbish them, and issues related to the region.<\/p>\n<blockquote><p>&#8220;Over the years [especially after the pandemic], Pedala Queimados has continued its activities in a limited way, offering bamboo bicycle workshops in Queimados. However, the assembly of bamboo bikes has been carried out with our own resources, left over from the first workshop. The project survives on occasional funding, like services I provide myself and external financial or material support. The realization of Queimados&#8217; tourism potential is also affected by the violent representation of the region. What is the context in which most people talk about this place? It&#8217;s the context in which people from Rio proper perceive the Baixada Fluminense as a violent place. It&#8217;s the context in which only bad things are seen as happening here\u2026 How can we break this stigma? How can we attract people to come here, to value and strengthen this place? It&#8217;s against this backdrop [that we fight] <a href=\"https:\/\/bit.ly\/2x39npy\">not to accept the stigma<\/a> imposed on us, as if it were normal.&#8221; \u2014 Carlos Leandro de Oliveira<\/p><\/blockquote>\n<h3>Ecotourism and Sustainable Entrepreneurship Rolls with Pedala Queimados<\/h3>\n<p>Pedala Queimados has been offering bike tours along nature trails in Queimados since the easing of health restrictions in 2022. In this way, it joined the ecotourism movement in the region, promoting outdoor physical activities that still respected the social distancing measures required at that stage of the pandemic.<\/p>\n<p>Pedala Queimados currently offers group walks and rides through the city\u2019s rural areas. One of these events is the <a href=\"https:\/\/bit.ly\/4oP0PLQ\">Walk Queimados \u2013 Nature Trek<\/a>, which attracts participants of all ages. People join by bike or on foot, exploring the beauty of Queimados\u2019s rural landscapes. Each participant makes a small contribution, helping sustain this self-financed organization. In this way, Pedala Queimados offers a safe community experience that helps put Queimados on the map of ecotourism capitals.<\/p>\n<figure id=\"attachment_81537\" aria-describedby=\"caption-attachment-81537\" style=\"width: 1600px\" class=\"wp-caption aligncenter\"><a href=\"https:\/\/rioonwatch.org\/wp-content\/uploads\/2025\/08\/Among-the-activities-developed-by-the-project-after-the-pandemic-was-tourism-in-the-Queimados-region-aiming-at-the-continuity-of-the-initiative-Photo-Personal-Archive.jpg\"><img loading=\"lazy\" decoding=\"async\" class=\"wp-image-81537 size-full\" title=\"Among the activities that the project began to develop after the pandemic is ecotourism in the rural area of Queimados. Photo: Personal archive\" src=\"https:\/\/rioonwatch.org\/wp-content\/uploads\/2025\/08\/Among-the-activities-developed-by-the-project-after-the-pandemic-was-tourism-in-the-Queimados-region-aiming-at-the-continuity-of-the-initiative-Photo-Personal-Archive.jpg\" alt=\"Among the activities that the project began to develop after the pandemic is ecotourism in the rural area of Queimados. Photo: Personal archive\" width=\"1600\" height=\"1200\" srcset=\"https:\/\/rioonwatch.org\/wp-content\/uploads\/2025\/08\/Among-the-activities-developed-by-the-project-after-the-pandemic-was-tourism-in-the-Queimados-region-aiming-at-the-continuity-of-the-initiative-Photo-Personal-Archive.jpg 1600w, https:\/\/rioonwatch.org\/wp-content\/uploads\/2025\/08\/Among-the-activities-developed-by-the-project-after-the-pandemic-was-tourism-in-the-Queimados-region-aiming-at-the-continuity-of-the-initiative-Photo-Personal-Archive-620x465.jpg 620w, https:\/\/rioonwatch.org\/wp-content\/uploads\/2025\/08\/Among-the-activities-developed-by-the-project-after-the-pandemic-was-tourism-in-the-Queimados-region-aiming-at-the-continuity-of-the-initiative-Photo-Personal-Archive-839x629.jpg 839w, https:\/\/rioonwatch.org\/wp-content\/uploads\/2025\/08\/Among-the-activities-developed-by-the-project-after-the-pandemic-was-tourism-in-the-Queimados-region-aiming-at-the-continuity-of-the-initiative-Photo-Personal-Archive-768x576.jpg 768w, https:\/\/rioonwatch.org\/wp-content\/uploads\/2025\/08\/Among-the-activities-developed-by-the-project-after-the-pandemic-was-tourism-in-the-Queimados-region-aiming-at-the-continuity-of-the-initiative-Photo-Personal-Archive-1536x1152.jpg 1536w, https:\/\/rioonwatch.org\/wp-content\/uploads\/2025\/08\/Among-the-activities-developed-by-the-project-after-the-pandemic-was-tourism-in-the-Queimados-region-aiming-at-the-continuity-of-the-initiative-Photo-Personal-Archive-678x509.jpg 678w, https:\/\/rioonwatch.org\/wp-content\/uploads\/2025\/08\/Among-the-activities-developed-by-the-project-after-the-pandemic-was-tourism-in-the-Queimados-region-aiming-at-the-continuity-of-the-initiative-Photo-Personal-Archive-326x245.jpg 326w, https:\/\/rioonwatch.org\/wp-content\/uploads\/2025\/08\/Among-the-activities-developed-by-the-project-after-the-pandemic-was-tourism-in-the-Queimados-region-aiming-at-the-continuity-of-the-initiative-Photo-Personal-Archive-80x60.jpg 80w\" sizes=\"(max-width: 1600px) 100vw, 1600px\" \/><\/a><figcaption id=\"caption-attachment-81537\" class=\"wp-caption-text\">Among the activities that the project began to develop after the pandemic is ecotourism in the rural area of Queimados. Photo: Personal archive<\/figcaption><\/figure>\n<p>Despite the setbacks, Pedala Queimados began a new line of work in 2022: the sustainable production of shopping bags, reusing materials from major events such as <a href=\"https:\/\/bit.ly\/3Jw4rlu\">Shimano Fest<\/a>\u2014one of the largest bike festivals in Latin America, held in S\u00e3o Paulo\u2014the <a href=\"https:\/\/bit.ly\/3Jgv6CQ\">Rei e Rainha do Mar<\/a> surfing competition, and the <a href=\"https:\/\/bit.ly\/4oAmQO8\">Christ the Redeemer Half Marathon<\/a>, both held in Rio de Janeiro.<\/p>\n<p><iframe style=\"border: none; overflow: hidden;\" src=\"https:\/\/www.facebook.com\/plugins\/post.php?href=https%3A%2F%2Fwww.facebook.com%2Fpedala.queimados.5%2Fposts%2Fpfbid02ymegsDVLmY9X7GHEDqMG6LGo32qqFY9x4p1NQRhh7Awr63r2RnJab8q4ND5y9sdol&amp;show_text=true&amp;width=500\" width=\"500\" height=\"716\" frameborder=\"0\" scrolling=\"no\" allowfullscreen=\"allowfullscreen\"><\/iframe><\/p>\n<p>The bags are produced using what&#8217;s called a <a href=\"https:\/\/bit.ly\/45IpNFb\">circular economy<\/a> or <a href=\"https:\/\/bit.ly\/424hktx\">sustainability tripod<\/a>. The idea is to take the tarps used at these events and turn them into reusable bags made by socially vulnerable residents of Queimados. In the end, the bags are bought by the organizers of the same events that had provided the material. According to Oliveira, this model promotes justice on three pillars: environmental, economic, and social.<\/p>\n<p>However, production was interrupted two months ago when the warehouse, located in the Nossa Senhora da Concei\u00e7\u00e3o neighborhood in Queimados, was broken into and burgled. All the wiring was cut and the machinery used to make the bags stolen, causing significant losses. The project is now focused on launching a crowdfunding campaign to restart bag production.<\/p>\n<figure id=\"attachment_81540\" aria-describedby=\"caption-attachment-81540\" style=\"width: 1600px\" class=\"wp-caption aligncenter\"><a href=\"https:\/\/rioonwatch.org\/wp-content\/uploads\/2025\/08\/Besides-addressing-mobility-Pedala-Queimados-also-coordinates-other-socio-environmental-actions-such-as-the-production-of-eco-bags-made-with-materials-donated-by-sporting-events-Photo-Personal-Archive.jpg\"><img loading=\"lazy\" decoding=\"async\" class=\"wp-image-81540 size-full\" title=\"In addition to promoting active mobility, Pedala Queimados coordinates other socio-environmental initiatives, such as producing eco-bags from materials donated by sporting events. Photo: Personal archive\" src=\"https:\/\/rioonwatch.org\/wp-content\/uploads\/2025\/08\/Besides-addressing-mobility-Pedala-Queimados-also-coordinates-other-socio-environmental-actions-such-as-the-production-of-eco-bags-made-with-materials-donated-by-sporting-events-Photo-Personal-Archive.jpg\" alt=\"In addition to promoting active mobility, Pedala Queimados coordinates other socio-environmental initiatives, such as producing eco-bags from materials donated by sporting events. Photo: Personal archive\" width=\"1600\" height=\"900\" srcset=\"https:\/\/rioonwatch.org\/wp-content\/uploads\/2025\/08\/Besides-addressing-mobility-Pedala-Queimados-also-coordinates-other-socio-environmental-actions-such-as-the-production-of-eco-bags-made-with-materials-donated-by-sporting-events-Photo-Personal-Archive.jpg 1600w, https:\/\/rioonwatch.org\/wp-content\/uploads\/2025\/08\/Besides-addressing-mobility-Pedala-Queimados-also-coordinates-other-socio-environmental-actions-such-as-the-production-of-eco-bags-made-with-materials-donated-by-sporting-events-Photo-Personal-Archive-620x349.jpg 620w, https:\/\/rioonwatch.org\/wp-content\/uploads\/2025\/08\/Besides-addressing-mobility-Pedala-Queimados-also-coordinates-other-socio-environmental-actions-such-as-the-production-of-eco-bags-made-with-materials-donated-by-sporting-events-Photo-Personal-Archive-1118x629.jpg 1118w, https:\/\/rioonwatch.org\/wp-content\/uploads\/2025\/08\/Besides-addressing-mobility-Pedala-Queimados-also-coordinates-other-socio-environmental-actions-such-as-the-production-of-eco-bags-made-with-materials-donated-by-sporting-events-Photo-Personal-Archive-768x432.jpg 768w, https:\/\/rioonwatch.org\/wp-content\/uploads\/2025\/08\/Besides-addressing-mobility-Pedala-Queimados-also-coordinates-other-socio-environmental-actions-such-as-the-production-of-eco-bags-made-with-materials-donated-by-sporting-events-Photo-Personal-Archive-1536x864.jpg 1536w, https:\/\/rioonwatch.org\/wp-content\/uploads\/2025\/08\/Besides-addressing-mobility-Pedala-Queimados-also-coordinates-other-socio-environmental-actions-such-as-the-production-of-eco-bags-made-with-materials-donated-by-sporting-events-Photo-Personal-Archive-678x381.jpg 678w\" sizes=\"(max-width: 1600px) 100vw, 1600px\" \/><\/a><figcaption id=\"caption-attachment-81540\" class=\"wp-caption-text\">In addition to promoting active mobility, Pedala Queimados coordinates other socio-environmental initiatives, such as producing eco-bags from materials donated by sporting events. Photo: Personal archive<\/figcaption><\/figure>\n<h3>\u2018Making Active Mobility a Priority\u2019<\/h3>\n<p>Currently, Pra\u00e7a da Paz, located in the Nossa Senhora de F\u00e1tima neighborhood in Queimados, is a central hub for the project, also serving as a community space and venue for events and festivals. Every month, in this square, children between the ages of two and eight learn to ride bikes with Pedala Queimados. The space features walls covered with graffiti, paintings, and writings that serve to reclaim the neighborhood\u2019s values and honor those who left their mark on the development and history of the region. Occupying this space in the neighborhood is seen as an act of resistance and hope.<\/p>\n<p>According to Oliveira, promoting social work through bicycles is essential to push for changes in public policies on urban mobility, which are still extremely deficient or even non-existent in the peripheral areas of Greater Rio, such as Queimados.<\/p>\n<blockquote><p>&#8220;The government invests resources where there are cars, right? But for bicycles, almost nothing. So how do you reverse this logic? [By investing] in people. If you look, most people in Queimados get around on foot or by bike. And what kind of investment is there for this type of public? The sidewalks are all inaccessible. The bike lanes they build in the city run along the river, poorly made, and with the first heavy rain everything gets washed away, like what happened here. So this is the big challenge: making active mobility a priority in public investment. That\u2019s what the City Statute says, that\u2019s what guides it, and what [also] guides the National Urban Mobility Policy: cities with over 20,000 inhabitants must invest and must have a municipal mobility plan that includes bicycles, with social participation. And that, unfortunately, is not something the public administration does here [in Queimados]. And I, who once served as an environmental councilor [on the Municipal Environmental Council of Queimados (COMDEMA)], realized that [we], environmental activists, don\u2019t have enough power to give weight to this debate. Especially because there\u2019s no one defending this cause in the <a href=\"https:\/\/bit.ly\/3Uo1llY\">City Council [of Queimados<\/a>]. Everyone there uses cars and sees the city through a car-centered lens. We put our bodies at risk [by walking and cycling in Queimados. So,] we need to occupy this space, we need to show that our bodies are there [to engender public policies that promote active mobility].&#8221; \u2014 Carlos Leandro de Oliveira<\/p><\/blockquote>\n<div class=\"entry-content clearfix\">\n<h4>To contact and donate to this community\u00a0initiative and for more information (in Portuguese) click\u00a0<a href=\"https:\/\/bit.ly\/46YekSN\" target=\"_blank\" rel=\"noopener\">here<\/a>. For those requiring an English interface,\u00a0<a href=\"http:\/\/www.catcomm.org\/\" target=\"_blank\" rel=\"noopener\">Catalytic Communities<\/a>, the US 501[c][3] nonprofit that publishes <em>RioOnWatch<\/em>, can also act as fiscal sponsor for those who would like to make a US tax-deductible donation in English <a href=\"http:\/\/bit.ly\/uqhUg9\" target=\"_blank\" rel=\"noopener\">here<\/a>. You may follow up at donate@catcomm.org confirming your donation is earmarked for \u201cPedala Queimados.\u201d<\/h4>\n<\/div>\n<p><em>About the author:\u00a0<a href=\"https:\/\/bit.ly\/3p94eas\" target=\"_blank\" rel=\"noopener\">Amanda Baroni Lopes<\/a>\u00a0has a degree in journalism from Unicarioca and was part of the first Journalism Laboratory organized by Mar\u00e9\u2019s community newspaper\u00a0<a href=\"http:\/\/bit.ly\/2YfGMc5\" target=\"_blank\" rel=\"noopener\">Mar\u00e9 de Not\u00edcias<\/a>. She is the author of the\u00a0<a href=\"https:\/\/bit.ly\/3p49ufB\" target=\"_blank\" rel=\"noopener\">Anti-Harassment Guide on Breaking<\/a>, a handbook that explains what is and isn\u2019t harassment to the Hip Hop audience and provides guidance on what to do in these situations. Lopes is from\u00a0<a href=\"https:\/\/rioonwatch.org\/?tag=morro-do-timbau\" target=\"_blank\" rel=\"noopener\">Morro do Timbau<\/a>, a favela within the larger Mar\u00e9 favela complex.<\/em><\/p>\n<hr \/>\n<h4><b data-stringify-type=\"bold\">Support\u00a0<\/b><b data-stringify-type=\"bold\"><i data-stringify-type=\"italic\">RioOnWatch<\/i><\/b><b data-stringify-type=\"bold\">\u2019s tireless, critical and cutting-edge hyperlocal journalism, online community organizing meetings, and direct support to favelas\u00a0<\/b><b data-stringify-type=\"bold\"><a class=\"c-link\" href=\"http:\/\/bit.ly\/DonateToRioOnWatch\" target=\"_blank\" rel=\"noopener noreferrer\" data-stringify-link=\"http:\/\/bit.ly\/DonateToRioOnWatch\" data-sk=\"tooltip_parent\">by clicking here.<\/a><\/b><\/h4>\n","protected":false},"excerpt":{"rendered":"<div class=\"mh-excerpt\"><p>Clique aqui para Portugu\u00eas This article is part of a\u00a0series of profiles of initiatives in Rio de Janeiro\u2019s Sustainable Favela Network\u00a0and of a\u00a0series\u00a0created in partnership with the\u00a0Behner Stiefel Center for Brazilian Studies\u00a0at San Diego State <a class=\"mh-excerpt-more\" href=\"https:\/\/rioonwatch.org\/?p=81510\" title=\"&#8216;Pedala Queimados&#8217; Brings Social Change Through Cycling in Rio de Janeiro&#8217;s Most Distant Periphery [PROFILE]\">[&#8230;]<\/a><\/p>\n<\/div>","protected":false},"author":245,"featured_media":81511,"comment_status":"closed","ping_status":"closed","sticky":false,"template":"template-full.php","format":"standard","meta":{"_monsterinsights_skip_tracking":false,"_monsterinsights_sitenote_active":false,"_monsterinsights_sitenote_note":"","_monsterinsights_sitenote_category":0,"footnotes":""},"categories":[1288,1328,1284,329,452,1869,1329],"tags":[1361,460,522,986,988,428,1197,107,1278,545,103,1698,1011,1008,3011,471,2124,194,200],"writer":[3501,3789],"translator":[3658],"illustrator":[],"photographer":[],"class_list":{"0":"post-81510","1":"post","2":"type-post","3":"status-publish","4":"format-standard","5":"has-post-thumbnail","7":"category-highlight","8":"category-by-community-contributors","9":"category-interviews-profiles","10":"category-solutions","11":"category-rio20","12":"category-transit","13":"category-by-international-observers","14":"tag-endfavelastigma","15":"tag-baixada-fluminense","16":"tag-bicycle-friendly","17":"tag-bicycle-use","18":"tag-clean-transport","19":"tag-employment","20":"tag-greater-rio","21":"tag-health","22":"tag-income","23":"tag-mobility","24":"tag-profile","25":"tag-queimados","26":"tag-right-to-come-and-go","27":"tag-right-to-the-city","28":"tag-series-human-rights-with-support-from-the-behner-stiefel-center-at-sdsu","29":"tag-sustainability","30":"tag-sustainable-favela-network","31":"tag-tourism","32":"tag-transportation","33":"writer-amanda-baroni-lopes","34":"writer-pauline-okyere","35":"translator-hannah-mckenzie"},"_links":{"self":[{"href":"https:\/\/rioonwatch.org\/index.php?rest_route=\/wp\/v2\/posts\/81510","targetHints":{"allow":["GET"]}}],"collection":[{"href":"https:\/\/rioonwatch.org\/index.php?rest_route=\/wp\/v2\/posts"}],"about":[{"href":"https:\/\/rioonwatch.org\/index.php?rest_route=\/wp\/v2\/types\/post"}],"author":[{"embeddable":true,"href":"https:\/\/rioonwatch.org\/index.php?rest_route=\/wp\/v2\/users\/245"}],"replies":[{"embeddable":true,"href":"https:\/\/rioonwatch.org\/index.php?rest_route=%2Fwp%2Fv2%2Fcomments&post=81510"}],"version-history":[{"count":3,"href":"https:\/\/rioonwatch.org\/index.php?rest_route=\/wp\/v2\/posts\/81510\/revisions"}],"predecessor-version":[{"id":81555,"href":"https:\/\/rioonwatch.org\/index.php?rest_route=\/wp\/v2\/posts\/81510\/revisions\/81555"}],"wp:featuredmedia":[{"embeddable":true,"href":"https:\/\/rioonwatch.org\/index.php?rest_route=\/wp\/v2\/media\/81511"}],"wp:attachment":[{"href":"https:\/\/rioonwatch.org\/index.php?rest_route=%2Fwp%2Fv2%2Fmedia&parent=81510"}],"wp:term":[{"taxonomy":"category","embeddable":true,"href":"https:\/\/rioonwatch.org\/index.php?rest_route=%2Fwp%2Fv2%2Fcategories&post=81510"},{"taxonomy":"post_tag","embeddable":true,"href":"https:\/\/rioonwatch.org\/index.php?rest_route=%2Fwp%2Fv2%2Ftags&post=81510"},{"taxonomy":"writer","embeddable":true,"href":"https:\/\/rioonwatch.org\/index.php?rest_route=%2Fwp%2Fv2%2Fwriter&post=81510"},{"taxonomy":"translator","embeddable":true,"href":"https:\/\/rioonwatch.org\/index.php?rest_route=%2Fwp%2Fv2%2Ftranslator&post=81510"},{"taxonomy":"illustrator","embeddable":true,"href":"https:\/\/rioonwatch.org\/index.php?rest_route=%2Fwp%2Fv2%2Fillustrator&post=81510"},{"taxonomy":"photographer","embeddable":true,"href":"https:\/\/rioonwatch.org\/index.php?rest_route=%2Fwp%2Fv2%2Fphotographer&post=81510"}],"curies":[{"name":"wp","href":"https:\/\/api.w.org\/{rel}","templated":true}]}}