{"id":81808,"date":"2025-09-30T18:26:42","date_gmt":"2025-09-30T21:26:42","guid":{"rendered":"https:\/\/rioonwatch.org\/?p=81808"},"modified":"2025-10-01T10:38:14","modified_gmt":"2025-10-01T13:38:14","slug":"81808","status":"publish","type":"post","link":"https:\/\/rioonwatch.org\/?p=81808","title":{"rendered":"\u2018We\u2019ll Only Succeed If We Work Together. On Our Own, We\u2019re Weak\u2019: Collective Action Revives Green Space in Complexo da Coreia"},"content":{"rendered":"<figure id=\"attachment_81809\" aria-describedby=\"caption-attachment-81809\" style=\"width: 2048px\" class=\"wp-caption aligncenter\"><a href=\"https:\/\/rioonwatch.org\/wp-content\/uploads\/2025\/09\/Collective-action-cleanup-gave-the-kick-off-for-the-conservation-and-reforestation-of-the-green-space-of-the-Caminho-Anes-Dias-in-the-Coreia-Complex.-Photo-Barbara-Dias.jpg\"><img fetchpriority=\"high\" decoding=\"async\" class=\"wp-image-81809 size-full\" title=\"A collective cleanup gave the initial push for the conservation and reforestation of the green space at Caminho Anes Dias, in Complexo da Coreia. Photo: B\u00e1rbara Dias\" src=\"https:\/\/rioonwatch.org\/wp-content\/uploads\/2025\/09\/Collective-action-cleanup-gave-the-kick-off-for-the-conservation-and-reforestation-of-the-green-space-of-the-Caminho-Anes-Dias-in-the-Coreia-Complex.-Photo-Barbara-Dias.jpg\" alt=\"A collective cleanup gave the initial push for the conservation and reforestation of the green space at Caminho Anes Dias, in Complexo da Coreia. Photo: B\u00e1rbara Dias\" width=\"2048\" height=\"1367\" srcset=\"https:\/\/rioonwatch.org\/wp-content\/uploads\/2025\/09\/Collective-action-cleanup-gave-the-kick-off-for-the-conservation-and-reforestation-of-the-green-space-of-the-Caminho-Anes-Dias-in-the-Coreia-Complex.-Photo-Barbara-Dias.jpg 2048w, https:\/\/rioonwatch.org\/wp-content\/uploads\/2025\/09\/Collective-action-cleanup-gave-the-kick-off-for-the-conservation-and-reforestation-of-the-green-space-of-the-Caminho-Anes-Dias-in-the-Coreia-Complex.-Photo-Barbara-Dias-620x414.jpg 620w, https:\/\/rioonwatch.org\/wp-content\/uploads\/2025\/09\/Collective-action-cleanup-gave-the-kick-off-for-the-conservation-and-reforestation-of-the-green-space-of-the-Caminho-Anes-Dias-in-the-Coreia-Complex.-Photo-Barbara-Dias-942x629.jpg 942w, https:\/\/rioonwatch.org\/wp-content\/uploads\/2025\/09\/Collective-action-cleanup-gave-the-kick-off-for-the-conservation-and-reforestation-of-the-green-space-of-the-Caminho-Anes-Dias-in-the-Coreia-Complex.-Photo-Barbara-Dias-768x513.jpg 768w, https:\/\/rioonwatch.org\/wp-content\/uploads\/2025\/09\/Collective-action-cleanup-gave-the-kick-off-for-the-conservation-and-reforestation-of-the-green-space-of-the-Caminho-Anes-Dias-in-the-Coreia-Complex.-Photo-Barbara-Dias-1536x1025.jpg 1536w\" sizes=\"(max-width: 2048px) 100vw, 2048px\" \/><\/a><figcaption id=\"caption-attachment-81809\" class=\"wp-caption-text\">A collective cleanup gave the initial push for the conservation and reforestation of the green space at Caminho Anes Dias, in Complexo da Coreia. Photo: B\u00e1rbara Dias<\/figcaption><\/figure>\n<p style=\"text-align: right;\"><a href=\"https:\/\/bit.ly\/4mDdbnO\" target=\"_blank\" rel=\"noopener\"><strong><em>Clique aqui para Portugu\u00eas<\/em><\/strong><img decoding=\"async\" class=\"alignright wp-image-23766 size-full\" src=\"https:\/\/www.rioonwatch.org\/wp-content\/uploads\/2012\/08\/PT-e1439583827971.png\" width=\"20\" height=\"20\" \/><\/a><\/p>\n<p>On September 21, Complexo da Coreia, a group of favelas in <a href=\"https:\/\/bit.ly\/2u2uVkf\">Senador Camar\u00e1<\/a>, in Rio de Janeiro&#8217;s <a href=\"https:\/\/bit.ly\/2KVA7k7\">West Zone<\/a>, carried out a collective cleanup in the green area of Caminho Anes Dias. The activity brought together members of <a href=\"https:\/\/bit.ly\/4nCxkeK\">The Love Troop<\/a>, a local socio-environmental project, members of <a href=\"https:\/\/bit.ly\/42BSYaO\">Affective Earth<\/a>, and volunteer residents from the community and beyond. The activity, which also included a cultural soir\u00e9e, was part of the <a href=\"https:\/\/bit.ly\/4nOAmfY\">2025 Standing Amazon 24-Hour Cultural Marathon<\/a> and the <a href=\"https:\/\/bit.ly\/405r2vG\">Sustainable Favela Network<\/a>&#8216;s* <a href=\"https:\/\/bit.ly\/427VOnV\">Collective Calendar<\/a>.<\/p>\n<p>Despite the hot and sunny Sunday, participants showed no lack of energy as they kicked off by removing waste from Caminho Anes Dias. The initial idea behind the activity was to prepare the space to receive fruit tree seedlings and turn it into a leisure area for local residents.<\/p>\n<p>Fernando dos Santos, local organizer and a member of both Affective Earth and The Love Troop, shared how they came up with the idea for the initiative.<\/p>\n<blockquote><p>\u201cI&#8217;ve worked with culture for some time now. I&#8217;m a musician, I work with art, and I&#8217;ve also been researching and experimenting with gardening and ancestral medicine. I recently started to organize environmental actions here in the area, since there are very few projects, very few initiatives of the kind around here. For this first activity our aim is to remove the trash and plant seedlings, fruit trees, specifically so that&#8230; children can harvest them, and most of all to encourage collective care for the space. This is a place without a single square; it&#8217;s a dead-end street, somewhat isolated. At the end, there are some green spaces, but no playground. We also hope to improve it in this sense.\u201d \u2014 Fernando dos Santos<\/p><\/blockquote>\n<figure id=\"attachment_81810\" aria-describedby=\"caption-attachment-81810\" style=\"width: 2048px\" class=\"wp-caption aligncenter\"><a href=\"https:\/\/rioonwatch.org\/wp-content\/uploads\/2025\/09\/Alongside-other-partners-members-of-Affective-Earth-and-Love-Troop-clean-and-weed-Caminho-Anes-Dias.-Photo-Barbara-Dias.jpg\"><img decoding=\"async\" class=\"wp-image-81810 size-full\" title=\"Alongside other partners, members of Affective Earth and The Love Troop clean and weed Caminho Anes Dias. Photo: B\u00e1rbara Dias\" src=\"https:\/\/rioonwatch.org\/wp-content\/uploads\/2025\/09\/Alongside-other-partners-members-of-Affective-Earth-and-Love-Troop-clean-and-weed-Caminho-Anes-Dias.-Photo-Barbara-Dias.jpg\" alt=\"Alongside other partners, members of Affective Earth and The Love Troop clean and weed Caminho Anes Dias. Photo: B\u00e1rbara Dias\" width=\"2048\" height=\"1367\" srcset=\"https:\/\/rioonwatch.org\/wp-content\/uploads\/2025\/09\/Alongside-other-partners-members-of-Affective-Earth-and-Love-Troop-clean-and-weed-Caminho-Anes-Dias.-Photo-Barbara-Dias.jpg 2048w, https:\/\/rioonwatch.org\/wp-content\/uploads\/2025\/09\/Alongside-other-partners-members-of-Affective-Earth-and-Love-Troop-clean-and-weed-Caminho-Anes-Dias.-Photo-Barbara-Dias-620x414.jpg 620w, https:\/\/rioonwatch.org\/wp-content\/uploads\/2025\/09\/Alongside-other-partners-members-of-Affective-Earth-and-Love-Troop-clean-and-weed-Caminho-Anes-Dias.-Photo-Barbara-Dias-942x629.jpg 942w, https:\/\/rioonwatch.org\/wp-content\/uploads\/2025\/09\/Alongside-other-partners-members-of-Affective-Earth-and-Love-Troop-clean-and-weed-Caminho-Anes-Dias.-Photo-Barbara-Dias-768x513.jpg 768w, https:\/\/rioonwatch.org\/wp-content\/uploads\/2025\/09\/Alongside-other-partners-members-of-Affective-Earth-and-Love-Troop-clean-and-weed-Caminho-Anes-Dias.-Photo-Barbara-Dias-1536x1025.jpg 1536w\" sizes=\"(max-width: 2048px) 100vw, 2048px\" \/><\/a><figcaption id=\"caption-attachment-81810\" class=\"wp-caption-text\">Alongside other partners, members of Affective Earth and The Love Troop clean and weed Caminho Anes Dias. Photo: B\u00e1rbara Dias<\/figcaption><\/figure>\n<p>In addition to having few public leisure areas, Complexo da Coreia is little known and has not attracted initiatives to support local development. \u201cThis is an isolated community. People here are usually just passing through\u2026 The West Zone is very forgotten, Sant\u00edssimo in particular, I think,\u201d reflected Thaysa Santos, an Affective Earth community organizer.<\/p>\n<p>Fernando dos Santos explained that, almost always, when West Zone favelas are remembered, it is mainly in connection with violence. As a way of countering this stigma, he named the project \u201cThe Love Troop.\u201d<\/p>\n<blockquote><p>\u201cWe called it The Love Troop to joke a bit with this notion of the area&#8217;s violence&#8230; [Our initiative] changes that view. This area is seen and remembered for its violence. If you search &#8216;Complexo da Coreia&#8217; on Google, all you&#8217;re going to find are police raids, armored trucks, helicopters, and such&#8230; But there&#8217;s a diversity of events, people, and potential here, and we&#8217;ve got to make sure that evolves, you know? And we&#8217;re only going to do that if <a href=\"https:\/\/bit.ly\/2WyYfyp\">we work together<\/a>. On our own, we&#8217;re weak.\u201d \u2014 Fernando dos Santos<\/p><\/blockquote>\n<figure id=\"attachment_81812\" aria-describedby=\"caption-attachment-81812\" style=\"width: 2048px\" class=\"wp-caption aligncenter\"><a href=\"https:\/\/rioonwatch.org\/wp-content\/uploads\/2025\/09\/Mr.-Antonio-Rodrigues-one-of-the-longest-time-residents-of-Caminho-Anes-Dias-has-a-water-spring-in-his-backyard-that-supplies-his-home-and-those-of-his-neighbors.-Photo-Barbara-Dias.jpg\"><img loading=\"lazy\" decoding=\"async\" class=\"wp-image-81812 size-full\" title=\"Seu Ant\u00f4nio Rodrigues, one of the longest-standing residents of Caminho Anes Dias, has a water spring in his backyard that supplies his home and those of his neighbors. Photo: B\u00e1rbara Dias\" src=\"https:\/\/rioonwatch.org\/wp-content\/uploads\/2025\/09\/Mr.-Antonio-Rodrigues-one-of-the-longest-time-residents-of-Caminho-Anes-Dias-has-a-water-spring-in-his-backyard-that-supplies-his-home-and-those-of-his-neighbors.-Photo-Barbara-Dias.jpg\" alt=\"Seu Ant\u00f4nio Rodrigues, one of the longest-standing residents of Caminho Anes Dias, has a water spring in his backyard that supplies his home and those of his neighbors. Photo: B\u00e1rbara Dias\" width=\"2048\" height=\"1367\" srcset=\"https:\/\/rioonwatch.org\/wp-content\/uploads\/2025\/09\/Mr.-Antonio-Rodrigues-one-of-the-longest-time-residents-of-Caminho-Anes-Dias-has-a-water-spring-in-his-backyard-that-supplies-his-home-and-those-of-his-neighbors.-Photo-Barbara-Dias.jpg 2048w, https:\/\/rioonwatch.org\/wp-content\/uploads\/2025\/09\/Mr.-Antonio-Rodrigues-one-of-the-longest-time-residents-of-Caminho-Anes-Dias-has-a-water-spring-in-his-backyard-that-supplies-his-home-and-those-of-his-neighbors.-Photo-Barbara-Dias-620x414.jpg 620w, https:\/\/rioonwatch.org\/wp-content\/uploads\/2025\/09\/Mr.-Antonio-Rodrigues-one-of-the-longest-time-residents-of-Caminho-Anes-Dias-has-a-water-spring-in-his-backyard-that-supplies-his-home-and-those-of-his-neighbors.-Photo-Barbara-Dias-942x629.jpg 942w, https:\/\/rioonwatch.org\/wp-content\/uploads\/2025\/09\/Mr.-Antonio-Rodrigues-one-of-the-longest-time-residents-of-Caminho-Anes-Dias-has-a-water-spring-in-his-backyard-that-supplies-his-home-and-those-of-his-neighbors.-Photo-Barbara-Dias-768x513.jpg 768w, https:\/\/rioonwatch.org\/wp-content\/uploads\/2025\/09\/Mr.-Antonio-Rodrigues-one-of-the-longest-time-residents-of-Caminho-Anes-Dias-has-a-water-spring-in-his-backyard-that-supplies-his-home-and-those-of-his-neighbors.-Photo-Barbara-Dias-1536x1025.jpg 1536w\" sizes=\"(max-width: 2048px) 100vw, 2048px\" \/><\/a><figcaption id=\"caption-attachment-81812\" class=\"wp-caption-text\"><em>Seu<\/em> Ant\u00f4nio Rodrigues, one of the longest-standing residents of Caminho Anes Dias, has a water spring in his backyard that supplies his home and those of his neighbors. Photo: B\u00e1rbara Dias<\/figcaption><\/figure>\n<p>The initiative had the support of long-time residents, such as <em>Seu<\/em> Ant\u00f4nio Rodrigues. At 71, <em>Seu<\/em> Ant\u00f4nio has lived in the community for 68 years.<\/p>\n<blockquote><p>\u201cI was the first one to come live here. Back then, it was just trees and brush&#8230; A <a href=\"https:\/\/bit.ly\/2WiEU10\">collective action<\/a> [like this one] is a beautiful thing. If everyone did something like this everywhere, there wouldn&#8217;t be [trash] on riverbanks or in the streets&#8230; It&#8217;s the first time we&#8217;ve seen a project like this. No one had ever done anything here, apart from politicians.\u201d \u2014 Ant\u00f4nio Rodrigues<\/p><\/blockquote>\n<p>Proud of his community, <em>Seu<\/em> Ant\u00f4nio says he lives in close contact with nature and that the water supplying his home comes from a spring: \u201cI\u2019ve never had piped water from <a href=\"https:\/\/rioonwatch.org\/?tag=cedae\">CEDAE<\/a> [Rio de Janeiro\u2019s state water and sewage utility] here at home. Just look at where I live\u2014in the morning all you hear are birds singing in the trees.\u201d<\/p>\n<p>Building on the cleanups, Affective Earth and The Love Troop intend to maintain the conservation of the green spaces of Caminho Anes Dias and, later on, plant fruit tree seedlings. Due to the day&#8217;s intense heat, the planting of the seedlings\u2014which would not have survived the high temperatures\u2014was postponed.<\/p>\n<figure id=\"attachment_81815\" aria-describedby=\"caption-attachment-81815\" style=\"width: 2048px\" class=\"wp-caption aligncenter\"><a href=\"https:\/\/rioonwatch.org\/wp-content\/uploads\/2025\/09\/After-the-cleanup-and-collective-lunch-residents-and-artists-from-the-West-Zone-cultural-scene-had-a-cultural-soiree-closing-the-day-of-activities-Photo-Barbara-Dias.jpg\"><img loading=\"lazy\" decoding=\"async\" class=\"wp-image-81815 size-full\" title=\"Residents and artists from the West Zone cultural scene took part in a cultural soir\u00e9e, which wrapped up the day of activities at Caminho Anes Dias. Photo: B\u00e1rbara Dias\" src=\"https:\/\/rioonwatch.org\/wp-content\/uploads\/2025\/09\/After-the-cleanup-and-collective-lunch-residents-and-artists-from-the-West-Zone-cultural-scene-had-a-cultural-soiree-closing-the-day-of-activities-Photo-Barbara-Dias.jpg\" alt=\"Residents and artists from the West Zone cultural scene took part in a cultural soir\u00e9e, which wrapped up the day of activities at Caminho Anes Dias. Photo: B\u00e1rbara Dias\" width=\"2048\" height=\"1367\" srcset=\"https:\/\/rioonwatch.org\/wp-content\/uploads\/2025\/09\/After-the-cleanup-and-collective-lunch-residents-and-artists-from-the-West-Zone-cultural-scene-had-a-cultural-soiree-closing-the-day-of-activities-Photo-Barbara-Dias.jpg 2048w, https:\/\/rioonwatch.org\/wp-content\/uploads\/2025\/09\/After-the-cleanup-and-collective-lunch-residents-and-artists-from-the-West-Zone-cultural-scene-had-a-cultural-soiree-closing-the-day-of-activities-Photo-Barbara-Dias-620x414.jpg 620w, https:\/\/rioonwatch.org\/wp-content\/uploads\/2025\/09\/After-the-cleanup-and-collective-lunch-residents-and-artists-from-the-West-Zone-cultural-scene-had-a-cultural-soiree-closing-the-day-of-activities-Photo-Barbara-Dias-942x629.jpg 942w, https:\/\/rioonwatch.org\/wp-content\/uploads\/2025\/09\/After-the-cleanup-and-collective-lunch-residents-and-artists-from-the-West-Zone-cultural-scene-had-a-cultural-soiree-closing-the-day-of-activities-Photo-Barbara-Dias-768x513.jpg 768w, https:\/\/rioonwatch.org\/wp-content\/uploads\/2025\/09\/After-the-cleanup-and-collective-lunch-residents-and-artists-from-the-West-Zone-cultural-scene-had-a-cultural-soiree-closing-the-day-of-activities-Photo-Barbara-Dias-1536x1025.jpg 1536w\" sizes=\"(max-width: 2048px) 100vw, 2048px\" \/><\/a><figcaption id=\"caption-attachment-81815\" class=\"wp-caption-text\">Residents and artists from the West Zone cultural scene took part in a cultural soir\u00e9e, which wrapped up the day of activities at Caminho Anes Dias. Photo: B\u00e1rbara Dias<\/figcaption><\/figure>\n<p>After the cleanup and the collective lunch, a cultural soir\u00e9e brought together residents and West Zone artists, with DJ Ras Renato on the decks and artistic performances by <a href=\"https:\/\/bit.ly\/3Kf5oPK\">Express\u00e3o Sonora RJ<\/a>, <a href=\"https:\/\/bit.ly\/46E4Ev7\">Procopio<\/a>, <a href=\"https:\/\/bit.ly\/4nL6Yav\">Baralho no Bolso<\/a>, <a href=\"https:\/\/bit.ly\/4pwsd1j\">Adil Franco<\/a>, and <a href=\"https:\/\/bit.ly\/4mvIqRM\">Santos Tit\u00e3s<\/a>.<\/p>\n<p>The goal of the first collective action in Complexo da Coreia was to begin recovering a space that had, until then, been abandoned and to draw the community\u2019s attention. The results of the effort were visible, with the involvement of residents and volunteers from other areas. In this way, they planted a seed that will sprout in the coming months into a green space at Caminho Anes Dias.<\/p>\n<h3><a href=\"https:\/\/bit.ly\/MutiraoAnesDiasFOTOS\">View the Photo Album<\/a> of the Collective Action at Caminho Anes Dias:<\/h3>\n<p><a title=\"Mutir\u00e3o de Limpeza no Caminho Anes Dias, Complexo da Coreia, na Agenda Coletiva da Rede Favela Sustent\u00e1vel, 21 de setembro de 2025\" href=\"https:\/\/www.flickr.com\/photos\/catcomm\/albums\/72177720329209296\" data-flickr-embed=\"true\"><img loading=\"lazy\" decoding=\"async\" src=\"https:\/\/live.staticflickr.com\/65535\/54806092517_0750063478_h.jpg\" alt=\"Mutir\u00e3o de Limpeza no Caminho Anes Dias, Complexo da Coreia, na Agenda Coletiva da Rede Favela Sustent\u00e1vel, 21 de setembro de 2025\" width=\"1600\" height=\"1200\" \/><\/a><script async src=\"\/\/embedr.flickr.com\/assets\/client-code.js\" charset=\"utf-8\"><\/script><\/p>\n<p><i>*The Sustainable Favela Network (SFN) and RioOnWatch are both initiatives of not-for-profit organization Catalytic Communities (CatComm).\u00a0<\/i><\/p>\n<p><em>About the author:\u00a0<a href=\"https:\/\/bit.ly\/3Gc3OJU\" target=\"_blank\" rel=\"noopener\">B\u00e1rbara Dias<\/a>\u00a0was born and raised in Bangu, in Rio\u2019s West Zone. She has a degree in Biological Sciences, a master\u2019s in Environmental Education, and has been a public school teacher since 2006. She is a photojournalist and also works with documentary photography. She is a popular communicator for N\u00facleo Piratininga de Comunica\u00e7\u00e3o (<a href=\"https:\/\/bit.ly\/3i2GcdN\" target=\"_blank\" rel=\"noopener\">NPC<\/a>) and co-founder of\u00a0<a href=\"https:\/\/bit.ly\/3vfY8bj\" target=\"_blank\" rel=\"noopener\">Coletivo Fotoguerrilha<\/a>.<\/em><\/p>\n<hr \/>\n<h4><b>Support\u00a0<\/b><b><i>RioOnWatch<\/i><\/b><b>\u2019s tireless, critical and cutting-edge hyperlocal journalism, online community organizing meetings, and direct support to favelas\u00a0<a href=\"http:\/\/bit.ly\/FavelaCovidResponse\" target=\"_blank\" rel=\"noopener noreferrer\">by clicking here<\/a><\/b><b>.<\/b><\/h4>\n","protected":false},"excerpt":{"rendered":"<div class=\"mh-excerpt\"><p>Clique aqui para Portugu\u00eas On September 21, Complexo da Coreia, a group of favelas in Senador Camar\u00e1, in Rio de Janeiro&#8217;s West Zone, carried out a collective cleanup in the green area of Caminho Anes <a class=\"mh-excerpt-more\" href=\"https:\/\/rioonwatch.org\/?p=81808\" title=\"\u2018We\u2019ll Only Succeed If We Work Together. On Our Own, We\u2019re Weak\u2019: Collective Action Revives Green Space in Complexo da Coreia\">[&#8230;]<\/a><\/p>\n<\/div>","protected":false},"author":245,"featured_media":81809,"comment_status":"closed","ping_status":"closed","sticky":false,"template":"template-full.php","format":"standard","meta":{"_monsterinsights_skip_tracking":false,"_monsterinsights_sitenote_active":false,"_monsterinsights_sitenote_note":"","_monsterinsights_sitenote_category":0,"footnotes":""},"categories":[1328,1290,329,452],"tags":[371,2570,219,504,386,1298,512,1990,171,199,2624,1125,2840,471,3186,21],"writer":[3542],"translator":[3452],"illustrator":[],"photographer":[3548],"class_list":{"0":"post-81808","1":"post","2":"type-post","3":"status-publish","4":"format-standard","5":"has-post-thumbnail","7":"category-by-community-contributors","8":"category-civilsociety","9":"category-solutions","10":"category-rio20","11":"tag-cedae","12":"tag-collective","13":"tag-collective-action","14":"tag-culture","15":"tag-trash","16":"tag-green-space","17":"tag-leisure","18":"tag-nos-por-nos","19":"tag-public-space","20":"tag-reforestation","21":"tag-santissimo","22":"tag-senador-camara","23":"tag-series-sfn-exchanges","24":"tag-sustainability","25":"tag-sfn","26":"tag-west-zone","27":"writer-barbara-dias","28":"translator-staff","29":"photographer-barbara-dias"},"_links":{"self":[{"href":"https:\/\/rioonwatch.org\/index.php?rest_route=\/wp\/v2\/posts\/81808","targetHints":{"allow":["GET"]}}],"collection":[{"href":"https:\/\/rioonwatch.org\/index.php?rest_route=\/wp\/v2\/posts"}],"about":[{"href":"https:\/\/rioonwatch.org\/index.php?rest_route=\/wp\/v2\/types\/post"}],"author":[{"embeddable":true,"href":"https:\/\/rioonwatch.org\/index.php?rest_route=\/wp\/v2\/users\/245"}],"replies":[{"embeddable":true,"href":"https:\/\/rioonwatch.org\/index.php?rest_route=%2Fwp%2Fv2%2Fcomments&post=81808"}],"version-history":[{"count":4,"href":"https:\/\/rioonwatch.org\/index.php?rest_route=\/wp\/v2\/posts\/81808\/revisions"}],"predecessor-version":[{"id":81821,"href":"https:\/\/rioonwatch.org\/index.php?rest_route=\/wp\/v2\/posts\/81808\/revisions\/81821"}],"wp:featuredmedia":[{"embeddable":true,"href":"https:\/\/rioonwatch.org\/index.php?rest_route=\/wp\/v2\/media\/81809"}],"wp:attachment":[{"href":"https:\/\/rioonwatch.org\/index.php?rest_route=%2Fwp%2Fv2%2Fmedia&parent=81808"}],"wp:term":[{"taxonomy":"category","embeddable":true,"href":"https:\/\/rioonwatch.org\/index.php?rest_route=%2Fwp%2Fv2%2Fcategories&post=81808"},{"taxonomy":"post_tag","embeddable":true,"href":"https:\/\/rioonwatch.org\/index.php?rest_route=%2Fwp%2Fv2%2Ftags&post=81808"},{"taxonomy":"writer","embeddable":true,"href":"https:\/\/rioonwatch.org\/index.php?rest_route=%2Fwp%2Fv2%2Fwriter&post=81808"},{"taxonomy":"translator","embeddable":true,"href":"https:\/\/rioonwatch.org\/index.php?rest_route=%2Fwp%2Fv2%2Ftranslator&post=81808"},{"taxonomy":"illustrator","embeddable":true,"href":"https:\/\/rioonwatch.org\/index.php?rest_route=%2Fwp%2Fv2%2Fillustrator&post=81808"},{"taxonomy":"photographer","embeddable":true,"href":"https:\/\/rioonwatch.org\/index.php?rest_route=%2Fwp%2Fv2%2Fphotographer&post=81808"}],"curies":[{"name":"wp","href":"https:\/\/api.w.org\/{rel}","templated":true}]}}