{"id":81822,"date":"2025-09-30T11:08:27","date_gmt":"2025-09-30T14:08:27","guid":{"rendered":"https:\/\/rioonwatch.org\/?p=81822"},"modified":"2025-10-03T15:25:14","modified_gmt":"2025-10-03T18:25:14","slug":"city-of-god-schools-embrace-favela-climate-memory-exhibition-to-advance-local-climate-education","status":"publish","type":"post","link":"https:\/\/rioonwatch.org\/?p=81822","title":{"rendered":"Public Schools in City of God Favela Engage Youth in Climate Education Through \u2018Favela Climate Memory\u2019 Exhibition"},"content":{"rendered":"<figure id=\"attachment_81824\" aria-describedby=\"caption-attachment-81824\" style=\"width: 2047px\" class=\"wp-caption aligncenter\"><a href=\"https:\/\/rioonwatch.org\/wp-content\/uploads\/2025\/10\/Young-students-participate-in-the-launch-of-the-\u2018Favela-Climate-Memory-Exhibition-in-City-of-God.-Photo-Barbara-Dias.jpg\"><img fetchpriority=\"high\" decoding=\"async\" class=\"wp-image-81824 size-full\" title=\"Young students from City of God participate in the opening of the \u2018Favela Climate Memory\u2019 Exhibition. Photo: B\u00e1rbara Dias\" src=\"https:\/\/rioonwatch.org\/wp-content\/uploads\/2025\/10\/Young-students-participate-in-the-launch-of-the-\u2018Favela-Climate-Memory-Exhibition-in-City-of-God.-Photo-Barbara-Dias.jpg\" alt=\"Young students from City of God participate in the opening of the \u2018Favela Climate Memory\u2019 Exhibition. Photo: B\u00e1rbara Dias\" width=\"2047\" height=\"1367\" srcset=\"https:\/\/rioonwatch.org\/wp-content\/uploads\/2025\/10\/Young-students-participate-in-the-launch-of-the-\u2018Favela-Climate-Memory-Exhibition-in-City-of-God.-Photo-Barbara-Dias.jpg 2047w, https:\/\/rioonwatch.org\/wp-content\/uploads\/2025\/10\/Young-students-participate-in-the-launch-of-the-\u2018Favela-Climate-Memory-Exhibition-in-City-of-God.-Photo-Barbara-Dias-620x414.jpg 620w, https:\/\/rioonwatch.org\/wp-content\/uploads\/2025\/10\/Young-students-participate-in-the-launch-of-the-\u2018Favela-Climate-Memory-Exhibition-in-City-of-God.-Photo-Barbara-Dias-942x629.jpg 942w, https:\/\/rioonwatch.org\/wp-content\/uploads\/2025\/10\/Young-students-participate-in-the-launch-of-the-\u2018Favela-Climate-Memory-Exhibition-in-City-of-God.-Photo-Barbara-Dias-768x513.jpg 768w, https:\/\/rioonwatch.org\/wp-content\/uploads\/2025\/10\/Young-students-participate-in-the-launch-of-the-\u2018Favela-Climate-Memory-Exhibition-in-City-of-God.-Photo-Barbara-Dias-1536x1026.jpg 1536w\" sizes=\"(max-width: 2047px) 100vw, 2047px\" \/><\/a><figcaption id=\"caption-attachment-81824\" class=\"wp-caption-text\">Students from City of God participate in the opening of the \u2018Favela Climate Memory\u2019 exhibition. Photo: B\u00e1rbara Dias<\/figcaption><\/figure>\n<p style=\"text-align: right;\"><a href=\"https:\/\/bit.ly\/MCCDDNoROW\" target=\"_blank\" rel=\"noopener\"><strong><em>Clique aqui para Portugu\u00eas<\/em><\/strong><img decoding=\"async\" class=\"alignright wp-image-23766 size-full\" src=\"https:\/\/www.rioonwatch.org\/wp-content\/uploads\/2012\/08\/PT-e1439583827971.png\" width=\"20\" height=\"20\" \/><\/a><\/p>\n<p>Following an enthusiastic reception during its tour through <a href=\"https:\/\/bit.ly\/FavelaClimateMemoryLaunch\">Mar\u00e9<\/a>, <a href=\"https:\/\/bit.ly\/4pn4Yqk\">Acari<\/a>\u00a0and <a href=\"https:\/\/bit.ly\/487zYVs\">Rio das Pedras<\/a>\u2014favelas where it held a busy schedule of activities\u2014the <a href=\"https:\/\/bit.ly\/428fAPW\">Favela Climate Memory exhibition<\/a> has arrived in <a href=\"https:\/\/bit.ly\/3hcAybH\">City of God<\/a>, in Rio de Janeiro&#8217;s <a href=\"https:\/\/bit.ly\/2KVA7k7\">West Zone<\/a>. Organized by the Sustainable Favela Network (<a href=\"https:\/\/bit.ly\/47oDcmW\">SFN<\/a>)*, the exhibition has been open to the public since September 17 at <a href=\"https:\/\/bit.ly\/3VtRGLe\">Dorcelina Gomes da Costa<\/a> and three other municipal schools in the community. The <a href=\"https:\/\/bit.ly\/4hEn5nZ\">Alfazendo Group<\/a>, a founding member of the SFN from City of God, was responsible for the local tour, deeply engaging almost all students and faculty at the four host schools. Moving forward, the Favela Climate Memory exhibition materials are being integrated into the teaching materials of Eco Rede, the socio-environmental education project run by Alfazendo in numerous local schools.<\/p>\n<p>On opening day at the Dorcelina Gomes da Costa Municipal School, young educators from the Eco Rede project used the exhibition&#8217;s banners, timeline and Basin of Memories to engage students in discussion about the history of City of God. Gabrielle da Concei\u00e7\u00e3o da Silva, pedagogical coordinator of Eco Rede, explained the idea.<\/p>\n<blockquote><p>\u201cThe [Eco Rede] project has been running in the community for 14 years. Every year we come up with a different idea: memory games, puzzles, giant board games\u2026 This year, our proposal is a little different: an exhibition.\u201d \u2014 Gabrielle da Concei\u00e7\u00e3o da Silva<\/p><\/blockquote>\n<figure id=\"attachment_81825\" aria-describedby=\"caption-attachment-81825\" style=\"width: 2048px\" class=\"wp-caption aligncenter\"><a href=\"https:\/\/rioonwatch.org\/wp-content\/uploads\/2025\/10\/In-a-pedagogical-activity-facilitated-by-educators-from-the-Eco-Rede-project-students-interact-with-a-map-of-City-of-God.-Photo-Barbara-Dias.jpg\"><img decoding=\"async\" class=\"wp-image-81825 size-full\" title=\"In a pedagogical activity led by educators from Eco Rede, students interact with a map of City of God. Photo: B\u00e1rbara Dias\" src=\"https:\/\/rioonwatch.org\/wp-content\/uploads\/2025\/10\/In-a-pedagogical-activity-facilitated-by-educators-from-the-Eco-Rede-project-students-interact-with-a-map-of-City-of-God.-Photo-Barbara-Dias.jpg\" alt=\"In a pedagogical activity led by educators from Eco Rede, students interact with a map of City of God. Photo: B\u00e1rbara Dias\" width=\"2048\" height=\"1367\" srcset=\"https:\/\/rioonwatch.org\/wp-content\/uploads\/2025\/10\/In-a-pedagogical-activity-facilitated-by-educators-from-the-Eco-Rede-project-students-interact-with-a-map-of-City-of-God.-Photo-Barbara-Dias.jpg 2048w, https:\/\/rioonwatch.org\/wp-content\/uploads\/2025\/10\/In-a-pedagogical-activity-facilitated-by-educators-from-the-Eco-Rede-project-students-interact-with-a-map-of-City-of-God.-Photo-Barbara-Dias-620x414.jpg 620w, https:\/\/rioonwatch.org\/wp-content\/uploads\/2025\/10\/In-a-pedagogical-activity-facilitated-by-educators-from-the-Eco-Rede-project-students-interact-with-a-map-of-City-of-God.-Photo-Barbara-Dias-942x629.jpg 942w, https:\/\/rioonwatch.org\/wp-content\/uploads\/2025\/10\/In-a-pedagogical-activity-facilitated-by-educators-from-the-Eco-Rede-project-students-interact-with-a-map-of-City-of-God.-Photo-Barbara-Dias-768x513.jpg 768w, https:\/\/rioonwatch.org\/wp-content\/uploads\/2025\/10\/In-a-pedagogical-activity-facilitated-by-educators-from-the-Eco-Rede-project-students-interact-with-a-map-of-City-of-God.-Photo-Barbara-Dias-1536x1025.jpg 1536w\" sizes=\"(max-width: 2048px) 100vw, 2048px\" \/><\/a><figcaption id=\"caption-attachment-81825\" class=\"wp-caption-text\">In a pedagogical activity led by educators from Eco Rede, students interact with a map of City of God. Photo: B\u00e1rbara Dias<\/figcaption><\/figure>\n<p>During the <a href=\"http:\/\/bit.ly\/2zukRUW\">socio-environmental educational<\/a> activity led by Eco Rede, three young educators divided students into three groups to explain the historical context of City of God\u2019s creation in 1966 and share the climate challenges the community has experienced since its founding. Evelyn Cristina Neves spoke about the favela\u2019s origin.<\/p>\n<blockquote><p>\u201cCity of God used to be a farm. In 1966, before the construction [of housing] was completed [initially to accommodate workers], residents who were forcibly evicted from favelas [victims of floods in central parts of the city] came to live here. [It&#8217;s important] that we talk about this, about the floods and those who were displaced and brought to City of God, which was not built for us residents. It was created for [nearby] workers&#8230; but then [came the issue of] people displaced by floods and <a href=\"https:\/\/bit.ly\/2wHdtU0\">forced evictions<\/a>, [and those impacted by the climate events] came to live here.\u201d \u2014 Evelyn Cristina Neves<\/p><\/blockquote>\n<p>During the morning activities on September 17, Portuguese language teacher Luciano Vicente accompanied his class to the opening of the exhibition. He reflected on how people were settled in City of God.<\/p>\n<blockquote><p>\u201cThe way people were placed [in City of God] was flawed, because they came from forced evictions, and they [the authorities responsible] did this in a haphazard way. Another point [a student] raised was that [back then] there was only mud and weeds [here]. In other words, people were just put here, most of them far from their jobs. And [the authorities] didn\u2019t provide\u2026 [the] other forms of assistance that should have been available, such as schools, health clinics and transportation\u2026 which led to population growth in City of God, without support.\u201d \u2014 Luciano Vicente<\/p><\/blockquote>\n<figure id=\"attachment_81826\" aria-describedby=\"caption-attachment-81826\" style=\"width: 2048px\" class=\"wp-caption aligncenter\"><a href=\"https:\/\/rioonwatch.org\/wp-content\/uploads\/2025\/10\/Evelyn-Kayky-Gabrielle-and-Rian-socioenvironmental-educators-from-the-Eco-Rede-project-reflect-with-students-on-the-climate-memories-of-City-of-God.-Photo-Barbara-Dias.jpg\"><img loading=\"lazy\" decoding=\"async\" class=\"wp-image-81826 size-full\" title=\"Evelyn, Kayky, Gabrielle, and Rian, socioenvironmental educators from the Eco Rede project, reflect with students on the climate memories of City of God. Photo: B\u00e1rbara Dias\" src=\"https:\/\/rioonwatch.org\/wp-content\/uploads\/2025\/10\/Evelyn-Kayky-Gabrielle-and-Rian-socioenvironmental-educators-from-the-Eco-Rede-project-reflect-with-students-on-the-climate-memories-of-City-of-God.-Photo-Barbara-Dias.jpg\" alt=\"Evelyn, Kayky, Gabrielle, and Rian, socioenvironmental educators from the Eco Rede project, reflect with students on the climate memories of City of God. Photo: B\u00e1rbara Dias\" width=\"2048\" height=\"1367\" srcset=\"https:\/\/rioonwatch.org\/wp-content\/uploads\/2025\/10\/Evelyn-Kayky-Gabrielle-and-Rian-socioenvironmental-educators-from-the-Eco-Rede-project-reflect-with-students-on-the-climate-memories-of-City-of-God.-Photo-Barbara-Dias.jpg 2048w, https:\/\/rioonwatch.org\/wp-content\/uploads\/2025\/10\/Evelyn-Kayky-Gabrielle-and-Rian-socioenvironmental-educators-from-the-Eco-Rede-project-reflect-with-students-on-the-climate-memories-of-City-of-God.-Photo-Barbara-Dias-620x414.jpg 620w, https:\/\/rioonwatch.org\/wp-content\/uploads\/2025\/10\/Evelyn-Kayky-Gabrielle-and-Rian-socioenvironmental-educators-from-the-Eco-Rede-project-reflect-with-students-on-the-climate-memories-of-City-of-God.-Photo-Barbara-Dias-942x629.jpg 942w, https:\/\/rioonwatch.org\/wp-content\/uploads\/2025\/10\/Evelyn-Kayky-Gabrielle-and-Rian-socioenvironmental-educators-from-the-Eco-Rede-project-reflect-with-students-on-the-climate-memories-of-City-of-God.-Photo-Barbara-Dias-768x513.jpg 768w, https:\/\/rioonwatch.org\/wp-content\/uploads\/2025\/10\/Evelyn-Kayky-Gabrielle-and-Rian-socioenvironmental-educators-from-the-Eco-Rede-project-reflect-with-students-on-the-climate-memories-of-City-of-God.-Photo-Barbara-Dias-1536x1025.jpg 1536w\" sizes=\"(max-width: 2048px) 100vw, 2048px\" \/><\/a><figcaption id=\"caption-attachment-81826\" class=\"wp-caption-text\">Evelyn, Kayky, Gabrielle and Rian, socio-environmental educators from the Eco Rede project, reflect with students on the climate memories of City of God. Photo: B\u00e1rbara Dias<\/figcaption><\/figure>\n<p>Middle and high school students from six different courses participated in the opening, each with approximately 30 students, aged 12 to 16. Kayky Cristiano Soares Silva, a first-year high school student, shared what he learned.<\/p>\n<blockquote><p>\u201cI really like to learn new things\u2026 I got to learn more about the whole timeline, from the founding of City of God til today. It was really cool. We studied and asked questions that people their age\u2026 were able to answer\u2026 about <a href=\"https:\/\/bit.ly\/4b5DiiO\">climate change<\/a> in the favela.\u201d \u2014 Kayky Cristiano Soares Silva<\/p><\/blockquote>\n<p>Throughout the activity, students discussed other topics related to local climate memories, reflecting collectively on what Rio Grande, City of God\u2019s main river, used to be like and what it is like now; whether they usually see many or few trees on their way to school; the <a href=\"https:\/\/bit.ly\/4jrH1ud\">impacts of climate change on the favela<\/a>; whether City of God in the past was the same as it is today; what they would do if their house flooded; and whether they know someone whose house has been flooded. The aim of the conversation was to encourage students to participate with their own experiences and stories they hear from their elders.<\/p>\n<figure id=\"attachment_81827\" aria-describedby=\"caption-attachment-81827\" style=\"width: 2048px\" class=\"wp-caption aligncenter\"><a href=\"https:\/\/rioonwatch.org\/wp-content\/uploads\/2025\/10\/Guiding-questions-of-the-socioenvironmental-education-activity-held-during-the-\u2018Favela-Climate-Memory-Exhibition-in-City-of-God.-Photo-Barbara-Dias.jpg\"><img loading=\"lazy\" decoding=\"async\" class=\"wp-image-81827 size-full\" title=\"Guiding questions from the socioenvironmental education activity during the \u2018Favela Climate Memory\u2019 Exhibition in City of God. Photo: B\u00e1rbara Dias\" src=\"https:\/\/rioonwatch.org\/wp-content\/uploads\/2025\/10\/Guiding-questions-of-the-socioenvironmental-education-activity-held-during-the-\u2018Favela-Climate-Memory-Exhibition-in-City-of-God.-Photo-Barbara-Dias.jpg\" alt=\"Guiding questions from the socioenvironmental education activity during the \u2018Favela Climate Memory\u2019 Exhibition in City of God. Photo: B\u00e1rbara Dias\" width=\"2048\" height=\"1367\" srcset=\"https:\/\/rioonwatch.org\/wp-content\/uploads\/2025\/10\/Guiding-questions-of-the-socioenvironmental-education-activity-held-during-the-\u2018Favela-Climate-Memory-Exhibition-in-City-of-God.-Photo-Barbara-Dias.jpg 2048w, https:\/\/rioonwatch.org\/wp-content\/uploads\/2025\/10\/Guiding-questions-of-the-socioenvironmental-education-activity-held-during-the-\u2018Favela-Climate-Memory-Exhibition-in-City-of-God.-Photo-Barbara-Dias-620x414.jpg 620w, https:\/\/rioonwatch.org\/wp-content\/uploads\/2025\/10\/Guiding-questions-of-the-socioenvironmental-education-activity-held-during-the-\u2018Favela-Climate-Memory-Exhibition-in-City-of-God.-Photo-Barbara-Dias-942x629.jpg 942w, https:\/\/rioonwatch.org\/wp-content\/uploads\/2025\/10\/Guiding-questions-of-the-socioenvironmental-education-activity-held-during-the-\u2018Favela-Climate-Memory-Exhibition-in-City-of-God.-Photo-Barbara-Dias-768x513.jpg 768w, https:\/\/rioonwatch.org\/wp-content\/uploads\/2025\/10\/Guiding-questions-of-the-socioenvironmental-education-activity-held-during-the-\u2018Favela-Climate-Memory-Exhibition-in-City-of-God.-Photo-Barbara-Dias-1536x1025.jpg 1536w\" sizes=\"(max-width: 2048px) 100vw, 2048px\" \/><\/a><figcaption id=\"caption-attachment-81827\" class=\"wp-caption-text\">Guiding questions from the socio-environmental education activity during the \u2018Favela Climate Memory\u2019 exhibition in City of God. Photo: B\u00e1rbara Dias<\/figcaption><\/figure>\n<p>Iara Oliveira, founder and coordinator of Alfazendo, took the opportunity to discuss the 1996 flood, a poignant event for the community.<\/p>\n<blockquote><p>\u201cThere was a big flood in City of God, in which 62 people died. Some weren&#8217;t found because the water took them away\u2026 So this is why it&#8217;s important for us to remember. Today I am 58 years old, I&#8217;m the same age as City of God, [and] I have experienced two floods. The aim is not for you to relive a flood, but for you to understand that City of God is cut by three rivers, [and to grasp] the importance of caring for the rivers, and of paying attention to the issue of flooding. This side might not flood, but in Rocinha 2\u2014the area all the way at the back [of the community]\u2014people panic when it rains. Climate change brings a <a href=\"https:\/\/bit.ly\/4bFTV4Z\">very strong sense of panic for people<\/a>. Because when you&#8217;re not home, when you&#8217;re out working, you might come back to find your house flooded. That&#8217;s why it&#8217;s important to relive [it] and remember that <a href=\"https:\/\/bit.ly\/32aHwqF\">environmental racism<\/a> is precisely linked to this.\u201d \u2014 Iara Oliveira<\/p><\/blockquote>\n<p>School principal Ver\u00f4nica Cintra frequently collaborates with Eco Rede. She shared her experience of hosting the exhibition at the school.<\/p>\n<blockquote><p>\u201cIt is really great, really important, to have the return of this exhibition here at the school, and here in City of God, and to know that City of God is a key protagonist of these socio-environmental actions. Particularly to show how unequally climate change issues affect low-income areas, which is what we call environmental racism. For our school, which follows an <a href=\"http:\/\/bit.ly\/AntiracistFavelas\">anti-racist<\/a> <a href=\"https:\/\/bit.ly\/3au4ZDI\">curriculum<\/a>, this is a crucial reflection to bring into [the school community].\u201d \u2014 Ver\u00f4nica Cintra<\/p><\/blockquote>\n<h3>View the <a href=\"https:\/\/bit.ly\/MCemCDDFotos\">Photo Album<\/a> of the Opening of the \u2018Favela Climate Memory\u2019 Exhibition in City of God:<\/h3>\n<p><a title=\"Exposi\u00e7\u00e3o 'Mem\u00f3ria Clim\u00e1tica das Favelas' na Cidade de Deus, 17 de setembro de 2025\" href=\"https:\/\/www.flickr.com\/photos\/catcomm\/albums\/72177720329152553\" data-flickr-embed=\"true\" data-footer=\"true\"><img loading=\"lazy\" decoding=\"async\" class=\"aligncenter\" src=\"https:\/\/live.staticflickr.com\/65535\/54798403786_00fb96a89b_h.jpg\" alt=\"Exposi\u00e7\u00e3o 'Mem\u00f3ria Clim\u00e1tica das Favelas' na Cidade de Deus, 17 de setembro de 2025\" width=\"1600\" height=\"1200\" \/><\/a><script async src=\"\/\/embedr.flickr.com\/assets\/client-code.js\" charset=\"utf-8\"><\/script><\/p>\n<p><i>*The Sustainable Favela Network (SFN) and RioOnWatch are both initiatives of not-for-profit organization Catalytic Communities (CatComm). The \u2018Favela Climate Memory\u2019 exhibition brings together 1,145 testimonials from 382 residents of ten favelas across Rio de Janeiro, collected and analyzed over three years, produced through a collective oral history project. The exhibition was developed by eleven museums and favela memory collectives that are members of the SFN: the\u00a0<\/i><a href=\"https:\/\/bit.ly\/4jxofCk\" target=\"_blank\" rel=\"noopener\"><i>Mar\u00e9 Museum<\/i><\/a><i>\u00a0(Complexo da Mar\u00e9 favelas), the\u00a0<\/i><a href=\"https:\/\/bit.ly\/45mZOU2\" target=\"_blank\" rel=\"noopener\"><i>Sankofa Museum<\/i><\/a><i>\u00a0(Rocinha favela), the\u00a0<\/i><a href=\"https:\/\/bit.ly\/4d95ToV\" target=\"_blank\" rel=\"noopener\"><i>Historic Orientation and Research Nucleus of Santa Cruz<\/i><\/a><i>\u00a0(organizer of the Antares climate memory circle), the\u00a0<\/i><a href=\"https:\/\/bit.ly\/3Evtd3k\" target=\"_blank\" rel=\"noopener\"><i>Favela Museum<\/i><\/a><i>\u00a0(Pav\u00e3o-Pav\u00e3ozinho\/Cantagalo favelas), the\u00a0<\/i><a href=\"https:\/\/bit.ly\/3CBLiYV\" target=\"_blank\" rel=\"noopener\"><i>Vidigal Memories Nucleus<\/i><\/a><i>\u00a0(Vidigal favela),\u00a0<\/i><a href=\"https:\/\/bit.ly\/4hEn5nZ\" target=\"_blank\" rel=\"noopener\"><i>Alfazendo<\/i><\/a><i>\u00a0(City of God favela), the\u00a0<\/i><a href=\"https:\/\/bit.ly\/4bKIUhw\" target=\"_blank\" rel=\"noopener\"><i>Serra da Miseric\u00f3rdia Integration Center<\/i><\/a><i>\u00a0(Complexo da Penha favelas), the\u00a0<\/i><a href=\"https:\/\/bit.ly\/3jtfLSI\" target=\"_blank\" rel=\"noopener\"><i>Horto Museum<\/i><\/a><i>\u00a0(Horto favela),\u00a0<\/i><a href=\"https:\/\/bit.ly\/37l5Epz\" target=\"_blank\" rel=\"noopener\"><i>Fala Akari<\/i><\/a><i>\u00a0(Acari favela),\u00a0<\/i><a href=\"https:\/\/bit.ly\/4efKGZQ\" target=\"_blank\" rel=\"noopener\"><i>Conex\u00f5es Perif\u00e9ricas<\/i><\/a><i>\u00a0(Rio das Pedras favela), and the\u00a0<\/i><a href=\"https:\/\/bit.ly\/2s2A3Vr\" target=\"_blank\" rel=\"noopener\"><i>Evictions Museum<\/i><\/a><i>\u00a0(Vila Aut\u00f3dromo favela).\u00a0<\/i><\/p>\n<p><em>About the author:\u00a0<a href=\"https:\/\/bit.ly\/3Gc3OJU\" target=\"_blank\" rel=\"noopener\">B\u00e1rbara Dias<\/a>\u00a0was born and raised in Bangu, in Rio\u2019s West Zone. She has a degree in Biological Sciences, a master\u2019s in Environmental Education, and has been a public school teacher since 2006. She is a photojournalist and also works with documentary photography. She is a popular communicator for N\u00facleo Piratininga de Comunica\u00e7\u00e3o (<a href=\"https:\/\/bit.ly\/3i2GcdN\" target=\"_blank\" rel=\"noopener\">NPC<\/a>) and co-founder of\u00a0<a href=\"https:\/\/bit.ly\/3vfY8bj\" target=\"_blank\" rel=\"noopener\">Coletivo Fotoguerrilha<\/a>.<\/em><\/p>\n<hr \/>\n<h4><b>Support\u00a0<\/b><b><i>RioOnWatch<\/i><\/b><b>\u2019s tireless, critical and cutting-edge hyperlocal journalism, online community organizing meetings, and direct support to favelas\u00a0<a href=\"http:\/\/bit.ly\/FavelaCovidResponse\" target=\"_blank\" rel=\"noopener noreferrer\">by clicking here<\/a><\/b><b>.<\/b><\/h4>\n","protected":false},"excerpt":{"rendered":"<div class=\"mh-excerpt\"><p>Clique aqui para Portugu\u00eas Following an enthusiastic reception during its tour through Mar\u00e9, Acari\u00a0and Rio das Pedras\u2014favelas where it held a busy schedule of activities\u2014the Favela Climate Memory exhibition has arrived in City of God, <a class=\"mh-excerpt-more\" href=\"https:\/\/rioonwatch.org\/?p=81822\" title=\"Public Schools in City of God Favela Engage Youth in Climate Education Through \u2018Favela Climate Memory\u2019 Exhibition\">[&#8230;]<\/a><\/p>\n<\/div>","protected":false},"author":245,"featured_media":81824,"comment_status":"closed","ping_status":"closed","sticky":false,"template":"template-full.php","format":"standard","meta":{"_monsterinsights_skip_tracking":false,"_monsterinsights_sitenote_active":false,"_monsterinsights_sitenote_note":"","_monsterinsights_sitenote_category":0,"footnotes":""},"categories":[1288,1328,3477,1271,452],"tags":[555,1114,231,472,3406,474,385,2436,538,674,78,188,1445,3636,471,3186,21],"writer":[3542],"translator":[3814],"illustrator":[],"photographer":[3548],"class_list":{"0":"post-81822","1":"post","2":"type-post","3":"status-publish","4":"format-standard","5":"has-post-thumbnail","7":"category-highlight","8":"category-by-community-contributors","9":"category-climate-justice","10":"category-favelaqualities","11":"category-rio20","12":"tag-acari","13":"tag-ciep","14":"tag-city-of-god","15":"tag-climate-change","16":"tag-climate-justice","17":"tag-environment","18":"tag-environmental-education","19":"tag-environmental-justice","20":"tag-exhibition","21":"tag-memory","22":"tag-floods","23":"tag-history","24":"tag-rio-das-pedras","25":"tag-series-favela-climate-memory","26":"tag-sustainability","27":"tag-sfn","28":"tag-west-zone","29":"writer-barbara-dias","30":"translator-louisa-morrison","31":"photographer-barbara-dias"},"_links":{"self":[{"href":"https:\/\/rioonwatch.org\/index.php?rest_route=\/wp\/v2\/posts\/81822","targetHints":{"allow":["GET"]}}],"collection":[{"href":"https:\/\/rioonwatch.org\/index.php?rest_route=\/wp\/v2\/posts"}],"about":[{"href":"https:\/\/rioonwatch.org\/index.php?rest_route=\/wp\/v2\/types\/post"}],"author":[{"embeddable":true,"href":"https:\/\/rioonwatch.org\/index.php?rest_route=\/wp\/v2\/users\/245"}],"replies":[{"embeddable":true,"href":"https:\/\/rioonwatch.org\/index.php?rest_route=%2Fwp%2Fv2%2Fcomments&post=81822"}],"version-history":[{"count":3,"href":"https:\/\/rioonwatch.org\/index.php?rest_route=\/wp\/v2\/posts\/81822\/revisions"}],"predecessor-version":[{"id":81832,"href":"https:\/\/rioonwatch.org\/index.php?rest_route=\/wp\/v2\/posts\/81822\/revisions\/81832"}],"wp:featuredmedia":[{"embeddable":true,"href":"https:\/\/rioonwatch.org\/index.php?rest_route=\/wp\/v2\/media\/81824"}],"wp:attachment":[{"href":"https:\/\/rioonwatch.org\/index.php?rest_route=%2Fwp%2Fv2%2Fmedia&parent=81822"}],"wp:term":[{"taxonomy":"category","embeddable":true,"href":"https:\/\/rioonwatch.org\/index.php?rest_route=%2Fwp%2Fv2%2Fcategories&post=81822"},{"taxonomy":"post_tag","embeddable":true,"href":"https:\/\/rioonwatch.org\/index.php?rest_route=%2Fwp%2Fv2%2Ftags&post=81822"},{"taxonomy":"writer","embeddable":true,"href":"https:\/\/rioonwatch.org\/index.php?rest_route=%2Fwp%2Fv2%2Fwriter&post=81822"},{"taxonomy":"translator","embeddable":true,"href":"https:\/\/rioonwatch.org\/index.php?rest_route=%2Fwp%2Fv2%2Ftranslator&post=81822"},{"taxonomy":"illustrator","embeddable":true,"href":"https:\/\/rioonwatch.org\/index.php?rest_route=%2Fwp%2Fv2%2Fillustrator&post=81822"},{"taxonomy":"photographer","embeddable":true,"href":"https:\/\/rioonwatch.org\/index.php?rest_route=%2Fwp%2Fv2%2Fphotographer&post=81822"}],"curies":[{"name":"wp","href":"https:\/\/api.w.org\/{rel}","templated":true}]}}