{"id":81867,"date":"2025-10-20T14:23:49","date_gmt":"2025-10-20T17:23:49","guid":{"rendered":"https:\/\/rioonwatch.org\/?p=81867"},"modified":"2025-10-29T08:18:47","modified_gmt":"2025-10-29T11:18:47","slug":"in-rio-de-janeiro-century-old-communities-on-governors-island-speak-out-against-threats-of-forced-eviction-by-the-brazilian-air-force","status":"publish","type":"post","link":"https:\/\/rioonwatch.org\/?p=81867","title":{"rendered":"In Rio de Janeiro, Century-Old Communities on Governor&#8217;s Island Speak Out Against Threats of Forced Eviction by the Brazilian Air Force"},"content":{"rendered":"<figure id=\"attachment_81868\" aria-describedby=\"caption-attachment-81868\" style=\"width: 2000px\" class=\"wp-caption aligncenter\"><a href=\"https:\/\/rioonwatch.org\/wp-content\/uploads\/2025\/10\/Demolished-house-at-Radio-Sonda.png\"><img fetchpriority=\"high\" decoding=\"async\" class=\"wp-image-81868 size-full\" title=\"House demolished in R\u00e1dio Sonda. Photo: Personal Archive\" src=\"https:\/\/rioonwatch.org\/wp-content\/uploads\/2025\/10\/Demolished-house-at-Radio-Sonda.png\" alt=\"House demolished in R\u00e1dio Sonda. Photo: Personal Archive\" width=\"2000\" height=\"1010\" srcset=\"https:\/\/rioonwatch.org\/wp-content\/uploads\/2025\/10\/Demolished-house-at-Radio-Sonda.png 2000w, https:\/\/rioonwatch.org\/wp-content\/uploads\/2025\/10\/Demolished-house-at-Radio-Sonda-620x313.png 620w, https:\/\/rioonwatch.org\/wp-content\/uploads\/2025\/10\/Demolished-house-at-Radio-Sonda-1246x629.png 1246w, https:\/\/rioonwatch.org\/wp-content\/uploads\/2025\/10\/Demolished-house-at-Radio-Sonda-768x388.png 768w, https:\/\/rioonwatch.org\/wp-content\/uploads\/2025\/10\/Demolished-house-at-Radio-Sonda-1536x776.png 1536w\" sizes=\"(max-width: 2000px) 100vw, 2000px\" \/><\/a><figcaption id=\"caption-attachment-81868\" class=\"wp-caption-text\">House demolished in R\u00e1dio Sonda. Photo: Personal Archive<\/figcaption><\/figure>\n<p style=\"text-align: right;\"><a href=\"https:\/\/bit.ly\/SOSGaleao\"><strong><em>Clique aqui para Portugu\u00eas<\/em><\/strong><img decoding=\"async\" class=\"alignright wp-image-23766 size-full\" src=\"https:\/\/www.rioonwatch.org\/wp-content\/uploads\/2012\/08\/PT-e1439583827971.png\" width=\"20\" height=\"20\" \/><\/a><\/p>\n<p>The possibility of <a href=\"https:\/\/bit.ly\/1Tg0lMI\">forcibly evicting<\/a> the <a href=\"http:\/\/bit.ly\/2yL8sZB\">Maracaj\u00e1s<\/a>, <a href=\"http:\/\/bit.ly\/2mUO3xC\">R\u00e1dio Sonda<\/a>, and Estrada do Gale\u00e3o No. 92 favelas, located near the Tom Jobim (<a href=\"https:\/\/bit.ly\/2zmd3CC\">Gale\u00e3o<\/a>) International Airport where tourists visiting Rio land each day, is once again haunting residents. The threat comes from the Brazilian Air Force Command (<a href=\"https:\/\/bit.ly\/4726Xbx\">COMAER<\/a>), which gained administrative control over the area, on <a href=\"http:\/\/bit.ly\/1V6gjti\">Ilha do Governador<\/a> (Governor&#8217;s Island) in Rio de Janeiro\u2019s <a href=\"http:\/\/bit.ly\/1kZa3h9\">North Zone<\/a>, five years ago, effectively becoming its new owner.<\/p>\n<p>Situated along Estrada do Gale\u00e3o, the main expressway on the island that connects the neighborhood of Gale\u00e3o to the airport itself and Praia do S\u00e3o Bento, these communities are home to approximately 160 low-income families, totaling over 800 residents. The land was occupied over 100 years ago, back when it belonged to the Secretary of Federal Heritage (<a href=\"https:\/\/bit.ly\/4dMTnKI\">SPU<\/a>).<\/p>\n<p>Although they <a href=\"http:\/\/bit.ly\/2ysPLxQ\">have lived with gradual evictions<\/a> and <a href=\"http:\/\/bit.ly\/2fH5DSd\">attempts at forced expropriation<\/a> for over 20 years, the <a href=\"https:\/\/bit.ly\/3YSDoo7\">fear of losing everything overnight<\/a> has intensified over the past two years. Since COMAER obtained the official concession to administer the area on Ilha do Governador, the threat of eviction has loomed over families.<\/p>\n<figure id=\"attachment_81874\" aria-describedby=\"caption-attachment-81874\" style=\"width: 300px\" class=\"wp-caption alignright\"><a href=\"https:\/\/rioonwatch.org\/wp-content\/uploads\/2025\/10\/Areas-where-the-communities-threatened-with-eviction-by-the-Air-Force-Command-are-located.-Photo-Google-Maps-Reproduction.jpeg\"><img decoding=\"async\" class=\"wp-image-81874\" title=\"Areas where the communities threatened with removal by the Air Force Command are located. Photo: Google Maps\/Reproduction\" src=\"https:\/\/rioonwatch.org\/wp-content\/uploads\/2025\/10\/Areas-where-the-communities-threatened-with-eviction-by-the-Air-Force-Command-are-located.-Photo-Google-Maps-Reproduction-307x620.jpeg\" alt=\"Areas where the communities threatened with removal by the Air Force Command are located. Photo: Google Maps\/Reproduction\" width=\"300\" height=\"606\" srcset=\"https:\/\/rioonwatch.org\/wp-content\/uploads\/2025\/10\/Areas-where-the-communities-threatened-with-eviction-by-the-Air-Force-Command-are-located.-Photo-Google-Maps-Reproduction-307x620.jpeg 307w, https:\/\/rioonwatch.org\/wp-content\/uploads\/2025\/10\/Areas-where-the-communities-threatened-with-eviction-by-the-Air-Force-Command-are-located.-Photo-Google-Maps-Reproduction-312x629.jpeg 312w, https:\/\/rioonwatch.org\/wp-content\/uploads\/2025\/10\/Areas-where-the-communities-threatened-with-eviction-by-the-Air-Force-Command-are-located.-Photo-Google-Maps-Reproduction.jpeg 576w\" sizes=\"(max-width: 300px) 100vw, 300px\" \/><\/a><figcaption id=\"caption-attachment-81874\" class=\"wp-caption-text\">Areas where the communities threatened with removal by the Air Force Command are located. Photo: Google Maps\/Reproduction<\/figcaption><\/figure>\n<h3>\u2018That\u2019s it, Get Out\u2019<\/h3>\n<p>The land that houses these communities today was first occupied 100 years ago by migrant families from different parts of Brazil. Initially, the area was under federal administration, but in 2020 it was transferred to the control of the Air Force Command (COMAER). The three communities border the housing complex for Air Force noncommissioned officers and sergeants.<\/p>\n<p>The first eviction notices were issued in the 1990s, and actual removals began in the 2000s. Despite the community\u2019s <a href=\"http:\/\/bit.ly\/2xDiZFr\">ongoing struggle to remain<\/a>, to date around 15 families from Maracaj\u00e1s and R\u00e1dio Sonda have been <a href=\"http:\/\/bit.ly\/2mUO3xC\">forcibly evicted from their homes<\/a>.<\/p>\n<p>Cristina Santos,* 62, a homemaker, has lived in Maracaj\u00e1s\u2014the oldest of the three communities\u2014for the past 35 years. Alongside her husband and daughter, she shares the fear of losing everything and recalls the last <a href=\"http:\/\/bit.ly\/2E1Rddo\">violent forced eviction<\/a> she witnessed less than ten years ago.<\/p>\n<blockquote><p>\u201cIt\u2019s been seven or eight years since they started sending letters saying we\u2019d have to leave. But some [families] have been here for 100 years. My own family is already in its fifth generation [living here]. One day they just showed up out of nowhere, went to the neighbors next door and threw their furniture out the window\u2014no mercy, no warning, no time. It was basically: \u2018<a href=\"https:\/\/bit.ly\/1TcpLHq\">That\u2019s it. Get out!<\/a>\u2019 They started saying this land belonged to them. When my mother-in-law came here, she was still a kid\u2014her father worked on the construction of the [old] bridge on Ilha do Governador. These plots of land were given to workers on those projects. The place where the Air Force administration is today used to be a chicken farm. There was nothing here! When my father was around, there wasn\u2019t even an Air Force yet! They don\u2019t need this land. The day they came to kick people out, they blocked off the street, came in with trucks, the <a href=\"https:\/\/bit.ly\/1JS6zYI\">Military Police<\/a> and the <a href=\"https:\/\/bit.ly\/1QIZkem\">Municipal Guard<\/a>, pushing residents around, even the elderly. They beat people up\u2026 They said they were going to store everyone\u2019s belongings in a warehouse, but to this day no one knows where anything ended up. Many went to live with relatives. Some died because of it, from heartbreak. It\u2019s sad. They\u2019re cowards. There was no need for that. There are drug users living in the abandoned houses now. They beat people up and evicted them for nothing.\u201d \u2014 Cristina Santos<\/p><\/blockquote>\n<figure id=\"attachment_81875\" aria-describedby=\"caption-attachment-81875\" style=\"width: 1421px\" class=\"wp-caption aligncenter\"><a href=\"https:\/\/rioonwatch.org\/wp-content\/uploads\/2025\/10\/Maracajas-protest.png\"><img loading=\"lazy\" decoding=\"async\" class=\"wp-image-81875 size-full\" title=\"Residents of Estrada de Maracaj\u00e1s protested on October 4, 2017, for their right to remain. Photo: SOS Maracaj\u00e1s Social Media\" src=\"https:\/\/rioonwatch.org\/wp-content\/uploads\/2025\/10\/Maracajas-protest.png\" alt=\"Residents of Estrada de Maracaj\u00e1s protested on October 4, 2017, for their right to remain. Photo: SOS Maracaj\u00e1s Social Media\" width=\"1421\" height=\"644\" srcset=\"https:\/\/rioonwatch.org\/wp-content\/uploads\/2025\/10\/Maracajas-protest.png 1421w, https:\/\/rioonwatch.org\/wp-content\/uploads\/2025\/10\/Maracajas-protest-620x281.png 620w, https:\/\/rioonwatch.org\/wp-content\/uploads\/2025\/10\/Maracajas-protest-1388x629.png 1388w, https:\/\/rioonwatch.org\/wp-content\/uploads\/2025\/10\/Maracajas-protest-768x348.png 768w\" sizes=\"(max-width: 1421px) 100vw, 1421px\" \/><\/a><figcaption id=\"caption-attachment-81875\" class=\"wp-caption-text\">Residents of Estrada de Maracaj\u00e1s protested on October 4, 2017, for their right to remain. Photo: SOS Maracaj\u00e1s Social Media<\/figcaption><\/figure>\n<p>Ana Maria Goulart,* 47, a saleswoman and mother of two, has lived in R\u00e1dio Sonda, in Vila Juaniza, for 23 years. She said the struggle has been long and that it\u2019s even made it <a href=\"https:\/\/bit.ly\/3PcsLaW\">hard for her to sleep<\/a>.<\/p>\n<blockquote><p>\u201cMy mother-in-law, the first resident here, told me she used to receive text messages and emails from the Public Defenders&#8217; Office about the eviction order. She appealed, and then everyone else [other residents] joined her, but there has never been a final decision or any kind of agreement. After she passed, my partner and I were left to face this situation ourselves. It&#8217;s been distressing because we have nowhere else to go. We have a daughter with special needs, and it&#8217;s very hard to live with this uncertainty. You can never relax or sleep properly. We&#8217;re always thinking about it. It&#8217;s really difficult. I never imagined going through a situation like this, suddenly being without a home. It&#8217;s truly unbearable. My children grew up in this house. All we want is permission to keep living here.\u201d \u2014 Ana Maria Goulart<\/p><\/blockquote>\n<figure id=\"attachment_81878\" aria-describedby=\"caption-attachment-81878\" style=\"width: 2000px\" class=\"wp-caption alignnone\"><a href=\"https:\/\/rioonwatch.org\/wp-content\/uploads\/2025\/10\/Radio-Sonda-protest.jpg\"><img loading=\"lazy\" decoding=\"async\" class=\"wp-image-81878 size-full\" title=\"Protest by R\u00e1dio Sonda community residents against evictions in 2015. Photo: T\u00e2nia R\u00eago \/ Ag\u00eancia Brasil\" src=\"https:\/\/rioonwatch.org\/wp-content\/uploads\/2025\/10\/Radio-Sonda-protest.jpg\" alt=\"Protest by R\u00e1dio Sonda community residents against evictions in 2015. Photo: T\u00e2nia R\u00eago \/ Ag\u00eancia Brasil\" width=\"2000\" height=\"1065\" srcset=\"https:\/\/rioonwatch.org\/wp-content\/uploads\/2025\/10\/Radio-Sonda-protest.jpg 2000w, https:\/\/rioonwatch.org\/wp-content\/uploads\/2025\/10\/Radio-Sonda-protest-620x330.jpg 620w, https:\/\/rioonwatch.org\/wp-content\/uploads\/2025\/10\/Radio-Sonda-protest-1181x629.jpg 1181w, https:\/\/rioonwatch.org\/wp-content\/uploads\/2025\/10\/Radio-Sonda-protest-768x409.jpg 768w, https:\/\/rioonwatch.org\/wp-content\/uploads\/2025\/10\/Radio-Sonda-protest-1536x818.jpg 1536w\" sizes=\"(max-width: 2000px) 100vw, 2000px\" \/><\/a><figcaption id=\"caption-attachment-81878\" class=\"wp-caption-text\">Protest by R\u00e1dio Sonda community residents against evictions in 2015. Photo: T\u00e2nia R\u00eago \/ Ag\u00eancia Brasil<\/figcaption><\/figure>\n<figure id=\"attachment_81880\" aria-describedby=\"caption-attachment-81880\" style=\"width: 300px\" class=\"wp-caption alignright\"><a href=\"https:\/\/rioonwatch.org\/wp-content\/uploads\/2025\/10\/In-2016-residents-of-Estrada-do-Galeao-92-filed-a-request-at-the-notary-office-to-recognize-their-ownership-of-the-land.-Photo-Personal-Archive.jpeg\"><img loading=\"lazy\" decoding=\"async\" class=\"wp-image-81880\" title=\"In 2016, residents of Estrada do Gale\u00e3o No. 92 filed a request at the notary office, seeking official recognition of their land ownership. Photo: Personal Archive\" src=\"https:\/\/rioonwatch.org\/wp-content\/uploads\/2025\/10\/In-2016-residents-of-Estrada-do-Galeao-92-filed-a-request-at-the-notary-office-to-recognize-their-ownership-of-the-land.-Photo-Personal-Archive-349x620.jpeg\" alt=\"In 2016, residents of Estrada do Gale\u00e3o No. 92 filed a request at the notary office, seeking official recognition of their land ownership. Photo: Personal Archive\" width=\"300\" height=\"533\" srcset=\"https:\/\/rioonwatch.org\/wp-content\/uploads\/2025\/10\/In-2016-residents-of-Estrada-do-Galeao-92-filed-a-request-at-the-notary-office-to-recognize-their-ownership-of-the-land.-Photo-Personal-Archive-349x620.jpeg 349w, https:\/\/rioonwatch.org\/wp-content\/uploads\/2025\/10\/In-2016-residents-of-Estrada-do-Galeao-92-filed-a-request-at-the-notary-office-to-recognize-their-ownership-of-the-land.-Photo-Personal-Archive-354x629.jpeg 354w, https:\/\/rioonwatch.org\/wp-content\/uploads\/2025\/10\/In-2016-residents-of-Estrada-do-Galeao-92-filed-a-request-at-the-notary-office-to-recognize-their-ownership-of-the-land.-Photo-Personal-Archive-768x1365.jpeg 768w, https:\/\/rioonwatch.org\/wp-content\/uploads\/2025\/10\/In-2016-residents-of-Estrada-do-Galeao-92-filed-a-request-at-the-notary-office-to-recognize-their-ownership-of-the-land.-Photo-Personal-Archive-864x1536.jpeg 864w, https:\/\/rioonwatch.org\/wp-content\/uploads\/2025\/10\/In-2016-residents-of-Estrada-do-Galeao-92-filed-a-request-at-the-notary-office-to-recognize-their-ownership-of-the-land.-Photo-Personal-Archive.jpeg 900w\" sizes=\"(max-width: 300px) 100vw, 300px\" \/><\/a><figcaption id=\"caption-attachment-81880\" class=\"wp-caption-text\">In 2016, residents of Estrada do Gale\u00e3o No. 92 filed a request at the notary office, seeking official recognition of their land ownership. Photo: Personal Archive<\/figcaption><\/figure>\n<p>Although Estrada do Gale\u00e3o No. 92 has not yet experienced any forced evictions, it is now also at risk. The land where the community is currently established was donated in the 1990s by a former Air Force colonel from Ilha do Governador to an employee who performed repair work at the site. Since the plot of land was so large, the employee\u2014and new owner\u2014granted small portions to other people living in vulnerable situations. However, according to Jeferson Almeida,* a resident of Estrada do Gale\u00e3o No. 92, the respite lasted only six years. In 2003, they received their first eviction notice.<\/p>\n<p>Years later, in 2016, the new residents filed a request with the notary office to register the land. However, although they obtained a notarized declaration, the eviction notices never stopped. To date, ten notices have been issued to this community.<\/p>\n<blockquote><p>\u201cThey [court officers] came here to talk to my father and said we had to leave. At the time, my father sought help from the Public Defenders&#8217; Office, and from then on, the lawsuits just kept pouring in. Every time a lawsuit came, he&#8217;d appeal, and that would be the end of it. In 2017, another one was filed, this time requesting the return of the land. They [the Air Force] evicted the residents from another area [the Maracaj\u00e1s community], located behind ours, and left the plots of land abandoned. Some houses have been empty and falling apart for seven to ten years.\u201d \u2014 Jeferson Almeida<\/p><\/blockquote>\n<p>Almeida said that, in his opinion, the only possible explanation for this persistent push for removal is the plan to build a waterway terminal that would turn the area into part of Rio de Janeiro\u2019s tourist infrastructure. From this terminal, <a href=\"https:\/\/bit.ly\/3KGa4hM\">ferries would connect Gale\u00e3o Airport to Santos Dumont Airport<\/a>, across <a href=\"https:\/\/bit.ly\/2IVVjp1\">Guanabara Bay<\/a>, in the city\u2019s <a href=\"https:\/\/bit.ly\/2X5DZ4e\">downtown<\/a> area.<\/p>\n<blockquote><p>\u201cThey want to kick us out because they want to profit from the land. [They want to build] a ferry station here. The federal government and the Air Force want to take over land they never cared about, that was abandoned, to claim ownership and make money. There are houses that have been sealed off, with gates bricked up.\u201d \u2014 Jeferson Almeida<\/p><\/blockquote>\n<p><iframe title=\"BARCAS DO GALE\u00c3O AO SANTOS DUMONT | Cortes do Ilha Not\u00edcias\" src=\"https:\/\/www.youtube.com\/embed\/q9TTOjEYsbM\" width=\"1030\" height=\"563\" frameborder=\"0\" allowfullscreen=\"allowfullscreen\"><span data-mce-type=\"bookmark\" style=\"display: inline-block; width: 0px; overflow: hidden; line-height: 0;\" class=\"mce_SELRES_start\">\ufeff<\/span><\/iframe><\/p>\n<p>The pressure has intensified over the past two years. After four meetings with COMAER, residents were offered no fair compensation or alternatives, nor was there any concern for proper relocation or fair and proportional indemnification.<\/p>\n<figure id=\"attachment_81881\" aria-describedby=\"caption-attachment-81881\" style=\"width: 1414px\" class=\"wp-caption aligncenter\"><a href=\"https:\/\/rioonwatch.org\/wp-content\/uploads\/2025\/10\/Meetings-were-scheduled-with-authorities-but-lack-of-consensus-delays-a-resolution-to-the-situation.-Photo-Personal-Archive.png\"><img loading=\"lazy\" decoding=\"async\" class=\"wp-image-81881 size-full\" title=\"Meetings were held with the authorities, but a lack of consensus has delayed any resolution. Photo: Personal Archive\" src=\"https:\/\/rioonwatch.org\/wp-content\/uploads\/2025\/10\/Meetings-were-scheduled-with-authorities-but-lack-of-consensus-delays-a-resolution-to-the-situation.-Photo-Personal-Archive.png\" alt=\"Meetings were held with the authorities, but a lack of consensus has delayed any resolution. Photo: Personal Archive\" width=\"1414\" height=\"2000\" srcset=\"https:\/\/rioonwatch.org\/wp-content\/uploads\/2025\/10\/Meetings-were-scheduled-with-authorities-but-lack-of-consensus-delays-a-resolution-to-the-situation.-Photo-Personal-Archive.png 1414w, https:\/\/rioonwatch.org\/wp-content\/uploads\/2025\/10\/Meetings-were-scheduled-with-authorities-but-lack-of-consensus-delays-a-resolution-to-the-situation.-Photo-Personal-Archive-438x620.png 438w, https:\/\/rioonwatch.org\/wp-content\/uploads\/2025\/10\/Meetings-were-scheduled-with-authorities-but-lack-of-consensus-delays-a-resolution-to-the-situation.-Photo-Personal-Archive-445x629.png 445w, https:\/\/rioonwatch.org\/wp-content\/uploads\/2025\/10\/Meetings-were-scheduled-with-authorities-but-lack-of-consensus-delays-a-resolution-to-the-situation.-Photo-Personal-Archive-768x1086.png 768w, https:\/\/rioonwatch.org\/wp-content\/uploads\/2025\/10\/Meetings-were-scheduled-with-authorities-but-lack-of-consensus-delays-a-resolution-to-the-situation.-Photo-Personal-Archive-1086x1536.png 1086w\" sizes=\"(max-width: 1414px) 100vw, 1414px\" \/><\/a><figcaption id=\"caption-attachment-81881\" class=\"wp-caption-text\">Meetings were held with the authorities, but a lack of consensus has delayed any resolution. Photo: Personal Archive<\/figcaption><\/figure>\n<h3>\u2018Where Will We Go?\u2019<\/h3>\n<p>Silvia Santos* opened up about the lack of respect and humanity shown toward residents.<\/p>\n<blockquote><p>\u201cThere are children here, elderly people, sick people, you know? All we want is for them to have some conscience, right? To understand that we are human beings. Where are our <a href=\"https:\/\/bit.ly\/ROWHumanRights\">human rights<\/a>, that we don&#8217;t seem to have? To them, we have none. We&#8217;re here fighting, everyone worried, with our heads in our hands, [asking ourselves: at the] end of the year, where will we go?\u201d \u2014 Silvia Santos<\/p><\/blockquote>\n<p>Roberto Nascimento,* 43, a dispatch worker and resident of Estrada do Gale\u00e3o No. 92, explained that there have not been any attempts at a peaceful agreement between the parties, and that the conditions imposed would put residents in an even more vulnerable situation.<\/p>\n<blockquote><p>\u201cEveryone here earns a salary, works, has a job. The only asset we have is the house we live in. Either they let us stay, compensate us, or relocate each family to a suitable place. And don\u2019t give us any of that <a href=\"https:\/\/bit.ly\/3Zk08Qm\">social rent<\/a> stuff, because that doesn\u2019t work. They start out paying for a month, as I\u2019ve heard, and then they stop. Plus, the amount isn\u2019t enough\u2014you start out paying rent, and then what about the rest? Electricity, water, all that? It\u2019s the workers who end up suffering, leaving home in the morning not knowing if, when they return, their house will be locked up or broken into. If you look at the project\u2026 [the motivation for the forced evictions] it&#8217;s commercial\u2026 since they can invest billions [in this project], what would it cost them to compensate each resident here? Nothing.\u201d \u2014 Roberto Nascimento<\/p><\/blockquote>\n<h3><b>\u2018<\/b>The Government Doesn&#8217;t Care About the People<b>\u2019<\/b><\/h3>\n<p>Luzia Alves,* 45, a hairdresser and resident of Estrada do Gale\u00e3o 92, shared her concerns.<\/p>\n<blockquote><p>\u201cWhy did they let these 17 families build here in the first place? Just to do this injustice to us now? I really hope they find a solution to our situation so we do not end up like the other residents back there in Maracaj\u00e1s, who were evicted seven years ago. I still cry when I think about it. It traumatized me to see a woman over 90 years old in a wheelchair, [being forced out of her home] under the blazing sun. It was horrifying, there were all sorts of [armed] forces there to drag people out by force. They didn\u2019t give those residents any other kind of home: that was that. I mean, [these people] have their homes, a safe house to sleep in, right? A place to come home to and see their families. And what about us? We have nothing. The truth is, no one really thinks about poor people. They don\u2019t care about the poor.\u201d \u2014 Luzia Alves<\/p><\/blockquote>\n<figure id=\"attachment_81883\" aria-describedby=\"caption-attachment-81883\" style=\"width: 2000px\" class=\"wp-caption aligncenter\"><a href=\"https:\/\/rioonwatch.org\/wp-content\/uploads\/2025\/10\/Radio-Sonda-Forced-eviction-2015.jpg\"><img loading=\"lazy\" decoding=\"async\" class=\"wp-image-81883 size-full\" title=\"Residents of the R\u00e1dio Sonda favela, on Ilha do Governador in the city\u2019s North Zone, protest against evictions following a lawsuit filed by the Air Force. Photo: T\u00e2nia R\u00eago \/ Ag\u00eancia Brasil\" src=\"https:\/\/rioonwatch.org\/wp-content\/uploads\/2025\/10\/Radio-Sonda-Forced-eviction-2015.jpg\" alt=\"Residents of the R\u00e1dio Sonda favela, on Ilha do Governador in the city\u2019s North Zone, protest against evictions following a lawsuit filed by the Air Force. Photo: T\u00e2nia R\u00eago \/ Ag\u00eancia Brasil\" width=\"2000\" height=\"1325\" srcset=\"https:\/\/rioonwatch.org\/wp-content\/uploads\/2025\/10\/Radio-Sonda-Forced-eviction-2015.jpg 2000w, https:\/\/rioonwatch.org\/wp-content\/uploads\/2025\/10\/Radio-Sonda-Forced-eviction-2015-620x411.jpg 620w, https:\/\/rioonwatch.org\/wp-content\/uploads\/2025\/10\/Radio-Sonda-Forced-eviction-2015-949x629.jpg 949w, https:\/\/rioonwatch.org\/wp-content\/uploads\/2025\/10\/Radio-Sonda-Forced-eviction-2015-768x509.jpg 768w, https:\/\/rioonwatch.org\/wp-content\/uploads\/2025\/10\/Radio-Sonda-Forced-eviction-2015-1536x1018.jpg 1536w\" sizes=\"(max-width: 2000px) 100vw, 2000px\" \/><\/a><figcaption id=\"caption-attachment-81883\" class=\"wp-caption-text\">Residents of the R\u00e1dio Sonda favela, on Ilha do Governador in the city\u2019s North Zone, protest against evictions following a lawsuit filed by the Air Force. Photo: T\u00e2nia R\u00eago \/ Ag\u00eancia Brasil<\/figcaption><\/figure>\n<p>Concei\u00e7\u00e3o Batista,* 72, a retiree, spoke about the lack of dialogue and concern for residents, which makes resolving the issue even more difficult.<\/p>\n<blockquote><p>\u201cIt cannot be like last time, when they showed up with a truck, wanting to shove everyone inside like pigs and throw our furniture out. No one here has the money to buy new things. So they need to come up with a solution. What do they want? To create more problems for us? That\u2019s why there are so many favelas in Rio de Janeiro, so much crime\u2014that\u2019s the reason. Because they, the government, don\u2019t care about the people. No one here stole anything. Everyone worked really hard, and everything here is the result of each person\u2019s sweat.\u201d \u2014 Concei\u00e7\u00e3o Batista<\/p><\/blockquote>\n<figure id=\"attachment_81884\" aria-describedby=\"caption-attachment-81884\" style=\"width: 1600px\" class=\"wp-caption aligncenter\"><a href=\"https:\/\/rioonwatch.org\/wp-content\/uploads\/2025\/10\/House-in-Maracajas-abandoned-after-an-eviction-order-in-this-community.-Instead-of-being-used-as-a-home-for-a-family-it-is-left-to-the-ruins.-Photo-Personal-Archive-Reproduction.jpeg\"><img loading=\"lazy\" decoding=\"async\" class=\"wp-image-81884 size-full\" title=\"House in Maracaj\u00e1s abandoned after an eviction order in this community. Instead of serving as a home for another family, it has been left to decay. Photo: Personal Archive \/ Reproduction\" src=\"https:\/\/rioonwatch.org\/wp-content\/uploads\/2025\/10\/House-in-Maracajas-abandoned-after-an-eviction-order-in-this-community.-Instead-of-being-used-as-a-home-for-a-family-it-is-left-to-the-ruins.-Photo-Personal-Archive-Reproduction.jpeg\" alt=\"House in Maracaj\u00e1s abandoned after an eviction order in this community. Instead of serving as a home for another family, it has been left to decay. Photo: Personal Archive \/ Reproduction\" width=\"1600\" height=\"1200\" srcset=\"https:\/\/rioonwatch.org\/wp-content\/uploads\/2025\/10\/House-in-Maracajas-abandoned-after-an-eviction-order-in-this-community.-Instead-of-being-used-as-a-home-for-a-family-it-is-left-to-the-ruins.-Photo-Personal-Archive-Reproduction.jpeg 1600w, https:\/\/rioonwatch.org\/wp-content\/uploads\/2025\/10\/House-in-Maracajas-abandoned-after-an-eviction-order-in-this-community.-Instead-of-being-used-as-a-home-for-a-family-it-is-left-to-the-ruins.-Photo-Personal-Archive-Reproduction-620x465.jpeg 620w, https:\/\/rioonwatch.org\/wp-content\/uploads\/2025\/10\/House-in-Maracajas-abandoned-after-an-eviction-order-in-this-community.-Instead-of-being-used-as-a-home-for-a-family-it-is-left-to-the-ruins.-Photo-Personal-Archive-Reproduction-839x629.jpeg 839w, https:\/\/rioonwatch.org\/wp-content\/uploads\/2025\/10\/House-in-Maracajas-abandoned-after-an-eviction-order-in-this-community.-Instead-of-being-used-as-a-home-for-a-family-it-is-left-to-the-ruins.-Photo-Personal-Archive-Reproduction-768x576.jpeg 768w, https:\/\/rioonwatch.org\/wp-content\/uploads\/2025\/10\/House-in-Maracajas-abandoned-after-an-eviction-order-in-this-community.-Instead-of-being-used-as-a-home-for-a-family-it-is-left-to-the-ruins.-Photo-Personal-Archive-Reproduction-1536x1152.jpeg 1536w, https:\/\/rioonwatch.org\/wp-content\/uploads\/2025\/10\/House-in-Maracajas-abandoned-after-an-eviction-order-in-this-community.-Instead-of-being-used-as-a-home-for-a-family-it-is-left-to-the-ruins.-Photo-Personal-Archive-Reproduction-678x509.jpeg 678w, https:\/\/rioonwatch.org\/wp-content\/uploads\/2025\/10\/House-in-Maracajas-abandoned-after-an-eviction-order-in-this-community.-Instead-of-being-used-as-a-home-for-a-family-it-is-left-to-the-ruins.-Photo-Personal-Archive-Reproduction-326x245.jpeg 326w, https:\/\/rioonwatch.org\/wp-content\/uploads\/2025\/10\/House-in-Maracajas-abandoned-after-an-eviction-order-in-this-community.-Instead-of-being-used-as-a-home-for-a-family-it-is-left-to-the-ruins.-Photo-Personal-Archive-Reproduction-80x60.jpeg 80w\" sizes=\"(max-width: 1600px) 100vw, 1600px\" \/><\/a><figcaption id=\"caption-attachment-81884\" class=\"wp-caption-text\">House in Maracaj\u00e1s abandoned after an eviction order in this community. Instead of serving as a home for another family, it has been left to decay. Photo: Personal Archive \/ Reproduction<\/figcaption><\/figure>\n<p>Maria Augusta,* 53, homemaker, R\u00e1dio Sonda resident, emphasized the importance of obtaining support during this very delicate moment for the residents.<\/p>\n<blockquote><p>\u201cWe are seeking solutions in Bras\u00edlia because we have not been able to achieve anything with the Air Force in Rio. Other parliamentarians have tried to negotiate an agreement with them, but we got nowhere and, now, even with the involvement of the Conflict Mediation Commission, we still haven&#8217;t found a solution. These families didn&#8217;t get here yesterday, they&#8217;ve lived here for many years. They give no explanation for why they want this area. There are plenty of abandoned barracks left unmaintained. If they don&#8217;t even take care of their own areas, why are they demanding our homes and leaving everything behind? If that&#8217;s the case, then they should compensate and relocate us. We have poor families here. These are working families with children. We want our right to housing. That&#8217;s what we want.\u201d \u2014 Maria Augusta<\/p><\/blockquote>\n<p>At the moment, the communities continue their struggle as they await the possibility of reaching an agreement with COMAER, in a session of the Land Affairs Commission at the <a href=\"https:\/\/bit.ly\/42uHo1m\">Federal Regional Court of the 2nd Region<\/a>, scheduled for October 15, 2025. Meanwhile, residents live in a constant state of anxiety, fearing their homes may be demolished\u2014places where they built memories, raised families, and lived their lives\u2014erased by the <a href=\"https:\/\/bit.ly\/2ORC5WL\">State\u2019s inability<\/a> to guarantee the <a href=\"https:\/\/bit.ly\/ROWHousingRights\">right to housing<\/a> for these three communities from Ilha do Governador.<\/p>\n<p><em>Note: At the time of publication of this English version, RioOnWatch was informed that the forced eviction has been postponed by 90 days. Residents continue their fight for the right to remain.<\/em><\/p>\n<p><em>*All names in this article have been changed to protect the safety of residents interviewed by RioOnWatch.<\/em><\/p>\n<hr \/>\n<h4><b data-stringify-type=\"bold\">Support\u00a0<\/b><b data-stringify-type=\"bold\"><i data-stringify-type=\"italic\">RioOnWatch<\/i><\/b><b data-stringify-type=\"bold\">\u2019s tireless, critical and cutting-edge hyperlocal journalism, online community organizing meetings, and direct support to favelas\u00a0<\/b><b data-stringify-type=\"bold\"><a class=\"c-link\" href=\"http:\/\/bit.ly\/DonateToRioOnWatch\" target=\"_blank\" rel=\"noopener noreferrer\" data-stringify-link=\"http:\/\/bit.ly\/DonateToRioOnWatch\" data-sk=\"tooltip_parent\">by clicking here.<\/a><\/b><\/h4>\n","protected":false},"excerpt":{"rendered":"<div class=\"mh-excerpt\"><p>Clique aqui para Portugu\u00eas The possibility of forcibly evicting the Maracaj\u00e1s, R\u00e1dio Sonda, and Estrada do Gale\u00e3o No. 92 favelas, located near the Tom Jobim (Gale\u00e3o) International Airport where tourists visiting Rio land each day, <a class=\"mh-excerpt-more\" href=\"https:\/\/rioonwatch.org\/?p=81867\" title=\"In Rio de Janeiro, Century-Old Communities on Governor&#8217;s Island Speak Out Against Threats of Forced Eviction by the Brazilian Air Force\">[&#8230;]<\/a><\/p>\n<\/div>","protected":false},"author":245,"featured_media":81868,"comment_status":"closed","ping_status":"closed","sticky":false,"template":"template-full.php","format":"standard","meta":{"_monsterinsights_skip_tracking":false,"_monsterinsights_sitenote_active":false,"_monsterinsights_sitenote_note":"","_monsterinsights_sitenote_category":0,"footnotes":""},"categories":[1293,1288,1328,336],"tags":[2788,3817,991,11,2557,531,26,1996,2548,918,3815,37,2553,270,3030,3816],"writer":[3766],"translator":[3738],"illustrator":[],"photographer":[],"class_list":{"0":"post-81867","1":"post","2":"type-post","3":"status-publish","4":"format-standard","5":"has-post-thumbnail","7":"category-evictionswatch","8":"category-highlight","9":"category-by-community-contributors","10":"category-violations","11":"tag-brazilian-air-force","12":"tag-estrada-do-galeao-92","13":"tag-eviction-tactics-lost-belongings","14":"tag-forced-evictions","15":"tag-galeao-airport","16":"tag-guanabara-bay","17":"tag-housing-rights","18":"tag-ilha-do-governador","19":"tag-maracajas","20":"tag-military-police","21":"tag-municipal","22":"tag-north-zone","23":"tag-radio-sonda","24":"tag-resistance","25":"tag-sense-of-belonging","26":"tag-vila-juaniza","27":"writer-fernanda-delatorre","28":"translator-sylvia-schiller"},"_links":{"self":[{"href":"https:\/\/rioonwatch.org\/index.php?rest_route=\/wp\/v2\/posts\/81867","targetHints":{"allow":["GET"]}}],"collection":[{"href":"https:\/\/rioonwatch.org\/index.php?rest_route=\/wp\/v2\/posts"}],"about":[{"href":"https:\/\/rioonwatch.org\/index.php?rest_route=\/wp\/v2\/types\/post"}],"author":[{"embeddable":true,"href":"https:\/\/rioonwatch.org\/index.php?rest_route=\/wp\/v2\/users\/245"}],"replies":[{"embeddable":true,"href":"https:\/\/rioonwatch.org\/index.php?rest_route=%2Fwp%2Fv2%2Fcomments&post=81867"}],"version-history":[{"count":3,"href":"https:\/\/rioonwatch.org\/index.php?rest_route=\/wp\/v2\/posts\/81867\/revisions"}],"predecessor-version":[{"id":81903,"href":"https:\/\/rioonwatch.org\/index.php?rest_route=\/wp\/v2\/posts\/81867\/revisions\/81903"}],"wp:featuredmedia":[{"embeddable":true,"href":"https:\/\/rioonwatch.org\/index.php?rest_route=\/wp\/v2\/media\/81868"}],"wp:attachment":[{"href":"https:\/\/rioonwatch.org\/index.php?rest_route=%2Fwp%2Fv2%2Fmedia&parent=81867"}],"wp:term":[{"taxonomy":"category","embeddable":true,"href":"https:\/\/rioonwatch.org\/index.php?rest_route=%2Fwp%2Fv2%2Fcategories&post=81867"},{"taxonomy":"post_tag","embeddable":true,"href":"https:\/\/rioonwatch.org\/index.php?rest_route=%2Fwp%2Fv2%2Ftags&post=81867"},{"taxonomy":"writer","embeddable":true,"href":"https:\/\/rioonwatch.org\/index.php?rest_route=%2Fwp%2Fv2%2Fwriter&post=81867"},{"taxonomy":"translator","embeddable":true,"href":"https:\/\/rioonwatch.org\/index.php?rest_route=%2Fwp%2Fv2%2Ftranslator&post=81867"},{"taxonomy":"illustrator","embeddable":true,"href":"https:\/\/rioonwatch.org\/index.php?rest_route=%2Fwp%2Fv2%2Fillustrator&post=81867"},{"taxonomy":"photographer","embeddable":true,"href":"https:\/\/rioonwatch.org\/index.php?rest_route=%2Fwp%2Fv2%2Fphotographer&post=81867"}],"curies":[{"name":"wp","href":"https:\/\/api.w.org\/{rel}","templated":true}]}}