{"id":82141,"date":"2025-11-12T14:51:33","date_gmt":"2025-11-12T17:51:33","guid":{"rendered":"https:\/\/rioonwatch.org\/?p=82141"},"modified":"2025-11-19T14:57:35","modified_gmt":"2025-11-19T17:57:35","slug":"food-sovereignty-and-culinary-heritage-connect-with-the-fight-for-climate-justice-at-the-2nd-sustainable-favela-festival","status":"publish","type":"post","link":"https:\/\/rioonwatch.org\/?p=82141","title":{"rendered":"Food Sovereignty and Culinary Heritage Connect with Fight for Climate Justice at the 2nd Sustainable Favela Festival"},"content":{"rendered":"<figure id=\"attachment_82142\" aria-describedby=\"caption-attachment-82142\" style=\"width: 2048px\" class=\"wp-caption aligncenter\"><a href=\"https:\/\/rioonwatch.org\/wp-content\/uploads\/2025\/11\/Honoring-ancestral-cuisine-through-the-Sweet-Memories-project-Claudia-Queiroga-presented-agroecological-recipes.jpg\"><img fetchpriority=\"high\" decoding=\"async\" class=\"wp-image-82142 size-full\" title=\"Honoring ancestral cuisine through the Sweet Memories project, Claudia Queiroga presents agroecological, traditional recipes that highlight the full use of food. Photo: B\u00e1rbara Dias\" src=\"https:\/\/rioonwatch.org\/wp-content\/uploads\/2025\/11\/Honoring-ancestral-cuisine-through-the-Sweet-Memories-project-Claudia-Queiroga-presented-agroecological-recipes.jpg\" alt=\"Honoring ancestral cuisine through the Sweet Memories project, Claudia Queiroga presents agroecological, traditional recipes that highlight the full use of food. Photo: B\u00e1rbara Dias\" width=\"2048\" height=\"1365\" srcset=\"https:\/\/rioonwatch.org\/wp-content\/uploads\/2025\/11\/Honoring-ancestral-cuisine-through-the-Sweet-Memories-project-Claudia-Queiroga-presented-agroecological-recipes.jpg 2048w, https:\/\/rioonwatch.org\/wp-content\/uploads\/2025\/11\/Honoring-ancestral-cuisine-through-the-Sweet-Memories-project-Claudia-Queiroga-presented-agroecological-recipes-620x413.jpg 620w, https:\/\/rioonwatch.org\/wp-content\/uploads\/2025\/11\/Honoring-ancestral-cuisine-through-the-Sweet-Memories-project-Claudia-Queiroga-presented-agroecological-recipes-944x629.jpg 944w, https:\/\/rioonwatch.org\/wp-content\/uploads\/2025\/11\/Honoring-ancestral-cuisine-through-the-Sweet-Memories-project-Claudia-Queiroga-presented-agroecological-recipes-768x512.jpg 768w, https:\/\/rioonwatch.org\/wp-content\/uploads\/2025\/11\/Honoring-ancestral-cuisine-through-the-Sweet-Memories-project-Claudia-Queiroga-presented-agroecological-recipes-1536x1024.jpg 1536w\" sizes=\"(max-width: 2048px) 100vw, 2048px\" \/><\/a><figcaption id=\"caption-attachment-82142\" class=\"wp-caption-text\">Honoring ancestral cuisine through the Sweet Memories project, Claudia Queiroga presents agroecological, traditional recipes that highlight the full use of food. Photo: B\u00e1rbara Dias<\/figcaption><\/figure>\n<p style=\"text-align: right;\"><a href=\"https:\/\/bit.ly\/47OKHCn\" target=\"_blank\" rel=\"noopener\"><strong><em>Clique aqui para Portugu\u00eas<\/em><\/strong><img decoding=\"async\" class=\"alignright wp-image-23766 size-full\" src=\"https:\/\/www.rioonwatch.org\/wp-content\/uploads\/2012\/08\/PT-e1439583827971.png\" width=\"20\" height=\"20\" \/><\/a><\/p>\n<p><em>This is the first of two articles complementing <a href=\"https:\/\/rioonwatch.org\/?p=82092\">official coverage of the 2nd Sustainable Favela Festival<\/a>. <a href=\"https:\/\/rioonwatch.org\/?p=82124\">Click here for part two<\/a>.<\/em><\/p>\n<p>Organized by the Sustainable Favela Network (<a href=\"https:\/\/bit.ly\/3nsyde6\">SFN<\/a>)*, the <a href=\"https:\/\/rioonwatch.org\/?p=82092\">2nd Sustainable Favela Festival<\/a> took over downtown Rio de Janeiro on October 18, offering <a href=\"https:\/\/www.favelasustentavel.org\/atividade\/programacao-ffs-2025\">140 activities<\/a> led by favela-based collectives and allies from the <a href=\"https:\/\/bit.ly\/2IqnU52\">Greater Rio<\/a> area. One of the innovations of this second edition was a special area dedicated to promoting <a href=\"https:\/\/bit.ly\/3w65Arn\">food security<\/a> and <a href=\"https:\/\/bit.ly\/43WHg98\">food sovereignty<\/a>, as well as preserving the culinary heritage of the favelas. Bringing together community organizers and other members of civil society, the activities in this space also explored the role of food in strategies to confront the climate crisis.<\/p>\n<p>Several activities showcased initiatives that are already changing their communities&#8217; realities. Among them, projects dedicated to <a href=\"https:\/\/bit.ly\/4fyxi4u\">agroecological cultivation<\/a>, training in ancestral cooking and the creation of solidarity-based food distribution networks demonstrated how collective action strengthens community autonomy and generates solutions to <a href=\"https:\/\/bit.ly\/3ZaZB2B\">food insecurity<\/a>, an issue that is likely to intensify as a consequence of <a href=\"https:\/\/bit.ly\/4b5DiiO\">climate change<\/a>.<\/p>\n<p>Two of these activities were discussion circles\u2014one with the <a href=\"https:\/\/bit.ly\/31VLzqt\">Salgueiro favela Herb Growers Collective<\/a> and another titled \u201cHand in Hand for Better Food,\u201d organized by the Rio de Janeiro Municipal Council for Food and Nutritional Security (<a href=\"https:\/\/www.instagram.com\/consearj21\"><span style=\"font-weight: 400;\">CONSEA<\/span><\/a>). During these exchanges, members of the Herb Growers expressed frustration over the <a href=\"https:\/\/bit.ly\/47w7sKU\">lack of municipal support for the Hortas Cariocas program<\/a>, which works alongside the group to cultivate crops and medicinal plants in the <a href=\"https:\/\/bit.ly\/2NH50bN\">Salgueiro<\/a> community. According to Jorge Silva, a CONSEA representative who participated in the discussion circle, the meeting created an opportunity to acknowledge the issues raised and foster closer coordination between public authorities and community initiatives in order to address them.<\/p>\n<figure id=\"attachment_82145\" aria-describedby=\"caption-attachment-82145\" style=\"width: 2048px\" class=\"wp-caption aligncenter\"><a href=\"https:\/\/rioonwatch.org\/wp-content\/uploads\/2025\/11\/The-Salgueiro-Herb-Growers-Collective-also-led-a-discussion-circle-during-the-morning-program.-Photo-Barbara-Dias.jpg\"><img decoding=\"async\" class=\"wp-image-82145 size-full\" title=\"The Salgueiro favela Herb Growers Collective also facilitated a discussion circle during the morning program. Photo: B\u00e1rbara Dias\" src=\"https:\/\/rioonwatch.org\/wp-content\/uploads\/2025\/11\/The-Salgueiro-Herb-Growers-Collective-also-led-a-discussion-circle-during-the-morning-program.-Photo-Barbara-Dias.jpg\" alt=\"The Salgueiro favela Herb Growers Collective also facilitated a discussion circle during the morning program. Photo: B\u00e1rbara Dias\" width=\"2048\" height=\"1367\" srcset=\"https:\/\/rioonwatch.org\/wp-content\/uploads\/2025\/11\/The-Salgueiro-Herb-Growers-Collective-also-led-a-discussion-circle-during-the-morning-program.-Photo-Barbara-Dias.jpg 2048w, https:\/\/rioonwatch.org\/wp-content\/uploads\/2025\/11\/The-Salgueiro-Herb-Growers-Collective-also-led-a-discussion-circle-during-the-morning-program.-Photo-Barbara-Dias-620x414.jpg 620w, https:\/\/rioonwatch.org\/wp-content\/uploads\/2025\/11\/The-Salgueiro-Herb-Growers-Collective-also-led-a-discussion-circle-during-the-morning-program.-Photo-Barbara-Dias-942x629.jpg 942w, https:\/\/rioonwatch.org\/wp-content\/uploads\/2025\/11\/The-Salgueiro-Herb-Growers-Collective-also-led-a-discussion-circle-during-the-morning-program.-Photo-Barbara-Dias-768x513.jpg 768w, https:\/\/rioonwatch.org\/wp-content\/uploads\/2025\/11\/The-Salgueiro-Herb-Growers-Collective-also-led-a-discussion-circle-during-the-morning-program.-Photo-Barbara-Dias-1536x1025.jpg 1536w\" sizes=\"(max-width: 2048px) 100vw, 2048px\" \/><\/a><figcaption id=\"caption-attachment-82145\" class=\"wp-caption-text\">The Salgueiro favela Herb Growers Collective also facilitated a discussion circle during the morning program. Photo: B\u00e1rbara Dias<\/figcaption><\/figure>\n<p>In 2024, the <a href=\"https:\/\/bit.ly\/4oZmoIR\">Rio de Janeiro City Council<\/a>\u2019s Parliamentary Front Against Hunger and Poverty, in partnership with the <a href=\"https:\/\/bit.ly\/4qYE2hI\">Josu\u00e9 de Castro Institute of Nutrition<\/a> at the Federal University of Rio de Janeiro (<a href=\"https:\/\/bit.ly\/2G9KCND\">UFRJ<\/a>), published the first <a href=\"https:\/\/bit.ly\/4i3yC0V\">Hunger Map of the City of Rio de Janeiro<\/a>. The study identified geographic inequalities in access to adequate, high-quality food, showing that families in the <a href=\"https:\/\/bit.ly\/2IgR5qe\">North<\/a> and <a href=\"https:\/\/bit.ly\/2KVA7k7\">West Zones<\/a> are those who most experience hunger, with the <a href=\"https:\/\/bit.ly\/2XRgRuR\">Alem\u00e3o<\/a>, <a href=\"https:\/\/bit.ly\/2IgZ9Y4\">Mar\u00e9<\/a> and <a href=\"https:\/\/bit.ly\/2CYrDGT\">Penha<\/a> favela complexes, the neighborhood of <a href=\"https:\/\/bit.ly\/34IKfog\">Madureira<\/a>, and the <a href=\"https:\/\/bit.ly\/32T5tjE\">Jacarezinho<\/a> favela being the most impacted by food insecurity.<\/p>\n<p>Another activity that explored community agroecology as a pathway to food security, <em>Ba\u00fa do Plantar: Senior Citizens\u2019 Social Garden<\/em>, led by residents of <a href=\"http:\/\/bit.ly\/33uOYrJ\">Parque Arar\u00e1<\/a> in the North Zone, also featured in the festival. The initiative brings together actions focused on agroecology, <a href=\"https:\/\/bit.ly\/2TK9CRw\">environmental education<\/a> and <a href=\"https:\/\/bit.ly\/2gnaHNS\">mental health<\/a>, all developed in partnership with the Maur\u00edcio Silva Olympic Medalist Family Health Clinic. One of the project\u2019s activities, the Senior Citizens\u2019 Social Garden, is grounded in the concept of deep ecology. This notion, developed by environmental activist and philosopher <a href=\"https:\/\/bit.ly\/4i3uUUZ\">Arne Naess<\/a>, is based on the principle that nature and all living beings have intrinsic value and do not exist to serve humanity, contrary to dominant logic. The project views sustainability as a chain that depends on a series of processes to ensure food security, seeing soil preparation as the foundation for cultivating truly healthy food.<\/p>\n<blockquote><p>\u201cSomeone may be doing sustainable work by producing food through agroecological methods and all that, but if their neighbor is spraying pesticides, that cloud of poison will reach them too\u2014through the water, through the soil. So when we talk about food security, we\u2019re talking about a proposal for changing the world that\u2019s grounded in the idea of deep ecology, and that\u2019s what this project seeks to prioritize.\u201d \u2014 S\u00e9rgio Anversa, biologist, environmental educator and technical ally of the Parque Arar\u00e1 Social Garden<\/p><\/blockquote>\n<p>Members of the project shared that, this October, they established a partnership with the <a href=\"https:\/\/bit.ly\/43VRdG3\">Araras Institute<\/a>, located in Parque Arar\u00e1, to put environmental education into practice. The community-based organization promotes educational and social development initiatives for children and young people in Arar\u00e1. Vanessa da Silva, 24, born and raised in the community and currently the institute\u2019s sustainability director, explains that the organization\u2019s work represents the first contact many of its participants have with environmental issues. In addition, da Silva, who is pursuing a doctorate in Mathematical and Earth Sciences at the Federal University of Rio de Janeiro, is developing a project that, based on her academic research, aims to build a weather station to study the effects of climate on air quality in the region. She explains that the data collected in the study will complement the project\u2019s ongoing activities.<\/p>\n<blockquote><p>\u201cWith the data [gathered through my research], we would be able to analyze the sources that emit pollutants\u2014those linked to the expressways and nearby industrial zones\u2014as well as the receiving points, which are initially the clinic and the garden. From there, we could understand what types of pollutants are reaching the area and whether they pose any risk to the community\u2019s food security. If they show a negative impact on the crops, we plan to develop new projects to explore solutions that can improve air quality.\u201d \u2014 Vanessa da Silva<\/p><\/blockquote>\n<p>Another area of action for the <a href=\"https:\/\/bit.ly\/4hGrW8E\">Lilian Cec\u00edlia Social Garden<\/a> involves promoting residents\u2019 mental and emotional health. Recognizing that emotional stability and autonomy are key to building a sustainable environment, the garden\u2019s upkeep is integrated with craft activities carried out with women at the local clinic. The <a href=\"https:\/\/bit.ly\/4hGrW8E\">Parque Hor\u00e1cio Women\u2019s Movement<\/a> offers training courses aimed at strengthening support networks among participants and providing an alternative source of <a href=\"https:\/\/bit.ly\/3N0xk8S\">income<\/a>. Ana Lu\u00edsa Glaser Barbosa, a 53-year-old artisan and lifelong resident of Parque Arar\u00e1, learned about the women\u2019s collective through its founder, Maria Aparecida Vieira, known as Tia Cida, after experiencing a period of depression resulting from episodes of domestic violence during the <a href=\"https:\/\/bit.ly\/3hkUxR4\">pandemic<\/a>. Barbosa, whose vision is impaired by cataracts, emphasizes the importance of the project in fostering a community of support among women and sustaining artistic practice.<\/p>\n<blockquote><p>\u201cI think this kind of activity is essential in the favelas, because people don\u2019t always have the means to attend therapy. Even at the Family Clinic, it\u2019s hard to get an appointment with a psychologist or psychiatrist. [Meanwhile,] in the project, the embroidery sessions become a moment for chatting, for sharing\u2014a space where you can let out things your heart is carrying. Many women in the community suffer domestic violence in silence because they have no one to talk to. In the project, we build that kind of community. It\u2019s also about understanding and showing others that this matters. Beauty matters in our lives.\u201d \u2014 Ana Lu\u00edsa Glaser Barbosa<\/p><\/blockquote>\n<p>In the future, the project also plans to launch a training course in Grassroots Education and Health based on the crops grown in the Family Health Clinic\u2019s garden.<\/p>\n<p>In the afternoon, Claudia Queiroga, a volunteer cook with the organization <a href=\"https:\/\/bit.ly\/4kIoXwX\">Gastromotiva<\/a> and a resident of Nova Campinas, led the workshop \u201cGrandma\u2019s Kitchen Chat.\u201d Queiroga also runs <a href=\"https:\/\/bit.ly\/470iysD\">Sweet Memories<\/a>, a project that combines cooking and agroecology, transforming ingredients such as <a href=\"https:\/\/bit.ly\/3y8HCyZ\">jackfruit<\/a> into innovative savory dishes. During the activity, she taught recipes using few ingredients, working with foods in their entirety and emphasizing to participants the importance of <a href=\"https:\/\/bit.ly\/2uaAs7v\">avoiding waste<\/a> and valuing every step of the preparation process\u2014something she learned from conversations with her grandmother.<\/p>\n<blockquote><p>\u201cI draw on my grandparents\u2019 <a href=\"https:\/\/bit.ly\/3H3Fahw\">ancestral knowledge<\/a> to guide my cooking today. I try to revisit these teachings. My grandmother always talked a lot with me and my family about the path food takes to reach our table, and about valuing every step so that nothing goes to waste.\u201d \u2014 Claudia Queiroga<\/p><\/blockquote>\n<p>On the day, Queiroga prepared a flavored oil using assorted vegetable stems which, once processed, become a pesto sauce. In the same bowl, she grated a few vegetables, such as carrot, beet, and zucchini, creating what she calls a \u201cfunky vinaigrette.\u201d When speaking about her time with her grandmother, the cook recalls that fruit peels were always reused to make sweet preserves and infusions for cakes and juices. On her mother\u2019s side, she carries the fond memory of scrambled eggs with Malabar spinach and classic homemade <em>mate<\/em> tea.<\/p>\n<figure id=\"attachment_82148\" aria-describedby=\"caption-attachment-82148\" style=\"width: 2048px\" class=\"wp-caption aligncenter\"><a href=\"https:\/\/rioonwatch.org\/wp-content\/uploads\/2025\/11\/Participant-in-the-Salgueiro-Herb-Growers-discussion-circle-Photo-Felipe-Carneiro.jpg\"><img loading=\"lazy\" decoding=\"async\" class=\"wp-image-82148 size-full\" title=\"Participant in the Salgueiro Herb Growers discussion circle. Photo: Felipe Carneiro\" src=\"https:\/\/rioonwatch.org\/wp-content\/uploads\/2025\/11\/Participant-in-the-Salgueiro-Herb-Growers-discussion-circle-Photo-Felipe-Carneiro.jpg\" alt=\"Participant in the Salgueiro Herb Growers discussion circle. Photo: Felipe Carneiro\" width=\"2048\" height=\"1365\" srcset=\"https:\/\/rioonwatch.org\/wp-content\/uploads\/2025\/11\/Participant-in-the-Salgueiro-Herb-Growers-discussion-circle-Photo-Felipe-Carneiro.jpg 2048w, https:\/\/rioonwatch.org\/wp-content\/uploads\/2025\/11\/Participant-in-the-Salgueiro-Herb-Growers-discussion-circle-Photo-Felipe-Carneiro-620x413.jpg 620w, https:\/\/rioonwatch.org\/wp-content\/uploads\/2025\/11\/Participant-in-the-Salgueiro-Herb-Growers-discussion-circle-Photo-Felipe-Carneiro-944x629.jpg 944w, https:\/\/rioonwatch.org\/wp-content\/uploads\/2025\/11\/Participant-in-the-Salgueiro-Herb-Growers-discussion-circle-Photo-Felipe-Carneiro-768x512.jpg 768w, https:\/\/rioonwatch.org\/wp-content\/uploads\/2025\/11\/Participant-in-the-Salgueiro-Herb-Growers-discussion-circle-Photo-Felipe-Carneiro-1536x1024.jpg 1536w\" sizes=\"(max-width: 2048px) 100vw, 2048px\" \/><\/a><figcaption id=\"caption-attachment-82148\" class=\"wp-caption-text\">Participant in the Salgueiro Herb Growers discussion circle. Photo: Felipe Carneiro<\/figcaption><\/figure>\n<p>Queiroga credits her training and work to her involvement with the Gastromotiva network. Since 2006, the organization has used gastronomy as a tool to restore human dignity and combat food insecurity and waste, offering an experience that values both the food and the people who receive it. Its model operates through a <a href=\"https:\/\/gastromotiva.org\/refettorio-gastromotiva\/\">restaurant in Lapa<\/a> that charges for lunch served to the general public in order to provide a free dinner for people in situations of social vulnerability. Queiroga emphasizes the importance of ensuring access to quality food and the right to choose as a fundamental principle of citizenship.<\/p>\n<blockquote><p>\u201cWe\u2019re always talking about the importance of food, about a kind of cuisine that transforms. It\u2019s about the real opportunity to feed people with dignity, because that matters. And we\u2019re not talking about just any kind of meal, we don\u2019t serve processed foods, we don\u2019t serve pasta with hot dogs. We serve real food: rice, different kinds of beans, quality meats, vegetables\u2026 We also offer vegan and vegetarian dishes\u2026 <a href=\"https:\/\/bit.ly\/ROWClimateJustice\">Climate justice<\/a> has to do with a concern that goes beyond the environment. We also have to think about people.\u201d \u2014 Claudia Queiroga<\/p><\/blockquote>\n<p>Born in Itabuna in southern Bahia, of Moroccan heritage and raised in Islamic culture, Yamayck Libarino, 31, lives in Rio and is currently experiencing homelessness. He is one of the beneficiaries of the project and was invited by Queiroga to take part in the workshop. Libarino was introduced to Gastromotiva through <a href=\"https:\/\/bit.ly\/43KSijW\">Street Yoga<\/a>, which facilitates yoga sessions and discussion circles and, in partnership with Gastromotiva, provides vegetarian meals to people in situations of social vulnerability.<\/p>\n<blockquote><p>\u201cSince my parents were strict about religious doctrine [Muslim, which only permits the consumption of animals slaughtered according to the Halal rite], I grew up not eating meat. Sometimes I don\u2019t have a choice. When the food caravans come by offering meals to people living on the streets, it\u2019s usually pasta with hot dogs, so I eat a little, or give it to someone else. But I really prefer vegan and vegetarian food.\u201d \u2014 Yamayck Libarino<\/p><\/blockquote>\n<p>This year, the 2nd Favela Sustainability Festival once again showed that the solutions to food insecurity\u2014as well as to other issues that will intensify with the global climate crisis\u2014emerge from the peripheries of power, where collective creativity and community organization turn into concrete actions for change and well-being. The festival strengthens community initiatives, joining together in a broad pact for climate and environmental justice for Rio de Janeiro\u2019s favelas.<\/p>\n<p><strong>Save the date! The Sustainable Favela Network has already confirmed that the 3rd Sustainable Favela Network Festival will take place on October 17, 2026. It\u2019s going to be even more unmissable! Mark your calendars!\u00a0<\/strong><\/p>\n<p><em>This is the first of two articles complementing <a href=\"https:\/\/rioonwatch.org\/?p=82092\">official coverage of the 2nd Sustainable Favela Festival<\/a>. <a href=\"https:\/\/rioonwatch.org\/?p=82124\">Click here for part two<\/a>.<\/em><\/p>\n<h3>Check out the Photo Album of the Food Justice Space at the 2nd Sustainable Favela Festival <a href=\"http:\/\/bit.ly\/FFS2FotosFeira\">on Flickr<\/a>:<\/h3>\n<p><a title=\"Feira, Espa\u00e7o Sa\u00fade e Alimenta\u00e7\u00e3o no 2\u00b0 Festival Favela Sustent\u00e1vel, 18 de outubro de 2025\" href=\"https:\/\/www.flickr.com\/photos\/catcomm\/albums\/72177720329965807\" data-flickr-embed=\"true\"><img loading=\"lazy\" decoding=\"async\" src=\"https:\/\/live.staticflickr.com\/65535\/54886953516_73e979f1b9_h.jpg\" alt=\"Feira, Espa\u00e7o Sa\u00fade e Alimenta\u00e7\u00e3o no 2\u00b0 Festival Favela Sustent\u00e1vel, 18 de outubro de 2025\" width=\"1600\" height=\"1200\" \/><\/a><script async src=\"\/\/embedr.flickr.com\/assets\/client-code.js\" charset=\"utf-8\"><\/script><\/p>\n<p><em>*The 2nd Sustainable Favela Festival: Favelas at the Center of Climate Solutions is organized by the\u00a0<a href=\"https:\/\/www.favelasustentavel.org\/about\" target=\"_blank\" rel=\"noopener\">Sustainable Favela Network<\/a>\u00a0with the support and partnership of\u00a0<a href=\"https:\/\/bit.ly\/3Lt53am\" target=\"_blank\" rel=\"noopener\">re:arc institute<\/a>,\u00a0<a href=\"https:\/\/bit.ly\/3U8tgGA\" target=\"_blank\" rel=\"noopener\">Fundi\u00e7\u00e3o Progresso<\/a>\u00a0and\u00a0<a href=\"https:\/\/bit.ly\/3v5EcrO\" target=\"_blank\" rel=\"noopener\">CEDAE<\/a>. Individual donors to Catalytic Communities have provided extra support, allowing the event to scale beyond initial projections. The 2025 event is also part of three other essential pre-COP agendas taking place in the city of Rio de Janeiro: the<a href=\"http:\/\/viradasustentavel.org.br\/rio-de-janeiro\/\" target=\"_blank\" rel=\"noopener\">\u00a0Rio de Janeiro Sustainability Turnaround<\/a>, the<a href=\"http:\/\/sengerj.org.br\/semana-da-alimentacao-carioca-2025-de-11-a-18-10-o-rio-em-defesa-de-comida-boa-e-futuro-melhor\" target=\"_blank\" rel=\"noopener\">\u00a015th Annual Rio Agriculture Week<\/a>, and UN-Habitat\u2019s\u00a0<a href=\"http:\/\/www.inscricoes.circuitourbano.org\/conteudo\/view?ID_CONTEUDO=1372\" target=\"_blank\" rel=\"noopener\">Urban October<\/a>. The Sustainable Favela Network (SFN), the Community Land Trust (CLT), and RioOnWatch are initiatives of the NGO Catalytic Communities (CatComm).<\/em><\/p>\n<p><em>About the author: Joana Stewart is a fourth-semester journalism student at PUC-Rio, with interests in the areas of environment, culture, and politics. During her studies, she has taken part in extension projects, external assignments and has explored different areas of communication both inside and outside the academic setting.<\/em><\/p>\n<hr \/>\n<h4><b>Support\u00a0<\/b><b><i>RioOnWatch<\/i><\/b><b>\u2019s tireless, critical and cutting-edge hyperlocal journalism, online community organizing meetings, and direct support to favelas\u00a0<a href=\"http:\/\/bit.ly\/FavelaCovidResponse\" target=\"_blank\" rel=\"noopener noreferrer\">by clicking here<\/a><\/b><b>.<\/b><\/h4>\n","protected":false},"excerpt":{"rendered":"<div class=\"mh-excerpt\"><p>Clique aqui para Portugu\u00eas This is the first of two articles complementing official coverage of the 2nd Sustainable Favela Festival. Click here for part two. Organized by the Sustainable Favela Network (SFN)*, the 2nd Sustainable <a class=\"mh-excerpt-more\" href=\"https:\/\/rioonwatch.org\/?p=82141\" title=\"Food Sovereignty and Culinary Heritage Connect with Fight for Climate Justice at the 2nd Sustainable Favela Festival\">[&#8230;]<\/a><\/p>\n<\/div>","protected":false},"author":245,"featured_media":82142,"comment_status":"closed","ping_status":"closed","sticky":false,"template":"template-full.php","format":"standard","meta":{"_monsterinsights_skip_tracking":false,"_monsterinsights_sitenote_active":false,"_monsterinsights_sitenote_note":"","_monsterinsights_sitenote_category":0,"footnotes":""},"categories":[1290,3477,1333,1271,329,452,1329],"tags":[244,3774,472,3406,2405,258,474,892,223,291,3495,3148,3534,3416,3707,37,471,3186,21,470],"writer":[3827],"translator":[3795],"illustrator":[],"photographer":[3548,3824],"class_list":{"0":"post-82141","1":"post","2":"type-post","3":"status-publish","4":"format-standard","5":"has-post-thumbnail","7":"category-civilsociety","8":"category-climate-justice","9":"category-event-reports","10":"category-favelaqualities","11":"category-solutions","12":"category-rio20","13":"category-by-international-observers","14":"tag-agroecology","15":"tag-ancestral-knowledge","16":"tag-climate-change","17":"tag-climate-justice","18":"tag-community-garden","19":"tag-community-solution","20":"tag-environment","21":"tag-family-health-clinic","22":"tag-favela-as-a-model","23":"tag-food","24":"tag-food-insecurity","25":"tag-food-security","26":"tag-food-sovereignty","27":"tag-hortas-cariocas","28":"tag-nature-based-solutions","29":"tag-north-zone","30":"tag-sustainability","31":"tag-sfn","32":"tag-west-zone","33":"tag-zero-waste","34":"writer-joana-stewart","35":"translator-marina-devine-guzman","36":"photographer-barbara-dias","37":"photographer-felipe-carneiro"},"_links":{"self":[{"href":"https:\/\/rioonwatch.org\/index.php?rest_route=\/wp\/v2\/posts\/82141","targetHints":{"allow":["GET"]}}],"collection":[{"href":"https:\/\/rioonwatch.org\/index.php?rest_route=\/wp\/v2\/posts"}],"about":[{"href":"https:\/\/rioonwatch.org\/index.php?rest_route=\/wp\/v2\/types\/post"}],"author":[{"embeddable":true,"href":"https:\/\/rioonwatch.org\/index.php?rest_route=\/wp\/v2\/users\/245"}],"replies":[{"embeddable":true,"href":"https:\/\/rioonwatch.org\/index.php?rest_route=%2Fwp%2Fv2%2Fcomments&post=82141"}],"version-history":[{"count":3,"href":"https:\/\/rioonwatch.org\/index.php?rest_route=\/wp\/v2\/posts\/82141\/revisions"}],"predecessor-version":[{"id":82176,"href":"https:\/\/rioonwatch.org\/index.php?rest_route=\/wp\/v2\/posts\/82141\/revisions\/82176"}],"wp:featuredmedia":[{"embeddable":true,"href":"https:\/\/rioonwatch.org\/index.php?rest_route=\/wp\/v2\/media\/82142"}],"wp:attachment":[{"href":"https:\/\/rioonwatch.org\/index.php?rest_route=%2Fwp%2Fv2%2Fmedia&parent=82141"}],"wp:term":[{"taxonomy":"category","embeddable":true,"href":"https:\/\/rioonwatch.org\/index.php?rest_route=%2Fwp%2Fv2%2Fcategories&post=82141"},{"taxonomy":"post_tag","embeddable":true,"href":"https:\/\/rioonwatch.org\/index.php?rest_route=%2Fwp%2Fv2%2Ftags&post=82141"},{"taxonomy":"writer","embeddable":true,"href":"https:\/\/rioonwatch.org\/index.php?rest_route=%2Fwp%2Fv2%2Fwriter&post=82141"},{"taxonomy":"translator","embeddable":true,"href":"https:\/\/rioonwatch.org\/index.php?rest_route=%2Fwp%2Fv2%2Ftranslator&post=82141"},{"taxonomy":"illustrator","embeddable":true,"href":"https:\/\/rioonwatch.org\/index.php?rest_route=%2Fwp%2Fv2%2Fillustrator&post=82141"},{"taxonomy":"photographer","embeddable":true,"href":"https:\/\/rioonwatch.org\/index.php?rest_route=%2Fwp%2Fv2%2Fphotographer&post=82141"}],"curies":[{"name":"wp","href":"https:\/\/api.w.org\/{rel}","templated":true}]}}