{"id":82568,"date":"2025-12-31T16:09:46","date_gmt":"2025-12-31T19:09:46","guid":{"rendered":"https:\/\/rioonwatch.org\/?p=82568"},"modified":"2026-01-13T16:01:19","modified_gmt":"2026-01-13T19:01:19","slug":"what-we-want-arent-bodies-on-the-ground-its-recognition-of-our-people-creating-solutions-penha-favelas-hold-composters-and-integrated-health-events-highlighti","status":"publish","type":"post","link":"https:\/\/rioonwatch.org\/?p=82568","title":{"rendered":"\u2018What We Want Aren\u2019t Bodies on the Ground&#8230; It\u2019s Recognition of [Our] People Creating Solutions\u2019: Penha Favelas Hold Composters and Integrated Health Events Highlighting Local Climate Memories"},"content":{"rendered":"<figure id=\"attachment_82569\" aria-describedby=\"caption-attachment-82569\" style=\"width: 2560px\" class=\"wp-caption aligncenter\"><a href=\"https:\/\/rioonwatch.org\/wp-content\/uploads\/2026\/01\/Members-of-the-Frente-Penha-Collective-visit-the-Favela-Climate-Memory-Exhibition.-Photo-Barbara-Dias-scaled-1.jpg\"><img fetchpriority=\"high\" decoding=\"async\" class=\"wp-image-82569 size-full\" title=\"Members of the Serra da Miseric\u00f3rdia Integration Center (CEM) and the Frente Penha Collective, who organized the Penha Climate Memory circle, present the exhibition. Photo: B\u00e1rbara Dias\" src=\"https:\/\/rioonwatch.org\/wp-content\/uploads\/2026\/01\/Members-of-the-Frente-Penha-Collective-visit-the-Favela-Climate-Memory-Exhibition.-Photo-Barbara-Dias-scaled-1.jpg\" alt=\"Members of the Serra da Miseric\u00f3rdia Integration Center (CEM) and the Frente Penha Collective, who organized the Penha Climate Memory circle, present the exhibition. Photo: B\u00e1rbara Dias\" width=\"2560\" height=\"1709\" srcset=\"https:\/\/rioonwatch.org\/wp-content\/uploads\/2026\/01\/Members-of-the-Frente-Penha-Collective-visit-the-Favela-Climate-Memory-Exhibition.-Photo-Barbara-Dias-scaled-1.jpg 2560w, https:\/\/rioonwatch.org\/wp-content\/uploads\/2026\/01\/Members-of-the-Frente-Penha-Collective-visit-the-Favela-Climate-Memory-Exhibition.-Photo-Barbara-Dias-scaled-1-620x414.jpg 620w, https:\/\/rioonwatch.org\/wp-content\/uploads\/2026\/01\/Members-of-the-Frente-Penha-Collective-visit-the-Favela-Climate-Memory-Exhibition.-Photo-Barbara-Dias-scaled-1-942x629.jpg 942w, https:\/\/rioonwatch.org\/wp-content\/uploads\/2026\/01\/Members-of-the-Frente-Penha-Collective-visit-the-Favela-Climate-Memory-Exhibition.-Photo-Barbara-Dias-scaled-1-768x513.jpg 768w, https:\/\/rioonwatch.org\/wp-content\/uploads\/2026\/01\/Members-of-the-Frente-Penha-Collective-visit-the-Favela-Climate-Memory-Exhibition.-Photo-Barbara-Dias-scaled-1-1536x1025.jpg 1536w, https:\/\/rioonwatch.org\/wp-content\/uploads\/2026\/01\/Members-of-the-Frente-Penha-Collective-visit-the-Favela-Climate-Memory-Exhibition.-Photo-Barbara-Dias-scaled-1-2048x1367.jpg 2048w\" sizes=\"(max-width: 2560px) 100vw, 2560px\" \/><\/a><figcaption id=\"caption-attachment-82569\" class=\"wp-caption-text\">Members of the Serra da Miseric\u00f3rdia Integration Center (CEM) and the Frente Penha Collective, who organized the Penha Climate Memory circle, present the exhibition. Photo: B\u00e1rbara Dias<\/figcaption><\/figure>\n<p style=\"text-align: right;\"><a href=\"https:\/\/bit.ly\/4aB9xss\" target=\"_blank\" rel=\"noopener\"><span class=\"s1\"><i>Clique aqui para Portugu\u00eas<\/i><\/span><span class=\"s2\"><i><span class=\"Apple-converted-space\"><em><img decoding=\"async\" class=\"alignright size-full wp-image-23766\" src=\"https:\/\/www.rioonwatch.org\/wp-content\/uploads\/2012\/08\/PT-e1439583827971.png\" width=\"20\" height=\"20\" \/><\/em><\/span><\/i><\/span><\/a><\/p>\n<p>In December, <a href=\"https:\/\/bit.ly\/2CYrDGT\">Complexo da Penha<\/a>, in Rio de Janeiro\u2019s <a href=\"https:\/\/bit.ly\/2IgR5qe\">North Zone<\/a>, hosted a number of community-run events just weeks after Rio de Janeiro&#8217;s <a href=\"https:\/\/bit.ly\/47OuQ7M\">deadliest police massacre<\/a> took place in the same set of communities. On December 5 organizers held the <a href=\"https:\/\/bit.ly\/48sknPZ\">6th Annual Composters\u2019 Meet-Up<\/a> and the latest <a href=\"https:\/\/bit.ly\/4rQU3H0\">annual Favela Health Meet-Up<\/a>, at the municipal cultural center, <a href=\"https:\/\/bit.ly\/3YiSvHU\">Arena Dicr\u00f3<\/a>, where they also had the <a href=\"https:\/\/bit.ly\/FavelaClimateMemoryInTheGuardian\">Favela Climate Memory exhibition<\/a> on display. Over several weeks, the exhibition, organized by Rio&#8217;s Sustainable Favela Network (<a href=\"https:\/\/bit.ly\/47oDcmW\">SFN<\/a>)*, circulated across the favela complex, with a <a href=\"https:\/\/bit.ly\/47oDcmW\">schedule of activities<\/a> that began on November 24 at the <a href=\"https:\/\/bit.ly\/4ad53Ic\">Brant Horta Municipal School<\/a>, featuring a discussion circle that engaged students. The closing took place on December 10, at Pra\u00e7a do Mineirinho, in <a href=\"https:\/\/bit.ly\/2ZSr6QE\">Vila Cruzeiro<\/a>, with activities open to the public.<\/p>\n<p>At the December 5 event, Ana Santos, from the Serra da Miseric\u00f3rdia Integration Center (<a href=\"https:\/\/bit.ly\/4oEMiBk\">CEM<\/a>) and the <a href=\"https:\/\/bit.ly\/4iJgzx6\">Frente Penha<\/a> collective, responsible for organizing the <a href=\"https:\/\/bit.ly\/MCPenhaVideo\">Penha Climate Memory Circle featured in the exhibition<\/a>, explained how the day&#8217;s program was conceived.<\/p>\n<blockquote><p>\u201cPenha is hosting this major exhibition for the first time. It was featured as part of our local school\u2019s educational content, which has been working on issues related to the river, the &#8216;val\u00e3o&#8217; [river-turned-sewage ditch], climate issues and Ary Barroso Park. So we had to take the exhibition into the school, to youth and families, so that, beyond sharing with Penha residents broadly, we recognize youth who are building a territory of well-being. Today, we were at Arena Dicr\u00f3, which originally <a href=\"https:\/\/bit.ly\/MCPenhaVideo\">hosted our Climate Memory circle<\/a>. The arena is located inside Ary Barroso Park, a conservation unit. So why not have this exhibition alongside the annual Composters\u2019 and Favela Health Meet-Ups?<\/p>\n<p>In a single day, we managed to bring together groups from different favelas that work on environmental issues through composting. We know that waste\u2014what many people call trash\u2014is one of the major problems, and it came up repeatedly, including in our Penha Climate Memory circle. But today, we only spoke about <a href=\"https:\/\/bit.ly\/1lJZRz2\">solutions<\/a>, climate solutions in the favela. I&#8217;ve been part of the Sustainable Favela Network since the beginning, and I find it extremely satisfying to be engaged in this debate and, above all, in this entire visual experience, which not only places Penha at the center of things but also brings in all the other favelas. On December 10, Human Rights Day, this exhibition will be out there, in Vila Cruzeiro. And it&#8217;s also a matter of reparations, after the massacre that took place here. What we want to see in Vila Cruzeiro aren&#8217;t bodies taken from the ground: it&#8217;s our memories, our stories, recognition of the people here constantly creating solutions to live better and build well-being as a network.\u201d \u2014 Ana Santos<\/p><\/blockquote>\n<figure id=\"attachment_82572\" aria-describedby=\"caption-attachment-82572\" style=\"width: 2560px\" class=\"wp-caption aligncenter\"><a href=\"https:\/\/rioonwatch.org\/wp-content\/uploads\/2026\/01\/Public-visits-the-Favela-Climate-Memory-Exhibition-at-Arena-Dicro-in-Complexo-da-Penha.-Photo-Barbara-Dias-scaled-1.jpg\"><img decoding=\"async\" class=\"wp-image-82572 size-full\" title=\"The public visits the Favela Climate Memory exhibition at Arena Dicr\u00f3 in Penha. Photo: B\u00e1rbara Dias\" src=\"https:\/\/rioonwatch.org\/wp-content\/uploads\/2026\/01\/Public-visits-the-Favela-Climate-Memory-Exhibition-at-Arena-Dicro-in-Complexo-da-Penha.-Photo-Barbara-Dias-scaled-1.jpg\" alt=\"The public visits the Favela Climate Memory exhibition at Arena Dicr\u00f3 in Penha. Photo: B\u00e1rbara Dias\" width=\"2560\" height=\"1709\" srcset=\"https:\/\/rioonwatch.org\/wp-content\/uploads\/2026\/01\/Public-visits-the-Favela-Climate-Memory-Exhibition-at-Arena-Dicro-in-Complexo-da-Penha.-Photo-Barbara-Dias-scaled-1.jpg 2560w, https:\/\/rioonwatch.org\/wp-content\/uploads\/2026\/01\/Public-visits-the-Favela-Climate-Memory-Exhibition-at-Arena-Dicro-in-Complexo-da-Penha.-Photo-Barbara-Dias-scaled-1-620x414.jpg 620w, https:\/\/rioonwatch.org\/wp-content\/uploads\/2026\/01\/Public-visits-the-Favela-Climate-Memory-Exhibition-at-Arena-Dicro-in-Complexo-da-Penha.-Photo-Barbara-Dias-scaled-1-942x629.jpg 942w, https:\/\/rioonwatch.org\/wp-content\/uploads\/2026\/01\/Public-visits-the-Favela-Climate-Memory-Exhibition-at-Arena-Dicro-in-Complexo-da-Penha.-Photo-Barbara-Dias-scaled-1-768x513.jpg 768w, https:\/\/rioonwatch.org\/wp-content\/uploads\/2026\/01\/Public-visits-the-Favela-Climate-Memory-Exhibition-at-Arena-Dicro-in-Complexo-da-Penha.-Photo-Barbara-Dias-scaled-1-1536x1025.jpg 1536w, https:\/\/rioonwatch.org\/wp-content\/uploads\/2026\/01\/Public-visits-the-Favela-Climate-Memory-Exhibition-at-Arena-Dicro-in-Complexo-da-Penha.-Photo-Barbara-Dias-scaled-1-2048x1367.jpg 2048w\" sizes=\"(max-width: 2560px) 100vw, 2560px\" \/><\/a><figcaption id=\"caption-attachment-82572\" class=\"wp-caption-text\">Public visits the Favela Climate Memory exhibition at Arena Dicr\u00f3 in Penha. Photo: B\u00e1rbara Dias<\/figcaption><\/figure>\n<p>The 6th Composters\u2019 Meet-Up began in the morning with a discussion circle mediated by Paulo Monteiro, with Felipe and Davi Apolin\u00e1rio, from the <a href=\"https:\/\/bit.ly\/4aFEVpx\">Family Compost<\/a> collective, and Rose Trov\u00e3o, from CEM, who shared experiences of favela community composting. Rose Trov\u00e3o spoke about the composting project currently being carried out in <a href=\"https:\/\/bit.ly\/47586yp\">Terra Prometida<\/a>, a relatively young favela where CEM is located.<\/p>\n<blockquote><p>\u201cWe started out a short time ago; it\u2019s been six months since the first compost was ready, and we used it in our own vegetable garden with the children. In the future, the next batches of compost will work like a currency: people bring their waste and take a certain amount of compost. [They can] bring [organic] waste, cooking oil too, so we can make soap, and get a kilo or two of compost.\u201d \u2014 Rose Trov\u00e3o<\/p><\/blockquote>\n<p>During the event&#8217;s second panel, city councilors <a href=\"https:\/\/bit.ly\/48Z8PDQ\">William Siri<\/a> and <a href=\"https:\/\/bit.ly\/48JE2JY\">Ma\u00edra do MST<\/a> discussed the importance of public policies for strengthening composting and detailed steps toward developing supportive legislation. According to William Siri, a report prepared by his office, focusing on the <a href=\"https:\/\/bit.ly\/2KVA7k7\">West Zone<\/a>, showed that over 40% of waste generated is organic. In this context, a Composting Program is being developed with the support of other councilors, including Ma\u00edra do MST.<\/p>\n<blockquote><p>\u201cIt&#8217;s essential that we build collectively because we know that it&#8217;s the front lines in favelas that are taking concrete action, even stepping in for the state, which seldom\u2014or almost never\u2014provides opportunities for these public policies to be implemented\u2026 We are part of the <a href=\"https:\/\/bit.ly\/4iMcZ5m\">City Council\u2019s Food Security Committee<\/a>, and I believe that it is from the perspective of <a href=\"https:\/\/bit.ly\/3w65Arn\">food security<\/a> that we join this fight for composting. I think Rio de Janeiro has very interesting experiences: here we have partners from <a href=\"https:\/\/bit.ly\/4iVtsV7\">Composta\u00ea<\/a>, the <a href=\"https:\/\/bit.ly\/3XSyUhR\">Ang\u00e9lica Goulart Foundation<\/a> and our partners from CEM.\u201d \u2014 Ma\u00edra do MST<\/p><\/blockquote>\n<figure id=\"attachment_82575\" aria-describedby=\"caption-attachment-82575\" style=\"width: 2560px\" class=\"wp-caption aligncenter\"><a href=\"https:\/\/rioonwatch.org\/wp-content\/uploads\/2026\/01\/Public-followed-the-6th-Composters-Meeting-at-Arena-Dicro-on-the-same-day-that-the-Favela-Climate-Memory-Exhibition-was-at-the-venue.-Photo-Barbara-Dias-scaled-1.jpg\"><img loading=\"lazy\" decoding=\"async\" class=\"wp-image-82575 size-full\" title=\"The public attended the 6th Composters\u2019 Meeting at Arena Dicr\u00f3. Photo: B\u00e1rbara Dias\" src=\"https:\/\/rioonwatch.org\/wp-content\/uploads\/2026\/01\/Public-followed-the-6th-Composters-Meeting-at-Arena-Dicro-on-the-same-day-that-the-Favela-Climate-Memory-Exhibition-was-at-the-venue.-Photo-Barbara-Dias-scaled-1.jpg\" alt=\"The public attended the 6th Composters\u2019 Meeting at Arena Dicr\u00f3. Photo: B\u00e1rbara Dias\" width=\"2560\" height=\"1709\" srcset=\"https:\/\/rioonwatch.org\/wp-content\/uploads\/2026\/01\/Public-followed-the-6th-Composters-Meeting-at-Arena-Dicro-on-the-same-day-that-the-Favela-Climate-Memory-Exhibition-was-at-the-venue.-Photo-Barbara-Dias-scaled-1.jpg 2560w, https:\/\/rioonwatch.org\/wp-content\/uploads\/2026\/01\/Public-followed-the-6th-Composters-Meeting-at-Arena-Dicro-on-the-same-day-that-the-Favela-Climate-Memory-Exhibition-was-at-the-venue.-Photo-Barbara-Dias-scaled-1-620x414.jpg 620w, https:\/\/rioonwatch.org\/wp-content\/uploads\/2026\/01\/Public-followed-the-6th-Composters-Meeting-at-Arena-Dicro-on-the-same-day-that-the-Favela-Climate-Memory-Exhibition-was-at-the-venue.-Photo-Barbara-Dias-scaled-1-942x629.jpg 942w, https:\/\/rioonwatch.org\/wp-content\/uploads\/2026\/01\/Public-followed-the-6th-Composters-Meeting-at-Arena-Dicro-on-the-same-day-that-the-Favela-Climate-Memory-Exhibition-was-at-the-venue.-Photo-Barbara-Dias-scaled-1-768x513.jpg 768w, https:\/\/rioonwatch.org\/wp-content\/uploads\/2026\/01\/Public-followed-the-6th-Composters-Meeting-at-Arena-Dicro-on-the-same-day-that-the-Favela-Climate-Memory-Exhibition-was-at-the-venue.-Photo-Barbara-Dias-scaled-1-1536x1025.jpg 1536w, https:\/\/rioonwatch.org\/wp-content\/uploads\/2026\/01\/Public-followed-the-6th-Composters-Meeting-at-Arena-Dicro-on-the-same-day-that-the-Favela-Climate-Memory-Exhibition-was-at-the-venue.-Photo-Barbara-Dias-scaled-1-2048x1367.jpg 2048w\" sizes=\"(max-width: 2560px) 100vw, 2560px\" \/><\/a><figcaption id=\"caption-attachment-82575\" class=\"wp-caption-text\">6th Composters\u2019 Meet-Up at Arena Dicr\u00f3. Photo: B\u00e1rbara Dias<\/figcaption><\/figure>\n<p>After lunch, participants from the morning event headed to Serra da Miseric\u00f3rdia, where they visited CEM and learned about its initiatives in composting and <a href=\"https:\/\/bit.ly\/382vqwR\">agroforestry<\/a>. Meanwhile, at Arena Dicr\u00f3, between the morning and afternoon, visitors explored the Favela Climate Memory exhibition, where they learned about residents&#8217; memories of climate in the ten Rio favelas that created the exhibition.<\/p>\n<p>Vilson Luiz, from the Frente Penha collective, which also organized the Penha Climate Memory Circle on display in the exhibition, highlighted how positive it was to bring the installation back to the community. According to him, the exhibition \u201cgives a sense of satisfaction\u201d about <a href=\"https:\/\/bit.ly\/MCPenhaVideo\">the process that was built by residents<\/a>.<\/p>\n<blockquote><p>\u201cWe&#8217;re often in the favela and people take pictures of us, ask questions and then don\u2019t come back to show us what was developed from that. So it was great at the school because we were able to show this to the children: the power of the favela. Today we return here to Arena Dicr\u00f3 with another event to present the exhibition and let people grasp the entirety of what was collected\u2014everything that was produced and that is being presented. This is about Penha, it\u2019s about favelas and about imagining what we can also do in a favela\u2026 talking about memory and showing that favelas have a memory, that their communities have a memory. And we\u2019re not just talking about ours; we\u2019re talking about all favelas. And understanding that all favelas are connected in a network.\u201d \u2014 Vilson Luiz<\/p><\/blockquote>\n<figure id=\"attachment_82576\" aria-describedby=\"caption-attachment-82576\" style=\"width: 2560px\" class=\"wp-caption aligncenter\"><a href=\"https:\/\/rioonwatch.org\/wp-content\/uploads\/2026\/01\/The-Favela-Climate-Memory-Exhibition-in-Complexo-da-Penha-took-place-amid-the-6th-Composters-Meeting-and-the-Annual-Health-in-the-Favelas-Meeting.-Photo-Barbara-Dias-scaled-1.jpg\"><img loading=\"lazy\" decoding=\"async\" class=\"wp-image-82576 size-full\" title=\"The Favela Climate Memory exhibition in Complexo da Penha took place during the 6th Composters\u2019 Meeting and the Annual Health in the Favelas Meeting. Photo: B\u00e1rbara Dias\" src=\"https:\/\/rioonwatch.org\/wp-content\/uploads\/2026\/01\/The-Favela-Climate-Memory-Exhibition-in-Complexo-da-Penha-took-place-amid-the-6th-Composters-Meeting-and-the-Annual-Health-in-the-Favelas-Meeting.-Photo-Barbara-Dias-scaled-1.jpg\" alt=\"The Favela Climate Memory exhibition in Complexo da Penha took place during the 6th Composters\u2019 Meeting and the Annual Health in the Favelas Meeting. Photo: B\u00e1rbara Dias\" width=\"2560\" height=\"1709\" srcset=\"https:\/\/rioonwatch.org\/wp-content\/uploads\/2026\/01\/The-Favela-Climate-Memory-Exhibition-in-Complexo-da-Penha-took-place-amid-the-6th-Composters-Meeting-and-the-Annual-Health-in-the-Favelas-Meeting.-Photo-Barbara-Dias-scaled-1.jpg 2560w, https:\/\/rioonwatch.org\/wp-content\/uploads\/2026\/01\/The-Favela-Climate-Memory-Exhibition-in-Complexo-da-Penha-took-place-amid-the-6th-Composters-Meeting-and-the-Annual-Health-in-the-Favelas-Meeting.-Photo-Barbara-Dias-scaled-1-620x414.jpg 620w, https:\/\/rioonwatch.org\/wp-content\/uploads\/2026\/01\/The-Favela-Climate-Memory-Exhibition-in-Complexo-da-Penha-took-place-amid-the-6th-Composters-Meeting-and-the-Annual-Health-in-the-Favelas-Meeting.-Photo-Barbara-Dias-scaled-1-942x629.jpg 942w, https:\/\/rioonwatch.org\/wp-content\/uploads\/2026\/01\/The-Favela-Climate-Memory-Exhibition-in-Complexo-da-Penha-took-place-amid-the-6th-Composters-Meeting-and-the-Annual-Health-in-the-Favelas-Meeting.-Photo-Barbara-Dias-scaled-1-768x513.jpg 768w, https:\/\/rioonwatch.org\/wp-content\/uploads\/2026\/01\/The-Favela-Climate-Memory-Exhibition-in-Complexo-da-Penha-took-place-amid-the-6th-Composters-Meeting-and-the-Annual-Health-in-the-Favelas-Meeting.-Photo-Barbara-Dias-scaled-1-1536x1025.jpg 1536w, https:\/\/rioonwatch.org\/wp-content\/uploads\/2026\/01\/The-Favela-Climate-Memory-Exhibition-in-Complexo-da-Penha-took-place-amid-the-6th-Composters-Meeting-and-the-Annual-Health-in-the-Favelas-Meeting.-Photo-Barbara-Dias-scaled-1-2048x1367.jpg 2048w\" sizes=\"(max-width: 2560px) 100vw, 2560px\" \/><\/a><figcaption id=\"caption-attachment-82576\" class=\"wp-caption-text\">The Favela Climate Memory exhibition in Complexo da Penha took place during the 6th Composters\u2019 Meet-Up and the Annual Favela Health Meet-Up. Photo: B\u00e1rbara Dias<\/figcaption><\/figure>\n<p>Later in the afternoon, the <a href=\"https:\/\/bit.ly\/3Msh7eR\">Annual Meet-Up of Rio&#8217;s Integrated Favela Health Plan<\/a> took place, during which data on actions carried out in the state\u2019s favelas were presented. The choice of venue was symbolic, as the event united organizations operating across the state, including in Complexo da Penha, which will be facing the <a href=\"https:\/\/bit.ly\/48oO8kx\">impacts of the recent massacre<\/a>\u2014in which 121 people perished\u2014for years to come.<\/p>\n<p>Legislators such as State Deputy <a href=\"https:\/\/bit.ly\/4bTkOCW\">Renata Souza<\/a> were there: she commented on initial results from the state&#8217;s health plan.<\/p>\n<blockquote><p>\u201cWe\u2019ve seen very important results, with around one million people directly impacted by the Integrated Favela Health Plan: 176 favelas served across 33 municipalities in the state of Rio de Janeiro. It makes a difference when we ensure that public policies and budgets reach who they&#8217;re meant to. So, here we are in Complexo da Penha, where a massacre took place, which is the politics of death, <a href=\"https:\/\/bit.ly\/2Wx3COC\">necropolitics<\/a>. What we do with the Integrated Favela Health Plan is the politics of life, ensuring the possibility to dream, hope and overcome social inequities.\u201d \u2014 Renata Souza<\/p><\/blockquote>\n<figure id=\"attachment_82579\" aria-describedby=\"caption-attachment-82579\" style=\"width: 2560px\" class=\"wp-caption aligncenter\"><a href=\"https:\/\/rioonwatch.org\/wp-content\/uploads\/2026\/01\/The-Annual-Meeting-of-the-Integrated-Health-Plan-in-Rio-de-Janeiros-Favelas-took-place-at-Arena-Dicro-on-the-same-day-that-the-Favela-Climate-Memory-Exhibition-was-on-site.-Photo-Barbara-Dias-scaled-1.jpg\"><img loading=\"lazy\" decoding=\"async\" class=\"wp-image-82579 size-full\" title=\"The Annual Meeting of the Integrated Health Plan in Rio de Janeiro\u2019s favelas took place at Arena Dicr\u00f3 on the same day as the Favela Climate Memory Exhibition. Photo: B\u00e1rbara Dias\" src=\"https:\/\/rioonwatch.org\/wp-content\/uploads\/2026\/01\/The-Annual-Meeting-of-the-Integrated-Health-Plan-in-Rio-de-Janeiros-Favelas-took-place-at-Arena-Dicro-on-the-same-day-that-the-Favela-Climate-Memory-Exhibition-was-on-site.-Photo-Barbara-Dias-scaled-1.jpg\" alt=\"The Annual Meeting of the Integrated Health Plan in Rio de Janeiro\u2019s favelas took place at Arena Dicr\u00f3 on the same day as the Favela Climate Memory Exhibition. Photo: B\u00e1rbara Dias\" width=\"2560\" height=\"1709\" srcset=\"https:\/\/rioonwatch.org\/wp-content\/uploads\/2026\/01\/The-Annual-Meeting-of-the-Integrated-Health-Plan-in-Rio-de-Janeiros-Favelas-took-place-at-Arena-Dicro-on-the-same-day-that-the-Favela-Climate-Memory-Exhibition-was-on-site.-Photo-Barbara-Dias-scaled-1.jpg 2560w, https:\/\/rioonwatch.org\/wp-content\/uploads\/2026\/01\/The-Annual-Meeting-of-the-Integrated-Health-Plan-in-Rio-de-Janeiros-Favelas-took-place-at-Arena-Dicro-on-the-same-day-that-the-Favela-Climate-Memory-Exhibition-was-on-site.-Photo-Barbara-Dias-scaled-1-620x414.jpg 620w, https:\/\/rioonwatch.org\/wp-content\/uploads\/2026\/01\/The-Annual-Meeting-of-the-Integrated-Health-Plan-in-Rio-de-Janeiros-Favelas-took-place-at-Arena-Dicro-on-the-same-day-that-the-Favela-Climate-Memory-Exhibition-was-on-site.-Photo-Barbara-Dias-scaled-1-942x629.jpg 942w, https:\/\/rioonwatch.org\/wp-content\/uploads\/2026\/01\/The-Annual-Meeting-of-the-Integrated-Health-Plan-in-Rio-de-Janeiros-Favelas-took-place-at-Arena-Dicro-on-the-same-day-that-the-Favela-Climate-Memory-Exhibition-was-on-site.-Photo-Barbara-Dias-scaled-1-768x513.jpg 768w, https:\/\/rioonwatch.org\/wp-content\/uploads\/2026\/01\/The-Annual-Meeting-of-the-Integrated-Health-Plan-in-Rio-de-Janeiros-Favelas-took-place-at-Arena-Dicro-on-the-same-day-that-the-Favela-Climate-Memory-Exhibition-was-on-site.-Photo-Barbara-Dias-scaled-1-1536x1025.jpg 1536w, https:\/\/rioonwatch.org\/wp-content\/uploads\/2026\/01\/The-Annual-Meeting-of-the-Integrated-Health-Plan-in-Rio-de-Janeiros-Favelas-took-place-at-Arena-Dicro-on-the-same-day-that-the-Favela-Climate-Memory-Exhibition-was-on-site.-Photo-Barbara-Dias-scaled-1-2048x1367.jpg 2048w\" sizes=\"(max-width: 2560px) 100vw, 2560px\" \/><\/a><figcaption id=\"caption-attachment-82579\" class=\"wp-caption-text\">The Annual Meet-Up of Rio&#8217;s Integrated Favela Health Plan took place at Arena Dicr\u00f3 on the same day as the Favela Climate Memory exhibition. Photo: B\u00e1rbara Dias<\/figcaption><\/figure>\n<p>Sidnei Fernandes, another member of the Frente Penha collective and participant in the Memory Circle that gave rise to the exhibition, stated that having it set up in the area reinforced residents\u2019 <a href=\"https:\/\/bit.ly\/4dLnNNF\">sense of belonging<\/a>.<\/p>\n<blockquote><p>\u201cThis place [Ary Barroso Park] is important to me, as a person with a disability: I couldn\u2019t walk or talk, so my friends used to carry me here\u2026 Participating in the Climate Memory circle here [in the park], being a resident and knowing the importance of this place\u2026 [And now having this exhibition back here,] it\u2019s affective memory: the memory of being here and seeing this exhibition here. For me, it\u2019s a memory of territoriality, of belonging, because [it\u2019s moving] when you\u2019re in a place where you grew up, that you frequented and you see all this. Going to the [<a href=\"https:\/\/rioonwatch.org\/?p=81010\">exhibition launch<\/a>] in Mar\u00e9, participating there, seeing the whole project there as well, also [taking it there] to that favela, [we grasped] the importance of the land, of the environment, of this climate memory. Seeing [the exhibition] here is a joy, an achievement of belonging.\u201d \u2014 Sidnei Fernandes<\/p><\/blockquote>\n<p>The Favela Climate Memory exhibition, the 6th Composters\u2019 Meet-Up and the Annual Favela Health Meet-Up\u2014all held in Complexo da Penha\u2014reaffirm the importance of community organizing as a driving force that cares, transforms waste into potential, promotes health and builds memories about the favela. Favelas have memories and are capable of generating multiple solutions to everyday challenges, with creativity, self-management and solidarity.<\/p>\n<h3><a href=\"https:\/\/bit.ly\/MCnaPenhaFotos\">View the Full Photo Album<\/a> of the \u2018Favela Climate Memory\u2019 Exhibition in Penha:<\/h3>\n<p><a title=\"Exposi\u00e7\u00e3o 'Mem\u00f3ria Clim\u00e1tica das Favelas' no Complexo da Penha, 05 de dezembro de 2025\" href=\"https:\/\/www.flickr.com\/photos\/catcomm\/albums\/72177720330785422\" data-flickr-embed=\"true\"><img loading=\"lazy\" decoding=\"async\" src=\"https:\/\/live.staticflickr.com\/65535\/54971655803_8871c9acef_h.jpg\" alt=\"Exposi\u00e7\u00e3o 'Mem\u00f3ria Clim\u00e1tica das Favelas' no Complexo da Penha, 05 de dezembro de 2025\" width=\"1600\" height=\"1200\" \/><\/a><script async src=\"\/\/embedr.flickr.com\/assets\/client-code.js\" charset=\"utf-8\"><\/script><\/p>\n<p><i>*The Sustainable Favela Network (SFN) and RioOnWatch are both initiatives of not-for-profit organization Catalytic Communities (CatComm). The \u2018Favela Climate Memory\u2019 exhibition brings together 1,145 testimonials from 382 residents of ten favelas across Rio de Janeiro, collected and analyzed over three years, produced through a collective oral history project. The exhibition was developed by eleven museums and favela memory collectives that are members of the SFN: the\u00a0<\/i><a href=\"https:\/\/bit.ly\/4jxofCk\" target=\"_blank\" rel=\"noopener\"><i>Mar\u00e9 Museum<\/i><\/a><i>\u00a0(Complexo da Mar\u00e9 favelas), the\u00a0<\/i><a href=\"https:\/\/bit.ly\/45mZOU2\" target=\"_blank\" rel=\"noopener\"><i>Sankofa Museum<\/i><\/a><i>\u00a0(Rocinha favela), the\u00a0<\/i><a href=\"https:\/\/bit.ly\/4d95ToV\" target=\"_blank\" rel=\"noopener\"><i>Historic Orientation and Research Nucleus of Santa Cruz<\/i><\/a><i>\u00a0(organizer of the Antares climate memory circle), the\u00a0<\/i><a href=\"https:\/\/bit.ly\/3Evtd3k\" target=\"_blank\" rel=\"noopener\"><i>Favela Museum<\/i><\/a><i>\u00a0(Pav\u00e3o-Pav\u00e3ozinho\/Cantagalo favelas), the\u00a0<\/i><a href=\"https:\/\/bit.ly\/3CBLiYV\" target=\"_blank\" rel=\"noopener\"><i>Vidigal Memories Nucleus<\/i><\/a><i>\u00a0(Vidigal favela),\u00a0<\/i><a href=\"https:\/\/bit.ly\/4hEn5nZ\" target=\"_blank\" rel=\"noopener\"><i>Alfazendo<\/i><\/a><i>\u00a0(City of God favela), the\u00a0<\/i><a href=\"https:\/\/bit.ly\/4bKIUhw\" target=\"_blank\" rel=\"noopener\"><i>Serra da Miseric\u00f3rdia Integration Center<\/i><\/a><i>\u00a0(Complexo da Penha favelas), the\u00a0<\/i><a href=\"https:\/\/bit.ly\/3jtfLSI\" target=\"_blank\" rel=\"noopener\"><i>Horto Museum<\/i><\/a><i>\u00a0(Horto favela),\u00a0<\/i><a href=\"https:\/\/bit.ly\/37l5Epz\" target=\"_blank\" rel=\"noopener\"><i>Fala Akari<\/i><\/a><i>\u00a0(Acari favela),\u00a0<\/i><a href=\"https:\/\/bit.ly\/4efKGZQ\" target=\"_blank\" rel=\"noopener\"><i>Conex\u00f5es Perif\u00e9ricas<\/i><\/a><i>\u00a0(Rio das Pedras favela), and the\u00a0<\/i><a href=\"https:\/\/bit.ly\/2s2A3Vr\" target=\"_blank\" rel=\"noopener\"><i>Evictions Museum<\/i><\/a><i>\u00a0(Vila Aut\u00f3dromo favela).\u00a0<\/i><\/p>\n<p><em>About the author:\u00a0<a href=\"https:\/\/bit.ly\/3Gc3OJU\" target=\"_blank\" rel=\"noopener\">B\u00e1rbara Dias<\/a>\u00a0was born and raised in Bangu, in Rio\u2019s West Zone. She has a degree in Biological Sciences, a master\u2019s in Environmental Education, and has been a public school teacher since 2006. She is a photojournalist and also works with documentary photography. She is a popular communicator for N\u00facleo Piratininga de Comunica\u00e7\u00e3o (<a href=\"https:\/\/bit.ly\/3i2GcdN\" target=\"_blank\" rel=\"noopener\">NPC<\/a>) and co-founder of\u00a0<a href=\"https:\/\/bit.ly\/3vfY8bj\" target=\"_blank\" rel=\"noopener\">Coletivo Fotoguerrilha<\/a>.<\/em><\/p>\n<hr \/>\n<h4><b>Support\u00a0<\/b><b><i>RioOnWatch<\/i><\/b><b>\u2019s tireless, critical and cutting-edge hyperlocal journalism, online community organizing meetings, and direct support to favelas\u00a0<a href=\"http:\/\/bit.ly\/FavelaCovidResponse\" target=\"_blank\" rel=\"noopener noreferrer\">by clicking here<\/a><\/b><b>.<\/b><\/h4>\n","protected":false},"excerpt":{"rendered":"<div class=\"mh-excerpt\"><p>Clique aqui para Portugu\u00eas In December, Complexo da Penha, in Rio de Janeiro\u2019s North Zone, hosted a number of community-run events just weeks after Rio de Janeiro&#8217;s deadliest police massacre took place in the same <a class=\"mh-excerpt-more\" href=\"https:\/\/rioonwatch.org\/?p=82568\" title=\"\u2018What We Want Aren\u2019t Bodies on the Ground&#8230; It\u2019s Recognition of [Our] People Creating Solutions\u2019: Penha Favelas Hold Composters and Integrated Health Events Highlighting Local Climate Memories\">[&#8230;]<\/a><\/p>\n<\/div>","protected":false},"author":245,"featured_media":82569,"comment_status":"closed","ping_status":"closed","sticky":false,"template":"template-full.php","format":"standard","meta":{"_monsterinsights_skip_tracking":false,"_monsterinsights_sitenote_active":false,"_monsterinsights_sitenote_note":"","_monsterinsights_sitenote_category":0,"footnotes":""},"categories":[1288,1328,3477,1333,335,329,452],"tags":[289,472,3406,756,3149,1570,474,3495,3534,3734,37,2733,3636,243,3157,287,31,21,3850],"writer":[3542],"translator":[3452],"illustrator":[],"photographer":[3548],"class_list":{"0":"post-82568","1":"post","2":"type-post","3":"status-publish","4":"format-standard","5":"has-post-thumbnail","7":"category-highlight","8":"category-by-community-contributors","9":"category-climate-justice","10":"category-event-reports","11":"category-policies","12":"category-solutions","13":"category-rio20","14":"tag-agroforestry","15":"tag-climate-change","16":"tag-climate-justice","17":"tag-community-organizing","18":"tag-complexo-da-penha","19":"tag-composting","20":"tag-environment","21":"tag-food-insecurity","22":"tag-food-sovereignty","23":"tag-maira-do-mst","24":"tag-north-zone","25":"tag-renata-souza","26":"tag-series-favela-climate-memory","27":"tag-serra-da-misericordia","28":"tag-terra-prometida","29":"tag-urban-agriculture","30":"tag-vila-cruzeiro","31":"tag-west-zone","32":"tag-william-siri","33":"writer-barbara-dias","34":"translator-staff","35":"photographer-barbara-dias"},"_links":{"self":[{"href":"https:\/\/rioonwatch.org\/index.php?rest_route=\/wp\/v2\/posts\/82568","targetHints":{"allow":["GET"]}}],"collection":[{"href":"https:\/\/rioonwatch.org\/index.php?rest_route=\/wp\/v2\/posts"}],"about":[{"href":"https:\/\/rioonwatch.org\/index.php?rest_route=\/wp\/v2\/types\/post"}],"author":[{"embeddable":true,"href":"https:\/\/rioonwatch.org\/index.php?rest_route=\/wp\/v2\/users\/245"}],"replies":[{"embeddable":true,"href":"https:\/\/rioonwatch.org\/index.php?rest_route=%2Fwp%2Fv2%2Fcomments&post=82568"}],"version-history":[{"count":3,"href":"https:\/\/rioonwatch.org\/index.php?rest_route=\/wp\/v2\/posts\/82568\/revisions"}],"predecessor-version":[{"id":82588,"href":"https:\/\/rioonwatch.org\/index.php?rest_route=\/wp\/v2\/posts\/82568\/revisions\/82588"}],"wp:featuredmedia":[{"embeddable":true,"href":"https:\/\/rioonwatch.org\/index.php?rest_route=\/wp\/v2\/media\/82569"}],"wp:attachment":[{"href":"https:\/\/rioonwatch.org\/index.php?rest_route=%2Fwp%2Fv2%2Fmedia&parent=82568"}],"wp:term":[{"taxonomy":"category","embeddable":true,"href":"https:\/\/rioonwatch.org\/index.php?rest_route=%2Fwp%2Fv2%2Fcategories&post=82568"},{"taxonomy":"post_tag","embeddable":true,"href":"https:\/\/rioonwatch.org\/index.php?rest_route=%2Fwp%2Fv2%2Ftags&post=82568"},{"taxonomy":"writer","embeddable":true,"href":"https:\/\/rioonwatch.org\/index.php?rest_route=%2Fwp%2Fv2%2Fwriter&post=82568"},{"taxonomy":"translator","embeddable":true,"href":"https:\/\/rioonwatch.org\/index.php?rest_route=%2Fwp%2Fv2%2Ftranslator&post=82568"},{"taxonomy":"illustrator","embeddable":true,"href":"https:\/\/rioonwatch.org\/index.php?rest_route=%2Fwp%2Fv2%2Fillustrator&post=82568"},{"taxonomy":"photographer","embeddable":true,"href":"https:\/\/rioonwatch.org\/index.php?rest_route=%2Fwp%2Fv2%2Fphotographer&post=82568"}],"curies":[{"name":"wp","href":"https:\/\/api.w.org\/{rel}","templated":true}]}}