{"id":9235,"date":"2013-05-24T15:10:03","date_gmt":"2013-05-24T18:10:03","guid":{"rendered":"http:\/\/rioonwatch.org\/?p=9235"},"modified":"2015-12-03T10:20:55","modified_gmt":"2015-12-03T13:20:55","slug":"bandeira-1-calls-for-aid-not-demolition-after-fire-leaves-hundreds-homeless","status":"publish","type":"post","link":"https:\/\/rioonwatch.org\/?p=9235","title":{"rendered":"Bandeira 1 Calls For Aid Not Demolition After Fire Leaves Hundreds Homeless"},"content":{"rendered":"<p><a href=\"http:\/\/www.rioonwatch.org\/?attachment_id=9236\" rel=\"attachment wp-att-9236\"><img fetchpriority=\"high\" decoding=\"async\" class=\"alignright size-full wp-image-9236\" title=\"Fire destroyed 180 homes in the Bandeira 1 favela. Photo by Rat\u00e3o Diniz \" src=\"http:\/\/www.rioonwatch.org\/wp-content\/uploads\/2013\/05\/ratao1.jpg\" alt=\"\" width=\"336\" height=\"224\" srcset=\"https:\/\/rioonwatch.org\/wp-content\/uploads\/2013\/05\/ratao1.jpg 800w, https:\/\/rioonwatch.org\/wp-content\/uploads\/2013\/05\/ratao1-300x200.jpg 300w\" sizes=\"(max-width: 336px) 100vw, 336px\" \/><\/a>At around 11am on Wednesday May 15th, Maria de Concei\u00e7\u00e3o, 57, was taking a shower in her wood and corrugated iron home in the Bandeira 1 favela in Del Castilho, North Zone, when she heard her grandchildren screaming &#8220;fire!&#8221;<\/p>\n<p>&#8220;I thought it was a game of theirs, but when I saw my granddaughter with her arms full of documents&#8230; I panicked, threw on some clothes and got out,&#8221; she recalls, standing in front of the scorched remains of the 180 affected homes.\u00a0&#8220;The fire was so fast, so fast. The only thing we managed to save were our documents.&#8221;<\/p>\n<p><a href=\"http:\/\/www.rioonwatch.org\/?attachment_id=9241\" rel=\"attachment wp-att-9241\"><img decoding=\"async\" class=\"alignright size-full wp-image-9241\" title=\"Maria da Concei\u00e7\u00e3o, resident of 13 years, lost her home in the fire of May 15th. Photo by L\u00e9o Lima\" src=\"http:\/\/www.rioonwatch.org\/wp-content\/uploads\/2013\/05\/Leo1.jpg\" alt=\"\" width=\"336\" height=\"224\" srcset=\"https:\/\/rioonwatch.org\/wp-content\/uploads\/2013\/05\/Leo1.jpg 800w, https:\/\/rioonwatch.org\/wp-content\/uploads\/2013\/05\/Leo1-300x200.jpg 300w\" sizes=\"(max-width: 336px) 100vw, 336px\" \/><\/a>No one knows how the fire started but ever since flames swept through the community destroying 180 of the community&#8217;s 250 homes, residents have rallied round in the absence of government support with those made homeless sleeping on the floor of neighbors&#8217; homes, depending on clothing and food donations after losing everything.<\/p>\n<p>In this state of emergency in an already very poor community, yesterday Thursday May 24th agents from the North Zone Sub-Mayor&#8217;s office arrived with police and a city authority garbage truck threatening to demolish the remaining structures, leaving the entire community homeless. A tense morning of confusion, despair and protest ended with authorities pledging that social rent checks would be paid and residents given time to arrange replacement accommodation before they return to demolish the remaining homes. The police and local authorities left around lunchtime, and shortly after Civil Defense distributed 50 mattresses as interim assistance for the community&#8217;s urgent situation.<\/p>\n<p><a href=\"http:\/\/www.rioonwatch.org\/?attachment_id=9246\" rel=\"attachment wp-att-9246\"><img decoding=\"async\" class=\"alignright size-full wp-image-9246\" title=\"Those made homeless are staying with neighbors in unaffected homes. Photo by Rat\u00e3o Diniz\" src=\"http:\/\/www.rioonwatch.org\/wp-content\/uploads\/2013\/05\/ratao2.jpg\" alt=\"\" width=\"336\" height=\"224\" srcset=\"https:\/\/rioonwatch.org\/wp-content\/uploads\/2013\/05\/ratao2.jpg 800w, https:\/\/rioonwatch.org\/wp-content\/uploads\/2013\/05\/ratao2-300x200.jpg 300w\" sizes=\"(max-width: 336px) 100vw, 336px\" \/><\/a>Founded in 2000, the Bandeira 1 favela is situated under the Engenheiro Alvarino Jos\u00e9 de Fonseca viaduct alongside Supervia railtracks, near the Norte Shopping mall in Del Castilho. Unlike more consolidated communities, homes in Bandeira 1 are made from found materials and conditions are precarious. As neighbors take in their neighbors and share what little they have, the community is calling for government assistance in this crisis moment in which many children are affected and residents have been unable to work, further exacerbating their situation.<\/p>\n<p><a href=\"http:\/\/www.rioonwatch.org\/?attachment_id=9255\" rel=\"attachment wp-att-9255\"><img loading=\"lazy\" decoding=\"async\" class=\"alignright size-full wp-image-9255\" title=\"&quot;We want a house, not rent. Where shall we go with 400 reais?&quot; Photo by Rat\u00e3o Diniz\" src=\"http:\/\/www.rioonwatch.org\/wp-content\/uploads\/2013\/05\/ratao3.jpg\" alt=\"\" width=\"336\" height=\"224\" srcset=\"https:\/\/rioonwatch.org\/wp-content\/uploads\/2013\/05\/ratao3.jpg 800w, https:\/\/rioonwatch.org\/wp-content\/uploads\/2013\/05\/ratao3-300x200.jpg 300w\" sizes=\"(max-width: 336px) 100vw, 336px\" \/><\/a>Carlos Eduardo, a laborer and Bandeira 1 resident for two years, lost his home in the fire and hasn&#8217;t been able to work since as he searches for a place for his family. &#8220;They want to demolish without giving us anything. Where are we going to go? Where are we going to live?&#8221; He went on: &#8220;No one wants to live like this&#8230; There are no more tears to cry, nor words to say. It&#8217;s difficult here.&#8221;<\/p>\n<p>Maria da Concei\u00e7\u00e3o, one of the founders of the community, echoes Carlos&#8217; words. As the guardian of her six grandchildren after the death of her daughter in November 2011, she too urgently needs accommodation. She says: &#8220;Everyone is sad. People have lived here so long hoping for something better, for a solution to our problems and we don&#8217;t see any solution at all.&#8221;<\/p>\n<p><a href=\"http:\/\/www.rioonwatch.org\/?attachment_id=9252\" rel=\"attachment wp-att-9252\"><img loading=\"lazy\" decoding=\"async\" class=\"alignright size-full wp-image-9252\" title=\"Residents carry mattresses distributed by the Civil Defense. Photo by L\u00e9o Lima\" src=\"http:\/\/www.rioonwatch.org\/wp-content\/uploads\/2013\/05\/leo2.jpg\" alt=\"\" width=\"336\" height=\"224\" srcset=\"https:\/\/rioonwatch.org\/wp-content\/uploads\/2013\/05\/leo2.jpg 800w, https:\/\/rioonwatch.org\/wp-content\/uploads\/2013\/05\/leo2-300x199.jpg 300w\" sizes=\"(max-width: 336px) 100vw, 336px\" \/><\/a>The only solutions offered by the authorities thus far have been shelter accommadation, which residents refuse for fear it won&#8217;t be secure for their young children and will mean they&#8217;ll be forgotten, and social rent of R$400 (US$200\/month). Agents from the city authorities arrived on the afternoon of the fire to register residents for social rent, however instead of conducting the register in the community as requested by the Residents Association&#8217;s leaders, agents set up on top of the viaduct. This meant confusion as to who was a resident of the community, with many reporting that people getting off the bus or passersby signed up and Bandeira 1 residents in real need were left without recourse.<\/p>\n<p>Since then, only 21 of the 250 families have received the R$400 sum. However as residents repeatedly exclaim, it is <a href=\"http:\/\/bit.ly\/XaMZyI\" target=\"_blank\">impossible to rent somewhere with this amount<\/a> as landlords demand two or three months&#8217; rent as deposit. For Vice-President of the Residents Association, Marcos Rodrigues Gomes de Santos, this is a major concern: &#8220;I&#8217;m most worried about housing for people. It&#8217;s no good giving people a check for R$400 that isn&#8217;t enough to [find somewhere to] live.&#8221;<\/p>\n<p><a href=\"http:\/\/www.rioonwatch.org\/?attachment_id=9262\" rel=\"attachment wp-att-9262\"><img loading=\"lazy\" decoding=\"async\" class=\"alignright size-full wp-image-9262\" title=\"Maria Claudia Alves and her young daughter are staying on a friend's floor. Photo by Jo\u00e3o Lima\" src=\"http:\/\/www.rioonwatch.org\/wp-content\/uploads\/2013\/05\/joao2.jpg\" alt=\"\" width=\"336\" height=\"223\" srcset=\"https:\/\/rioonwatch.org\/wp-content\/uploads\/2013\/05\/joao2.jpg 800w, https:\/\/rioonwatch.org\/wp-content\/uploads\/2013\/05\/joao2-300x199.jpg 300w\" sizes=\"(max-width: 336px) 100vw, 336px\" \/><\/a>Alternative housing has not been offered, even though the city government is building thousands of units under the Minha Casa Minha Vida federal public housing scheme. In fact some residents of Bandeira 1 have already tried to sign up for the program, which is designed to provide affordable housing for Brazil&#8217;s poorest families.<\/p>\n<p>Hairdresser Maria Claudia Alves, 27, lost everything except her documents in last week&#8217;s fire and is currently staying, along with her young daughter, on the mat of a friend&#8217;s shack. She tells of how she has been registered with the <a href=\"http:\/\/bit.ly\/npj8HR\">Minha Casa Minha Vida<\/a> program since she arrived in Rio from the Northeastern state of Cear\u00e1 four years ago, saying: &#8220;There are a lot of people that work, that want to make an agreement with the Minha Casa Minha Vida project, but how? I went to Caixa Econ\u00f4mica [the bank which administers the financing of the program] last year. They asked me for R$10,000 just to enter the project&#8230; It&#8217;s a joke. It doesn&#8217;t make sense.&#8221;<\/p>\n<p>While community groups, the church, local creche and shopping mall have been quick to organize donations and support for Bandeira 1, the authorities&#8217; response has thus far been inconsistent and wholly inadequate. The Municipal Secretariat of Housing (SMH) has made no appearance. Some residents report that rather than offering aid, some agents have threatened the community with immediate demolition. Maria Claudia also speaks of the armed military police presence: &#8220;Everyone is tired and stressed and they come and stay here with these big weapons. For me, this is to intimidate the residents.&#8221;<\/p>\n<p>Following intense efforts to raise awareness by community journalists, including the photographers whose work accompany this article, a representative of the State government&#8217;s Secretariat of Social Assistance last night stated that government bodies are aware of the situation and will be visiting the community. In the meantime, residents await, wary of the authorities that so far have showed little interest in their well-being. With sadness in her eyes, Maria da Concei\u00e7\u00e3o says, &#8220;We&#8217;re scared they&#8217;re going to come and demolish everything. We&#8217;re scared that something&#8217;s suddenly going to happen to us. We don&#8217;t know.&#8221;<\/p>\n<p><em>Images by <a href=\"http:\/\/bit.ly\/133vULO\">L\u00e9o Lima<\/a>, <a href=\"http:\/\/bit.ly\/10RAD0a\">Rat\u00e3o Diniz<\/a> and <a href=\"http:\/\/bit.ly\/16eEwoY\">Jo\u00e3o Lima<\/a>\u00a0<\/em><\/p>\n<p><em>Donations are being accepted at\u00a0Favela Bandeira 1 \u2013 Rua Domingos Magalh\u00e3es, 750, Del Castilho \/Maria da Gra\u00e7a, under the\u00a0Nova Am\u00e9rica viaduct. Speak with Kelly, Isaac, Cristiane, or Marcos (residents). Or call (in Portuguese) L\u00e9o Lima (9247-5067) or Ivana Baiana (9605-0937).<\/em><\/p>\n","protected":false},"excerpt":{"rendered":"<div class=\"mh-excerpt\"><p>At around 11am on Wednesday May 15th, Maria de Concei\u00e7\u00e3o, 57, was taking a shower in her wood and corrugated iron home in the Bandeira 1 favela in Del Castilho, North Zone, when she heard <a class=\"mh-excerpt-more\" href=\"https:\/\/rioonwatch.org\/?p=9235\" title=\"Bandeira 1 Calls For Aid Not Demolition After Fire Leaves Hundreds Homeless\">[&#8230;]<\/a><\/p>\n<\/div>","protected":false},"author":17,"featured_media":9265,"comment_status":"closed","ping_status":"closed","sticky":false,"template":"","format":"standard","meta":{"_monsterinsights_skip_tracking":false,"_monsterinsights_sitenote_active":false,"_monsterinsights_sitenote_note":"","_monsterinsights_sitenote_category":0,"footnotes":""},"categories":[1293,335,336,1329],"tags":[885,226,886,11,182,282,25,157,618,37,888,744,876,887,158,135,520,1892],"writer":[444],"translator":[],"illustrator":[],"photographer":[],"class_list":{"0":"post-9235","1":"post","2":"type-post","3":"status-publish","4":"format-standard","5":"has-post-thumbnail","7":"category-evictionswatch","8":"category-policies","9":"category-violations","10":"category-by-international-observers","11":"tag-bandeira-1","12":"tag-consequences-of-eviction-health","13":"tag-fire","14":"tag-forced-evictions","15":"tag-government-neglect","16":"tag-housing","17":"tag-human-rights","18":"tag-minha-casa-minha-vida","19":"tag-neighborhood-association","20":"tag-north-zone","21":"tag-police-intimidation","22":"tag-policy-critique","23":"tag-poverty","24":"tag-precarious-housing","25":"tag-smh","26":"tag-social-rent","27":"tag-solidarity","28":"tag-sub-mayor","29":"writer-felicity-clarke"},"_links":{"self":[{"href":"https:\/\/rioonwatch.org\/index.php?rest_route=\/wp\/v2\/posts\/9235","targetHints":{"allow":["GET"]}}],"collection":[{"href":"https:\/\/rioonwatch.org\/index.php?rest_route=\/wp\/v2\/posts"}],"about":[{"href":"https:\/\/rioonwatch.org\/index.php?rest_route=\/wp\/v2\/types\/post"}],"author":[{"embeddable":true,"href":"https:\/\/rioonwatch.org\/index.php?rest_route=\/wp\/v2\/users\/17"}],"replies":[{"embeddable":true,"href":"https:\/\/rioonwatch.org\/index.php?rest_route=%2Fwp%2Fv2%2Fcomments&post=9235"}],"version-history":[{"count":0,"href":"https:\/\/rioonwatch.org\/index.php?rest_route=\/wp\/v2\/posts\/9235\/revisions"}],"wp:featuredmedia":[{"embeddable":true,"href":"https:\/\/rioonwatch.org\/index.php?rest_route=\/wp\/v2\/media\/9265"}],"wp:attachment":[{"href":"https:\/\/rioonwatch.org\/index.php?rest_route=%2Fwp%2Fv2%2Fmedia&parent=9235"}],"wp:term":[{"taxonomy":"category","embeddable":true,"href":"https:\/\/rioonwatch.org\/index.php?rest_route=%2Fwp%2Fv2%2Fcategories&post=9235"},{"taxonomy":"post_tag","embeddable":true,"href":"https:\/\/rioonwatch.org\/index.php?rest_route=%2Fwp%2Fv2%2Ftags&post=9235"},{"taxonomy":"writer","embeddable":true,"href":"https:\/\/rioonwatch.org\/index.php?rest_route=%2Fwp%2Fv2%2Fwriter&post=9235"},{"taxonomy":"translator","embeddable":true,"href":"https:\/\/rioonwatch.org\/index.php?rest_route=%2Fwp%2Fv2%2Ftranslator&post=9235"},{"taxonomy":"illustrator","embeddable":true,"href":"https:\/\/rioonwatch.org\/index.php?rest_route=%2Fwp%2Fv2%2Fillustrator&post=9235"},{"taxonomy":"photographer","embeddable":true,"href":"https:\/\/rioonwatch.org\/index.php?rest_route=%2Fwp%2Fv2%2Fphotographer&post=9235"}],"curies":[{"name":"wp","href":"https:\/\/api.w.org\/{rel}","templated":true}]}}